{"id":47964,"date":"2018-12-13T16:16:14","date_gmt":"2018-12-13T16:16:14","guid":{"rendered":"https:\/\/copealcoi.es\/?p=47964"},"modified":"2018-12-13T16:16:14","modified_gmt":"2018-12-13T16:16:14","slug":"una-revista-alemana-se-hace-eco-de-la-navidad-alcoyana","status":"publish","type":"post","link":"https:\/\/www.copealcoy.es\/es\/una-revista-alemana-se-hace-eco-de-la-navidad-alcoyana\/","title":{"rendered":"Una revista alemana se hace eco de la Navidad Alcoyana"},"content":{"rendered":"<p style=\"text-align: justify;\"><span lang=\"ES\">La <strong>revista alemana ECOS<\/strong>, que cuenta con una tirada de<strong> 24.000 ejemplares<\/strong>, ha publicado en su n\u00famero de diciembre <strong>un especial sobre \u2018el Nadal Alcoi\u00e0\u2019<\/strong>. Esta publicaci\u00f3n <strong>se escribe en castellano<\/strong> y <strong>se vende en Alemania, Suiza y Austria<\/strong>, dirigida a p\u00fablico que quiere aprender espa\u00f1ol, y que tiene un especial inter\u00e9s por viajar a nuestro pa\u00eds.\u00a0<\/span><span lang=\"ES\">El especial de #AlcoiCiutatdelNadal ha sido escrito por el periodista alcoyano; <strong>Jordi Orts<\/strong>, quien desde hace unos a\u00f1os vive en M\u00fanich y hace dos a\u00f1os <strong>ya hizo un reportaje<\/strong> en esta revista sobre las Fiestas de Moros y Cristianos de Alcoy. En este art\u00edculo se habla de <strong>las particularidades de la Navidad alcoyana<\/strong>, nuestra gastronom\u00eda, las tradiciones o los<strong> actos singulares<\/strong> de \u2018Les Pastoretes\u2019, \u2018El Bando Real\u2019 y La Cabalgata.<\/span><\/p>\n<p style=\"text-align: justify;\">Indicar que desde Alemania <strong>han enviado 2.000 ejemplares<\/strong> que se repartir\u00e1n por las <strong>Tourist Info<\/strong> de la <strong>Costa Blanca.\u00a0<\/strong>El texto <a href=\"https:\/\/www.ecos-online.de\/sites\/ecos.spotlight-verlag.de\/files\/2018-11\/Ecos-2018_13_Lugares_Alcoy.pdf\"><strong>se podr\u00e1n consultar<\/strong> tambi\u00e9n en su versi\u00f3n on-line<\/a>.<\/p>\n","protected":false},"excerpt":{"rendered":"<p>La revista alemana ECOS, que cuenta con una tirada de 24.000 ejemplares, ha publicado en su n\u00famero de diciembre un&#8230;<\/p>\n","protected":false},"author":1,"featured_media":0,"comment_status":"open","ping_status":"open","sticky":false,"template":"","format":"standard","meta":{"footnotes":""},"categories":[78,75],"tags":[8105,3321,8106],"class_list":["post-47964","post","type-post","status-publish","format-standard","hentry","category-fiestaycultura","category-noticias","tag-eco","tag-navidad-alcoyana","tag-revista-alemana"],"yoast_head":"<!-- This site is optimized with the Yoast SEO plugin v27.3 - https:\/\/yoast.com\/product\/yoast-seo-wordpress\/ -->\n<title>Una revista alemana se hace eco de la Navidad Alcoyana - COPE Alcoy<\/title>\n<meta name=\"robots\" content=\"index, follow, max-snippet:-1, max-image-preview:large, max-video-preview:-1\" \/>\n<link rel=\"canonical\" href=\"https:\/\/www.copealcoy.es\/es\/una-revista-alemana-se-hace-eco-de-la-navidad-alcoyana\/\" \/>\n<meta property=\"og:locale\" content=\"es_ES\" \/>\n<meta property=\"og:type\" content=\"article\" \/>\n<meta property=\"og:title\" content=\"Una revista alemana se hace eco de la Navidad Alcoyana - COPE Alcoy\" \/>\n<meta property=\"og:description\" content=\"La revista alemana ECOS, que cuenta con una tirada de 24.000 ejemplares, ha publicado en su n\u00famero de diciembre un...\" \/>\n<meta property=\"og:url\" content=\"https:\/\/www.copealcoy.es\/es\/una-revista-alemana-se-hace-eco-de-la-navidad-alcoyana\/\" \/>\n<meta property=\"og:site_name\" content=\"COPE Alcoy\" \/>\n<meta property=\"article:published_time\" content=\"2018-12-13T16:16:14+00:00\" \/>\n<meta property=\"og:image\" content=\"https:\/\/www.copealcoy.es\/wp-content\/uploads\/2018\/12\/4452_revista-ecos-1.jpg\" \/>\n\t<meta property=\"og:image:width\" content=\"980\" \/>\n\t<meta property=\"og:image:height\" content=\"551\" \/>\n\t<meta property=\"og:image:type\" content=\"image\/jpeg\" \/>\n<meta name=\"author\" content=\"Cope Alcoy\" \/>\n<meta name=\"twitter:label1\" content=\"Escrito por\" \/>\n\t<meta name=\"twitter:data1\" content=\"Cope Alcoy\" \/>\n\t<meta name=\"twitter:label2\" content=\"Tiempo de lectura\" \/>\n\t<meta name=\"twitter:data2\" content=\"1 minuto\" \/>\n<script type=\"application\/ld+json\" class=\"yoast-schema-graph\">{\"@context\":\"https:\\\/\\\/schema.org\",\"@graph\":[{\"@type\":\"Article\",\"@id\":\"https:\\\/\\\/www.copealcoy.es\\\/es\\\/una-revista-alemana-se-hace-eco-de-la-navidad-alcoyana\\\/#article\",\"isPartOf\":{\"@id\":\"https:\\\/\\\/www.copealcoy.es\\\/es\\\/una-revista-alemana-se-hace-eco-de-la-navidad-alcoyana\\\/\"},\"author\":{\"name\":\"Cope Alcoy\",\"@id\":\"https:\\\/\\\/www.copealcoy.es\\\/es\\\/#\\\/schema\\\/person\\\/e777c87fa024e57d40170af9df39882c\"},\"headline\":\"Una revista alemana se hace eco de la Navidad Alcoyana\",\"datePublished\":\"2018-12-13T16:16:14+00:00\",\"mainEntityOfPage\":{\"@id\":\"https:\\\/\\\/www.copealcoy.es\\\/es\\\/una-revista-alemana-se-hace-eco-de-la-navidad-alcoyana\\\/\"},\"wordCount\":179,\"commentCount\":0,\"keywords\":[\"eco\",\"Navidad Alcoyana\",\"revista alemana\"],\"articleSection\":[\"Fiesta y Cultura\",\"Noticias\"],\"inLanguage\":\"es\"},{\"@type\":\"WebPage\",\"@id\":\"https:\\\/\\\/www.copealcoy.es\\\/es\\\/una-revista-alemana-se-hace-eco-de-la-navidad-alcoyana\\\/\",\"url\":\"https:\\\/\\\/www.copealcoy.es\\\/es\\\/una-revista-alemana-se-hace-eco-de-la-navidad-alcoyana\\\/\",\"name\":\"Una revista alemana se hace eco de la Navidad Alcoyana - COPE Alcoy\",\"isPartOf\":{\"@id\":\"https:\\\/\\\/www.copealcoy.es\\\/es\\\/#website\"},\"datePublished\":\"2018-12-13T16:16:14+00:00\",\"author\":{\"@id\":\"https:\\\/\\\/www.copealcoy.es\\\/es\\\/#\\\/schema\\\/person\\\/e777c87fa024e57d40170af9df39882c\"},\"breadcrumb\":{\"@id\":\"https:\\\/\\\/www.copealcoy.es\\\/es\\\/una-revista-alemana-se-hace-eco-de-la-navidad-alcoyana\\\/#breadcrumb\"},\"inLanguage\":\"es\",\"potentialAction\":[{\"@type\":\"ReadAction\",\"target\":[\"https:\\\/\\\/www.copealcoy.es\\\/es\\\/una-revista-alemana-se-hace-eco-de-la-navidad-alcoyana\\\/\"]}]},{\"@type\":\"BreadcrumbList\",\"@id\":\"https:\\\/\\\/www.copealcoy.es\\\/es\\\/una-revista-alemana-se-hace-eco-de-la-navidad-alcoyana\\\/#breadcrumb\",\"itemListElement\":[{\"@type\":\"ListItem\",\"position\":1,\"name\":\"Portada\",\"item\":\"https:\\\/\\\/www.copealcoy.es\\\/es\\\/\"},{\"@type\":\"ListItem\",\"position\":2,\"name\":\"Una revista alemana se hace eco de la Navidad Alcoyana\"}]},{\"@type\":\"WebSite\",\"@id\":\"https:\\\/\\\/www.copealcoy.es\\\/es\\\/#website\",\"url\":\"https:\\\/\\\/www.copealcoy.es\\\/es\\\/\",\"name\":\"COPE Alcoy\",\"description\":\"Emisora COPE de radio local con emisi\u00f3n online. Pont de Sant Jordi 8-10 03803 Alcoy\",\"potentialAction\":[{\"@type\":\"SearchAction\",\"target\":{\"@type\":\"EntryPoint\",\"urlTemplate\":\"https:\\\/\\\/www.copealcoy.es\\\/es\\\/?s={search_term_string}\"},\"query-input\":{\"@type\":\"PropertyValueSpecification\",\"valueRequired\":true,\"valueName\":\"search_term_string\"}}],\"inLanguage\":\"es\"},{\"@type\":\"Person\",\"@id\":\"https:\\\/\\\/www.copealcoy.es\\\/es\\\/#\\\/schema\\\/person\\\/e777c87fa024e57d40170af9df39882c\",\"name\":\"Cope Alcoy\",\"image\":{\"@type\":\"ImageObject\",\"inLanguage\":\"es\",\"@id\":\"https:\\\/\\\/secure.gravatar.com\\\/avatar\\\/bb65d0283347e303893ba14f0692005417c1e0e690a325a4c5d8bb2b3943ee14?s=96&d=mm&r=g\",\"url\":\"https:\\\/\\\/secure.gravatar.com\\\/avatar\\\/bb65d0283347e303893ba14f0692005417c1e0e690a325a4c5d8bb2b3943ee14?s=96&d=mm&r=g\",\"contentUrl\":\"https:\\\/\\\/secure.gravatar.com\\\/avatar\\\/bb65d0283347e303893ba14f0692005417c1e0e690a325a4c5d8bb2b3943ee14?s=96&d=mm&r=g\",\"caption\":\"Cope Alcoy\"}}]}<\/script>\n<!-- \/ Yoast SEO plugin. -->","yoast_head_json":{"title":"Una revista alemana se hace eco de la Navidad Alcoyana - COPE Alcoy","robots":{"index":"index","follow":"follow","max-snippet":"max-snippet:-1","max-image-preview":"max-image-preview:large","max-video-preview":"max-video-preview:-1"},"canonical":"https:\/\/www.copealcoy.es\/es\/una-revista-alemana-se-hace-eco-de-la-navidad-alcoyana\/","og_locale":"es_ES","og_type":"article","og_title":"Una revista alemana se hace eco de la Navidad Alcoyana - COPE Alcoy","og_description":"La revista alemana ECOS, que cuenta con una tirada de 24.000 ejemplares, ha publicado en su n\u00famero de diciembre un...","og_url":"https:\/\/www.copealcoy.es\/es\/una-revista-alemana-se-hace-eco-de-la-navidad-alcoyana\/","og_site_name":"COPE Alcoy","article_published_time":"2018-12-13T16:16:14+00:00","og_image":[{"width":980,"height":551,"url":"https:\/\/www.copealcoy.es\/wp-content\/uploads\/2018\/12\/4452_revista-ecos-1.jpg","type":"image\/jpeg"}],"author":"Cope Alcoy","twitter_misc":{"Escrito por":"Cope Alcoy","Tiempo de lectura":"1 minuto"},"schema":{"@context":"https:\/\/schema.org","@graph":[{"@type":"Article","@id":"https:\/\/www.copealcoy.es\/es\/una-revista-alemana-se-hace-eco-de-la-navidad-alcoyana\/#article","isPartOf":{"@id":"https:\/\/www.copealcoy.es\/es\/una-revista-alemana-se-hace-eco-de-la-navidad-alcoyana\/"},"author":{"name":"Cope Alcoy","@id":"https:\/\/www.copealcoy.es\/es\/#\/schema\/person\/e777c87fa024e57d40170af9df39882c"},"headline":"Una revista alemana se hace eco de la Navidad Alcoyana","datePublished":"2018-12-13T16:16:14+00:00","mainEntityOfPage":{"@id":"https:\/\/www.copealcoy.es\/es\/una-revista-alemana-se-hace-eco-de-la-navidad-alcoyana\/"},"wordCount":179,"commentCount":0,"keywords":["eco","Navidad Alcoyana","revista alemana"],"articleSection":["Fiesta y Cultura","Noticias"],"inLanguage":"es"},{"@type":"WebPage","@id":"https:\/\/www.copealcoy.es\/es\/una-revista-alemana-se-hace-eco-de-la-navidad-alcoyana\/","url":"https:\/\/www.copealcoy.es\/es\/una-revista-alemana-se-hace-eco-de-la-navidad-alcoyana\/","name":"Una revista alemana se hace eco de la Navidad Alcoyana - COPE Alcoy","isPartOf":{"@id":"https:\/\/www.copealcoy.es\/es\/#website"},"datePublished":"2018-12-13T16:16:14+00:00","author":{"@id":"https:\/\/www.copealcoy.es\/es\/#\/schema\/person\/e777c87fa024e57d40170af9df39882c"},"breadcrumb":{"@id":"https:\/\/www.copealcoy.es\/es\/una-revista-alemana-se-hace-eco-de-la-navidad-alcoyana\/#breadcrumb"},"inLanguage":"es","potentialAction":[{"@type":"ReadAction","target":["https:\/\/www.copealcoy.es\/es\/una-revista-alemana-se-hace-eco-de-la-navidad-alcoyana\/"]}]},{"@type":"BreadcrumbList","@id":"https:\/\/www.copealcoy.es\/es\/una-revista-alemana-se-hace-eco-de-la-navidad-alcoyana\/#breadcrumb","itemListElement":[{"@type":"ListItem","position":1,"name":"Portada","item":"https:\/\/www.copealcoy.es\/es\/"},{"@type":"ListItem","position":2,"name":"Una revista alemana se hace eco de la Navidad Alcoyana"}]},{"@type":"WebSite","@id":"https:\/\/www.copealcoy.es\/es\/#website","url":"https:\/\/www.copealcoy.es\/es\/","name":"COPE Alcoy","description":"Emisora COPE de radio local con emisi\u00f3n online. Pont de Sant Jordi 8-10 03803 Alcoy","potentialAction":[{"@type":"SearchAction","target":{"@type":"EntryPoint","urlTemplate":"https:\/\/www.copealcoy.es\/es\/?s={search_term_string}"},"query-input":{"@type":"PropertyValueSpecification","valueRequired":true,"valueName":"search_term_string"}}],"inLanguage":"es"},{"@type":"Person","@id":"https:\/\/www.copealcoy.es\/es\/#\/schema\/person\/e777c87fa024e57d40170af9df39882c","name":"Cope Alcoy","image":{"@type":"ImageObject","inLanguage":"es","@id":"https:\/\/secure.gravatar.com\/avatar\/bb65d0283347e303893ba14f0692005417c1e0e690a325a4c5d8bb2b3943ee14?s=96&d=mm&r=g","url":"https:\/\/secure.gravatar.com\/avatar\/bb65d0283347e303893ba14f0692005417c1e0e690a325a4c5d8bb2b3943ee14?s=96&d=mm&r=g","contentUrl":"https:\/\/secure.gravatar.com\/avatar\/bb65d0283347e303893ba14f0692005417c1e0e690a325a4c5d8bb2b3943ee14?s=96&d=mm&r=g","caption":"Cope Alcoy"}}]}},"_links":{"self":[{"href":"https:\/\/www.copealcoy.es\/es\/wp-json\/wp\/v2\/posts\/47964","targetHints":{"allow":["GET"]}}],"collection":[{"href":"https:\/\/www.copealcoy.es\/es\/wp-json\/wp\/v2\/posts"}],"about":[{"href":"https:\/\/www.copealcoy.es\/es\/wp-json\/wp\/v2\/types\/post"}],"author":[{"embeddable":true,"href":"https:\/\/www.copealcoy.es\/es\/wp-json\/wp\/v2\/users\/1"}],"replies":[{"embeddable":true,"href":"https:\/\/www.copealcoy.es\/es\/wp-json\/wp\/v2\/comments?post=47964"}],"version-history":[{"count":0,"href":"https:\/\/www.copealcoy.es\/es\/wp-json\/wp\/v2\/posts\/47964\/revisions"}],"wp:attachment":[{"href":"https:\/\/www.copealcoy.es\/es\/wp-json\/wp\/v2\/media?parent=47964"}],"wp:term":[{"taxonomy":"category","embeddable":true,"href":"https:\/\/www.copealcoy.es\/es\/wp-json\/wp\/v2\/categories?post=47964"},{"taxonomy":"post_tag","embeddable":true,"href":"https:\/\/www.copealcoy.es\/es\/wp-json\/wp\/v2\/tags?post=47964"}],"curies":[{"name":"wp","href":"https:\/\/api.w.org\/{rel}","templated":true}]}}