{"id":47920,"date":"2018-12-12T18:32:24","date_gmt":"2018-12-12T18:32:24","guid":{"rendered":"https:\/\/copealcoi.es\/?p=47920"},"modified":"2018-12-12T18:32:24","modified_gmt":"2018-12-12T18:32:24","slug":"reconocen-la-labor-cientifica-solidaria-y-de-servicio-publico-de-anna-delia-gisbert","status":"publish","type":"post","link":"https:\/\/www.copealcoy.es\/es\/reconocen-la-labor-cientifica-solidaria-y-de-servicio-publico-de-anna-delia-gisbert\/","title":{"rendered":"Reconocen la labor &#8220;cient\u00edfica, solidaria y de servicio p\u00fablico&#8221; de Anna D\u00e8lia Gisbert"},"content":{"rendered":"<div class=\"post-content\">\n<p style=\"text-align: justify;\">La <strong>Asociaci\u00f3n Provincial de Jubilados Titulados en Enfermer\u00eda de Alicante<\/strong> ha homenajeado a la alcaldesa de Benilloba, <strong>Anna Delia Gisbert<\/strong>, por su <strong>labor<\/strong> cient\u00edfica, solidaria y de servicio p\u00fablico.<\/p>\n<p style=\"text-align: justify;\">El <strong>reconocimiento<\/strong> ha coincidido con la celebraci\u00f3n de la festividad de su patrona, <strong>Santa Isabel de Hungr\u00eda<\/strong>, en un acto celebrado en la <strong>sala cultural<\/strong> del Corte Ingl\u00e9s de la capital provincial y organizado tambi\u00e9n por <strong>la Fundaci\u00f3n de Servicios Familiares<\/strong> de la Comunidad Valenciana, la <strong>Fundaci\u00f3n Jorge Ali\u00f3<\/strong>, el <strong>Grupo Sacex<\/strong>, la <strong>Fundaci\u00f3n San Juan de la Comunidad Valenciana<\/strong> y el <strong>Grupo de Leones Costablanca<\/strong> de Alicante.<\/p>\n<p style=\"text-align: justify;\">La presidenta de la asociaci\u00f3n, <strong>Bel\u00e9n Estevan<\/strong>, ha explicado que este reconocimiento a Anna Delia Gisbert <strong>responde<\/strong> tanto a sus<strong> cualidades cient\u00edficas y profesionales<\/strong>, como a su <strong>representaci\u00f3n y acci\u00f3n p\u00fablica<\/strong> a trav\u00e9s de la alcald\u00eda de su pueblo. De igual forma ha manifestado que <strong>destaca con \u00e9xito en su trabajo<\/strong> como investigadora, ya que cabe recordar que es <strong>Ingeniera Agr\u00f3noma y Doctora en Biotecnolog\u00eda<\/strong>, un campo en el que ha sido galardonada con el <strong>premio<\/strong> de <strong>J\u00f3venes Investigadores de la Sociedad Espa\u00f1ola de Ciencias Hort\u00edcolas<\/strong> por su trabajo en la mejora gen\u00e9tica de la cereza aut\u00f3ctona del interior de la provincia y autora de los primeros mapas gen\u00e9ticos de los n\u00edsperos japoneses en el Instituto Valenciano Agrario. Tambi\u00e9n destaca como <strong>docente<\/strong> en el <strong>\u00e1mbito ling\u00fc\u00edstico<\/strong> en la Escola Valenciana i l\u2019Acad\u00e8mia Valenciana de la Llengua, as\u00ed como su <strong>solidaridad<\/strong>, al estar implicada en la ONG Escuelas Solidarias en Guatemala.<\/p>\n<\/div>\n","protected":false},"excerpt":{"rendered":"<p>La Asociaci\u00f3n Provincial de Jubilados Titulados en Enfermer\u00eda de Alicante ha homenajeado a la alcaldesa de Benilloba, Anna Delia Gisbert,&#8230;<\/p>\n","protected":false},"author":1,"featured_media":0,"comment_status":"open","ping_status":"open","sticky":false,"template":"","format":"standard","meta":{"footnotes":""},"categories":[98,75],"tags":[2207,5648,8099],"class_list":["post-47920","post","type-post","status-publish","format-standard","hentry","category-comarcas","category-noticias","tag-anna-delia-gisbert","tag-labor","tag-reconocen"],"yoast_head":"<!-- This site is optimized with the Yoast SEO plugin v27.3 - https:\/\/yoast.com\/product\/yoast-seo-wordpress\/ -->\n<title>Reconocen la labor &quot;cient\u00edfica, solidaria y de servicio p\u00fablico&quot; de Anna D\u00e8lia Gisbert - COPE Alcoy<\/title>\n<meta name=\"robots\" content=\"index, follow, max-snippet:-1, max-image-preview:large, max-video-preview:-1\" \/>\n<link rel=\"canonical\" href=\"https:\/\/www.copealcoy.es\/es\/reconocen-la-labor-cientifica-solidaria-y-de-servicio-publico-de-anna-delia-gisbert\/\" \/>\n<meta property=\"og:locale\" content=\"es_ES\" \/>\n<meta property=\"og:type\" content=\"article\" \/>\n<meta property=\"og:title\" content=\"Reconocen la labor &quot;cient\u00edfica, solidaria y de servicio p\u00fablico&quot; de Anna D\u00e8lia Gisbert - COPE Alcoy\" \/>\n<meta property=\"og:description\" content=\"La Asociaci\u00f3n Provincial de Jubilados Titulados en Enfermer\u00eda de Alicante ha homenajeado a la alcaldesa de Benilloba, Anna Delia Gisbert,...\" \/>\n<meta property=\"og:url\" content=\"https:\/\/www.copealcoy.es\/es\/reconocen-la-labor-cientifica-solidaria-y-de-servicio-publico-de-anna-delia-gisbert\/\" \/>\n<meta property=\"og:site_name\" content=\"COPE Alcoy\" \/>\n<meta property=\"article:published_time\" content=\"2018-12-12T18:32:24+00:00\" \/>\n<meta property=\"og:image\" content=\"https:\/\/www.copealcoy.es\/wp-content\/uploads\/2018\/12\/20181113230219_IMG_6718-e1544639525911-1.jpg\" \/>\n\t<meta property=\"og:image:width\" content=\"1920\" \/>\n\t<meta property=\"og:image:height\" content=\"1112\" \/>\n\t<meta property=\"og:image:type\" content=\"image\/jpeg\" \/>\n<meta name=\"author\" content=\"Cope Alcoy\" \/>\n<meta name=\"twitter:label1\" content=\"Escrito por\" \/>\n\t<meta name=\"twitter:data1\" content=\"Cope Alcoy\" \/>\n\t<meta name=\"twitter:label2\" content=\"Tiempo de lectura\" \/>\n\t<meta name=\"twitter:data2\" content=\"1 minuto\" \/>\n<script type=\"application\/ld+json\" class=\"yoast-schema-graph\">{\"@context\":\"https:\\\/\\\/schema.org\",\"@graph\":[{\"@type\":\"Article\",\"@id\":\"https:\\\/\\\/www.copealcoy.es\\\/es\\\/reconocen-la-labor-cientifica-solidaria-y-de-servicio-publico-de-anna-delia-gisbert\\\/#article\",\"isPartOf\":{\"@id\":\"https:\\\/\\\/www.copealcoy.es\\\/es\\\/reconocen-la-labor-cientifica-solidaria-y-de-servicio-publico-de-anna-delia-gisbert\\\/\"},\"author\":{\"name\":\"Cope Alcoy\",\"@id\":\"https:\\\/\\\/www.copealcoy.es\\\/es\\\/#\\\/schema\\\/person\\\/e777c87fa024e57d40170af9df39882c\"},\"headline\":\"Reconocen la labor &#8220;cient\u00edfica, solidaria y de servicio p\u00fablico&#8221; de Anna D\u00e8lia Gisbert\",\"datePublished\":\"2018-12-12T18:32:24+00:00\",\"mainEntityOfPage\":{\"@id\":\"https:\\\/\\\/www.copealcoy.es\\\/es\\\/reconocen-la-labor-cientifica-solidaria-y-de-servicio-publico-de-anna-delia-gisbert\\\/\"},\"wordCount\":295,\"commentCount\":0,\"keywords\":[\"Anna Delia Gisbert\",\"labor\",\"Reconocen\"],\"articleSection\":[\"Comarcas\",\"Noticias\"],\"inLanguage\":\"es\"},{\"@type\":\"WebPage\",\"@id\":\"https:\\\/\\\/www.copealcoy.es\\\/es\\\/reconocen-la-labor-cientifica-solidaria-y-de-servicio-publico-de-anna-delia-gisbert\\\/\",\"url\":\"https:\\\/\\\/www.copealcoy.es\\\/es\\\/reconocen-la-labor-cientifica-solidaria-y-de-servicio-publico-de-anna-delia-gisbert\\\/\",\"name\":\"Reconocen la labor \\\"cient\u00edfica, solidaria y de servicio p\u00fablico\\\" de Anna D\u00e8lia Gisbert - COPE Alcoy\",\"isPartOf\":{\"@id\":\"https:\\\/\\\/www.copealcoy.es\\\/es\\\/#website\"},\"datePublished\":\"2018-12-12T18:32:24+00:00\",\"author\":{\"@id\":\"https:\\\/\\\/www.copealcoy.es\\\/es\\\/#\\\/schema\\\/person\\\/e777c87fa024e57d40170af9df39882c\"},\"breadcrumb\":{\"@id\":\"https:\\\/\\\/www.copealcoy.es\\\/es\\\/reconocen-la-labor-cientifica-solidaria-y-de-servicio-publico-de-anna-delia-gisbert\\\/#breadcrumb\"},\"inLanguage\":\"es\",\"potentialAction\":[{\"@type\":\"ReadAction\",\"target\":[\"https:\\\/\\\/www.copealcoy.es\\\/es\\\/reconocen-la-labor-cientifica-solidaria-y-de-servicio-publico-de-anna-delia-gisbert\\\/\"]}]},{\"@type\":\"BreadcrumbList\",\"@id\":\"https:\\\/\\\/www.copealcoy.es\\\/es\\\/reconocen-la-labor-cientifica-solidaria-y-de-servicio-publico-de-anna-delia-gisbert\\\/#breadcrumb\",\"itemListElement\":[{\"@type\":\"ListItem\",\"position\":1,\"name\":\"Portada\",\"item\":\"https:\\\/\\\/www.copealcoy.es\\\/es\\\/\"},{\"@type\":\"ListItem\",\"position\":2,\"name\":\"Reconocen la labor &#8220;cient\u00edfica, solidaria y de servicio p\u00fablico&#8221; de Anna D\u00e8lia Gisbert\"}]},{\"@type\":\"WebSite\",\"@id\":\"https:\\\/\\\/www.copealcoy.es\\\/es\\\/#website\",\"url\":\"https:\\\/\\\/www.copealcoy.es\\\/es\\\/\",\"name\":\"COPE Alcoy\",\"description\":\"Emisora COPE de radio local con emisi\u00f3n online. Pont de Sant Jordi 8-10 03803 Alcoy\",\"potentialAction\":[{\"@type\":\"SearchAction\",\"target\":{\"@type\":\"EntryPoint\",\"urlTemplate\":\"https:\\\/\\\/www.copealcoy.es\\\/es\\\/?s={search_term_string}\"},\"query-input\":{\"@type\":\"PropertyValueSpecification\",\"valueRequired\":true,\"valueName\":\"search_term_string\"}}],\"inLanguage\":\"es\"},{\"@type\":\"Person\",\"@id\":\"https:\\\/\\\/www.copealcoy.es\\\/es\\\/#\\\/schema\\\/person\\\/e777c87fa024e57d40170af9df39882c\",\"name\":\"Cope Alcoy\",\"image\":{\"@type\":\"ImageObject\",\"inLanguage\":\"es\",\"@id\":\"https:\\\/\\\/secure.gravatar.com\\\/avatar\\\/bb65d0283347e303893ba14f0692005417c1e0e690a325a4c5d8bb2b3943ee14?s=96&d=mm&r=g\",\"url\":\"https:\\\/\\\/secure.gravatar.com\\\/avatar\\\/bb65d0283347e303893ba14f0692005417c1e0e690a325a4c5d8bb2b3943ee14?s=96&d=mm&r=g\",\"contentUrl\":\"https:\\\/\\\/secure.gravatar.com\\\/avatar\\\/bb65d0283347e303893ba14f0692005417c1e0e690a325a4c5d8bb2b3943ee14?s=96&d=mm&r=g\",\"caption\":\"Cope Alcoy\"}}]}<\/script>\n<!-- \/ Yoast SEO plugin. -->","yoast_head_json":{"title":"Reconocen la labor \"cient\u00edfica, solidaria y de servicio p\u00fablico\" de Anna D\u00e8lia Gisbert - COPE Alcoy","robots":{"index":"index","follow":"follow","max-snippet":"max-snippet:-1","max-image-preview":"max-image-preview:large","max-video-preview":"max-video-preview:-1"},"canonical":"https:\/\/www.copealcoy.es\/es\/reconocen-la-labor-cientifica-solidaria-y-de-servicio-publico-de-anna-delia-gisbert\/","og_locale":"es_ES","og_type":"article","og_title":"Reconocen la labor \"cient\u00edfica, solidaria y de servicio p\u00fablico\" de Anna D\u00e8lia Gisbert - COPE Alcoy","og_description":"La Asociaci\u00f3n Provincial de Jubilados Titulados en Enfermer\u00eda de Alicante ha homenajeado a la alcaldesa de Benilloba, Anna Delia Gisbert,...","og_url":"https:\/\/www.copealcoy.es\/es\/reconocen-la-labor-cientifica-solidaria-y-de-servicio-publico-de-anna-delia-gisbert\/","og_site_name":"COPE Alcoy","article_published_time":"2018-12-12T18:32:24+00:00","og_image":[{"width":1920,"height":1112,"url":"https:\/\/www.copealcoy.es\/wp-content\/uploads\/2018\/12\/20181113230219_IMG_6718-e1544639525911-1.jpg","type":"image\/jpeg"}],"author":"Cope Alcoy","twitter_misc":{"Escrito por":"Cope Alcoy","Tiempo de lectura":"1 minuto"},"schema":{"@context":"https:\/\/schema.org","@graph":[{"@type":"Article","@id":"https:\/\/www.copealcoy.es\/es\/reconocen-la-labor-cientifica-solidaria-y-de-servicio-publico-de-anna-delia-gisbert\/#article","isPartOf":{"@id":"https:\/\/www.copealcoy.es\/es\/reconocen-la-labor-cientifica-solidaria-y-de-servicio-publico-de-anna-delia-gisbert\/"},"author":{"name":"Cope Alcoy","@id":"https:\/\/www.copealcoy.es\/es\/#\/schema\/person\/e777c87fa024e57d40170af9df39882c"},"headline":"Reconocen la labor &#8220;cient\u00edfica, solidaria y de servicio p\u00fablico&#8221; de Anna D\u00e8lia Gisbert","datePublished":"2018-12-12T18:32:24+00:00","mainEntityOfPage":{"@id":"https:\/\/www.copealcoy.es\/es\/reconocen-la-labor-cientifica-solidaria-y-de-servicio-publico-de-anna-delia-gisbert\/"},"wordCount":295,"commentCount":0,"keywords":["Anna Delia Gisbert","labor","Reconocen"],"articleSection":["Comarcas","Noticias"],"inLanguage":"es"},{"@type":"WebPage","@id":"https:\/\/www.copealcoy.es\/es\/reconocen-la-labor-cientifica-solidaria-y-de-servicio-publico-de-anna-delia-gisbert\/","url":"https:\/\/www.copealcoy.es\/es\/reconocen-la-labor-cientifica-solidaria-y-de-servicio-publico-de-anna-delia-gisbert\/","name":"Reconocen la labor \"cient\u00edfica, solidaria y de servicio p\u00fablico\" de Anna D\u00e8lia Gisbert - COPE Alcoy","isPartOf":{"@id":"https:\/\/www.copealcoy.es\/es\/#website"},"datePublished":"2018-12-12T18:32:24+00:00","author":{"@id":"https:\/\/www.copealcoy.es\/es\/#\/schema\/person\/e777c87fa024e57d40170af9df39882c"},"breadcrumb":{"@id":"https:\/\/www.copealcoy.es\/es\/reconocen-la-labor-cientifica-solidaria-y-de-servicio-publico-de-anna-delia-gisbert\/#breadcrumb"},"inLanguage":"es","potentialAction":[{"@type":"ReadAction","target":["https:\/\/www.copealcoy.es\/es\/reconocen-la-labor-cientifica-solidaria-y-de-servicio-publico-de-anna-delia-gisbert\/"]}]},{"@type":"BreadcrumbList","@id":"https:\/\/www.copealcoy.es\/es\/reconocen-la-labor-cientifica-solidaria-y-de-servicio-publico-de-anna-delia-gisbert\/#breadcrumb","itemListElement":[{"@type":"ListItem","position":1,"name":"Portada","item":"https:\/\/www.copealcoy.es\/es\/"},{"@type":"ListItem","position":2,"name":"Reconocen la labor &#8220;cient\u00edfica, solidaria y de servicio p\u00fablico&#8221; de Anna D\u00e8lia Gisbert"}]},{"@type":"WebSite","@id":"https:\/\/www.copealcoy.es\/es\/#website","url":"https:\/\/www.copealcoy.es\/es\/","name":"COPE Alcoy","description":"Emisora COPE de radio local con emisi\u00f3n online. Pont de Sant Jordi 8-10 03803 Alcoy","potentialAction":[{"@type":"SearchAction","target":{"@type":"EntryPoint","urlTemplate":"https:\/\/www.copealcoy.es\/es\/?s={search_term_string}"},"query-input":{"@type":"PropertyValueSpecification","valueRequired":true,"valueName":"search_term_string"}}],"inLanguage":"es"},{"@type":"Person","@id":"https:\/\/www.copealcoy.es\/es\/#\/schema\/person\/e777c87fa024e57d40170af9df39882c","name":"Cope Alcoy","image":{"@type":"ImageObject","inLanguage":"es","@id":"https:\/\/secure.gravatar.com\/avatar\/bb65d0283347e303893ba14f0692005417c1e0e690a325a4c5d8bb2b3943ee14?s=96&d=mm&r=g","url":"https:\/\/secure.gravatar.com\/avatar\/bb65d0283347e303893ba14f0692005417c1e0e690a325a4c5d8bb2b3943ee14?s=96&d=mm&r=g","contentUrl":"https:\/\/secure.gravatar.com\/avatar\/bb65d0283347e303893ba14f0692005417c1e0e690a325a4c5d8bb2b3943ee14?s=96&d=mm&r=g","caption":"Cope Alcoy"}}]}},"_links":{"self":[{"href":"https:\/\/www.copealcoy.es\/es\/wp-json\/wp\/v2\/posts\/47920","targetHints":{"allow":["GET"]}}],"collection":[{"href":"https:\/\/www.copealcoy.es\/es\/wp-json\/wp\/v2\/posts"}],"about":[{"href":"https:\/\/www.copealcoy.es\/es\/wp-json\/wp\/v2\/types\/post"}],"author":[{"embeddable":true,"href":"https:\/\/www.copealcoy.es\/es\/wp-json\/wp\/v2\/users\/1"}],"replies":[{"embeddable":true,"href":"https:\/\/www.copealcoy.es\/es\/wp-json\/wp\/v2\/comments?post=47920"}],"version-history":[{"count":0,"href":"https:\/\/www.copealcoy.es\/es\/wp-json\/wp\/v2\/posts\/47920\/revisions"}],"wp:attachment":[{"href":"https:\/\/www.copealcoy.es\/es\/wp-json\/wp\/v2\/media?parent=47920"}],"wp:term":[{"taxonomy":"category","embeddable":true,"href":"https:\/\/www.copealcoy.es\/es\/wp-json\/wp\/v2\/categories?post=47920"},{"taxonomy":"post_tag","embeddable":true,"href":"https:\/\/www.copealcoy.es\/es\/wp-json\/wp\/v2\/tags?post=47920"}],"curies":[{"name":"wp","href":"https:\/\/api.w.org\/{rel}","templated":true}]}}