{"id":47875,"date":"2018-12-10T22:51:47","date_gmt":"2018-12-10T22:51:47","guid":{"rendered":"https:\/\/copealcoi.es\/?p=47875"},"modified":"2018-12-10T22:51:47","modified_gmt":"2018-12-10T22:51:47","slug":"el-gobierno-presenta-un-presupuesto-de-64-millones-para-el-ano-2019","status":"publish","type":"post","link":"https:\/\/www.copealcoy.es\/es\/el-gobierno-presenta-un-presupuesto-de-64-millones-para-el-ano-2019\/","title":{"rendered":"El Gobierno presenta un Presupuesto de 64 millones para el a\u00f1o 2019"},"content":{"rendered":"<p style=\"text-align: justify;\">El <strong>Gobierno Local del PSOE<\/strong> present\u00f3 el pasado viernes <strong>el borrador de los Presupuestos Municipales<\/strong> de 2019, unas <strong>cuentas<\/strong> que <strong>superan los 64 millones de euros<\/strong> y que crecen <strong>un 8%<\/strong>. La edil de Hacienda, <strong>Vanessa Molt\u00f3<\/strong>, destaca la <strong>apuesta por las inversiones<\/strong> que se contemplan en estos Presupuestos, las cuales ascienden en <strong>12&#8217;5 millones de euros<\/strong>; un hecho que supone <strong>un incremento del 68%<\/strong> &#8220;<em>se prioriza en las pol\u00edticas econ\u00f3micas, investigaci\u00f3n y desarrollo de la innovaci\u00f3n, que aumentan un 85%. Tambi\u00e9n las pol\u00edticas sociales, por su parte, contin\u00faan aumentando hasta un 60%<\/em>&#8220;, asever\u00f3.<\/p>\n<p style=\"text-align: justify;\">Por su parte el alcalde, <strong>Antonio Franc\u00e9s<\/strong>, indic\u00f3 que en las cuentas se han previsto <strong>las inversiones de 4 millones de euros<\/strong> correspondientes al <strong>plan de mejora de centros educativos \u2018Edificant\u2019<\/strong> as\u00ed como <strong>1,5 millones<\/strong> para el desarrollo de la <strong>v\u00eda ciclopeatonal<\/strong> entre Batoy y la Zona Norte. Tambi\u00e9n destacan <strong>2,5 millones<\/strong> para la creaci\u00f3n de <strong>viviendas p\u00fablicas<\/strong> en la placeta Les Eres\u00a0 y los <strong>500.000 euros<\/strong> procedentes del <strong>Ministerio<\/strong> para <strong>reparar los da\u00f1os<\/strong> que los <strong>temporales del invierno de 2017<\/strong> causaron en <strong>la ladera<\/strong> del Riquer. Adem\u00e1s el primer edil mencion\u00f3 que <strong>la inversi\u00f3n es la m\u00e1s alta de los \u00faltimos veinte a\u00f1os<\/strong> y afirm\u00f3 que esto se debe a la <strong>reducci\u00f3n del pago de intereses en 2,3 millones<\/strong> &#8220;<em>este Gobierno\u00a0ha sido capaz de hacer m\u00e1s con menos. Menos impuestos a los ciudadanos y m\u00e1s pol\u00edticas sociales, cultura y pol\u00edtica econ\u00f3mica; y mejor mantenimiento de la ciudad. Todo con el objetivo de resolver los problemas de la ciudad y la ciudadan\u00eda<\/em>&#8220;, dijo.<\/p>\n<p style=\"text-align: justify;\">Desde el Ejecutivo del PSOE conf\u00edan en <strong>llevar a debate<\/strong> los Presupuestos Municipales del 2019 en el <strong>pleno ordinario<\/strong> del mes de enero.<\/p>\n<p><iframe loading=\"lazy\" title=\"20181207 RP Pressupostos Municipals 2019\" width=\"1200\" height=\"675\" src=\"https:\/\/www.youtube.com\/embed\/W5OjyGKN1FQ?feature=oembed\" frameborder=\"0\" allow=\"accelerometer; autoplay; encrypted-media; gyroscope; picture-in-picture\" allowfullscreen><\/iframe><\/p>\n","protected":false},"excerpt":{"rendered":"<p>El Gobierno Local del PSOE present\u00f3 el pasado viernes el borrador de los Presupuestos Municipales de 2019, unas cuentas que&#8230;<\/p>\n","protected":false},"author":1,"featured_media":0,"comment_status":"open","ping_status":"open","sticky":false,"template":"","format":"standard","meta":{"footnotes":""},"categories":[97,75,79],"tags":[8089,8090,217,1071,298],"class_list":["post-47875","post","type-post","status-publish","format-standard","hentry","category-alcoy","category-noticias","category-politicayeconomia","tag-64-millones","tag-ano-2019","tag-gobierno","tag-presenta","tag-presupuesto"],"yoast_head":"<!-- This site is optimized with the Yoast SEO plugin v27.3 - https:\/\/yoast.com\/product\/yoast-seo-wordpress\/ -->\n<title>El Gobierno presenta un Presupuesto de 64 millones para el a\u00f1o 2019 - COPE Alcoy<\/title>\n<meta name=\"robots\" content=\"index, follow, max-snippet:-1, max-image-preview:large, max-video-preview:-1\" \/>\n<link rel=\"canonical\" href=\"https:\/\/www.copealcoy.es\/es\/el-gobierno-presenta-un-presupuesto-de-64-millones-para-el-ano-2019\/\" \/>\n<meta property=\"og:locale\" content=\"es_ES\" \/>\n<meta property=\"og:type\" content=\"article\" \/>\n<meta property=\"og:title\" content=\"El Gobierno presenta un Presupuesto de 64 millones para el a\u00f1o 2019 - COPE Alcoy\" \/>\n<meta property=\"og:description\" content=\"El Gobierno Local del PSOE present\u00f3 el pasado viernes el borrador de los Presupuestos Municipales de 2019, unas cuentas que...\" \/>\n<meta property=\"og:url\" content=\"https:\/\/www.copealcoy.es\/es\/el-gobierno-presenta-un-presupuesto-de-64-millones-para-el-ano-2019\/\" \/>\n<meta property=\"og:site_name\" content=\"COPE Alcoy\" \/>\n<meta property=\"article:published_time\" content=\"2018-12-10T22:51:47+00:00\" \/>\n<meta property=\"og:image\" content=\"https:\/\/www.copealcoy.es\/wp-content\/uploads\/2018\/12\/alcalde-e1544481898798-1.jpg\" \/>\n\t<meta property=\"og:image:width\" content=\"558\" \/>\n\t<meta property=\"og:image:height\" content=\"319\" \/>\n\t<meta property=\"og:image:type\" content=\"image\/jpeg\" \/>\n<meta name=\"author\" content=\"Cope Alcoy\" \/>\n<meta name=\"twitter:label1\" content=\"Escrito por\" \/>\n\t<meta name=\"twitter:data1\" content=\"Cope Alcoy\" \/>\n\t<meta name=\"twitter:label2\" content=\"Tiempo de lectura\" \/>\n\t<meta name=\"twitter:data2\" content=\"2 minutos\" \/>\n<script type=\"application\/ld+json\" class=\"yoast-schema-graph\">{\"@context\":\"https:\\\/\\\/schema.org\",\"@graph\":[{\"@type\":\"Article\",\"@id\":\"https:\\\/\\\/www.copealcoy.es\\\/es\\\/el-gobierno-presenta-un-presupuesto-de-64-millones-para-el-ano-2019\\\/#article\",\"isPartOf\":{\"@id\":\"https:\\\/\\\/www.copealcoy.es\\\/es\\\/el-gobierno-presenta-un-presupuesto-de-64-millones-para-el-ano-2019\\\/\"},\"author\":{\"name\":\"Cope Alcoy\",\"@id\":\"https:\\\/\\\/www.copealcoy.es\\\/es\\\/#\\\/schema\\\/person\\\/e777c87fa024e57d40170af9df39882c\"},\"headline\":\"El Gobierno presenta un Presupuesto de 64 millones para el a\u00f1o 2019\",\"datePublished\":\"2018-12-10T22:51:47+00:00\",\"mainEntityOfPage\":{\"@id\":\"https:\\\/\\\/www.copealcoy.es\\\/es\\\/el-gobierno-presenta-un-presupuesto-de-64-millones-para-el-ano-2019\\\/\"},\"wordCount\":312,\"commentCount\":0,\"keywords\":[\"64 millones\",\"a\u00f1o 2019\",\"Gobierno\",\"Presenta\",\"presupuesto\"],\"articleSection\":[\"Alcoy\",\"Noticias\",\"Pol\u00edtica y Econom\u00eda\"],\"inLanguage\":\"es\"},{\"@type\":\"WebPage\",\"@id\":\"https:\\\/\\\/www.copealcoy.es\\\/es\\\/el-gobierno-presenta-un-presupuesto-de-64-millones-para-el-ano-2019\\\/\",\"url\":\"https:\\\/\\\/www.copealcoy.es\\\/es\\\/el-gobierno-presenta-un-presupuesto-de-64-millones-para-el-ano-2019\\\/\",\"name\":\"El Gobierno presenta un Presupuesto de 64 millones para el a\u00f1o 2019 - COPE Alcoy\",\"isPartOf\":{\"@id\":\"https:\\\/\\\/www.copealcoy.es\\\/es\\\/#website\"},\"datePublished\":\"2018-12-10T22:51:47+00:00\",\"author\":{\"@id\":\"https:\\\/\\\/www.copealcoy.es\\\/es\\\/#\\\/schema\\\/person\\\/e777c87fa024e57d40170af9df39882c\"},\"breadcrumb\":{\"@id\":\"https:\\\/\\\/www.copealcoy.es\\\/es\\\/el-gobierno-presenta-un-presupuesto-de-64-millones-para-el-ano-2019\\\/#breadcrumb\"},\"inLanguage\":\"es\",\"potentialAction\":[{\"@type\":\"ReadAction\",\"target\":[\"https:\\\/\\\/www.copealcoy.es\\\/es\\\/el-gobierno-presenta-un-presupuesto-de-64-millones-para-el-ano-2019\\\/\"]}]},{\"@type\":\"BreadcrumbList\",\"@id\":\"https:\\\/\\\/www.copealcoy.es\\\/es\\\/el-gobierno-presenta-un-presupuesto-de-64-millones-para-el-ano-2019\\\/#breadcrumb\",\"itemListElement\":[{\"@type\":\"ListItem\",\"position\":1,\"name\":\"Portada\",\"item\":\"https:\\\/\\\/www.copealcoy.es\\\/es\\\/\"},{\"@type\":\"ListItem\",\"position\":2,\"name\":\"El Gobierno presenta un Presupuesto de 64 millones para el a\u00f1o 2019\"}]},{\"@type\":\"WebSite\",\"@id\":\"https:\\\/\\\/www.copealcoy.es\\\/es\\\/#website\",\"url\":\"https:\\\/\\\/www.copealcoy.es\\\/es\\\/\",\"name\":\"COPE Alcoy\",\"description\":\"Emisora COPE de radio local con emisi\u00f3n online. Pont de Sant Jordi 8-10 03803 Alcoy\",\"potentialAction\":[{\"@type\":\"SearchAction\",\"target\":{\"@type\":\"EntryPoint\",\"urlTemplate\":\"https:\\\/\\\/www.copealcoy.es\\\/es\\\/?s={search_term_string}\"},\"query-input\":{\"@type\":\"PropertyValueSpecification\",\"valueRequired\":true,\"valueName\":\"search_term_string\"}}],\"inLanguage\":\"es\"},{\"@type\":\"Person\",\"@id\":\"https:\\\/\\\/www.copealcoy.es\\\/es\\\/#\\\/schema\\\/person\\\/e777c87fa024e57d40170af9df39882c\",\"name\":\"Cope Alcoy\",\"image\":{\"@type\":\"ImageObject\",\"inLanguage\":\"es\",\"@id\":\"https:\\\/\\\/secure.gravatar.com\\\/avatar\\\/bb65d0283347e303893ba14f0692005417c1e0e690a325a4c5d8bb2b3943ee14?s=96&d=mm&r=g\",\"url\":\"https:\\\/\\\/secure.gravatar.com\\\/avatar\\\/bb65d0283347e303893ba14f0692005417c1e0e690a325a4c5d8bb2b3943ee14?s=96&d=mm&r=g\",\"contentUrl\":\"https:\\\/\\\/secure.gravatar.com\\\/avatar\\\/bb65d0283347e303893ba14f0692005417c1e0e690a325a4c5d8bb2b3943ee14?s=96&d=mm&r=g\",\"caption\":\"Cope Alcoy\"}}]}<\/script>\n<!-- \/ Yoast SEO plugin. -->","yoast_head_json":{"title":"El Gobierno presenta un Presupuesto de 64 millones para el a\u00f1o 2019 - COPE Alcoy","robots":{"index":"index","follow":"follow","max-snippet":"max-snippet:-1","max-image-preview":"max-image-preview:large","max-video-preview":"max-video-preview:-1"},"canonical":"https:\/\/www.copealcoy.es\/es\/el-gobierno-presenta-un-presupuesto-de-64-millones-para-el-ano-2019\/","og_locale":"es_ES","og_type":"article","og_title":"El Gobierno presenta un Presupuesto de 64 millones para el a\u00f1o 2019 - COPE Alcoy","og_description":"El Gobierno Local del PSOE present\u00f3 el pasado viernes el borrador de los Presupuestos Municipales de 2019, unas cuentas que...","og_url":"https:\/\/www.copealcoy.es\/es\/el-gobierno-presenta-un-presupuesto-de-64-millones-para-el-ano-2019\/","og_site_name":"COPE Alcoy","article_published_time":"2018-12-10T22:51:47+00:00","og_image":[{"width":558,"height":319,"url":"https:\/\/www.copealcoy.es\/wp-content\/uploads\/2018\/12\/alcalde-e1544481898798-1.jpg","type":"image\/jpeg"}],"author":"Cope Alcoy","twitter_misc":{"Escrito por":"Cope Alcoy","Tiempo de lectura":"2 minutos"},"schema":{"@context":"https:\/\/schema.org","@graph":[{"@type":"Article","@id":"https:\/\/www.copealcoy.es\/es\/el-gobierno-presenta-un-presupuesto-de-64-millones-para-el-ano-2019\/#article","isPartOf":{"@id":"https:\/\/www.copealcoy.es\/es\/el-gobierno-presenta-un-presupuesto-de-64-millones-para-el-ano-2019\/"},"author":{"name":"Cope Alcoy","@id":"https:\/\/www.copealcoy.es\/es\/#\/schema\/person\/e777c87fa024e57d40170af9df39882c"},"headline":"El Gobierno presenta un Presupuesto de 64 millones para el a\u00f1o 2019","datePublished":"2018-12-10T22:51:47+00:00","mainEntityOfPage":{"@id":"https:\/\/www.copealcoy.es\/es\/el-gobierno-presenta-un-presupuesto-de-64-millones-para-el-ano-2019\/"},"wordCount":312,"commentCount":0,"keywords":["64 millones","a\u00f1o 2019","Gobierno","Presenta","presupuesto"],"articleSection":["Alcoy","Noticias","Pol\u00edtica y Econom\u00eda"],"inLanguage":"es"},{"@type":"WebPage","@id":"https:\/\/www.copealcoy.es\/es\/el-gobierno-presenta-un-presupuesto-de-64-millones-para-el-ano-2019\/","url":"https:\/\/www.copealcoy.es\/es\/el-gobierno-presenta-un-presupuesto-de-64-millones-para-el-ano-2019\/","name":"El Gobierno presenta un Presupuesto de 64 millones para el a\u00f1o 2019 - COPE Alcoy","isPartOf":{"@id":"https:\/\/www.copealcoy.es\/es\/#website"},"datePublished":"2018-12-10T22:51:47+00:00","author":{"@id":"https:\/\/www.copealcoy.es\/es\/#\/schema\/person\/e777c87fa024e57d40170af9df39882c"},"breadcrumb":{"@id":"https:\/\/www.copealcoy.es\/es\/el-gobierno-presenta-un-presupuesto-de-64-millones-para-el-ano-2019\/#breadcrumb"},"inLanguage":"es","potentialAction":[{"@type":"ReadAction","target":["https:\/\/www.copealcoy.es\/es\/el-gobierno-presenta-un-presupuesto-de-64-millones-para-el-ano-2019\/"]}]},{"@type":"BreadcrumbList","@id":"https:\/\/www.copealcoy.es\/es\/el-gobierno-presenta-un-presupuesto-de-64-millones-para-el-ano-2019\/#breadcrumb","itemListElement":[{"@type":"ListItem","position":1,"name":"Portada","item":"https:\/\/www.copealcoy.es\/es\/"},{"@type":"ListItem","position":2,"name":"El Gobierno presenta un Presupuesto de 64 millones para el a\u00f1o 2019"}]},{"@type":"WebSite","@id":"https:\/\/www.copealcoy.es\/es\/#website","url":"https:\/\/www.copealcoy.es\/es\/","name":"COPE Alcoy","description":"Emisora COPE de radio local con emisi\u00f3n online. Pont de Sant Jordi 8-10 03803 Alcoy","potentialAction":[{"@type":"SearchAction","target":{"@type":"EntryPoint","urlTemplate":"https:\/\/www.copealcoy.es\/es\/?s={search_term_string}"},"query-input":{"@type":"PropertyValueSpecification","valueRequired":true,"valueName":"search_term_string"}}],"inLanguage":"es"},{"@type":"Person","@id":"https:\/\/www.copealcoy.es\/es\/#\/schema\/person\/e777c87fa024e57d40170af9df39882c","name":"Cope Alcoy","image":{"@type":"ImageObject","inLanguage":"es","@id":"https:\/\/secure.gravatar.com\/avatar\/bb65d0283347e303893ba14f0692005417c1e0e690a325a4c5d8bb2b3943ee14?s=96&d=mm&r=g","url":"https:\/\/secure.gravatar.com\/avatar\/bb65d0283347e303893ba14f0692005417c1e0e690a325a4c5d8bb2b3943ee14?s=96&d=mm&r=g","contentUrl":"https:\/\/secure.gravatar.com\/avatar\/bb65d0283347e303893ba14f0692005417c1e0e690a325a4c5d8bb2b3943ee14?s=96&d=mm&r=g","caption":"Cope Alcoy"}}]}},"_links":{"self":[{"href":"https:\/\/www.copealcoy.es\/es\/wp-json\/wp\/v2\/posts\/47875","targetHints":{"allow":["GET"]}}],"collection":[{"href":"https:\/\/www.copealcoy.es\/es\/wp-json\/wp\/v2\/posts"}],"about":[{"href":"https:\/\/www.copealcoy.es\/es\/wp-json\/wp\/v2\/types\/post"}],"author":[{"embeddable":true,"href":"https:\/\/www.copealcoy.es\/es\/wp-json\/wp\/v2\/users\/1"}],"replies":[{"embeddable":true,"href":"https:\/\/www.copealcoy.es\/es\/wp-json\/wp\/v2\/comments?post=47875"}],"version-history":[{"count":0,"href":"https:\/\/www.copealcoy.es\/es\/wp-json\/wp\/v2\/posts\/47875\/revisions"}],"wp:attachment":[{"href":"https:\/\/www.copealcoy.es\/es\/wp-json\/wp\/v2\/media?parent=47875"}],"wp:term":[{"taxonomy":"category","embeddable":true,"href":"https:\/\/www.copealcoy.es\/es\/wp-json\/wp\/v2\/categories?post=47875"},{"taxonomy":"post_tag","embeddable":true,"href":"https:\/\/www.copealcoy.es\/es\/wp-json\/wp\/v2\/tags?post=47875"}],"curies":[{"name":"wp","href":"https:\/\/api.w.org\/{rel}","templated":true}]}}