{"id":47861,"date":"2018-12-10T21:59:59","date_gmt":"2018-12-10T21:59:59","guid":{"rendered":"https:\/\/copealcoi.es\/?p=47861"},"modified":"2018-12-10T21:59:59","modified_gmt":"2018-12-10T21:59:59","slug":"gabriel-tomas-sera-el-candidato-a-la-alcaldia-de-muro-por-esquerra-unida","status":"publish","type":"post","link":"https:\/\/www.copealcoy.es\/es\/gabriel-tomas-sera-el-candidato-a-la-alcaldia-de-muro-por-esquerra-unida\/","title":{"rendered":"Gabriel Tom\u00e1s ser\u00e1 el candidato a la alcald\u00eda de Muro por Esquerra Unida"},"content":{"rendered":"<p style=\"text-align: justify;\">El pasado 1 de diciembre fue elegido <strong>Gabriel Tom\u00e0s i Salvador<\/strong> como candidato a <strong>la alcald\u00eda de Muro<\/strong> por <strong>Esquerra Unida<\/strong>. De esta forma sustituir\u00e1 al exalcalde <strong>Francesc Valls<\/strong>, que ha renunciado a estar de nuevo <strong>al frente<\/strong> de la candidatura. Indicar que el alcaldable <strong>se impuso de forma muy ajustada<\/strong> en las votaciones que realiz\u00f3 la asamblea y en las que <strong>compet\u00eda<\/strong> con el actual concejal de EU en la Corporaci\u00f3n Municipal; <strong>Enrique Pascual<\/strong>.\u00a0El candidato ha admitido que <strong>EU est\u00e1 m\u00e1s viva que nunca y que est\u00e1 preparado<\/strong> &#8220;<em>para continuar el camino que Valls inici\u00f3 a principios de esta legislatura con un Gobierno Municipal que dio importantes pasos para municipalizar servicios como por ejemplo el del agua potable<\/em>&#8220;, asever\u00f3.<\/p>\n<p style=\"text-align: justify;\">Por su parte, Francesc Valls, que <strong>asumi\u00f3 la alcald\u00eda<\/strong> en el primer tramo de legislatura <strong>fruto del pacto<\/strong> con Comprom\u00eds, ha descartado ser el candidato &#8220;<em>porque necesito tomarme un respiro despu\u00e9s de estos cuatro a\u00f1os tan movidos. Con todo, formar\u00e9 parte de la lista como muestra de apoyo<\/em>&#8220;, concluy\u00f3.<\/p>\n","protected":false},"excerpt":{"rendered":"<p>El pasado 1 de diciembre fue elegido Gabriel Tom\u00e0s i Salvador como candidato a la alcald\u00eda de Muro por Esquerra&#8230;<\/p>\n","protected":false},"author":1,"featured_media":0,"comment_status":"open","ping_status":"open","sticky":false,"template":"","format":"standard","meta":{"footnotes":""},"categories":[744,75],"tags":[804,6817,8082,8083,135],"class_list":["post-47861","post","type-post","status-publish","format-standard","hentry","category-elecciones","category-noticias","tag-alcaldia","tag-candidato","tag-esquerra-unido","tag-gabriel-tomnas","tag-muro"],"yoast_head":"<!-- This site is optimized with the Yoast SEO plugin v27.3 - https:\/\/yoast.com\/product\/yoast-seo-wordpress\/ -->\n<title>Gabriel Tom\u00e1s ser\u00e1 el candidato a la alcald\u00eda de Muro por Esquerra Unida - COPE Alcoy<\/title>\n<meta name=\"robots\" content=\"index, follow, max-snippet:-1, max-image-preview:large, max-video-preview:-1\" \/>\n<link rel=\"canonical\" href=\"https:\/\/www.copealcoy.es\/es\/gabriel-tomas-sera-el-candidato-a-la-alcaldia-de-muro-por-esquerra-unida\/\" \/>\n<meta property=\"og:locale\" content=\"es_ES\" \/>\n<meta property=\"og:type\" content=\"article\" \/>\n<meta property=\"og:title\" content=\"Gabriel Tom\u00e1s ser\u00e1 el candidato a la alcald\u00eda de Muro por Esquerra Unida - COPE Alcoy\" \/>\n<meta property=\"og:description\" content=\"El pasado 1 de diciembre fue elegido Gabriel Tom\u00e0s i Salvador como candidato a la alcald\u00eda de Muro por Esquerra...\" \/>\n<meta property=\"og:url\" content=\"https:\/\/www.copealcoy.es\/es\/gabriel-tomas-sera-el-candidato-a-la-alcaldia-de-muro-por-esquerra-unida\/\" \/>\n<meta property=\"og:site_name\" content=\"COPE Alcoy\" \/>\n<meta property=\"article:published_time\" content=\"2018-12-10T21:59:59+00:00\" \/>\n<meta property=\"og:image\" content=\"https:\/\/www.copealcoy.es\/wp-content\/uploads\/2018\/12\/2143_gabriel-tomas-e1544479168545-1.jpg\" \/>\n\t<meta property=\"og:image:width\" content=\"962\" \/>\n\t<meta property=\"og:image:height\" content=\"465\" \/>\n\t<meta property=\"og:image:type\" content=\"image\/jpeg\" \/>\n<meta name=\"author\" content=\"Cope Alcoy\" \/>\n<meta name=\"twitter:label1\" content=\"Escrito por\" \/>\n\t<meta name=\"twitter:data1\" content=\"Cope Alcoy\" \/>\n\t<meta name=\"twitter:label2\" content=\"Tiempo de lectura\" \/>\n\t<meta name=\"twitter:data2\" content=\"1 minuto\" \/>\n<script type=\"application\/ld+json\" class=\"yoast-schema-graph\">{\"@context\":\"https:\\\/\\\/schema.org\",\"@graph\":[{\"@type\":\"Article\",\"@id\":\"https:\\\/\\\/www.copealcoy.es\\\/es\\\/gabriel-tomas-sera-el-candidato-a-la-alcaldia-de-muro-por-esquerra-unida\\\/#article\",\"isPartOf\":{\"@id\":\"https:\\\/\\\/www.copealcoy.es\\\/es\\\/gabriel-tomas-sera-el-candidato-a-la-alcaldia-de-muro-por-esquerra-unida\\\/\"},\"author\":{\"name\":\"Cope Alcoy\",\"@id\":\"https:\\\/\\\/www.copealcoy.es\\\/es\\\/#\\\/schema\\\/person\\\/e777c87fa024e57d40170af9df39882c\"},\"headline\":\"Gabriel Tom\u00e1s ser\u00e1 el candidato a la alcald\u00eda de Muro por Esquerra Unida\",\"datePublished\":\"2018-12-10T21:59:59+00:00\",\"mainEntityOfPage\":{\"@id\":\"https:\\\/\\\/www.copealcoy.es\\\/es\\\/gabriel-tomas-sera-el-candidato-a-la-alcaldia-de-muro-por-esquerra-unida\\\/\"},\"wordCount\":193,\"commentCount\":0,\"keywords\":[\"alcald\u00eda\",\"candidato\",\"Esquerra Unido\",\"Gabriel Tom\u00f1as\",\"Muro\"],\"articleSection\":[\"Elecciones\",\"Noticias\"],\"inLanguage\":\"es\"},{\"@type\":\"WebPage\",\"@id\":\"https:\\\/\\\/www.copealcoy.es\\\/es\\\/gabriel-tomas-sera-el-candidato-a-la-alcaldia-de-muro-por-esquerra-unida\\\/\",\"url\":\"https:\\\/\\\/www.copealcoy.es\\\/es\\\/gabriel-tomas-sera-el-candidato-a-la-alcaldia-de-muro-por-esquerra-unida\\\/\",\"name\":\"Gabriel Tom\u00e1s ser\u00e1 el candidato a la alcald\u00eda de Muro por Esquerra Unida - COPE Alcoy\",\"isPartOf\":{\"@id\":\"https:\\\/\\\/www.copealcoy.es\\\/es\\\/#website\"},\"datePublished\":\"2018-12-10T21:59:59+00:00\",\"author\":{\"@id\":\"https:\\\/\\\/www.copealcoy.es\\\/es\\\/#\\\/schema\\\/person\\\/e777c87fa024e57d40170af9df39882c\"},\"breadcrumb\":{\"@id\":\"https:\\\/\\\/www.copealcoy.es\\\/es\\\/gabriel-tomas-sera-el-candidato-a-la-alcaldia-de-muro-por-esquerra-unida\\\/#breadcrumb\"},\"inLanguage\":\"es\",\"potentialAction\":[{\"@type\":\"ReadAction\",\"target\":[\"https:\\\/\\\/www.copealcoy.es\\\/es\\\/gabriel-tomas-sera-el-candidato-a-la-alcaldia-de-muro-por-esquerra-unida\\\/\"]}]},{\"@type\":\"BreadcrumbList\",\"@id\":\"https:\\\/\\\/www.copealcoy.es\\\/es\\\/gabriel-tomas-sera-el-candidato-a-la-alcaldia-de-muro-por-esquerra-unida\\\/#breadcrumb\",\"itemListElement\":[{\"@type\":\"ListItem\",\"position\":1,\"name\":\"Portada\",\"item\":\"https:\\\/\\\/www.copealcoy.es\\\/es\\\/\"},{\"@type\":\"ListItem\",\"position\":2,\"name\":\"Gabriel Tom\u00e1s ser\u00e1 el candidato a la alcald\u00eda de Muro por Esquerra Unida\"}]},{\"@type\":\"WebSite\",\"@id\":\"https:\\\/\\\/www.copealcoy.es\\\/es\\\/#website\",\"url\":\"https:\\\/\\\/www.copealcoy.es\\\/es\\\/\",\"name\":\"COPE Alcoy\",\"description\":\"Emisora COPE de radio local con emisi\u00f3n online. Pont de Sant Jordi 8-10 03803 Alcoy\",\"potentialAction\":[{\"@type\":\"SearchAction\",\"target\":{\"@type\":\"EntryPoint\",\"urlTemplate\":\"https:\\\/\\\/www.copealcoy.es\\\/es\\\/?s={search_term_string}\"},\"query-input\":{\"@type\":\"PropertyValueSpecification\",\"valueRequired\":true,\"valueName\":\"search_term_string\"}}],\"inLanguage\":\"es\"},{\"@type\":\"Person\",\"@id\":\"https:\\\/\\\/www.copealcoy.es\\\/es\\\/#\\\/schema\\\/person\\\/e777c87fa024e57d40170af9df39882c\",\"name\":\"Cope Alcoy\",\"image\":{\"@type\":\"ImageObject\",\"inLanguage\":\"es\",\"@id\":\"https:\\\/\\\/secure.gravatar.com\\\/avatar\\\/bb65d0283347e303893ba14f0692005417c1e0e690a325a4c5d8bb2b3943ee14?s=96&d=mm&r=g\",\"url\":\"https:\\\/\\\/secure.gravatar.com\\\/avatar\\\/bb65d0283347e303893ba14f0692005417c1e0e690a325a4c5d8bb2b3943ee14?s=96&d=mm&r=g\",\"contentUrl\":\"https:\\\/\\\/secure.gravatar.com\\\/avatar\\\/bb65d0283347e303893ba14f0692005417c1e0e690a325a4c5d8bb2b3943ee14?s=96&d=mm&r=g\",\"caption\":\"Cope Alcoy\"}}]}<\/script>\n<!-- \/ Yoast SEO plugin. -->","yoast_head_json":{"title":"Gabriel Tom\u00e1s ser\u00e1 el candidato a la alcald\u00eda de Muro por Esquerra Unida - COPE Alcoy","robots":{"index":"index","follow":"follow","max-snippet":"max-snippet:-1","max-image-preview":"max-image-preview:large","max-video-preview":"max-video-preview:-1"},"canonical":"https:\/\/www.copealcoy.es\/es\/gabriel-tomas-sera-el-candidato-a-la-alcaldia-de-muro-por-esquerra-unida\/","og_locale":"es_ES","og_type":"article","og_title":"Gabriel Tom\u00e1s ser\u00e1 el candidato a la alcald\u00eda de Muro por Esquerra Unida - COPE Alcoy","og_description":"El pasado 1 de diciembre fue elegido Gabriel Tom\u00e0s i Salvador como candidato a la alcald\u00eda de Muro por Esquerra...","og_url":"https:\/\/www.copealcoy.es\/es\/gabriel-tomas-sera-el-candidato-a-la-alcaldia-de-muro-por-esquerra-unida\/","og_site_name":"COPE Alcoy","article_published_time":"2018-12-10T21:59:59+00:00","og_image":[{"width":962,"height":465,"url":"https:\/\/www.copealcoy.es\/wp-content\/uploads\/2018\/12\/2143_gabriel-tomas-e1544479168545-1.jpg","type":"image\/jpeg"}],"author":"Cope Alcoy","twitter_misc":{"Escrito por":"Cope Alcoy","Tiempo de lectura":"1 minuto"},"schema":{"@context":"https:\/\/schema.org","@graph":[{"@type":"Article","@id":"https:\/\/www.copealcoy.es\/es\/gabriel-tomas-sera-el-candidato-a-la-alcaldia-de-muro-por-esquerra-unida\/#article","isPartOf":{"@id":"https:\/\/www.copealcoy.es\/es\/gabriel-tomas-sera-el-candidato-a-la-alcaldia-de-muro-por-esquerra-unida\/"},"author":{"name":"Cope Alcoy","@id":"https:\/\/www.copealcoy.es\/es\/#\/schema\/person\/e777c87fa024e57d40170af9df39882c"},"headline":"Gabriel Tom\u00e1s ser\u00e1 el candidato a la alcald\u00eda de Muro por Esquerra Unida","datePublished":"2018-12-10T21:59:59+00:00","mainEntityOfPage":{"@id":"https:\/\/www.copealcoy.es\/es\/gabriel-tomas-sera-el-candidato-a-la-alcaldia-de-muro-por-esquerra-unida\/"},"wordCount":193,"commentCount":0,"keywords":["alcald\u00eda","candidato","Esquerra Unido","Gabriel Tom\u00f1as","Muro"],"articleSection":["Elecciones","Noticias"],"inLanguage":"es"},{"@type":"WebPage","@id":"https:\/\/www.copealcoy.es\/es\/gabriel-tomas-sera-el-candidato-a-la-alcaldia-de-muro-por-esquerra-unida\/","url":"https:\/\/www.copealcoy.es\/es\/gabriel-tomas-sera-el-candidato-a-la-alcaldia-de-muro-por-esquerra-unida\/","name":"Gabriel Tom\u00e1s ser\u00e1 el candidato a la alcald\u00eda de Muro por Esquerra Unida - COPE Alcoy","isPartOf":{"@id":"https:\/\/www.copealcoy.es\/es\/#website"},"datePublished":"2018-12-10T21:59:59+00:00","author":{"@id":"https:\/\/www.copealcoy.es\/es\/#\/schema\/person\/e777c87fa024e57d40170af9df39882c"},"breadcrumb":{"@id":"https:\/\/www.copealcoy.es\/es\/gabriel-tomas-sera-el-candidato-a-la-alcaldia-de-muro-por-esquerra-unida\/#breadcrumb"},"inLanguage":"es","potentialAction":[{"@type":"ReadAction","target":["https:\/\/www.copealcoy.es\/es\/gabriel-tomas-sera-el-candidato-a-la-alcaldia-de-muro-por-esquerra-unida\/"]}]},{"@type":"BreadcrumbList","@id":"https:\/\/www.copealcoy.es\/es\/gabriel-tomas-sera-el-candidato-a-la-alcaldia-de-muro-por-esquerra-unida\/#breadcrumb","itemListElement":[{"@type":"ListItem","position":1,"name":"Portada","item":"https:\/\/www.copealcoy.es\/es\/"},{"@type":"ListItem","position":2,"name":"Gabriel Tom\u00e1s ser\u00e1 el candidato a la alcald\u00eda de Muro por Esquerra Unida"}]},{"@type":"WebSite","@id":"https:\/\/www.copealcoy.es\/es\/#website","url":"https:\/\/www.copealcoy.es\/es\/","name":"COPE Alcoy","description":"Emisora COPE de radio local con emisi\u00f3n online. Pont de Sant Jordi 8-10 03803 Alcoy","potentialAction":[{"@type":"SearchAction","target":{"@type":"EntryPoint","urlTemplate":"https:\/\/www.copealcoy.es\/es\/?s={search_term_string}"},"query-input":{"@type":"PropertyValueSpecification","valueRequired":true,"valueName":"search_term_string"}}],"inLanguage":"es"},{"@type":"Person","@id":"https:\/\/www.copealcoy.es\/es\/#\/schema\/person\/e777c87fa024e57d40170af9df39882c","name":"Cope Alcoy","image":{"@type":"ImageObject","inLanguage":"es","@id":"https:\/\/secure.gravatar.com\/avatar\/bb65d0283347e303893ba14f0692005417c1e0e690a325a4c5d8bb2b3943ee14?s=96&d=mm&r=g","url":"https:\/\/secure.gravatar.com\/avatar\/bb65d0283347e303893ba14f0692005417c1e0e690a325a4c5d8bb2b3943ee14?s=96&d=mm&r=g","contentUrl":"https:\/\/secure.gravatar.com\/avatar\/bb65d0283347e303893ba14f0692005417c1e0e690a325a4c5d8bb2b3943ee14?s=96&d=mm&r=g","caption":"Cope Alcoy"}}]}},"_links":{"self":[{"href":"https:\/\/www.copealcoy.es\/es\/wp-json\/wp\/v2\/posts\/47861","targetHints":{"allow":["GET"]}}],"collection":[{"href":"https:\/\/www.copealcoy.es\/es\/wp-json\/wp\/v2\/posts"}],"about":[{"href":"https:\/\/www.copealcoy.es\/es\/wp-json\/wp\/v2\/types\/post"}],"author":[{"embeddable":true,"href":"https:\/\/www.copealcoy.es\/es\/wp-json\/wp\/v2\/users\/1"}],"replies":[{"embeddable":true,"href":"https:\/\/www.copealcoy.es\/es\/wp-json\/wp\/v2\/comments?post=47861"}],"version-history":[{"count":0,"href":"https:\/\/www.copealcoy.es\/es\/wp-json\/wp\/v2\/posts\/47861\/revisions"}],"wp:attachment":[{"href":"https:\/\/www.copealcoy.es\/es\/wp-json\/wp\/v2\/media?parent=47861"}],"wp:term":[{"taxonomy":"category","embeddable":true,"href":"https:\/\/www.copealcoy.es\/es\/wp-json\/wp\/v2\/categories?post=47861"},{"taxonomy":"post_tag","embeddable":true,"href":"https:\/\/www.copealcoy.es\/es\/wp-json\/wp\/v2\/tags?post=47861"}],"curies":[{"name":"wp","href":"https:\/\/api.w.org\/{rel}","templated":true}]}}