{"id":47840,"date":"2018-12-08T18:45:28","date_gmt":"2018-12-08T18:45:28","guid":{"rendered":"https:\/\/copealcoi.es\/?p=47840"},"modified":"2018-12-08T18:45:28","modified_gmt":"2018-12-08T18:45:28","slug":"el-pp-denuncia-el-mal-estado-de-las-aceras-en-la-avenida-camilo-sesto","status":"publish","type":"post","link":"https:\/\/www.copealcoy.es\/es\/el-pp-denuncia-el-mal-estado-de-las-aceras-en-la-avenida-camilo-sesto\/","title":{"rendered":"El PP denuncia el mal estado de las aceras en la Avenida Camilo Sesto"},"content":{"rendered":"<p style=\"text-align: justify;\">El <strong>Partido Popular<\/strong> de Alcoy ha pedido que <strong>las aceras de la Alameda Camilo Sesto<\/strong>\u00a0sean objeto de <strong>una profunda reparaci\u00f3n<\/strong> ante el <strong>mal estado<\/strong> que se aprecia en algunos tramos del vial. Los populares denuncian que se pueden observar actualmente <strong>gran cantidad de baches y baldosas agrietadas y sueltas<\/strong>, una situaci\u00f3n que genera <strong>varios problemas<\/strong> cuando llueve. Para el PP este hecho <strong>perjudica a los vecinos y comerciantes<\/strong> al mismo tiempo que apuntan que esta falta de conservaci\u00f3n de las aceras <strong>se extiende a otros barrios de la ciudad<\/strong> &#8220;<em>el Gobierno Local todav\u00eda est\u00e1 a tiempo de corregir la situaci\u00f3n para que las personas que lleguen en el periodo navide\u00f1o a comprar a Alcoy encuentren una ciudad en mejores condiciones<\/em>&#8220;, concluye.<\/p>\n","protected":false},"excerpt":{"rendered":"<p>El Partido Popular de Alcoy ha pedido que las aceras de la Alameda Camilo Sesto\u00a0sean objeto de una profunda reparaci\u00f3n&#8230;<\/p>\n","protected":false},"author":1,"featured_media":0,"comment_status":"open","ping_status":"open","sticky":false,"template":"","format":"standard","meta":{"footnotes":""},"categories":[97,75,79],"tags":[1034,8079,1461,2696,227],"class_list":["post-47840","post","type-post","status-publish","format-standard","hentry","category-alcoy","category-noticias","category-politicayeconomia","tag-aceras","tag-avenida-camilo-sesto","tag-denuncia","tag-mal-estado","tag-pp"],"yoast_head":"<!-- This site is optimized with the Yoast SEO plugin v27.3 - https:\/\/yoast.com\/product\/yoast-seo-wordpress\/ -->\n<title>El PP denuncia el mal estado de las aceras en la Avenida Camilo Sesto - COPE Alcoy<\/title>\n<meta name=\"robots\" content=\"index, follow, max-snippet:-1, max-image-preview:large, max-video-preview:-1\" \/>\n<link rel=\"canonical\" href=\"https:\/\/www.copealcoy.es\/es\/el-pp-denuncia-el-mal-estado-de-las-aceras-en-la-avenida-camilo-sesto\/\" \/>\n<meta property=\"og:locale\" content=\"es_ES\" \/>\n<meta property=\"og:type\" content=\"article\" \/>\n<meta property=\"og:title\" content=\"El PP denuncia el mal estado de las aceras en la Avenida Camilo Sesto - COPE Alcoy\" \/>\n<meta property=\"og:description\" content=\"El Partido Popular de Alcoy ha pedido que las aceras de la Alameda Camilo Sesto\u00a0sean objeto de una profunda reparaci\u00f3n...\" \/>\n<meta property=\"og:url\" content=\"https:\/\/www.copealcoy.es\/es\/el-pp-denuncia-el-mal-estado-de-las-aceras-en-la-avenida-camilo-sesto\/\" \/>\n<meta property=\"og:site_name\" content=\"COPE Alcoy\" \/>\n<meta property=\"article:published_time\" content=\"2018-12-08T18:45:28+00:00\" \/>\n<meta property=\"og:image\" content=\"https:\/\/www.copealcoy.es\/wp-content\/uploads\/2018\/12\/3491_aceras-alameda-1.jpg\" \/>\n\t<meta property=\"og:image:width\" content=\"980\" \/>\n\t<meta property=\"og:image:height\" content=\"551\" \/>\n\t<meta property=\"og:image:type\" content=\"image\/jpeg\" \/>\n<meta name=\"author\" content=\"Cope Alcoy\" \/>\n<meta name=\"twitter:label1\" content=\"Escrito por\" \/>\n\t<meta name=\"twitter:data1\" content=\"Cope Alcoy\" \/>\n\t<meta name=\"twitter:label2\" content=\"Tiempo de lectura\" \/>\n\t<meta name=\"twitter:data2\" content=\"1 minuto\" \/>\n<script type=\"application\/ld+json\" class=\"yoast-schema-graph\">{\"@context\":\"https:\\\/\\\/schema.org\",\"@graph\":[{\"@type\":\"Article\",\"@id\":\"https:\\\/\\\/www.copealcoy.es\\\/es\\\/el-pp-denuncia-el-mal-estado-de-las-aceras-en-la-avenida-camilo-sesto\\\/#article\",\"isPartOf\":{\"@id\":\"https:\\\/\\\/www.copealcoy.es\\\/es\\\/el-pp-denuncia-el-mal-estado-de-las-aceras-en-la-avenida-camilo-sesto\\\/\"},\"author\":{\"name\":\"Cope Alcoy\",\"@id\":\"https:\\\/\\\/www.copealcoy.es\\\/es\\\/#\\\/schema\\\/person\\\/e777c87fa024e57d40170af9df39882c\"},\"headline\":\"El PP denuncia el mal estado de las aceras en la Avenida Camilo Sesto\",\"datePublished\":\"2018-12-08T18:45:28+00:00\",\"mainEntityOfPage\":{\"@id\":\"https:\\\/\\\/www.copealcoy.es\\\/es\\\/el-pp-denuncia-el-mal-estado-de-las-aceras-en-la-avenida-camilo-sesto\\\/\"},\"wordCount\":142,\"commentCount\":0,\"keywords\":[\"Aceras\",\"Avenida Camilo Sesto\",\"Denuncia\",\"mal estado\",\"PP\"],\"articleSection\":[\"Alcoy\",\"Noticias\",\"Pol\u00edtica y Econom\u00eda\"],\"inLanguage\":\"es\"},{\"@type\":\"WebPage\",\"@id\":\"https:\\\/\\\/www.copealcoy.es\\\/es\\\/el-pp-denuncia-el-mal-estado-de-las-aceras-en-la-avenida-camilo-sesto\\\/\",\"url\":\"https:\\\/\\\/www.copealcoy.es\\\/es\\\/el-pp-denuncia-el-mal-estado-de-las-aceras-en-la-avenida-camilo-sesto\\\/\",\"name\":\"El PP denuncia el mal estado de las aceras en la Avenida Camilo Sesto - COPE Alcoy\",\"isPartOf\":{\"@id\":\"https:\\\/\\\/www.copealcoy.es\\\/es\\\/#website\"},\"datePublished\":\"2018-12-08T18:45:28+00:00\",\"author\":{\"@id\":\"https:\\\/\\\/www.copealcoy.es\\\/es\\\/#\\\/schema\\\/person\\\/e777c87fa024e57d40170af9df39882c\"},\"breadcrumb\":{\"@id\":\"https:\\\/\\\/www.copealcoy.es\\\/es\\\/el-pp-denuncia-el-mal-estado-de-las-aceras-en-la-avenida-camilo-sesto\\\/#breadcrumb\"},\"inLanguage\":\"es\",\"potentialAction\":[{\"@type\":\"ReadAction\",\"target\":[\"https:\\\/\\\/www.copealcoy.es\\\/es\\\/el-pp-denuncia-el-mal-estado-de-las-aceras-en-la-avenida-camilo-sesto\\\/\"]}]},{\"@type\":\"BreadcrumbList\",\"@id\":\"https:\\\/\\\/www.copealcoy.es\\\/es\\\/el-pp-denuncia-el-mal-estado-de-las-aceras-en-la-avenida-camilo-sesto\\\/#breadcrumb\",\"itemListElement\":[{\"@type\":\"ListItem\",\"position\":1,\"name\":\"Portada\",\"item\":\"https:\\\/\\\/www.copealcoy.es\\\/es\\\/\"},{\"@type\":\"ListItem\",\"position\":2,\"name\":\"El PP denuncia el mal estado de las aceras en la Avenida Camilo Sesto\"}]},{\"@type\":\"WebSite\",\"@id\":\"https:\\\/\\\/www.copealcoy.es\\\/es\\\/#website\",\"url\":\"https:\\\/\\\/www.copealcoy.es\\\/es\\\/\",\"name\":\"COPE Alcoy\",\"description\":\"Emisora COPE de radio local con emisi\u00f3n online. Pont de Sant Jordi 8-10 03803 Alcoy\",\"potentialAction\":[{\"@type\":\"SearchAction\",\"target\":{\"@type\":\"EntryPoint\",\"urlTemplate\":\"https:\\\/\\\/www.copealcoy.es\\\/es\\\/?s={search_term_string}\"},\"query-input\":{\"@type\":\"PropertyValueSpecification\",\"valueRequired\":true,\"valueName\":\"search_term_string\"}}],\"inLanguage\":\"es\"},{\"@type\":\"Person\",\"@id\":\"https:\\\/\\\/www.copealcoy.es\\\/es\\\/#\\\/schema\\\/person\\\/e777c87fa024e57d40170af9df39882c\",\"name\":\"Cope Alcoy\",\"image\":{\"@type\":\"ImageObject\",\"inLanguage\":\"es\",\"@id\":\"https:\\\/\\\/secure.gravatar.com\\\/avatar\\\/bb65d0283347e303893ba14f0692005417c1e0e690a325a4c5d8bb2b3943ee14?s=96&d=mm&r=g\",\"url\":\"https:\\\/\\\/secure.gravatar.com\\\/avatar\\\/bb65d0283347e303893ba14f0692005417c1e0e690a325a4c5d8bb2b3943ee14?s=96&d=mm&r=g\",\"contentUrl\":\"https:\\\/\\\/secure.gravatar.com\\\/avatar\\\/bb65d0283347e303893ba14f0692005417c1e0e690a325a4c5d8bb2b3943ee14?s=96&d=mm&r=g\",\"caption\":\"Cope Alcoy\"}}]}<\/script>\n<!-- \/ Yoast SEO plugin. -->","yoast_head_json":{"title":"El PP denuncia el mal estado de las aceras en la Avenida Camilo Sesto - COPE Alcoy","robots":{"index":"index","follow":"follow","max-snippet":"max-snippet:-1","max-image-preview":"max-image-preview:large","max-video-preview":"max-video-preview:-1"},"canonical":"https:\/\/www.copealcoy.es\/es\/el-pp-denuncia-el-mal-estado-de-las-aceras-en-la-avenida-camilo-sesto\/","og_locale":"es_ES","og_type":"article","og_title":"El PP denuncia el mal estado de las aceras en la Avenida Camilo Sesto - COPE Alcoy","og_description":"El Partido Popular de Alcoy ha pedido que las aceras de la Alameda Camilo Sesto\u00a0sean objeto de una profunda reparaci\u00f3n...","og_url":"https:\/\/www.copealcoy.es\/es\/el-pp-denuncia-el-mal-estado-de-las-aceras-en-la-avenida-camilo-sesto\/","og_site_name":"COPE Alcoy","article_published_time":"2018-12-08T18:45:28+00:00","og_image":[{"width":980,"height":551,"url":"https:\/\/www.copealcoy.es\/wp-content\/uploads\/2018\/12\/3491_aceras-alameda-1.jpg","type":"image\/jpeg"}],"author":"Cope Alcoy","twitter_misc":{"Escrito por":"Cope Alcoy","Tiempo de lectura":"1 minuto"},"schema":{"@context":"https:\/\/schema.org","@graph":[{"@type":"Article","@id":"https:\/\/www.copealcoy.es\/es\/el-pp-denuncia-el-mal-estado-de-las-aceras-en-la-avenida-camilo-sesto\/#article","isPartOf":{"@id":"https:\/\/www.copealcoy.es\/es\/el-pp-denuncia-el-mal-estado-de-las-aceras-en-la-avenida-camilo-sesto\/"},"author":{"name":"Cope Alcoy","@id":"https:\/\/www.copealcoy.es\/es\/#\/schema\/person\/e777c87fa024e57d40170af9df39882c"},"headline":"El PP denuncia el mal estado de las aceras en la Avenida Camilo Sesto","datePublished":"2018-12-08T18:45:28+00:00","mainEntityOfPage":{"@id":"https:\/\/www.copealcoy.es\/es\/el-pp-denuncia-el-mal-estado-de-las-aceras-en-la-avenida-camilo-sesto\/"},"wordCount":142,"commentCount":0,"keywords":["Aceras","Avenida Camilo Sesto","Denuncia","mal estado","PP"],"articleSection":["Alcoy","Noticias","Pol\u00edtica y Econom\u00eda"],"inLanguage":"es"},{"@type":"WebPage","@id":"https:\/\/www.copealcoy.es\/es\/el-pp-denuncia-el-mal-estado-de-las-aceras-en-la-avenida-camilo-sesto\/","url":"https:\/\/www.copealcoy.es\/es\/el-pp-denuncia-el-mal-estado-de-las-aceras-en-la-avenida-camilo-sesto\/","name":"El PP denuncia el mal estado de las aceras en la Avenida Camilo Sesto - COPE Alcoy","isPartOf":{"@id":"https:\/\/www.copealcoy.es\/es\/#website"},"datePublished":"2018-12-08T18:45:28+00:00","author":{"@id":"https:\/\/www.copealcoy.es\/es\/#\/schema\/person\/e777c87fa024e57d40170af9df39882c"},"breadcrumb":{"@id":"https:\/\/www.copealcoy.es\/es\/el-pp-denuncia-el-mal-estado-de-las-aceras-en-la-avenida-camilo-sesto\/#breadcrumb"},"inLanguage":"es","potentialAction":[{"@type":"ReadAction","target":["https:\/\/www.copealcoy.es\/es\/el-pp-denuncia-el-mal-estado-de-las-aceras-en-la-avenida-camilo-sesto\/"]}]},{"@type":"BreadcrumbList","@id":"https:\/\/www.copealcoy.es\/es\/el-pp-denuncia-el-mal-estado-de-las-aceras-en-la-avenida-camilo-sesto\/#breadcrumb","itemListElement":[{"@type":"ListItem","position":1,"name":"Portada","item":"https:\/\/www.copealcoy.es\/es\/"},{"@type":"ListItem","position":2,"name":"El PP denuncia el mal estado de las aceras en la Avenida Camilo Sesto"}]},{"@type":"WebSite","@id":"https:\/\/www.copealcoy.es\/es\/#website","url":"https:\/\/www.copealcoy.es\/es\/","name":"COPE Alcoy","description":"Emisora COPE de radio local con emisi\u00f3n online. Pont de Sant Jordi 8-10 03803 Alcoy","potentialAction":[{"@type":"SearchAction","target":{"@type":"EntryPoint","urlTemplate":"https:\/\/www.copealcoy.es\/es\/?s={search_term_string}"},"query-input":{"@type":"PropertyValueSpecification","valueRequired":true,"valueName":"search_term_string"}}],"inLanguage":"es"},{"@type":"Person","@id":"https:\/\/www.copealcoy.es\/es\/#\/schema\/person\/e777c87fa024e57d40170af9df39882c","name":"Cope Alcoy","image":{"@type":"ImageObject","inLanguage":"es","@id":"https:\/\/secure.gravatar.com\/avatar\/bb65d0283347e303893ba14f0692005417c1e0e690a325a4c5d8bb2b3943ee14?s=96&d=mm&r=g","url":"https:\/\/secure.gravatar.com\/avatar\/bb65d0283347e303893ba14f0692005417c1e0e690a325a4c5d8bb2b3943ee14?s=96&d=mm&r=g","contentUrl":"https:\/\/secure.gravatar.com\/avatar\/bb65d0283347e303893ba14f0692005417c1e0e690a325a4c5d8bb2b3943ee14?s=96&d=mm&r=g","caption":"Cope Alcoy"}}]}},"_links":{"self":[{"href":"https:\/\/www.copealcoy.es\/es\/wp-json\/wp\/v2\/posts\/47840","targetHints":{"allow":["GET"]}}],"collection":[{"href":"https:\/\/www.copealcoy.es\/es\/wp-json\/wp\/v2\/posts"}],"about":[{"href":"https:\/\/www.copealcoy.es\/es\/wp-json\/wp\/v2\/types\/post"}],"author":[{"embeddable":true,"href":"https:\/\/www.copealcoy.es\/es\/wp-json\/wp\/v2\/users\/1"}],"replies":[{"embeddable":true,"href":"https:\/\/www.copealcoy.es\/es\/wp-json\/wp\/v2\/comments?post=47840"}],"version-history":[{"count":0,"href":"https:\/\/www.copealcoy.es\/es\/wp-json\/wp\/v2\/posts\/47840\/revisions"}],"wp:attachment":[{"href":"https:\/\/www.copealcoy.es\/es\/wp-json\/wp\/v2\/media?parent=47840"}],"wp:term":[{"taxonomy":"category","embeddable":true,"href":"https:\/\/www.copealcoy.es\/es\/wp-json\/wp\/v2\/categories?post=47840"},{"taxonomy":"post_tag","embeddable":true,"href":"https:\/\/www.copealcoy.es\/es\/wp-json\/wp\/v2\/tags?post=47840"}],"curies":[{"name":"wp","href":"https:\/\/api.w.org\/{rel}","templated":true}]}}