{"id":47835,"date":"2018-12-08T18:36:01","date_gmt":"2018-12-08T18:36:01","guid":{"rendered":"https:\/\/copealcoi.es\/?p=47835"},"modified":"2018-12-08T18:36:01","modified_gmt":"2018-12-08T18:36:01","slug":"caritas-lanza-una-nueva-campana-para-hacer-frente-a-las-necesidades-del-invierno","status":"publish","type":"post","link":"https:\/\/www.copealcoy.es\/es\/caritas-lanza-una-nueva-campana-para-hacer-frente-a-las-necesidades-del-invierno\/","title":{"rendered":"C\u00e1ritas lanza una nueva campa\u00f1a para hacer frente a las necesidades del invierno"},"content":{"rendered":"<p style=\"text-align: justify;\">C\u00e1ritas Alcoy lanza <strong>una nueva edici\u00f3n<\/strong> de la <strong>campa\u00f1a <\/strong>solidaria <strong>\u2018Que en este invierno nadie pase fr\u00edo\u2019<\/strong>, una iniciativa que <strong>persigue recoger donativos<\/strong> que despu\u00e9s ser\u00e1n empleados para <strong>comprar bombonas de butano<\/strong>. Estas ser\u00e1n destinadas a las <strong>familias con menos recursos<\/strong> de la ciudad para que <strong>puedan afrontar la dureza del invierno<\/strong> y por consiguiente puedan <strong>disponer de gas butano<\/strong> para las estufas o los calentadores de agua.<\/p>\n<p style=\"text-align: justify;\">Los interesados en hacer su aportaci\u00f3n a esta campa\u00f1a pueden pasar<strong> por el stand<\/strong> que C\u00e1ritas ha montado en el \u2018Mercat de Nadal\u2019 de La Glorieta durante este puente festivo o si lo desea <strong>puede hacer su donativo<\/strong> en las parroquias de la ciudad. El delegado arciprestal de C\u00e1ritas Alcoy, <strong>Santi Segura<\/strong>, recuerda que este proyecto se lleva a cabo por <strong>tercer a\u00f1o consecutivo<\/strong> y remarca <strong>la gran solidaridad<\/strong> que demuestran siempre los alcoyanos &#8220;<em>gracias a esta campa\u00f1a en los dos \u00faltimos a\u00f1os pudimos llegar a comprar hasta cerca de 500 bombonas de butano. Esperamos que se mantengan estas cifras y si puede ser incluso superarlas<\/em>&#8220;, asevera.<\/p>\n<p style=\"text-align: justify;\">Recordar que la campa\u00f1a\u00a0\u2018Que en este invierno nadie pase fr\u00edo\u2019 <strong>se suma a otros proyectos<\/strong> llevados a cabo por C\u00e1ritas Alcoy en los \u00faltimos meses como por ejemplo<strong> la recogida de leche<\/strong> que se realiz\u00f3 a principios del mes de octubre.<\/p>\n","protected":false},"excerpt":{"rendered":"<p>C\u00e1ritas Alcoy lanza una nueva edici\u00f3n de la campa\u00f1a solidaria \u2018Que en este invierno nadie pase fr\u00edo\u2019, una iniciativa que&#8230;<\/p>\n","protected":false},"author":1,"featured_media":0,"comment_status":"open","ping_status":"open","sticky":false,"template":"","format":"standard","meta":{"footnotes":""},"categories":[97,75,79],"tags":[460,5064,5273,5880],"class_list":["post-47835","post","type-post","status-publish","format-standard","hentry","category-alcoy","category-noticias","category-politicayeconomia","tag-caritas","tag-invierno","tag-necesidades","tag-nueva-campana"],"yoast_head":"<!-- This site is optimized with the Yoast SEO plugin v27.3 - https:\/\/yoast.com\/product\/yoast-seo-wordpress\/ -->\n<title>C\u00e1ritas lanza una nueva campa\u00f1a para hacer frente a las necesidades del invierno - COPE Alcoy<\/title>\n<meta name=\"robots\" content=\"index, follow, max-snippet:-1, max-image-preview:large, max-video-preview:-1\" \/>\n<link rel=\"canonical\" href=\"https:\/\/www.copealcoy.es\/es\/caritas-lanza-una-nueva-campana-para-hacer-frente-a-las-necesidades-del-invierno\/\" \/>\n<meta property=\"og:locale\" content=\"es_ES\" \/>\n<meta property=\"og:type\" content=\"article\" \/>\n<meta property=\"og:title\" content=\"C\u00e1ritas lanza una nueva campa\u00f1a para hacer frente a las necesidades del invierno - COPE Alcoy\" \/>\n<meta property=\"og:description\" content=\"C\u00e1ritas Alcoy lanza una nueva edici\u00f3n de la campa\u00f1a solidaria \u2018Que en este invierno nadie pase fr\u00edo\u2019, una iniciativa que...\" \/>\n<meta property=\"og:url\" content=\"https:\/\/www.copealcoy.es\/es\/caritas-lanza-una-nueva-campana-para-hacer-frente-a-las-necesidades-del-invierno\/\" \/>\n<meta property=\"og:site_name\" content=\"COPE Alcoy\" \/>\n<meta property=\"article:published_time\" content=\"2018-12-08T18:36:01+00:00\" \/>\n<meta property=\"og:image\" content=\"https:\/\/www.copealcoy.es\/wp-content\/uploads\/2018\/12\/47420296_565014953960773_3831703928655839232_n-e1544293904863-1.jpg\" \/>\n\t<meta property=\"og:image:width\" content=\"960\" \/>\n\t<meta property=\"og:image:height\" content=\"564\" \/>\n\t<meta property=\"og:image:type\" content=\"image\/jpeg\" \/>\n<meta name=\"author\" content=\"Cope Alcoy\" \/>\n<meta name=\"twitter:label1\" content=\"Escrito por\" \/>\n\t<meta name=\"twitter:data1\" content=\"Cope Alcoy\" \/>\n\t<meta name=\"twitter:label2\" content=\"Tiempo de lectura\" \/>\n\t<meta name=\"twitter:data2\" content=\"1 minuto\" \/>\n<script type=\"application\/ld+json\" class=\"yoast-schema-graph\">{\"@context\":\"https:\\\/\\\/schema.org\",\"@graph\":[{\"@type\":\"Article\",\"@id\":\"https:\\\/\\\/www.copealcoy.es\\\/es\\\/caritas-lanza-una-nueva-campana-para-hacer-frente-a-las-necesidades-del-invierno\\\/#article\",\"isPartOf\":{\"@id\":\"https:\\\/\\\/www.copealcoy.es\\\/es\\\/caritas-lanza-una-nueva-campana-para-hacer-frente-a-las-necesidades-del-invierno\\\/\"},\"author\":{\"name\":\"Cope Alcoy\",\"@id\":\"https:\\\/\\\/www.copealcoy.es\\\/es\\\/#\\\/schema\\\/person\\\/e777c87fa024e57d40170af9df39882c\"},\"headline\":\"C\u00e1ritas lanza una nueva campa\u00f1a para hacer frente a las necesidades del invierno\",\"datePublished\":\"2018-12-08T18:36:01+00:00\",\"mainEntityOfPage\":{\"@id\":\"https:\\\/\\\/www.copealcoy.es\\\/es\\\/caritas-lanza-una-nueva-campana-para-hacer-frente-a-las-necesidades-del-invierno\\\/\"},\"wordCount\":248,\"commentCount\":0,\"keywords\":[\"C\u00e1ritas\",\"invierno\",\"necesidades\",\"nueva campa\u00f1a\"],\"articleSection\":[\"Alcoy\",\"Noticias\",\"Pol\u00edtica y Econom\u00eda\"],\"inLanguage\":\"es\"},{\"@type\":\"WebPage\",\"@id\":\"https:\\\/\\\/www.copealcoy.es\\\/es\\\/caritas-lanza-una-nueva-campana-para-hacer-frente-a-las-necesidades-del-invierno\\\/\",\"url\":\"https:\\\/\\\/www.copealcoy.es\\\/es\\\/caritas-lanza-una-nueva-campana-para-hacer-frente-a-las-necesidades-del-invierno\\\/\",\"name\":\"C\u00e1ritas lanza una nueva campa\u00f1a para hacer frente a las necesidades del invierno - COPE Alcoy\",\"isPartOf\":{\"@id\":\"https:\\\/\\\/www.copealcoy.es\\\/es\\\/#website\"},\"datePublished\":\"2018-12-08T18:36:01+00:00\",\"author\":{\"@id\":\"https:\\\/\\\/www.copealcoy.es\\\/es\\\/#\\\/schema\\\/person\\\/e777c87fa024e57d40170af9df39882c\"},\"breadcrumb\":{\"@id\":\"https:\\\/\\\/www.copealcoy.es\\\/es\\\/caritas-lanza-una-nueva-campana-para-hacer-frente-a-las-necesidades-del-invierno\\\/#breadcrumb\"},\"inLanguage\":\"es\",\"potentialAction\":[{\"@type\":\"ReadAction\",\"target\":[\"https:\\\/\\\/www.copealcoy.es\\\/es\\\/caritas-lanza-una-nueva-campana-para-hacer-frente-a-las-necesidades-del-invierno\\\/\"]}]},{\"@type\":\"BreadcrumbList\",\"@id\":\"https:\\\/\\\/www.copealcoy.es\\\/es\\\/caritas-lanza-una-nueva-campana-para-hacer-frente-a-las-necesidades-del-invierno\\\/#breadcrumb\",\"itemListElement\":[{\"@type\":\"ListItem\",\"position\":1,\"name\":\"Portada\",\"item\":\"https:\\\/\\\/www.copealcoy.es\\\/es\\\/\"},{\"@type\":\"ListItem\",\"position\":2,\"name\":\"C\u00e1ritas lanza una nueva campa\u00f1a para hacer frente a las necesidades del invierno\"}]},{\"@type\":\"WebSite\",\"@id\":\"https:\\\/\\\/www.copealcoy.es\\\/es\\\/#website\",\"url\":\"https:\\\/\\\/www.copealcoy.es\\\/es\\\/\",\"name\":\"COPE Alcoy\",\"description\":\"Emisora COPE de radio local con emisi\u00f3n online. Pont de Sant Jordi 8-10 03803 Alcoy\",\"potentialAction\":[{\"@type\":\"SearchAction\",\"target\":{\"@type\":\"EntryPoint\",\"urlTemplate\":\"https:\\\/\\\/www.copealcoy.es\\\/es\\\/?s={search_term_string}\"},\"query-input\":{\"@type\":\"PropertyValueSpecification\",\"valueRequired\":true,\"valueName\":\"search_term_string\"}}],\"inLanguage\":\"es\"},{\"@type\":\"Person\",\"@id\":\"https:\\\/\\\/www.copealcoy.es\\\/es\\\/#\\\/schema\\\/person\\\/e777c87fa024e57d40170af9df39882c\",\"name\":\"Cope Alcoy\",\"image\":{\"@type\":\"ImageObject\",\"inLanguage\":\"es\",\"@id\":\"https:\\\/\\\/secure.gravatar.com\\\/avatar\\\/bb65d0283347e303893ba14f0692005417c1e0e690a325a4c5d8bb2b3943ee14?s=96&d=mm&r=g\",\"url\":\"https:\\\/\\\/secure.gravatar.com\\\/avatar\\\/bb65d0283347e303893ba14f0692005417c1e0e690a325a4c5d8bb2b3943ee14?s=96&d=mm&r=g\",\"contentUrl\":\"https:\\\/\\\/secure.gravatar.com\\\/avatar\\\/bb65d0283347e303893ba14f0692005417c1e0e690a325a4c5d8bb2b3943ee14?s=96&d=mm&r=g\",\"caption\":\"Cope Alcoy\"}}]}<\/script>\n<!-- \/ Yoast SEO plugin. -->","yoast_head_json":{"title":"C\u00e1ritas lanza una nueva campa\u00f1a para hacer frente a las necesidades del invierno - COPE Alcoy","robots":{"index":"index","follow":"follow","max-snippet":"max-snippet:-1","max-image-preview":"max-image-preview:large","max-video-preview":"max-video-preview:-1"},"canonical":"https:\/\/www.copealcoy.es\/es\/caritas-lanza-una-nueva-campana-para-hacer-frente-a-las-necesidades-del-invierno\/","og_locale":"es_ES","og_type":"article","og_title":"C\u00e1ritas lanza una nueva campa\u00f1a para hacer frente a las necesidades del invierno - COPE Alcoy","og_description":"C\u00e1ritas Alcoy lanza una nueva edici\u00f3n de la campa\u00f1a solidaria \u2018Que en este invierno nadie pase fr\u00edo\u2019, una iniciativa que...","og_url":"https:\/\/www.copealcoy.es\/es\/caritas-lanza-una-nueva-campana-para-hacer-frente-a-las-necesidades-del-invierno\/","og_site_name":"COPE Alcoy","article_published_time":"2018-12-08T18:36:01+00:00","og_image":[{"width":960,"height":564,"url":"https:\/\/www.copealcoy.es\/wp-content\/uploads\/2018\/12\/47420296_565014953960773_3831703928655839232_n-e1544293904863-1.jpg","type":"image\/jpeg"}],"author":"Cope Alcoy","twitter_misc":{"Escrito por":"Cope Alcoy","Tiempo de lectura":"1 minuto"},"schema":{"@context":"https:\/\/schema.org","@graph":[{"@type":"Article","@id":"https:\/\/www.copealcoy.es\/es\/caritas-lanza-una-nueva-campana-para-hacer-frente-a-las-necesidades-del-invierno\/#article","isPartOf":{"@id":"https:\/\/www.copealcoy.es\/es\/caritas-lanza-una-nueva-campana-para-hacer-frente-a-las-necesidades-del-invierno\/"},"author":{"name":"Cope Alcoy","@id":"https:\/\/www.copealcoy.es\/es\/#\/schema\/person\/e777c87fa024e57d40170af9df39882c"},"headline":"C\u00e1ritas lanza una nueva campa\u00f1a para hacer frente a las necesidades del invierno","datePublished":"2018-12-08T18:36:01+00:00","mainEntityOfPage":{"@id":"https:\/\/www.copealcoy.es\/es\/caritas-lanza-una-nueva-campana-para-hacer-frente-a-las-necesidades-del-invierno\/"},"wordCount":248,"commentCount":0,"keywords":["C\u00e1ritas","invierno","necesidades","nueva campa\u00f1a"],"articleSection":["Alcoy","Noticias","Pol\u00edtica y Econom\u00eda"],"inLanguage":"es"},{"@type":"WebPage","@id":"https:\/\/www.copealcoy.es\/es\/caritas-lanza-una-nueva-campana-para-hacer-frente-a-las-necesidades-del-invierno\/","url":"https:\/\/www.copealcoy.es\/es\/caritas-lanza-una-nueva-campana-para-hacer-frente-a-las-necesidades-del-invierno\/","name":"C\u00e1ritas lanza una nueva campa\u00f1a para hacer frente a las necesidades del invierno - COPE Alcoy","isPartOf":{"@id":"https:\/\/www.copealcoy.es\/es\/#website"},"datePublished":"2018-12-08T18:36:01+00:00","author":{"@id":"https:\/\/www.copealcoy.es\/es\/#\/schema\/person\/e777c87fa024e57d40170af9df39882c"},"breadcrumb":{"@id":"https:\/\/www.copealcoy.es\/es\/caritas-lanza-una-nueva-campana-para-hacer-frente-a-las-necesidades-del-invierno\/#breadcrumb"},"inLanguage":"es","potentialAction":[{"@type":"ReadAction","target":["https:\/\/www.copealcoy.es\/es\/caritas-lanza-una-nueva-campana-para-hacer-frente-a-las-necesidades-del-invierno\/"]}]},{"@type":"BreadcrumbList","@id":"https:\/\/www.copealcoy.es\/es\/caritas-lanza-una-nueva-campana-para-hacer-frente-a-las-necesidades-del-invierno\/#breadcrumb","itemListElement":[{"@type":"ListItem","position":1,"name":"Portada","item":"https:\/\/www.copealcoy.es\/es\/"},{"@type":"ListItem","position":2,"name":"C\u00e1ritas lanza una nueva campa\u00f1a para hacer frente a las necesidades del invierno"}]},{"@type":"WebSite","@id":"https:\/\/www.copealcoy.es\/es\/#website","url":"https:\/\/www.copealcoy.es\/es\/","name":"COPE Alcoy","description":"Emisora COPE de radio local con emisi\u00f3n online. Pont de Sant Jordi 8-10 03803 Alcoy","potentialAction":[{"@type":"SearchAction","target":{"@type":"EntryPoint","urlTemplate":"https:\/\/www.copealcoy.es\/es\/?s={search_term_string}"},"query-input":{"@type":"PropertyValueSpecification","valueRequired":true,"valueName":"search_term_string"}}],"inLanguage":"es"},{"@type":"Person","@id":"https:\/\/www.copealcoy.es\/es\/#\/schema\/person\/e777c87fa024e57d40170af9df39882c","name":"Cope Alcoy","image":{"@type":"ImageObject","inLanguage":"es","@id":"https:\/\/secure.gravatar.com\/avatar\/bb65d0283347e303893ba14f0692005417c1e0e690a325a4c5d8bb2b3943ee14?s=96&d=mm&r=g","url":"https:\/\/secure.gravatar.com\/avatar\/bb65d0283347e303893ba14f0692005417c1e0e690a325a4c5d8bb2b3943ee14?s=96&d=mm&r=g","contentUrl":"https:\/\/secure.gravatar.com\/avatar\/bb65d0283347e303893ba14f0692005417c1e0e690a325a4c5d8bb2b3943ee14?s=96&d=mm&r=g","caption":"Cope Alcoy"}}]}},"_links":{"self":[{"href":"https:\/\/www.copealcoy.es\/es\/wp-json\/wp\/v2\/posts\/47835","targetHints":{"allow":["GET"]}}],"collection":[{"href":"https:\/\/www.copealcoy.es\/es\/wp-json\/wp\/v2\/posts"}],"about":[{"href":"https:\/\/www.copealcoy.es\/es\/wp-json\/wp\/v2\/types\/post"}],"author":[{"embeddable":true,"href":"https:\/\/www.copealcoy.es\/es\/wp-json\/wp\/v2\/users\/1"}],"replies":[{"embeddable":true,"href":"https:\/\/www.copealcoy.es\/es\/wp-json\/wp\/v2\/comments?post=47835"}],"version-history":[{"count":0,"href":"https:\/\/www.copealcoy.es\/es\/wp-json\/wp\/v2\/posts\/47835\/revisions"}],"wp:attachment":[{"href":"https:\/\/www.copealcoy.es\/es\/wp-json\/wp\/v2\/media?parent=47835"}],"wp:term":[{"taxonomy":"category","embeddable":true,"href":"https:\/\/www.copealcoy.es\/es\/wp-json\/wp\/v2\/categories?post=47835"},{"taxonomy":"post_tag","embeddable":true,"href":"https:\/\/www.copealcoy.es\/es\/wp-json\/wp\/v2\/tags?post=47835"}],"curies":[{"name":"wp","href":"https:\/\/api.w.org\/{rel}","templated":true}]}}