{"id":47599,"date":"2018-11-28T23:11:15","date_gmt":"2018-11-28T23:11:15","guid":{"rendered":"https:\/\/copealcoi.es\/?p=47599"},"modified":"2018-11-28T23:11:15","modified_gmt":"2018-11-28T23:11:15","slug":"camilo-sesto-ya-da-nombre-a-la-alameda-de-alcoy","status":"publish","type":"post","link":"https:\/\/www.copealcoy.es\/es\/camilo-sesto-ya-da-nombre-a-la-alameda-de-alcoy\/","title":{"rendered":"Camilo Sesto ya da nombre a La Alameda de Alcoy"},"content":{"rendered":"<p style=\"text-align: justify;\">Alcoy volvi\u00f3 a rendir anoche<strong> un sentido homenaje<\/strong> a su cantante m\u00e1s internacional, <strong>Camilo Sesto<\/strong>, y lo hizo <strong>dedicando La Alameda<\/strong> a una de las<strong> figuras m\u00e1s universales de la m\u00fasica<\/strong> que <strong>ha llevado el nombre de nuestra ciudad<\/strong> por pr\u00e1cticamente todo el mundo.<\/p>\n<p style=\"text-align: justify;\">Numerosos alcoyanos, vecinos de estas comarcas e incluso venidos de otros pa\u00edses, especialmente fans, <strong>se reunieron cerca de La Rosaleda<\/strong> al filo de las nueve de la noche para <strong>ser testigos<\/strong> del momento en el que Camilo Sesto <strong>descubr\u00eda la placa con su nombre<\/strong> y que servir\u00e1 para <strong>dar la nueva denominaci\u00f3n<\/strong> a esta arteria principal alcoyana. Los aplausos y los v\u00edtores al cantante <strong>han acompa\u00f1ado este instante<\/strong> que ha estado repleto tambi\u00e9n de <strong>gran emotividad<\/strong> y en el que no han parado de sonar <strong>diferentes temas musicales<\/strong> del artista.<\/p>\n<p style=\"text-align: justify;\">El alcalde de Alcoy, <strong>Antonio Franc\u00e9s<\/strong>, agradeci\u00f3 la presencia de Camilo Sesto y <strong>remarc\u00f3 en su parlamento q<\/strong>ue &#8220;<em>Camilo es hijo de Alcoy, es nuestro Hijo Predilecto. Alcoy siente una gran admiraci\u00f3n hacia \u00e9l y tras los homenajes de hace dos a\u00f1os el Club de Fans nos comentaba siempre que aquello no era suficiente y que merec\u00eda una calle en la ciudad. Pues bien, el proyecto ya es una realidad. Camilo aqu\u00ed tienes tu calle<\/em>&#8220;, manifest\u00f3 el primer edil dirigi\u00e9ndose al cantante.\u00a0Por su parte <strong>Camilo Sest\u00f3<\/strong> afirm\u00f3 <strong>sentirse profundamente emocionado<\/strong> por <strong>este tributo<\/strong> que le volv\u00eda a rendir <strong>la ciudad que lo vio nacer en 1946<\/strong> &#8220;<em>cada vez que pas\u00e9is por aqu\u00ed o pis\u00e9is la calle espero que os acord\u00e9is de mi. Es un orgullo ser de Alcoy<\/em>&#8220;; dijo entre l\u00e1grimas mientras se animaba a cantar<strong> su cl\u00e1sica canci\u00f3n<\/strong> dedicada a nuestra ciudad &#8216;El meu cor es d&#8217;Alcoi&#8217;.<\/p>\n<p style=\"text-align: justify;\">Recordar que la jornada incluy\u00f3 <strong>la proyecci\u00f3n de un documental<\/strong> en el Teatro Calder\u00f3n sobre\u00a0sobre <strong>la vida del artista<\/strong> realizado por <strong>\u00d3scar Garc\u00eda Blesa<\/strong>, autor de la biograf\u00eda de Alejandro Sanz. Este se pudo ver en dos pases, a las 17,30 y a las 19 horas. Adem\u00e1s la dedicaci\u00f3n de La Alameda al artista <strong>ha coincidido con el lanzamiento<\/strong> del disco\u00a0<strong>\u00abCamilo Sinf\u00f3nico\u00bb<\/strong>, un trabajo que sali\u00f3 al mercado el 23 de noviembre en Madrid y que cuenta con\u00a0<strong>la colaboraci\u00f3n de artistas reconocidas<\/strong> como Marta S\u00e1nchez, M\u00f3nica Naranjo, Pastora Soler y Ruth Lorenzo.<\/p>\n<p style=\"text-align: justify;\">Por \u00faltimo apuntar que el hecho de dedicarle una calle a Camilo Sesto c<strong>ulmina un intenso ciclo de homenajes<\/strong> a nuestro paisano que incluy\u00f3 en noviembre de 2016 el acto de entrega de la <strong>Medalla de Oro de la ciudad<\/strong> y tambi\u00e9n el nombramiento del cantante como <strong>Hijo Predilecto de Alcoy<\/strong>.<\/p>\n","protected":false},"excerpt":{"rendered":"<p>Alcoy volvi\u00f3 a rendir anoche un sentido homenaje a su cantante m\u00e1s internacional, Camilo Sesto, y lo hizo dedicando La&#8230;<\/p>\n","protected":false},"author":1,"featured_media":0,"comment_status":"open","ping_status":"open","sticky":false,"template":"","format":"standard","meta":{"footnotes":""},"categories":[97,75,125],"tags":[1494,2559,4672,5781],"class_list":["post-47599","post","type-post","status-publish","format-standard","hentry","category-alcoy","category-noticias","category-portada","tag-alcoy","tag-camilo-sesto","tag-la-alameda","tag-nombre"],"yoast_head":"<!-- This site is optimized with the Yoast SEO plugin v27.3 - https:\/\/yoast.com\/product\/yoast-seo-wordpress\/ -->\n<title>Camilo Sesto ya da nombre a La Alameda de Alcoy - COPE Alcoy<\/title>\n<meta name=\"robots\" content=\"index, follow, max-snippet:-1, max-image-preview:large, max-video-preview:-1\" \/>\n<link rel=\"canonical\" href=\"https:\/\/www.copealcoy.es\/es\/camilo-sesto-ya-da-nombre-a-la-alameda-de-alcoy\/\" \/>\n<meta property=\"og:locale\" content=\"es_ES\" \/>\n<meta property=\"og:type\" content=\"article\" \/>\n<meta property=\"og:title\" content=\"Camilo Sesto ya da nombre a La Alameda de Alcoy - COPE Alcoy\" \/>\n<meta property=\"og:description\" content=\"Alcoy volvi\u00f3 a rendir anoche un sentido homenaje a su cantante m\u00e1s internacional, Camilo Sesto, y lo hizo dedicando La...\" \/>\n<meta property=\"og:url\" content=\"https:\/\/www.copealcoy.es\/es\/camilo-sesto-ya-da-nombre-a-la-alameda-de-alcoy\/\" \/>\n<meta property=\"og:site_name\" content=\"COPE Alcoy\" \/>\n<meta property=\"article:published_time\" content=\"2018-11-28T23:11:15+00:00\" \/>\n<meta property=\"og:image\" content=\"https:\/\/www.copealcoy.es\/wp-content\/uploads\/2018\/11\/4C97130F-249C-42E0-A92C-561DB2ED339E-1.jpeg\" \/>\n\t<meta property=\"og:image:width\" content=\"690\" \/>\n\t<meta property=\"og:image:height\" content=\"309\" \/>\n\t<meta property=\"og:image:type\" content=\"image\/jpeg\" \/>\n<meta name=\"author\" content=\"Cope Alcoy\" \/>\n<meta name=\"twitter:label1\" content=\"Escrito por\" \/>\n\t<meta name=\"twitter:data1\" content=\"Cope Alcoy\" \/>\n\t<meta name=\"twitter:label2\" content=\"Tiempo de lectura\" \/>\n\t<meta name=\"twitter:data2\" content=\"2 minutos\" \/>\n<script type=\"application\/ld+json\" class=\"yoast-schema-graph\">{\"@context\":\"https:\\\/\\\/schema.org\",\"@graph\":[{\"@type\":\"Article\",\"@id\":\"https:\\\/\\\/www.copealcoy.es\\\/es\\\/camilo-sesto-ya-da-nombre-a-la-alameda-de-alcoy\\\/#article\",\"isPartOf\":{\"@id\":\"https:\\\/\\\/www.copealcoy.es\\\/es\\\/camilo-sesto-ya-da-nombre-a-la-alameda-de-alcoy\\\/\"},\"author\":{\"name\":\"Cope Alcoy\",\"@id\":\"https:\\\/\\\/www.copealcoy.es\\\/es\\\/#\\\/schema\\\/person\\\/e777c87fa024e57d40170af9df39882c\"},\"headline\":\"Camilo Sesto ya da nombre a La Alameda de Alcoy\",\"datePublished\":\"2018-11-28T23:11:15+00:00\",\"mainEntityOfPage\":{\"@id\":\"https:\\\/\\\/www.copealcoy.es\\\/es\\\/camilo-sesto-ya-da-nombre-a-la-alameda-de-alcoy\\\/\"},\"wordCount\":468,\"commentCount\":0,\"keywords\":[\"Alcoy\",\"Camilo Sesto\",\"La Alameda\",\"nombre\"],\"articleSection\":[\"Alcoy\",\"Noticias\",\"Portada\"],\"inLanguage\":\"es\"},{\"@type\":\"WebPage\",\"@id\":\"https:\\\/\\\/www.copealcoy.es\\\/es\\\/camilo-sesto-ya-da-nombre-a-la-alameda-de-alcoy\\\/\",\"url\":\"https:\\\/\\\/www.copealcoy.es\\\/es\\\/camilo-sesto-ya-da-nombre-a-la-alameda-de-alcoy\\\/\",\"name\":\"Camilo Sesto ya da nombre a La Alameda de Alcoy - COPE Alcoy\",\"isPartOf\":{\"@id\":\"https:\\\/\\\/www.copealcoy.es\\\/es\\\/#website\"},\"datePublished\":\"2018-11-28T23:11:15+00:00\",\"author\":{\"@id\":\"https:\\\/\\\/www.copealcoy.es\\\/es\\\/#\\\/schema\\\/person\\\/e777c87fa024e57d40170af9df39882c\"},\"breadcrumb\":{\"@id\":\"https:\\\/\\\/www.copealcoy.es\\\/es\\\/camilo-sesto-ya-da-nombre-a-la-alameda-de-alcoy\\\/#breadcrumb\"},\"inLanguage\":\"es\",\"potentialAction\":[{\"@type\":\"ReadAction\",\"target\":[\"https:\\\/\\\/www.copealcoy.es\\\/es\\\/camilo-sesto-ya-da-nombre-a-la-alameda-de-alcoy\\\/\"]}]},{\"@type\":\"BreadcrumbList\",\"@id\":\"https:\\\/\\\/www.copealcoy.es\\\/es\\\/camilo-sesto-ya-da-nombre-a-la-alameda-de-alcoy\\\/#breadcrumb\",\"itemListElement\":[{\"@type\":\"ListItem\",\"position\":1,\"name\":\"Portada\",\"item\":\"https:\\\/\\\/www.copealcoy.es\\\/es\\\/\"},{\"@type\":\"ListItem\",\"position\":2,\"name\":\"Camilo Sesto ya da nombre a La Alameda de Alcoy\"}]},{\"@type\":\"WebSite\",\"@id\":\"https:\\\/\\\/www.copealcoy.es\\\/es\\\/#website\",\"url\":\"https:\\\/\\\/www.copealcoy.es\\\/es\\\/\",\"name\":\"COPE Alcoy\",\"description\":\"Emisora COPE de radio local con emisi\u00f3n online. Pont de Sant Jordi 8-10 03803 Alcoy\",\"potentialAction\":[{\"@type\":\"SearchAction\",\"target\":{\"@type\":\"EntryPoint\",\"urlTemplate\":\"https:\\\/\\\/www.copealcoy.es\\\/es\\\/?s={search_term_string}\"},\"query-input\":{\"@type\":\"PropertyValueSpecification\",\"valueRequired\":true,\"valueName\":\"search_term_string\"}}],\"inLanguage\":\"es\"},{\"@type\":\"Person\",\"@id\":\"https:\\\/\\\/www.copealcoy.es\\\/es\\\/#\\\/schema\\\/person\\\/e777c87fa024e57d40170af9df39882c\",\"name\":\"Cope Alcoy\",\"image\":{\"@type\":\"ImageObject\",\"inLanguage\":\"es\",\"@id\":\"https:\\\/\\\/secure.gravatar.com\\\/avatar\\\/bb65d0283347e303893ba14f0692005417c1e0e690a325a4c5d8bb2b3943ee14?s=96&d=mm&r=g\",\"url\":\"https:\\\/\\\/secure.gravatar.com\\\/avatar\\\/bb65d0283347e303893ba14f0692005417c1e0e690a325a4c5d8bb2b3943ee14?s=96&d=mm&r=g\",\"contentUrl\":\"https:\\\/\\\/secure.gravatar.com\\\/avatar\\\/bb65d0283347e303893ba14f0692005417c1e0e690a325a4c5d8bb2b3943ee14?s=96&d=mm&r=g\",\"caption\":\"Cope Alcoy\"}}]}<\/script>\n<!-- \/ Yoast SEO plugin. -->","yoast_head_json":{"title":"Camilo Sesto ya da nombre a La Alameda de Alcoy - COPE Alcoy","robots":{"index":"index","follow":"follow","max-snippet":"max-snippet:-1","max-image-preview":"max-image-preview:large","max-video-preview":"max-video-preview:-1"},"canonical":"https:\/\/www.copealcoy.es\/es\/camilo-sesto-ya-da-nombre-a-la-alameda-de-alcoy\/","og_locale":"es_ES","og_type":"article","og_title":"Camilo Sesto ya da nombre a La Alameda de Alcoy - COPE Alcoy","og_description":"Alcoy volvi\u00f3 a rendir anoche un sentido homenaje a su cantante m\u00e1s internacional, Camilo Sesto, y lo hizo dedicando La...","og_url":"https:\/\/www.copealcoy.es\/es\/camilo-sesto-ya-da-nombre-a-la-alameda-de-alcoy\/","og_site_name":"COPE Alcoy","article_published_time":"2018-11-28T23:11:15+00:00","og_image":[{"width":690,"height":309,"url":"https:\/\/www.copealcoy.es\/wp-content\/uploads\/2018\/11\/4C97130F-249C-42E0-A92C-561DB2ED339E-1.jpeg","type":"image\/jpeg"}],"author":"Cope Alcoy","twitter_misc":{"Escrito por":"Cope Alcoy","Tiempo de lectura":"2 minutos"},"schema":{"@context":"https:\/\/schema.org","@graph":[{"@type":"Article","@id":"https:\/\/www.copealcoy.es\/es\/camilo-sesto-ya-da-nombre-a-la-alameda-de-alcoy\/#article","isPartOf":{"@id":"https:\/\/www.copealcoy.es\/es\/camilo-sesto-ya-da-nombre-a-la-alameda-de-alcoy\/"},"author":{"name":"Cope Alcoy","@id":"https:\/\/www.copealcoy.es\/es\/#\/schema\/person\/e777c87fa024e57d40170af9df39882c"},"headline":"Camilo Sesto ya da nombre a La Alameda de Alcoy","datePublished":"2018-11-28T23:11:15+00:00","mainEntityOfPage":{"@id":"https:\/\/www.copealcoy.es\/es\/camilo-sesto-ya-da-nombre-a-la-alameda-de-alcoy\/"},"wordCount":468,"commentCount":0,"keywords":["Alcoy","Camilo Sesto","La Alameda","nombre"],"articleSection":["Alcoy","Noticias","Portada"],"inLanguage":"es"},{"@type":"WebPage","@id":"https:\/\/www.copealcoy.es\/es\/camilo-sesto-ya-da-nombre-a-la-alameda-de-alcoy\/","url":"https:\/\/www.copealcoy.es\/es\/camilo-sesto-ya-da-nombre-a-la-alameda-de-alcoy\/","name":"Camilo Sesto ya da nombre a La Alameda de Alcoy - COPE Alcoy","isPartOf":{"@id":"https:\/\/www.copealcoy.es\/es\/#website"},"datePublished":"2018-11-28T23:11:15+00:00","author":{"@id":"https:\/\/www.copealcoy.es\/es\/#\/schema\/person\/e777c87fa024e57d40170af9df39882c"},"breadcrumb":{"@id":"https:\/\/www.copealcoy.es\/es\/camilo-sesto-ya-da-nombre-a-la-alameda-de-alcoy\/#breadcrumb"},"inLanguage":"es","potentialAction":[{"@type":"ReadAction","target":["https:\/\/www.copealcoy.es\/es\/camilo-sesto-ya-da-nombre-a-la-alameda-de-alcoy\/"]}]},{"@type":"BreadcrumbList","@id":"https:\/\/www.copealcoy.es\/es\/camilo-sesto-ya-da-nombre-a-la-alameda-de-alcoy\/#breadcrumb","itemListElement":[{"@type":"ListItem","position":1,"name":"Portada","item":"https:\/\/www.copealcoy.es\/es\/"},{"@type":"ListItem","position":2,"name":"Camilo Sesto ya da nombre a La Alameda de Alcoy"}]},{"@type":"WebSite","@id":"https:\/\/www.copealcoy.es\/es\/#website","url":"https:\/\/www.copealcoy.es\/es\/","name":"COPE Alcoy","description":"Emisora COPE de radio local con emisi\u00f3n online. Pont de Sant Jordi 8-10 03803 Alcoy","potentialAction":[{"@type":"SearchAction","target":{"@type":"EntryPoint","urlTemplate":"https:\/\/www.copealcoy.es\/es\/?s={search_term_string}"},"query-input":{"@type":"PropertyValueSpecification","valueRequired":true,"valueName":"search_term_string"}}],"inLanguage":"es"},{"@type":"Person","@id":"https:\/\/www.copealcoy.es\/es\/#\/schema\/person\/e777c87fa024e57d40170af9df39882c","name":"Cope Alcoy","image":{"@type":"ImageObject","inLanguage":"es","@id":"https:\/\/secure.gravatar.com\/avatar\/bb65d0283347e303893ba14f0692005417c1e0e690a325a4c5d8bb2b3943ee14?s=96&d=mm&r=g","url":"https:\/\/secure.gravatar.com\/avatar\/bb65d0283347e303893ba14f0692005417c1e0e690a325a4c5d8bb2b3943ee14?s=96&d=mm&r=g","contentUrl":"https:\/\/secure.gravatar.com\/avatar\/bb65d0283347e303893ba14f0692005417c1e0e690a325a4c5d8bb2b3943ee14?s=96&d=mm&r=g","caption":"Cope Alcoy"}}]}},"_links":{"self":[{"href":"https:\/\/www.copealcoy.es\/es\/wp-json\/wp\/v2\/posts\/47599","targetHints":{"allow":["GET"]}}],"collection":[{"href":"https:\/\/www.copealcoy.es\/es\/wp-json\/wp\/v2\/posts"}],"about":[{"href":"https:\/\/www.copealcoy.es\/es\/wp-json\/wp\/v2\/types\/post"}],"author":[{"embeddable":true,"href":"https:\/\/www.copealcoy.es\/es\/wp-json\/wp\/v2\/users\/1"}],"replies":[{"embeddable":true,"href":"https:\/\/www.copealcoy.es\/es\/wp-json\/wp\/v2\/comments?post=47599"}],"version-history":[{"count":0,"href":"https:\/\/www.copealcoy.es\/es\/wp-json\/wp\/v2\/posts\/47599\/revisions"}],"wp:attachment":[{"href":"https:\/\/www.copealcoy.es\/es\/wp-json\/wp\/v2\/media?parent=47599"}],"wp:term":[{"taxonomy":"category","embeddable":true,"href":"https:\/\/www.copealcoy.es\/es\/wp-json\/wp\/v2\/categories?post=47599"},{"taxonomy":"post_tag","embeddable":true,"href":"https:\/\/www.copealcoy.es\/es\/wp-json\/wp\/v2\/tags?post=47599"}],"curies":[{"name":"wp","href":"https:\/\/api.w.org\/{rel}","templated":true}]}}