{"id":47362,"date":"2018-11-20T23:07:25","date_gmt":"2018-11-20T23:07:25","guid":{"rendered":"https:\/\/copealcoi.es\/?p=47362"},"modified":"2018-11-20T23:07:25","modified_gmt":"2018-11-20T23:07:25","slug":"el-consell-aportara-35-millones-de-euros-al-cdt-de-alcoy","status":"publish","type":"post","link":"https:\/\/www.copealcoy.es\/es\/el-consell-aportara-35-millones-de-euros-al-cdt-de-alcoy\/","title":{"rendered":"El Consell aportar\u00e1 3&#8217;5 millones de euros al CDT de Alcoy"},"content":{"rendered":"<p class=\"Default\" style=\"text-align: justify;\">La <strong>Generalitat Valenciana<\/strong> ha anunciado <strong>una inversi\u00f3n de 3,5 millones de euros<\/strong> para la creaci\u00f3n del <strong>Centro de Turismo (CDT) de Interior<\/strong> de Alcoy. El presupuesto para ubicar esta infraestructura en la antigua\u00a0<strong>Manzana de Rodes<\/strong><strong>\u00a0<\/strong>estar\u00e1 dividido en <strong>tres anualidades <\/strong>a\u00a0contar a partir del pr\u00f3ximo a\u00f1o.\u00a0De esta forma <strong>100.000 euros<\/strong> ir\u00e1n en los presupuestos de la Generalitat del pr\u00f3ximo a\u00f1o, <strong>2 millones en 2020<\/strong> y<strong> 1,4 millones para 2021<\/strong>.<\/p>\n<p class=\"Default\" style=\"text-align: justify;\">Recordar que el CDT de Interior prestar\u00e1 servicio tambi\u00e9n al <strong>conjunto de la comarca<\/strong>. Adem\u00e1s \u00a0<strong>ser\u00e1 el primero de la provincia<\/strong><b>\u00a0<\/b>que no est\u00e9 en la costa. En en el mismo\u00a0<strong>se formar\u00e1 a los profesionales tur\u00edsticos en diferentes \u00e1mbitos<\/strong><b>\u00a0<\/b>y dentro de este\u00a0<strong>estar\u00e1 integrada el Aula CDT<\/strong><b>\u00a0<\/b>que empez\u00f3 a funcionar hace unos meses en la planta superior de la Oficina de Turismo de Alcoy.<\/p>\n<p style=\"text-align: justify;\">El alcalde, <strong>Antonio Franc\u00e9s<\/strong>, explica que Alcoy tendr\u00e1 <strong>un CDT de interior propio<\/strong> &#8220;<em>gracias al gobierno valenciano de Ximo Puig que reconoce la importancia de nuestra ciudad como capital del interior valenciano en muchos aspectos, entre otros, la innovaci\u00f3n, la econom\u00eda, la cultura y el turismo. Es evidente que la pol\u00edtica sirve para cambiar las cosas, el CDT es un ejemplo, como lo ha sido tambi\u00e9n el IVAM CADA ALCOI que ha pasado de ser un proyecto frustrado y frustrante en manos del Partido Popular a un referente cultural. En los \u00faltimos a\u00f1os, la Generalitat ha invertido en Alcoi m\u00e1s de 20 millones de euros a trav\u00e9s de diferentes programas como, por ejemplo, el ARRU, el plan de pol\u00edgonos, el Ivam Cada Alcoi, el Molinar y la v\u00eda \u00abciclopeatonal\u00bb, el CDT de interior, Avalamos j\u00f3venes, o la mejora de centros educativos con el proyecto \u00abEdificant\u00bb entre otros<\/em>&#8220;, concluye.<\/p>\n<p style=\"text-align: justify;\">El CDT, seg\u00fan explican desde el Ayuntamiento de Alcoy,<strong> no ser\u00e1\u00a0s\u00f3lo formativo<\/strong> sino que se convertir\u00e1 tambi\u00e9n en <strong>un centro especializado<\/strong> en creaci\u00f3n de empresas tur\u00edsticas.<\/p>\n","protected":false},"excerpt":{"rendered":"<p>La Generalitat Valenciana ha anunciado una inversi\u00f3n de 3,5 millones de euros para la creaci\u00f3n del Centro de Turismo (CDT)&#8230;<\/p>\n","protected":false},"author":1,"featured_media":23650,"comment_status":"open","ping_status":"open","sticky":false,"template":"","format":"standard","meta":{"footnotes":""},"categories":[97,75,79],"tags":[7988,1494,3359,479],"class_list":["post-47362","post","type-post","status-publish","format-standard","has-post-thumbnail","hentry","category-alcoy","category-noticias","category-politicayeconomia","tag-35-millones","tag-alcoy","tag-cdt","tag-consell"],"yoast_head":"<!-- This site is optimized with the Yoast SEO plugin v27.3 - https:\/\/yoast.com\/product\/yoast-seo-wordpress\/ -->\n<title>El Consell aportar\u00e1 3&#039;5 millones de euros al CDT de Alcoy - COPE Alcoy<\/title>\n<meta name=\"robots\" content=\"index, follow, max-snippet:-1, max-image-preview:large, max-video-preview:-1\" \/>\n<link rel=\"canonical\" href=\"https:\/\/www.copealcoy.es\/es\/el-consell-aportara-35-millones-de-euros-al-cdt-de-alcoy\/\" \/>\n<meta property=\"og:locale\" content=\"es_ES\" \/>\n<meta property=\"og:type\" content=\"article\" \/>\n<meta property=\"og:title\" content=\"El Consell aportar\u00e1 3&#039;5 millones de euros al CDT de Alcoy - COPE Alcoy\" \/>\n<meta property=\"og:description\" content=\"La Generalitat Valenciana ha anunciado una inversi\u00f3n de 3,5 millones de euros para la creaci\u00f3n del Centro de Turismo (CDT)...\" \/>\n<meta property=\"og:url\" content=\"https:\/\/www.copealcoy.es\/es\/el-consell-aportara-35-millones-de-euros-al-cdt-de-alcoy\/\" \/>\n<meta property=\"og:site_name\" content=\"COPE Alcoy\" \/>\n<meta property=\"article:published_time\" content=\"2018-11-20T23:07:25+00:00\" \/>\n<meta property=\"og:image\" content=\"https:\/\/www.copealcoy.es\/wp-content\/uploads\/2016\/07\/13689763_10209824711795161_297612937_n.jpg\" \/>\n\t<meta property=\"og:image:width\" content=\"960\" \/>\n\t<meta property=\"og:image:height\" content=\"719\" \/>\n\t<meta property=\"og:image:type\" content=\"image\/jpeg\" \/>\n<meta name=\"author\" content=\"Cope Alcoy\" \/>\n<meta name=\"twitter:label1\" content=\"Escrito por\" \/>\n\t<meta name=\"twitter:data1\" content=\"Cope Alcoy\" \/>\n\t<meta name=\"twitter:label2\" content=\"Tiempo de lectura\" \/>\n\t<meta name=\"twitter:data2\" content=\"2 minutos\" \/>\n<script type=\"application\/ld+json\" class=\"yoast-schema-graph\">{\"@context\":\"https:\\\/\\\/schema.org\",\"@graph\":[{\"@type\":\"Article\",\"@id\":\"https:\\\/\\\/www.copealcoy.es\\\/es\\\/el-consell-aportara-35-millones-de-euros-al-cdt-de-alcoy\\\/#article\",\"isPartOf\":{\"@id\":\"https:\\\/\\\/www.copealcoy.es\\\/es\\\/el-consell-aportara-35-millones-de-euros-al-cdt-de-alcoy\\\/\"},\"author\":{\"name\":\"Cope Alcoy\",\"@id\":\"https:\\\/\\\/www.copealcoy.es\\\/es\\\/#\\\/schema\\\/person\\\/e777c87fa024e57d40170af9df39882c\"},\"headline\":\"El Consell aportar\u00e1 3&#8217;5 millones de euros al CDT de Alcoy\",\"datePublished\":\"2018-11-20T23:07:25+00:00\",\"mainEntityOfPage\":{\"@id\":\"https:\\\/\\\/www.copealcoy.es\\\/es\\\/el-consell-aportara-35-millones-de-euros-al-cdt-de-alcoy\\\/\"},\"wordCount\":343,\"commentCount\":0,\"image\":{\"@id\":\"https:\\\/\\\/www.copealcoy.es\\\/es\\\/el-consell-aportara-35-millones-de-euros-al-cdt-de-alcoy\\\/#primaryimage\"},\"thumbnailUrl\":\"https:\\\/\\\/www.copealcoy.es\\\/wp-content\\\/uploads\\\/2016\\\/07\\\/13689763_10209824711795161_297612937_n.jpg\",\"keywords\":[\"3'5 millones\",\"Alcoy\",\"CDT\",\"Consell\"],\"articleSection\":[\"Alcoy\",\"Noticias\",\"Pol\u00edtica y Econom\u00eda\"],\"inLanguage\":\"es\"},{\"@type\":\"WebPage\",\"@id\":\"https:\\\/\\\/www.copealcoy.es\\\/es\\\/el-consell-aportara-35-millones-de-euros-al-cdt-de-alcoy\\\/\",\"url\":\"https:\\\/\\\/www.copealcoy.es\\\/es\\\/el-consell-aportara-35-millones-de-euros-al-cdt-de-alcoy\\\/\",\"name\":\"El Consell aportar\u00e1 3'5 millones de euros al CDT de Alcoy - COPE Alcoy\",\"isPartOf\":{\"@id\":\"https:\\\/\\\/www.copealcoy.es\\\/es\\\/#website\"},\"primaryImageOfPage\":{\"@id\":\"https:\\\/\\\/www.copealcoy.es\\\/es\\\/el-consell-aportara-35-millones-de-euros-al-cdt-de-alcoy\\\/#primaryimage\"},\"image\":{\"@id\":\"https:\\\/\\\/www.copealcoy.es\\\/es\\\/el-consell-aportara-35-millones-de-euros-al-cdt-de-alcoy\\\/#primaryimage\"},\"thumbnailUrl\":\"https:\\\/\\\/www.copealcoy.es\\\/wp-content\\\/uploads\\\/2016\\\/07\\\/13689763_10209824711795161_297612937_n.jpg\",\"datePublished\":\"2018-11-20T23:07:25+00:00\",\"author\":{\"@id\":\"https:\\\/\\\/www.copealcoy.es\\\/es\\\/#\\\/schema\\\/person\\\/e777c87fa024e57d40170af9df39882c\"},\"breadcrumb\":{\"@id\":\"https:\\\/\\\/www.copealcoy.es\\\/es\\\/el-consell-aportara-35-millones-de-euros-al-cdt-de-alcoy\\\/#breadcrumb\"},\"inLanguage\":\"es\",\"potentialAction\":[{\"@type\":\"ReadAction\",\"target\":[\"https:\\\/\\\/www.copealcoy.es\\\/es\\\/el-consell-aportara-35-millones-de-euros-al-cdt-de-alcoy\\\/\"]}]},{\"@type\":\"ImageObject\",\"inLanguage\":\"es\",\"@id\":\"https:\\\/\\\/www.copealcoy.es\\\/es\\\/el-consell-aportara-35-millones-de-euros-al-cdt-de-alcoy\\\/#primaryimage\",\"url\":\"https:\\\/\\\/www.copealcoy.es\\\/wp-content\\\/uploads\\\/2016\\\/07\\\/13689763_10209824711795161_297612937_n.jpg\",\"contentUrl\":\"https:\\\/\\\/www.copealcoy.es\\\/wp-content\\\/uploads\\\/2016\\\/07\\\/13689763_10209824711795161_297612937_n.jpg\",\"width\":960,\"height\":719,\"caption\":\"Maqueta del Proyecto para reconvertir Rodes en espacio tecnol\u00f3gico y cultural\"},{\"@type\":\"BreadcrumbList\",\"@id\":\"https:\\\/\\\/www.copealcoy.es\\\/es\\\/el-consell-aportara-35-millones-de-euros-al-cdt-de-alcoy\\\/#breadcrumb\",\"itemListElement\":[{\"@type\":\"ListItem\",\"position\":1,\"name\":\"Portada\",\"item\":\"https:\\\/\\\/www.copealcoy.es\\\/es\\\/\"},{\"@type\":\"ListItem\",\"position\":2,\"name\":\"El Consell aportar\u00e1 3&#8217;5 millones de euros al CDT de Alcoy\"}]},{\"@type\":\"WebSite\",\"@id\":\"https:\\\/\\\/www.copealcoy.es\\\/es\\\/#website\",\"url\":\"https:\\\/\\\/www.copealcoy.es\\\/es\\\/\",\"name\":\"COPE Alcoy\",\"description\":\"Emisora COPE de radio local con emisi\u00f3n online. Pont de Sant Jordi 8-10 03803 Alcoy\",\"potentialAction\":[{\"@type\":\"SearchAction\",\"target\":{\"@type\":\"EntryPoint\",\"urlTemplate\":\"https:\\\/\\\/www.copealcoy.es\\\/es\\\/?s={search_term_string}\"},\"query-input\":{\"@type\":\"PropertyValueSpecification\",\"valueRequired\":true,\"valueName\":\"search_term_string\"}}],\"inLanguage\":\"es\"},{\"@type\":\"Person\",\"@id\":\"https:\\\/\\\/www.copealcoy.es\\\/es\\\/#\\\/schema\\\/person\\\/e777c87fa024e57d40170af9df39882c\",\"name\":\"Cope Alcoy\",\"image\":{\"@type\":\"ImageObject\",\"inLanguage\":\"es\",\"@id\":\"https:\\\/\\\/secure.gravatar.com\\\/avatar\\\/bb65d0283347e303893ba14f0692005417c1e0e690a325a4c5d8bb2b3943ee14?s=96&d=mm&r=g\",\"url\":\"https:\\\/\\\/secure.gravatar.com\\\/avatar\\\/bb65d0283347e303893ba14f0692005417c1e0e690a325a4c5d8bb2b3943ee14?s=96&d=mm&r=g\",\"contentUrl\":\"https:\\\/\\\/secure.gravatar.com\\\/avatar\\\/bb65d0283347e303893ba14f0692005417c1e0e690a325a4c5d8bb2b3943ee14?s=96&d=mm&r=g\",\"caption\":\"Cope Alcoy\"}}]}<\/script>\n<!-- \/ Yoast SEO plugin. -->","yoast_head_json":{"title":"El Consell aportar\u00e1 3'5 millones de euros al CDT de Alcoy - COPE Alcoy","robots":{"index":"index","follow":"follow","max-snippet":"max-snippet:-1","max-image-preview":"max-image-preview:large","max-video-preview":"max-video-preview:-1"},"canonical":"https:\/\/www.copealcoy.es\/es\/el-consell-aportara-35-millones-de-euros-al-cdt-de-alcoy\/","og_locale":"es_ES","og_type":"article","og_title":"El Consell aportar\u00e1 3'5 millones de euros al CDT de Alcoy - COPE Alcoy","og_description":"La Generalitat Valenciana ha anunciado una inversi\u00f3n de 3,5 millones de euros para la creaci\u00f3n del Centro de Turismo (CDT)...","og_url":"https:\/\/www.copealcoy.es\/es\/el-consell-aportara-35-millones-de-euros-al-cdt-de-alcoy\/","og_site_name":"COPE Alcoy","article_published_time":"2018-11-20T23:07:25+00:00","og_image":[{"width":960,"height":719,"url":"https:\/\/www.copealcoy.es\/wp-content\/uploads\/2016\/07\/13689763_10209824711795161_297612937_n.jpg","type":"image\/jpeg"}],"author":"Cope Alcoy","twitter_misc":{"Escrito por":"Cope Alcoy","Tiempo de lectura":"2 minutos"},"schema":{"@context":"https:\/\/schema.org","@graph":[{"@type":"Article","@id":"https:\/\/www.copealcoy.es\/es\/el-consell-aportara-35-millones-de-euros-al-cdt-de-alcoy\/#article","isPartOf":{"@id":"https:\/\/www.copealcoy.es\/es\/el-consell-aportara-35-millones-de-euros-al-cdt-de-alcoy\/"},"author":{"name":"Cope Alcoy","@id":"https:\/\/www.copealcoy.es\/es\/#\/schema\/person\/e777c87fa024e57d40170af9df39882c"},"headline":"El Consell aportar\u00e1 3&#8217;5 millones de euros al CDT de Alcoy","datePublished":"2018-11-20T23:07:25+00:00","mainEntityOfPage":{"@id":"https:\/\/www.copealcoy.es\/es\/el-consell-aportara-35-millones-de-euros-al-cdt-de-alcoy\/"},"wordCount":343,"commentCount":0,"image":{"@id":"https:\/\/www.copealcoy.es\/es\/el-consell-aportara-35-millones-de-euros-al-cdt-de-alcoy\/#primaryimage"},"thumbnailUrl":"https:\/\/www.copealcoy.es\/wp-content\/uploads\/2016\/07\/13689763_10209824711795161_297612937_n.jpg","keywords":["3'5 millones","Alcoy","CDT","Consell"],"articleSection":["Alcoy","Noticias","Pol\u00edtica y Econom\u00eda"],"inLanguage":"es"},{"@type":"WebPage","@id":"https:\/\/www.copealcoy.es\/es\/el-consell-aportara-35-millones-de-euros-al-cdt-de-alcoy\/","url":"https:\/\/www.copealcoy.es\/es\/el-consell-aportara-35-millones-de-euros-al-cdt-de-alcoy\/","name":"El Consell aportar\u00e1 3'5 millones de euros al CDT de Alcoy - COPE Alcoy","isPartOf":{"@id":"https:\/\/www.copealcoy.es\/es\/#website"},"primaryImageOfPage":{"@id":"https:\/\/www.copealcoy.es\/es\/el-consell-aportara-35-millones-de-euros-al-cdt-de-alcoy\/#primaryimage"},"image":{"@id":"https:\/\/www.copealcoy.es\/es\/el-consell-aportara-35-millones-de-euros-al-cdt-de-alcoy\/#primaryimage"},"thumbnailUrl":"https:\/\/www.copealcoy.es\/wp-content\/uploads\/2016\/07\/13689763_10209824711795161_297612937_n.jpg","datePublished":"2018-11-20T23:07:25+00:00","author":{"@id":"https:\/\/www.copealcoy.es\/es\/#\/schema\/person\/e777c87fa024e57d40170af9df39882c"},"breadcrumb":{"@id":"https:\/\/www.copealcoy.es\/es\/el-consell-aportara-35-millones-de-euros-al-cdt-de-alcoy\/#breadcrumb"},"inLanguage":"es","potentialAction":[{"@type":"ReadAction","target":["https:\/\/www.copealcoy.es\/es\/el-consell-aportara-35-millones-de-euros-al-cdt-de-alcoy\/"]}]},{"@type":"ImageObject","inLanguage":"es","@id":"https:\/\/www.copealcoy.es\/es\/el-consell-aportara-35-millones-de-euros-al-cdt-de-alcoy\/#primaryimage","url":"https:\/\/www.copealcoy.es\/wp-content\/uploads\/2016\/07\/13689763_10209824711795161_297612937_n.jpg","contentUrl":"https:\/\/www.copealcoy.es\/wp-content\/uploads\/2016\/07\/13689763_10209824711795161_297612937_n.jpg","width":960,"height":719,"caption":"Maqueta del Proyecto para reconvertir Rodes en espacio tecnol\u00f3gico y cultural"},{"@type":"BreadcrumbList","@id":"https:\/\/www.copealcoy.es\/es\/el-consell-aportara-35-millones-de-euros-al-cdt-de-alcoy\/#breadcrumb","itemListElement":[{"@type":"ListItem","position":1,"name":"Portada","item":"https:\/\/www.copealcoy.es\/es\/"},{"@type":"ListItem","position":2,"name":"El Consell aportar\u00e1 3&#8217;5 millones de euros al CDT de Alcoy"}]},{"@type":"WebSite","@id":"https:\/\/www.copealcoy.es\/es\/#website","url":"https:\/\/www.copealcoy.es\/es\/","name":"COPE Alcoy","description":"Emisora COPE de radio local con emisi\u00f3n online. Pont de Sant Jordi 8-10 03803 Alcoy","potentialAction":[{"@type":"SearchAction","target":{"@type":"EntryPoint","urlTemplate":"https:\/\/www.copealcoy.es\/es\/?s={search_term_string}"},"query-input":{"@type":"PropertyValueSpecification","valueRequired":true,"valueName":"search_term_string"}}],"inLanguage":"es"},{"@type":"Person","@id":"https:\/\/www.copealcoy.es\/es\/#\/schema\/person\/e777c87fa024e57d40170af9df39882c","name":"Cope Alcoy","image":{"@type":"ImageObject","inLanguage":"es","@id":"https:\/\/secure.gravatar.com\/avatar\/bb65d0283347e303893ba14f0692005417c1e0e690a325a4c5d8bb2b3943ee14?s=96&d=mm&r=g","url":"https:\/\/secure.gravatar.com\/avatar\/bb65d0283347e303893ba14f0692005417c1e0e690a325a4c5d8bb2b3943ee14?s=96&d=mm&r=g","contentUrl":"https:\/\/secure.gravatar.com\/avatar\/bb65d0283347e303893ba14f0692005417c1e0e690a325a4c5d8bb2b3943ee14?s=96&d=mm&r=g","caption":"Cope Alcoy"}}]}},"_links":{"self":[{"href":"https:\/\/www.copealcoy.es\/es\/wp-json\/wp\/v2\/posts\/47362","targetHints":{"allow":["GET"]}}],"collection":[{"href":"https:\/\/www.copealcoy.es\/es\/wp-json\/wp\/v2\/posts"}],"about":[{"href":"https:\/\/www.copealcoy.es\/es\/wp-json\/wp\/v2\/types\/post"}],"author":[{"embeddable":true,"href":"https:\/\/www.copealcoy.es\/es\/wp-json\/wp\/v2\/users\/1"}],"replies":[{"embeddable":true,"href":"https:\/\/www.copealcoy.es\/es\/wp-json\/wp\/v2\/comments?post=47362"}],"version-history":[{"count":0,"href":"https:\/\/www.copealcoy.es\/es\/wp-json\/wp\/v2\/posts\/47362\/revisions"}],"wp:featuredmedia":[{"embeddable":true,"href":"https:\/\/www.copealcoy.es\/es\/wp-json\/wp\/v2\/media\/23650"}],"wp:attachment":[{"href":"https:\/\/www.copealcoy.es\/es\/wp-json\/wp\/v2\/media?parent=47362"}],"wp:term":[{"taxonomy":"category","embeddable":true,"href":"https:\/\/www.copealcoy.es\/es\/wp-json\/wp\/v2\/categories?post=47362"},{"taxonomy":"post_tag","embeddable":true,"href":"https:\/\/www.copealcoy.es\/es\/wp-json\/wp\/v2\/tags?post=47362"}],"curies":[{"name":"wp","href":"https:\/\/api.w.org\/{rel}","templated":true}]}}