{"id":47339,"date":"2018-11-19T21:58:54","date_gmt":"2018-11-19T21:58:54","guid":{"rendered":"https:\/\/copealcoi.es\/?p=47339"},"modified":"2018-11-19T21:58:54","modified_gmt":"2018-11-19T21:58:54","slug":"las-obras-de-entenza-entran-en-su-recta-final","status":"publish","type":"post","link":"https:\/\/www.copealcoy.es\/es\/las-obras-de-entenza-entran-en-su-recta-final\/","title":{"rendered":"Las obras de Entenza entran en su recta final"},"content":{"rendered":"<p style=\"text-align: justify;\">Las <strong>obras de reforma de la calle Entenza<\/strong> han entrado en su <strong>recta final<\/strong> y durante esta semana est\u00e1 previsto el asfaltado\u00a0de <strong>la segunda fase<\/strong>, es decir el tramo que va desde G\u00f3ngora hasta Isabel la Cat\u00f3lica. Por este motivo <strong>se cerrar\u00e1 al tr\u00e1fico<\/strong> el vial desde G\u00f3ngora hasta Isaac Peral para llevar adelante la tercera fase. Tambi\u00e9n se asfaltar\u00e1 en estos d\u00edas <strong>el cruce de Entenza con Espronceda<\/strong>. Hay que resaltar que por la noche, <strong>el cruce de G\u00f3ngora<\/strong> volver\u00e1 a estar abierto al tr\u00e1fico, facilitando de este modo el acceso al centro hist\u00f3rico de la ciudad. Una vez finalice este proceso <strong>se proceder\u00e1 a pintar la calzada<\/strong> y a <strong>instalar el mobiliario<\/strong> as\u00ed como <strong>se plantar\u00e1 el arbolado<\/strong> y <strong>se montar\u00e1n las farolas<\/strong>. Est\u00e1 previsto que\u00a0la segunda fase <strong>est\u00e9 disponible a la circulaci\u00f3n<\/strong> de veh\u00edculos el viernes 24.<\/p>\n<p style=\"text-align: justify;\">El concejal de Territorio y Ciudad Inteligente, <strong>Manolo Gomicia<\/strong>, recuerda que esta es &#8220;<em>una de las obras fundamentales de la ciudad. Sabemos que todas las obras son molestas pero estamos trabajando intensamente para avanzar todo lo posible los plazos previstos en un principio, abriendo al tr\u00e1fico de veh\u00edculos; aunque hay que entender que las obras no est\u00e1n acabadas<\/em>&#8220;, asegura. Adem\u00e1s afirma que el proyecto, pendiente desde hace m\u00e1s de cuarenta a\u00f1os, <strong>estuvo licitado por dos millones de euros<\/strong> &#8220;<em>y el objetivo es convertir una de las calles principales que traviesa la ciudad en un vial inteligente que apuesta por la sostenibilidad<\/em>&#8220;, concluye.<\/p>\n<p style=\"text-align: justify;\">Apuntar que los trabajos de asfaltado <strong>estaba previsto que comenzasen ho<\/strong>y pero <strong>se han retrasado<\/strong> debido a las lluvias.<\/p>\n","protected":false},"excerpt":{"rendered":"<p>Las obras de reforma de la calle Entenza han entrado en su recta final y durante esta semana est\u00e1 previsto&#8230;<\/p>\n","protected":false},"author":1,"featured_media":0,"comment_status":"open","ping_status":"open","sticky":false,"template":"","format":"standard","meta":{"footnotes":""},"categories":[97,75,125],"tags":[524,145,5445],"class_list":["post-47339","post","type-post","status-publish","format-standard","hentry","category-alcoy","category-noticias","category-portada","tag-entenza","tag-obras","tag-recta-final"],"yoast_head":"<!-- This site is optimized with the Yoast SEO plugin v27.3 - https:\/\/yoast.com\/product\/yoast-seo-wordpress\/ -->\n<title>Las obras de Entenza entran en su recta final - COPE Alcoy<\/title>\n<meta name=\"robots\" content=\"index, follow, max-snippet:-1, max-image-preview:large, max-video-preview:-1\" \/>\n<link rel=\"canonical\" href=\"https:\/\/www.copealcoy.es\/es\/las-obras-de-entenza-entran-en-su-recta-final\/\" \/>\n<meta property=\"og:locale\" content=\"es_ES\" \/>\n<meta property=\"og:type\" content=\"article\" \/>\n<meta property=\"og:title\" content=\"Las obras de Entenza entran en su recta final - COPE Alcoy\" \/>\n<meta property=\"og:description\" content=\"Las obras de reforma de la calle Entenza han entrado en su recta final y durante esta semana est\u00e1 previsto...\" \/>\n<meta property=\"og:url\" content=\"https:\/\/www.copealcoy.es\/es\/las-obras-de-entenza-entran-en-su-recta-final\/\" \/>\n<meta property=\"og:site_name\" content=\"COPE Alcoy\" \/>\n<meta property=\"article:published_time\" content=\"2018-11-19T21:58:54+00:00\" \/>\n<meta property=\"og:image\" content=\"https:\/\/www.copealcoy.es\/wp-content\/uploads\/2018\/11\/46316352_2807699715922861_2464797116023701504_n-e1542664710596-1.jpg\" \/>\n\t<meta property=\"og:image:width\" content=\"955\" \/>\n\t<meta property=\"og:image:height\" content=\"516\" \/>\n\t<meta property=\"og:image:type\" content=\"image\/jpeg\" \/>\n<meta name=\"author\" content=\"Cope Alcoy\" \/>\n<meta name=\"twitter:label1\" content=\"Escrito por\" \/>\n\t<meta name=\"twitter:data1\" content=\"Cope Alcoy\" \/>\n\t<meta name=\"twitter:label2\" content=\"Tiempo de lectura\" \/>\n\t<meta name=\"twitter:data2\" content=\"1 minuto\" \/>\n<script type=\"application\/ld+json\" class=\"yoast-schema-graph\">{\"@context\":\"https:\\\/\\\/schema.org\",\"@graph\":[{\"@type\":\"Article\",\"@id\":\"https:\\\/\\\/www.copealcoy.es\\\/es\\\/las-obras-de-entenza-entran-en-su-recta-final\\\/#article\",\"isPartOf\":{\"@id\":\"https:\\\/\\\/www.copealcoy.es\\\/es\\\/las-obras-de-entenza-entran-en-su-recta-final\\\/\"},\"author\":{\"name\":\"Cope Alcoy\",\"@id\":\"https:\\\/\\\/www.copealcoy.es\\\/es\\\/#\\\/schema\\\/person\\\/e777c87fa024e57d40170af9df39882c\"},\"headline\":\"Las obras de Entenza entran en su recta final\",\"datePublished\":\"2018-11-19T21:58:54+00:00\",\"mainEntityOfPage\":{\"@id\":\"https:\\\/\\\/www.copealcoy.es\\\/es\\\/las-obras-de-entenza-entran-en-su-recta-final\\\/\"},\"wordCount\":289,\"commentCount\":0,\"keywords\":[\"Entenza\",\"Obras\",\"recta final\"],\"articleSection\":[\"Alcoy\",\"Noticias\",\"Portada\"],\"inLanguage\":\"es\"},{\"@type\":\"WebPage\",\"@id\":\"https:\\\/\\\/www.copealcoy.es\\\/es\\\/las-obras-de-entenza-entran-en-su-recta-final\\\/\",\"url\":\"https:\\\/\\\/www.copealcoy.es\\\/es\\\/las-obras-de-entenza-entran-en-su-recta-final\\\/\",\"name\":\"Las obras de Entenza entran en su recta final - COPE Alcoy\",\"isPartOf\":{\"@id\":\"https:\\\/\\\/www.copealcoy.es\\\/es\\\/#website\"},\"datePublished\":\"2018-11-19T21:58:54+00:00\",\"author\":{\"@id\":\"https:\\\/\\\/www.copealcoy.es\\\/es\\\/#\\\/schema\\\/person\\\/e777c87fa024e57d40170af9df39882c\"},\"breadcrumb\":{\"@id\":\"https:\\\/\\\/www.copealcoy.es\\\/es\\\/las-obras-de-entenza-entran-en-su-recta-final\\\/#breadcrumb\"},\"inLanguage\":\"es\",\"potentialAction\":[{\"@type\":\"ReadAction\",\"target\":[\"https:\\\/\\\/www.copealcoy.es\\\/es\\\/las-obras-de-entenza-entran-en-su-recta-final\\\/\"]}]},{\"@type\":\"BreadcrumbList\",\"@id\":\"https:\\\/\\\/www.copealcoy.es\\\/es\\\/las-obras-de-entenza-entran-en-su-recta-final\\\/#breadcrumb\",\"itemListElement\":[{\"@type\":\"ListItem\",\"position\":1,\"name\":\"Portada\",\"item\":\"https:\\\/\\\/www.copealcoy.es\\\/es\\\/\"},{\"@type\":\"ListItem\",\"position\":2,\"name\":\"Las obras de Entenza entran en su recta final\"}]},{\"@type\":\"WebSite\",\"@id\":\"https:\\\/\\\/www.copealcoy.es\\\/es\\\/#website\",\"url\":\"https:\\\/\\\/www.copealcoy.es\\\/es\\\/\",\"name\":\"COPE Alcoy\",\"description\":\"Emisora COPE de radio local con emisi\u00f3n online. Pont de Sant Jordi 8-10 03803 Alcoy\",\"potentialAction\":[{\"@type\":\"SearchAction\",\"target\":{\"@type\":\"EntryPoint\",\"urlTemplate\":\"https:\\\/\\\/www.copealcoy.es\\\/es\\\/?s={search_term_string}\"},\"query-input\":{\"@type\":\"PropertyValueSpecification\",\"valueRequired\":true,\"valueName\":\"search_term_string\"}}],\"inLanguage\":\"es\"},{\"@type\":\"Person\",\"@id\":\"https:\\\/\\\/www.copealcoy.es\\\/es\\\/#\\\/schema\\\/person\\\/e777c87fa024e57d40170af9df39882c\",\"name\":\"Cope Alcoy\",\"image\":{\"@type\":\"ImageObject\",\"inLanguage\":\"es\",\"@id\":\"https:\\\/\\\/secure.gravatar.com\\\/avatar\\\/bb65d0283347e303893ba14f0692005417c1e0e690a325a4c5d8bb2b3943ee14?s=96&d=mm&r=g\",\"url\":\"https:\\\/\\\/secure.gravatar.com\\\/avatar\\\/bb65d0283347e303893ba14f0692005417c1e0e690a325a4c5d8bb2b3943ee14?s=96&d=mm&r=g\",\"contentUrl\":\"https:\\\/\\\/secure.gravatar.com\\\/avatar\\\/bb65d0283347e303893ba14f0692005417c1e0e690a325a4c5d8bb2b3943ee14?s=96&d=mm&r=g\",\"caption\":\"Cope Alcoy\"}}]}<\/script>\n<!-- \/ Yoast SEO plugin. -->","yoast_head_json":{"title":"Las obras de Entenza entran en su recta final - COPE Alcoy","robots":{"index":"index","follow":"follow","max-snippet":"max-snippet:-1","max-image-preview":"max-image-preview:large","max-video-preview":"max-video-preview:-1"},"canonical":"https:\/\/www.copealcoy.es\/es\/las-obras-de-entenza-entran-en-su-recta-final\/","og_locale":"es_ES","og_type":"article","og_title":"Las obras de Entenza entran en su recta final - COPE Alcoy","og_description":"Las obras de reforma de la calle Entenza han entrado en su recta final y durante esta semana est\u00e1 previsto...","og_url":"https:\/\/www.copealcoy.es\/es\/las-obras-de-entenza-entran-en-su-recta-final\/","og_site_name":"COPE Alcoy","article_published_time":"2018-11-19T21:58:54+00:00","og_image":[{"width":955,"height":516,"url":"https:\/\/www.copealcoy.es\/wp-content\/uploads\/2018\/11\/46316352_2807699715922861_2464797116023701504_n-e1542664710596-1.jpg","type":"image\/jpeg"}],"author":"Cope Alcoy","twitter_misc":{"Escrito por":"Cope Alcoy","Tiempo de lectura":"1 minuto"},"schema":{"@context":"https:\/\/schema.org","@graph":[{"@type":"Article","@id":"https:\/\/www.copealcoy.es\/es\/las-obras-de-entenza-entran-en-su-recta-final\/#article","isPartOf":{"@id":"https:\/\/www.copealcoy.es\/es\/las-obras-de-entenza-entran-en-su-recta-final\/"},"author":{"name":"Cope Alcoy","@id":"https:\/\/www.copealcoy.es\/es\/#\/schema\/person\/e777c87fa024e57d40170af9df39882c"},"headline":"Las obras de Entenza entran en su recta final","datePublished":"2018-11-19T21:58:54+00:00","mainEntityOfPage":{"@id":"https:\/\/www.copealcoy.es\/es\/las-obras-de-entenza-entran-en-su-recta-final\/"},"wordCount":289,"commentCount":0,"keywords":["Entenza","Obras","recta final"],"articleSection":["Alcoy","Noticias","Portada"],"inLanguage":"es"},{"@type":"WebPage","@id":"https:\/\/www.copealcoy.es\/es\/las-obras-de-entenza-entran-en-su-recta-final\/","url":"https:\/\/www.copealcoy.es\/es\/las-obras-de-entenza-entran-en-su-recta-final\/","name":"Las obras de Entenza entran en su recta final - COPE Alcoy","isPartOf":{"@id":"https:\/\/www.copealcoy.es\/es\/#website"},"datePublished":"2018-11-19T21:58:54+00:00","author":{"@id":"https:\/\/www.copealcoy.es\/es\/#\/schema\/person\/e777c87fa024e57d40170af9df39882c"},"breadcrumb":{"@id":"https:\/\/www.copealcoy.es\/es\/las-obras-de-entenza-entran-en-su-recta-final\/#breadcrumb"},"inLanguage":"es","potentialAction":[{"@type":"ReadAction","target":["https:\/\/www.copealcoy.es\/es\/las-obras-de-entenza-entran-en-su-recta-final\/"]}]},{"@type":"BreadcrumbList","@id":"https:\/\/www.copealcoy.es\/es\/las-obras-de-entenza-entran-en-su-recta-final\/#breadcrumb","itemListElement":[{"@type":"ListItem","position":1,"name":"Portada","item":"https:\/\/www.copealcoy.es\/es\/"},{"@type":"ListItem","position":2,"name":"Las obras de Entenza entran en su recta final"}]},{"@type":"WebSite","@id":"https:\/\/www.copealcoy.es\/es\/#website","url":"https:\/\/www.copealcoy.es\/es\/","name":"COPE Alcoy","description":"Emisora COPE de radio local con emisi\u00f3n online. Pont de Sant Jordi 8-10 03803 Alcoy","potentialAction":[{"@type":"SearchAction","target":{"@type":"EntryPoint","urlTemplate":"https:\/\/www.copealcoy.es\/es\/?s={search_term_string}"},"query-input":{"@type":"PropertyValueSpecification","valueRequired":true,"valueName":"search_term_string"}}],"inLanguage":"es"},{"@type":"Person","@id":"https:\/\/www.copealcoy.es\/es\/#\/schema\/person\/e777c87fa024e57d40170af9df39882c","name":"Cope Alcoy","image":{"@type":"ImageObject","inLanguage":"es","@id":"https:\/\/secure.gravatar.com\/avatar\/bb65d0283347e303893ba14f0692005417c1e0e690a325a4c5d8bb2b3943ee14?s=96&d=mm&r=g","url":"https:\/\/secure.gravatar.com\/avatar\/bb65d0283347e303893ba14f0692005417c1e0e690a325a4c5d8bb2b3943ee14?s=96&d=mm&r=g","contentUrl":"https:\/\/secure.gravatar.com\/avatar\/bb65d0283347e303893ba14f0692005417c1e0e690a325a4c5d8bb2b3943ee14?s=96&d=mm&r=g","caption":"Cope Alcoy"}}]}},"_links":{"self":[{"href":"https:\/\/www.copealcoy.es\/es\/wp-json\/wp\/v2\/posts\/47339","targetHints":{"allow":["GET"]}}],"collection":[{"href":"https:\/\/www.copealcoy.es\/es\/wp-json\/wp\/v2\/posts"}],"about":[{"href":"https:\/\/www.copealcoy.es\/es\/wp-json\/wp\/v2\/types\/post"}],"author":[{"embeddable":true,"href":"https:\/\/www.copealcoy.es\/es\/wp-json\/wp\/v2\/users\/1"}],"replies":[{"embeddable":true,"href":"https:\/\/www.copealcoy.es\/es\/wp-json\/wp\/v2\/comments?post=47339"}],"version-history":[{"count":0,"href":"https:\/\/www.copealcoy.es\/es\/wp-json\/wp\/v2\/posts\/47339\/revisions"}],"wp:attachment":[{"href":"https:\/\/www.copealcoy.es\/es\/wp-json\/wp\/v2\/media?parent=47339"}],"wp:term":[{"taxonomy":"category","embeddable":true,"href":"https:\/\/www.copealcoy.es\/es\/wp-json\/wp\/v2\/categories?post=47339"},{"taxonomy":"post_tag","embeddable":true,"href":"https:\/\/www.copealcoy.es\/es\/wp-json\/wp\/v2\/tags?post=47339"}],"curies":[{"name":"wp","href":"https:\/\/api.w.org\/{rel}","templated":true}]}}