{"id":47233,"date":"2018-11-16T21:22:52","date_gmt":"2018-11-16T21:22:52","guid":{"rendered":"https:\/\/copealcoi.es\/?p=47233"},"modified":"2018-11-16T21:22:52","modified_gmt":"2018-11-16T21:22:52","slug":"siete-ninos-optan-a-los-cargos-de-sargento-infantil-moro-y-cristiano","status":"publish","type":"post","link":"https:\/\/www.copealcoy.es\/es\/siete-ninos-optan-a-los-cargos-de-sargento-infantil-moro-y-cristiano\/","title":{"rendered":"Siete ni\u00f1os optan a los cargos de Sargento Infantil Moro y Cristiano"},"content":{"rendered":"<p style=\"text-align: justify;\">Un total de <strong>siete candidatos<\/strong> han sido presentados en <strong>la Asociaci\u00f3n de San Jorge<\/strong> para optar a los cargos de <strong>Sargento Infantil Moro y Cristiano<\/strong> de las Fiestas de Alcoy. Los peque\u00f1os que aspiran a representar estos personajes de la fiesta son\u00a0<strong>Pablo Pastor Cant\u00f3<\/strong> de los Moz\u00e1rabes; <strong>Cesc Zapata Sempere<\/strong> de los Navarros; <strong>Miguel Mir\u00f3n Albero<\/strong> de los Cruzados; <strong>\u00c1lvaro Mora Tormo<\/strong> de los Marrakesch; <strong>Leandro Vargas Garc\u00eda<\/strong> de los Realistas; <strong>Arnau L\u00f3pez Llorens<\/strong> de los Ligeros; y <strong>Yago Monta\u00f1\u00e9s Amorrortu<\/strong> de los Jud\u00edos.<\/p>\n<div id=\"sc-ava-26391543\" style=\"text-align: justify;\">Apuntar que el concurso se llevar\u00e1 a cabo este s\u00e1bado, a partir de las las cinco de la tarde, en los locales de la <strong>Fil\u00e0 Guzmanes<\/strong>.<\/div>\n","protected":false},"excerpt":{"rendered":"<p>Un total de siete candidatos han sido presentados en la Asociaci\u00f3n de San Jorge para optar a los cargos de&#8230;<\/p>\n","protected":false},"author":1,"featured_media":40959,"comment_status":"open","ping_status":"open","sticky":false,"template":"","format":"standard","meta":{"footnotes":""},"categories":[97,78,75],"tags":[1156,3562,226,1083,224,7976],"class_list":["post-47233","post","type-post","status-publish","format-standard","has-post-thumbnail","hentry","category-alcoy","category-fiestaycultura","category-noticias","tag-cargos","tag-cristiano","tag-moro","tag-optan","tag-sargento","tag-siete-ninos"],"yoast_head":"<!-- This site is optimized with the Yoast SEO plugin v27.3 - https:\/\/yoast.com\/product\/yoast-seo-wordpress\/ -->\n<title>Siete ni\u00f1os optan a los cargos de Sargento Infantil Moro y Cristiano - COPE Alcoy<\/title>\n<meta name=\"robots\" content=\"index, follow, max-snippet:-1, max-image-preview:large, max-video-preview:-1\" \/>\n<link rel=\"canonical\" href=\"https:\/\/www.copealcoy.es\/es\/siete-ninos-optan-a-los-cargos-de-sargento-infantil-moro-y-cristiano\/\" \/>\n<meta property=\"og:locale\" content=\"es_ES\" \/>\n<meta property=\"og:type\" content=\"article\" \/>\n<meta property=\"og:title\" content=\"Siete ni\u00f1os optan a los cargos de Sargento Infantil Moro y Cristiano - COPE Alcoy\" \/>\n<meta property=\"og:description\" content=\"Un total de siete candidatos han sido presentados en la Asociaci\u00f3n de San Jorge para optar a los cargos de...\" \/>\n<meta property=\"og:url\" content=\"https:\/\/www.copealcoy.es\/es\/siete-ninos-optan-a-los-cargos-de-sargento-infantil-moro-y-cristiano\/\" \/>\n<meta property=\"og:site_name\" content=\"COPE Alcoy\" \/>\n<meta property=\"article:published_time\" content=\"2018-11-16T21:22:52+00:00\" \/>\n<meta property=\"og:image\" content=\"https:\/\/www.copealcoy.es\/wp-content\/uploads\/2018\/04\/30265066_1313979598745522_716878278480101376_n-e1523202025252.jpg\" \/>\n\t<meta property=\"og:image:width\" content=\"948\" \/>\n\t<meta property=\"og:image:height\" content=\"535\" \/>\n\t<meta property=\"og:image:type\" content=\"image\/jpeg\" \/>\n<meta name=\"author\" content=\"Cope Alcoy\" \/>\n<meta name=\"twitter:label1\" content=\"Escrito por\" \/>\n\t<meta name=\"twitter:data1\" content=\"Cope Alcoy\" \/>\n\t<meta name=\"twitter:label2\" content=\"Tiempo de lectura\" \/>\n\t<meta name=\"twitter:data2\" content=\"1 minuto\" \/>\n<script type=\"application\/ld+json\" class=\"yoast-schema-graph\">{\"@context\":\"https:\\\/\\\/schema.org\",\"@graph\":[{\"@type\":\"Article\",\"@id\":\"https:\\\/\\\/www.copealcoy.es\\\/es\\\/siete-ninos-optan-a-los-cargos-de-sargento-infantil-moro-y-cristiano\\\/#article\",\"isPartOf\":{\"@id\":\"https:\\\/\\\/www.copealcoy.es\\\/es\\\/siete-ninos-optan-a-los-cargos-de-sargento-infantil-moro-y-cristiano\\\/\"},\"author\":{\"name\":\"Cope Alcoy\",\"@id\":\"https:\\\/\\\/www.copealcoy.es\\\/es\\\/#\\\/schema\\\/person\\\/e777c87fa024e57d40170af9df39882c\"},\"headline\":\"Siete ni\u00f1os optan a los cargos de Sargento Infantil Moro y Cristiano\",\"datePublished\":\"2018-11-16T21:22:52+00:00\",\"mainEntityOfPage\":{\"@id\":\"https:\\\/\\\/www.copealcoy.es\\\/es\\\/siete-ninos-optan-a-los-cargos-de-sargento-infantil-moro-y-cristiano\\\/\"},\"wordCount\":133,\"commentCount\":0,\"image\":{\"@id\":\"https:\\\/\\\/www.copealcoy.es\\\/es\\\/siete-ninos-optan-a-los-cargos-de-sargento-infantil-moro-y-cristiano\\\/#primaryimage\"},\"thumbnailUrl\":\"https:\\\/\\\/www.copealcoy.es\\\/wp-content\\\/uploads\\\/2018\\\/04\\\/30265066_1313979598745522_716878278480101376_n-e1523202025252.jpg\",\"keywords\":[\"cargos\",\"Cristiano\",\"Moro\",\"Optan\",\"Sargento\",\"siete ni\u00f1os\"],\"articleSection\":[\"Alcoy\",\"Fiesta y Cultura\",\"Noticias\"],\"inLanguage\":\"es\"},{\"@type\":\"WebPage\",\"@id\":\"https:\\\/\\\/www.copealcoy.es\\\/es\\\/siete-ninos-optan-a-los-cargos-de-sargento-infantil-moro-y-cristiano\\\/\",\"url\":\"https:\\\/\\\/www.copealcoy.es\\\/es\\\/siete-ninos-optan-a-los-cargos-de-sargento-infantil-moro-y-cristiano\\\/\",\"name\":\"Siete ni\u00f1os optan a los cargos de Sargento Infantil Moro y Cristiano - COPE Alcoy\",\"isPartOf\":{\"@id\":\"https:\\\/\\\/www.copealcoy.es\\\/es\\\/#website\"},\"primaryImageOfPage\":{\"@id\":\"https:\\\/\\\/www.copealcoy.es\\\/es\\\/siete-ninos-optan-a-los-cargos-de-sargento-infantil-moro-y-cristiano\\\/#primaryimage\"},\"image\":{\"@id\":\"https:\\\/\\\/www.copealcoy.es\\\/es\\\/siete-ninos-optan-a-los-cargos-de-sargento-infantil-moro-y-cristiano\\\/#primaryimage\"},\"thumbnailUrl\":\"https:\\\/\\\/www.copealcoy.es\\\/wp-content\\\/uploads\\\/2018\\\/04\\\/30265066_1313979598745522_716878278480101376_n-e1523202025252.jpg\",\"datePublished\":\"2018-11-16T21:22:52+00:00\",\"author\":{\"@id\":\"https:\\\/\\\/www.copealcoy.es\\\/es\\\/#\\\/schema\\\/person\\\/e777c87fa024e57d40170af9df39882c\"},\"breadcrumb\":{\"@id\":\"https:\\\/\\\/www.copealcoy.es\\\/es\\\/siete-ninos-optan-a-los-cargos-de-sargento-infantil-moro-y-cristiano\\\/#breadcrumb\"},\"inLanguage\":\"es\",\"potentialAction\":[{\"@type\":\"ReadAction\",\"target\":[\"https:\\\/\\\/www.copealcoy.es\\\/es\\\/siete-ninos-optan-a-los-cargos-de-sargento-infantil-moro-y-cristiano\\\/\"]}]},{\"@type\":\"ImageObject\",\"inLanguage\":\"es\",\"@id\":\"https:\\\/\\\/www.copealcoy.es\\\/es\\\/siete-ninos-optan-a-los-cargos-de-sargento-infantil-moro-y-cristiano\\\/#primaryimage\",\"url\":\"https:\\\/\\\/www.copealcoy.es\\\/wp-content\\\/uploads\\\/2018\\\/04\\\/30265066_1313979598745522_716878278480101376_n-e1523202025252.jpg\",\"contentUrl\":\"https:\\\/\\\/www.copealcoy.es\\\/wp-content\\\/uploads\\\/2018\\\/04\\\/30265066_1313979598745522_716878278480101376_n-e1523202025252.jpg\",\"width\":948,\"height\":535,\"caption\":\"Marcos J\u00e1come se ha estrenado en el cargo de Sargento Infantil Moro (Foto N. \u00dabeda)\"},{\"@type\":\"BreadcrumbList\",\"@id\":\"https:\\\/\\\/www.copealcoy.es\\\/es\\\/siete-ninos-optan-a-los-cargos-de-sargento-infantil-moro-y-cristiano\\\/#breadcrumb\",\"itemListElement\":[{\"@type\":\"ListItem\",\"position\":1,\"name\":\"Portada\",\"item\":\"https:\\\/\\\/www.copealcoy.es\\\/es\\\/\"},{\"@type\":\"ListItem\",\"position\":2,\"name\":\"Siete ni\u00f1os optan a los cargos de Sargento Infantil Moro y Cristiano\"}]},{\"@type\":\"WebSite\",\"@id\":\"https:\\\/\\\/www.copealcoy.es\\\/es\\\/#website\",\"url\":\"https:\\\/\\\/www.copealcoy.es\\\/es\\\/\",\"name\":\"COPE Alcoy\",\"description\":\"Emisora COPE de radio local con emisi\u00f3n online. Pont de Sant Jordi 8-10 03803 Alcoy\",\"potentialAction\":[{\"@type\":\"SearchAction\",\"target\":{\"@type\":\"EntryPoint\",\"urlTemplate\":\"https:\\\/\\\/www.copealcoy.es\\\/es\\\/?s={search_term_string}\"},\"query-input\":{\"@type\":\"PropertyValueSpecification\",\"valueRequired\":true,\"valueName\":\"search_term_string\"}}],\"inLanguage\":\"es\"},{\"@type\":\"Person\",\"@id\":\"https:\\\/\\\/www.copealcoy.es\\\/es\\\/#\\\/schema\\\/person\\\/e777c87fa024e57d40170af9df39882c\",\"name\":\"Cope Alcoy\",\"image\":{\"@type\":\"ImageObject\",\"inLanguage\":\"es\",\"@id\":\"https:\\\/\\\/secure.gravatar.com\\\/avatar\\\/bb65d0283347e303893ba14f0692005417c1e0e690a325a4c5d8bb2b3943ee14?s=96&d=mm&r=g\",\"url\":\"https:\\\/\\\/secure.gravatar.com\\\/avatar\\\/bb65d0283347e303893ba14f0692005417c1e0e690a325a4c5d8bb2b3943ee14?s=96&d=mm&r=g\",\"contentUrl\":\"https:\\\/\\\/secure.gravatar.com\\\/avatar\\\/bb65d0283347e303893ba14f0692005417c1e0e690a325a4c5d8bb2b3943ee14?s=96&d=mm&r=g\",\"caption\":\"Cope Alcoy\"}}]}<\/script>\n<!-- \/ Yoast SEO plugin. -->","yoast_head_json":{"title":"Siete ni\u00f1os optan a los cargos de Sargento Infantil Moro y Cristiano - COPE Alcoy","robots":{"index":"index","follow":"follow","max-snippet":"max-snippet:-1","max-image-preview":"max-image-preview:large","max-video-preview":"max-video-preview:-1"},"canonical":"https:\/\/www.copealcoy.es\/es\/siete-ninos-optan-a-los-cargos-de-sargento-infantil-moro-y-cristiano\/","og_locale":"es_ES","og_type":"article","og_title":"Siete ni\u00f1os optan a los cargos de Sargento Infantil Moro y Cristiano - COPE Alcoy","og_description":"Un total de siete candidatos han sido presentados en la Asociaci\u00f3n de San Jorge para optar a los cargos de...","og_url":"https:\/\/www.copealcoy.es\/es\/siete-ninos-optan-a-los-cargos-de-sargento-infantil-moro-y-cristiano\/","og_site_name":"COPE Alcoy","article_published_time":"2018-11-16T21:22:52+00:00","og_image":[{"width":948,"height":535,"url":"https:\/\/www.copealcoy.es\/wp-content\/uploads\/2018\/04\/30265066_1313979598745522_716878278480101376_n-e1523202025252.jpg","type":"image\/jpeg"}],"author":"Cope Alcoy","twitter_misc":{"Escrito por":"Cope Alcoy","Tiempo de lectura":"1 minuto"},"schema":{"@context":"https:\/\/schema.org","@graph":[{"@type":"Article","@id":"https:\/\/www.copealcoy.es\/es\/siete-ninos-optan-a-los-cargos-de-sargento-infantil-moro-y-cristiano\/#article","isPartOf":{"@id":"https:\/\/www.copealcoy.es\/es\/siete-ninos-optan-a-los-cargos-de-sargento-infantil-moro-y-cristiano\/"},"author":{"name":"Cope Alcoy","@id":"https:\/\/www.copealcoy.es\/es\/#\/schema\/person\/e777c87fa024e57d40170af9df39882c"},"headline":"Siete ni\u00f1os optan a los cargos de Sargento Infantil Moro y Cristiano","datePublished":"2018-11-16T21:22:52+00:00","mainEntityOfPage":{"@id":"https:\/\/www.copealcoy.es\/es\/siete-ninos-optan-a-los-cargos-de-sargento-infantil-moro-y-cristiano\/"},"wordCount":133,"commentCount":0,"image":{"@id":"https:\/\/www.copealcoy.es\/es\/siete-ninos-optan-a-los-cargos-de-sargento-infantil-moro-y-cristiano\/#primaryimage"},"thumbnailUrl":"https:\/\/www.copealcoy.es\/wp-content\/uploads\/2018\/04\/30265066_1313979598745522_716878278480101376_n-e1523202025252.jpg","keywords":["cargos","Cristiano","Moro","Optan","Sargento","siete ni\u00f1os"],"articleSection":["Alcoy","Fiesta y Cultura","Noticias"],"inLanguage":"es"},{"@type":"WebPage","@id":"https:\/\/www.copealcoy.es\/es\/siete-ninos-optan-a-los-cargos-de-sargento-infantil-moro-y-cristiano\/","url":"https:\/\/www.copealcoy.es\/es\/siete-ninos-optan-a-los-cargos-de-sargento-infantil-moro-y-cristiano\/","name":"Siete ni\u00f1os optan a los cargos de Sargento Infantil Moro y Cristiano - COPE Alcoy","isPartOf":{"@id":"https:\/\/www.copealcoy.es\/es\/#website"},"primaryImageOfPage":{"@id":"https:\/\/www.copealcoy.es\/es\/siete-ninos-optan-a-los-cargos-de-sargento-infantil-moro-y-cristiano\/#primaryimage"},"image":{"@id":"https:\/\/www.copealcoy.es\/es\/siete-ninos-optan-a-los-cargos-de-sargento-infantil-moro-y-cristiano\/#primaryimage"},"thumbnailUrl":"https:\/\/www.copealcoy.es\/wp-content\/uploads\/2018\/04\/30265066_1313979598745522_716878278480101376_n-e1523202025252.jpg","datePublished":"2018-11-16T21:22:52+00:00","author":{"@id":"https:\/\/www.copealcoy.es\/es\/#\/schema\/person\/e777c87fa024e57d40170af9df39882c"},"breadcrumb":{"@id":"https:\/\/www.copealcoy.es\/es\/siete-ninos-optan-a-los-cargos-de-sargento-infantil-moro-y-cristiano\/#breadcrumb"},"inLanguage":"es","potentialAction":[{"@type":"ReadAction","target":["https:\/\/www.copealcoy.es\/es\/siete-ninos-optan-a-los-cargos-de-sargento-infantil-moro-y-cristiano\/"]}]},{"@type":"ImageObject","inLanguage":"es","@id":"https:\/\/www.copealcoy.es\/es\/siete-ninos-optan-a-los-cargos-de-sargento-infantil-moro-y-cristiano\/#primaryimage","url":"https:\/\/www.copealcoy.es\/wp-content\/uploads\/2018\/04\/30265066_1313979598745522_716878278480101376_n-e1523202025252.jpg","contentUrl":"https:\/\/www.copealcoy.es\/wp-content\/uploads\/2018\/04\/30265066_1313979598745522_716878278480101376_n-e1523202025252.jpg","width":948,"height":535,"caption":"Marcos J\u00e1come se ha estrenado en el cargo de Sargento Infantil Moro (Foto N. \u00dabeda)"},{"@type":"BreadcrumbList","@id":"https:\/\/www.copealcoy.es\/es\/siete-ninos-optan-a-los-cargos-de-sargento-infantil-moro-y-cristiano\/#breadcrumb","itemListElement":[{"@type":"ListItem","position":1,"name":"Portada","item":"https:\/\/www.copealcoy.es\/es\/"},{"@type":"ListItem","position":2,"name":"Siete ni\u00f1os optan a los cargos de Sargento Infantil Moro y Cristiano"}]},{"@type":"WebSite","@id":"https:\/\/www.copealcoy.es\/es\/#website","url":"https:\/\/www.copealcoy.es\/es\/","name":"COPE Alcoy","description":"Emisora COPE de radio local con emisi\u00f3n online. Pont de Sant Jordi 8-10 03803 Alcoy","potentialAction":[{"@type":"SearchAction","target":{"@type":"EntryPoint","urlTemplate":"https:\/\/www.copealcoy.es\/es\/?s={search_term_string}"},"query-input":{"@type":"PropertyValueSpecification","valueRequired":true,"valueName":"search_term_string"}}],"inLanguage":"es"},{"@type":"Person","@id":"https:\/\/www.copealcoy.es\/es\/#\/schema\/person\/e777c87fa024e57d40170af9df39882c","name":"Cope Alcoy","image":{"@type":"ImageObject","inLanguage":"es","@id":"https:\/\/secure.gravatar.com\/avatar\/bb65d0283347e303893ba14f0692005417c1e0e690a325a4c5d8bb2b3943ee14?s=96&d=mm&r=g","url":"https:\/\/secure.gravatar.com\/avatar\/bb65d0283347e303893ba14f0692005417c1e0e690a325a4c5d8bb2b3943ee14?s=96&d=mm&r=g","contentUrl":"https:\/\/secure.gravatar.com\/avatar\/bb65d0283347e303893ba14f0692005417c1e0e690a325a4c5d8bb2b3943ee14?s=96&d=mm&r=g","caption":"Cope Alcoy"}}]}},"_links":{"self":[{"href":"https:\/\/www.copealcoy.es\/es\/wp-json\/wp\/v2\/posts\/47233","targetHints":{"allow":["GET"]}}],"collection":[{"href":"https:\/\/www.copealcoy.es\/es\/wp-json\/wp\/v2\/posts"}],"about":[{"href":"https:\/\/www.copealcoy.es\/es\/wp-json\/wp\/v2\/types\/post"}],"author":[{"embeddable":true,"href":"https:\/\/www.copealcoy.es\/es\/wp-json\/wp\/v2\/users\/1"}],"replies":[{"embeddable":true,"href":"https:\/\/www.copealcoy.es\/es\/wp-json\/wp\/v2\/comments?post=47233"}],"version-history":[{"count":0,"href":"https:\/\/www.copealcoy.es\/es\/wp-json\/wp\/v2\/posts\/47233\/revisions"}],"wp:featuredmedia":[{"embeddable":true,"href":"https:\/\/www.copealcoy.es\/es\/wp-json\/wp\/v2\/media\/40959"}],"wp:attachment":[{"href":"https:\/\/www.copealcoy.es\/es\/wp-json\/wp\/v2\/media?parent=47233"}],"wp:term":[{"taxonomy":"category","embeddable":true,"href":"https:\/\/www.copealcoy.es\/es\/wp-json\/wp\/v2\/categories?post=47233"},{"taxonomy":"post_tag","embeddable":true,"href":"https:\/\/www.copealcoy.es\/es\/wp-json\/wp\/v2\/tags?post=47233"}],"curies":[{"name":"wp","href":"https:\/\/api.w.org\/{rel}","templated":true}]}}