{"id":47114,"date":"2018-11-12T15:29:51","date_gmt":"2018-11-12T15:29:51","guid":{"rendered":"https:\/\/copealcoi.es\/?p=47114"},"modified":"2018-11-12T15:29:51","modified_gmt":"2018-11-12T15:29:51","slug":"el-certamen-coral-puso-un-brillante-colofon-a-la-fira-de-tots-sants","status":"publish","type":"post","link":"https:\/\/www.copealcoy.es\/es\/el-certamen-coral-puso-un-brillante-colofon-a-la-fira-de-tots-sants\/","title":{"rendered":"El Certamen Coral puso un brillante colof\u00f3n a la Fira de Tots Sants"},"content":{"rendered":"<p style=\"text-align: justify;\">Cocentaina celebr\u00f3 el pasado s\u00e1bado<strong> la 38 edici\u00f3n del Certamen Coral de la Fira de Tots Sants<\/strong>, un evento que estuvo presentado por el locutor de Radio Cocentaina, <strong>Paco Gadea<\/strong>; y que reuni\u00f3 a <strong>numeroso p\u00fablico<\/strong> en el Centre Cultural El Teular desde las siete de la tarde.<\/p>\n<p style=\"text-align: justify;\">El evento, que sirvi\u00f3 para poner el punto y final a la programaci\u00f3n cultural de la Fira, finaliz\u00f3 con <strong>un in\u00e9dito fallo del jurado<\/strong> al <strong>declararse desierto<\/strong> el primer premio dotado de una cuant\u00eda econ\u00f3mica de <strong>3.000 euros<\/strong>. Por este motivo el cuadro de honor del Certamen destac\u00f3 por <strong>dos terceros premios<\/strong>, con un valor de <strong>1.200 euros<\/strong>, que se llevaron las corales <strong>Pax Cor de Cambra de Sabadell<\/strong> y el <strong>Coro Tiento de Burgos<\/strong> mientras que <strong>el segundo premio de 1.800 euros<\/strong> fue a parar al <strong>Coro de la Uni\u00f3n Musical Santa Cecilia de Onda<\/strong> . Hay que destacar que este \u00faltimo tambi\u00e9n se proclam\u00f3 vencedor del <strong>premio del p\u00fablico<\/strong> que ascend\u00eda en esta edici\u00f3n a <strong>los 600 euros<\/strong> y ser\u00e1 el que participe en el <strong>Firacor de 2020<\/strong> que reunir\u00e1 a los vencedores de las \u00faltimas ediciones \u201c<em>de nuevo la m\u00fasica coral ha sido la protagonista en Cocentaina y de la mano de un Certamen que es un referente en el \u00e1mbito auton\u00f3mico y nacional. El Ayuntamiento agradece a la organizaci\u00f3n, y al Cor de Cambra Discantus, el empe\u00f1o con el que trabajan para hacer posible este evento<\/em>\u201d, manifest\u00f3 la alcaldesa; <strong>Mireia Estepa<\/strong>. Tambi\u00e9n el coordinador del Certamen, <strong>Ra\u00fcl Belda<\/strong>, destac\u00f3 el <strong>alto nivel de las agrupaciones participantes<\/strong> as\u00ed como <strong>la gran acogida<\/strong> que mostr\u00f3 el p\u00fablico al Certamen \u201c<em>no hay mejor forma de poner el colof\u00f3n a la Fira que con esta cita cultural. Desde la organizaci\u00f3n estamos muy satisfechos por el trabajo que han realizado los tres coros a la hora de demostrar sus dotes sobre el escenario del Teular<\/em>\u201d, asever\u00f3.<\/p>\n<p style=\"text-align: justify;\">Recordar que las corales mencionadas anteriormente interpretaron <strong>un repertorio de libre elecci\u00f3n<\/strong> en el que figur\u00f3<strong> la obra obligada<\/strong> de este a\u00f1o, <strong>titulada \u2018Marea de la Llum\u2019<\/strong>, y que fue creada por el director vasco <strong>Josu Elberdin<\/strong> a partir de <strong>un poema de Manel Rodr\u00edguez-Castell\u00f3<\/strong><em>. <\/em>El Certamen Coral Fira de Tots Sants, como ya les inform\u00f3 este COPE ALCOY, <strong>volvi\u00f3 a tener un fin solidario<\/strong> y la recaudaci\u00f3n que se ha obtenido con la venta de las entradas <strong>ir\u00e1 a parar al <\/strong><em><strong>Col\u00b7lectiu 8 de mar\u00e7<\/strong> <\/em>de las comarcas del Comtat y de l\u2019Alcoi\u00e0. Finalmente apuntar que durante la deliberaci\u00f3n del jurado <strong>actu\u00f3 el grupo de m\u00fasica antigua <em>Menestrils\u00a0<\/em>de Ontinyent<\/strong> al igual que el d\u00eda anterior hubo <strong>un taller coral<\/strong> que el citado Josu Elberdin imparti\u00f3 a partir de las diez de la noche en la Casa de la Joventut de la Villa Condal.<\/p>\n","protected":false},"excerpt":{"rendered":"<p>Cocentaina celebr\u00f3 el pasado s\u00e1bado la 38 edici\u00f3n del Certamen Coral de la Fira de Tots Sants, un evento que&#8230;<\/p>\n","protected":false},"author":1,"featured_media":47115,"comment_status":"open","ping_status":"open","sticky":false,"template":"","format":"standard","meta":{"footnotes":""},"categories":[98,75],"tags":[7950,1569,7951,635],"class_list":["post-47114","post","type-post","status-publish","format-standard","has-post-thumbnail","hentry","category-comarcas","category-noticias","tag-brillante","tag-certamen-coral","tag-colofon","tag-fira-de-tots-sants"],"yoast_head":"<!-- This site is optimized with the Yoast SEO plugin v27.3 - https:\/\/yoast.com\/product\/yoast-seo-wordpress\/ -->\n<title>El Certamen Coral puso un brillante colof\u00f3n a la Fira de Tots Sants - COPE Alcoy<\/title>\n<meta name=\"robots\" content=\"index, follow, max-snippet:-1, max-image-preview:large, max-video-preview:-1\" \/>\n<link rel=\"canonical\" href=\"https:\/\/www.copealcoy.es\/es\/el-certamen-coral-puso-un-brillante-colofon-a-la-fira-de-tots-sants\/\" \/>\n<meta property=\"og:locale\" content=\"es_ES\" \/>\n<meta property=\"og:type\" content=\"article\" \/>\n<meta property=\"og:title\" content=\"El Certamen Coral puso un brillante colof\u00f3n a la Fira de Tots Sants - COPE Alcoy\" \/>\n<meta property=\"og:description\" content=\"Cocentaina celebr\u00f3 el pasado s\u00e1bado la 38 edici\u00f3n del Certamen Coral de la Fira de Tots Sants, un evento que...\" \/>\n<meta property=\"og:url\" content=\"https:\/\/www.copealcoy.es\/es\/el-certamen-coral-puso-un-brillante-colofon-a-la-fira-de-tots-sants\/\" \/>\n<meta property=\"og:site_name\" content=\"COPE Alcoy\" \/>\n<meta property=\"article:published_time\" content=\"2018-11-12T15:29:51+00:00\" \/>\n<meta name=\"author\" content=\"Cope Alcoy\" \/>\n<meta name=\"twitter:label1\" content=\"Escrito por\" \/>\n\t<meta name=\"twitter:data1\" content=\"Cope Alcoy\" \/>\n\t<meta name=\"twitter:label2\" content=\"Tiempo de lectura\" \/>\n\t<meta name=\"twitter:data2\" content=\"2 minutos\" \/>\n<script type=\"application\/ld+json\" class=\"yoast-schema-graph\">{\"@context\":\"https:\\\/\\\/schema.org\",\"@graph\":[{\"@type\":\"Article\",\"@id\":\"https:\\\/\\\/www.copealcoy.es\\\/es\\\/el-certamen-coral-puso-un-brillante-colofon-a-la-fira-de-tots-sants\\\/#article\",\"isPartOf\":{\"@id\":\"https:\\\/\\\/www.copealcoy.es\\\/es\\\/el-certamen-coral-puso-un-brillante-colofon-a-la-fira-de-tots-sants\\\/\"},\"author\":{\"name\":\"Cope Alcoy\",\"@id\":\"https:\\\/\\\/www.copealcoy.es\\\/es\\\/#\\\/schema\\\/person\\\/e777c87fa024e57d40170af9df39882c\"},\"headline\":\"El Certamen Coral puso un brillante colof\u00f3n a la Fira de Tots Sants\",\"datePublished\":\"2018-11-12T15:29:51+00:00\",\"mainEntityOfPage\":{\"@id\":\"https:\\\/\\\/www.copealcoy.es\\\/es\\\/el-certamen-coral-puso-un-brillante-colofon-a-la-fira-de-tots-sants\\\/\"},\"wordCount\":494,\"commentCount\":0,\"image\":{\"@id\":\"https:\\\/\\\/www.copealcoy.es\\\/es\\\/el-certamen-coral-puso-un-brillante-colofon-a-la-fira-de-tots-sants\\\/#primaryimage\"},\"thumbnailUrl\":\"\",\"keywords\":[\"brillante\",\"Certamen Coral\",\"colof\u00f3n\",\"Fira de Tots Sants\"],\"articleSection\":[\"Comarcas\",\"Noticias\"],\"inLanguage\":\"es\"},{\"@type\":\"WebPage\",\"@id\":\"https:\\\/\\\/www.copealcoy.es\\\/es\\\/el-certamen-coral-puso-un-brillante-colofon-a-la-fira-de-tots-sants\\\/\",\"url\":\"https:\\\/\\\/www.copealcoy.es\\\/es\\\/el-certamen-coral-puso-un-brillante-colofon-a-la-fira-de-tots-sants\\\/\",\"name\":\"El Certamen Coral puso un brillante colof\u00f3n a la Fira de Tots Sants - COPE Alcoy\",\"isPartOf\":{\"@id\":\"https:\\\/\\\/www.copealcoy.es\\\/es\\\/#website\"},\"primaryImageOfPage\":{\"@id\":\"https:\\\/\\\/www.copealcoy.es\\\/es\\\/el-certamen-coral-puso-un-brillante-colofon-a-la-fira-de-tots-sants\\\/#primaryimage\"},\"image\":{\"@id\":\"https:\\\/\\\/www.copealcoy.es\\\/es\\\/el-certamen-coral-puso-un-brillante-colofon-a-la-fira-de-tots-sants\\\/#primaryimage\"},\"thumbnailUrl\":\"\",\"datePublished\":\"2018-11-12T15:29:51+00:00\",\"author\":{\"@id\":\"https:\\\/\\\/www.copealcoy.es\\\/es\\\/#\\\/schema\\\/person\\\/e777c87fa024e57d40170af9df39882c\"},\"breadcrumb\":{\"@id\":\"https:\\\/\\\/www.copealcoy.es\\\/es\\\/el-certamen-coral-puso-un-brillante-colofon-a-la-fira-de-tots-sants\\\/#breadcrumb\"},\"inLanguage\":\"es\",\"potentialAction\":[{\"@type\":\"ReadAction\",\"target\":[\"https:\\\/\\\/www.copealcoy.es\\\/es\\\/el-certamen-coral-puso-un-brillante-colofon-a-la-fira-de-tots-sants\\\/\"]}]},{\"@type\":\"ImageObject\",\"inLanguage\":\"es\",\"@id\":\"https:\\\/\\\/www.copealcoy.es\\\/es\\\/el-certamen-coral-puso-un-brillante-colofon-a-la-fira-de-tots-sants\\\/#primaryimage\",\"url\":\"\",\"contentUrl\":\"\"},{\"@type\":\"BreadcrumbList\",\"@id\":\"https:\\\/\\\/www.copealcoy.es\\\/es\\\/el-certamen-coral-puso-un-brillante-colofon-a-la-fira-de-tots-sants\\\/#breadcrumb\",\"itemListElement\":[{\"@type\":\"ListItem\",\"position\":1,\"name\":\"Portada\",\"item\":\"https:\\\/\\\/www.copealcoy.es\\\/es\\\/\"},{\"@type\":\"ListItem\",\"position\":2,\"name\":\"El Certamen Coral puso un brillante colof\u00f3n a la Fira de Tots Sants\"}]},{\"@type\":\"WebSite\",\"@id\":\"https:\\\/\\\/www.copealcoy.es\\\/es\\\/#website\",\"url\":\"https:\\\/\\\/www.copealcoy.es\\\/es\\\/\",\"name\":\"COPE Alcoy\",\"description\":\"Emisora COPE de radio local con emisi\u00f3n online. Pont de Sant Jordi 8-10 03803 Alcoy\",\"potentialAction\":[{\"@type\":\"SearchAction\",\"target\":{\"@type\":\"EntryPoint\",\"urlTemplate\":\"https:\\\/\\\/www.copealcoy.es\\\/es\\\/?s={search_term_string}\"},\"query-input\":{\"@type\":\"PropertyValueSpecification\",\"valueRequired\":true,\"valueName\":\"search_term_string\"}}],\"inLanguage\":\"es\"},{\"@type\":\"Person\",\"@id\":\"https:\\\/\\\/www.copealcoy.es\\\/es\\\/#\\\/schema\\\/person\\\/e777c87fa024e57d40170af9df39882c\",\"name\":\"Cope Alcoy\",\"image\":{\"@type\":\"ImageObject\",\"inLanguage\":\"es\",\"@id\":\"https:\\\/\\\/secure.gravatar.com\\\/avatar\\\/bb65d0283347e303893ba14f0692005417c1e0e690a325a4c5d8bb2b3943ee14?s=96&d=mm&r=g\",\"url\":\"https:\\\/\\\/secure.gravatar.com\\\/avatar\\\/bb65d0283347e303893ba14f0692005417c1e0e690a325a4c5d8bb2b3943ee14?s=96&d=mm&r=g\",\"contentUrl\":\"https:\\\/\\\/secure.gravatar.com\\\/avatar\\\/bb65d0283347e303893ba14f0692005417c1e0e690a325a4c5d8bb2b3943ee14?s=96&d=mm&r=g\",\"caption\":\"Cope Alcoy\"}}]}<\/script>\n<!-- \/ Yoast SEO plugin. -->","yoast_head_json":{"title":"El Certamen Coral puso un brillante colof\u00f3n a la Fira de Tots Sants - COPE Alcoy","robots":{"index":"index","follow":"follow","max-snippet":"max-snippet:-1","max-image-preview":"max-image-preview:large","max-video-preview":"max-video-preview:-1"},"canonical":"https:\/\/www.copealcoy.es\/es\/el-certamen-coral-puso-un-brillante-colofon-a-la-fira-de-tots-sants\/","og_locale":"es_ES","og_type":"article","og_title":"El Certamen Coral puso un brillante colof\u00f3n a la Fira de Tots Sants - COPE Alcoy","og_description":"Cocentaina celebr\u00f3 el pasado s\u00e1bado la 38 edici\u00f3n del Certamen Coral de la Fira de Tots Sants, un evento que...","og_url":"https:\/\/www.copealcoy.es\/es\/el-certamen-coral-puso-un-brillante-colofon-a-la-fira-de-tots-sants\/","og_site_name":"COPE Alcoy","article_published_time":"2018-11-12T15:29:51+00:00","author":"Cope Alcoy","twitter_misc":{"Escrito por":"Cope Alcoy","Tiempo de lectura":"2 minutos"},"schema":{"@context":"https:\/\/schema.org","@graph":[{"@type":"Article","@id":"https:\/\/www.copealcoy.es\/es\/el-certamen-coral-puso-un-brillante-colofon-a-la-fira-de-tots-sants\/#article","isPartOf":{"@id":"https:\/\/www.copealcoy.es\/es\/el-certamen-coral-puso-un-brillante-colofon-a-la-fira-de-tots-sants\/"},"author":{"name":"Cope Alcoy","@id":"https:\/\/www.copealcoy.es\/es\/#\/schema\/person\/e777c87fa024e57d40170af9df39882c"},"headline":"El Certamen Coral puso un brillante colof\u00f3n a la Fira de Tots Sants","datePublished":"2018-11-12T15:29:51+00:00","mainEntityOfPage":{"@id":"https:\/\/www.copealcoy.es\/es\/el-certamen-coral-puso-un-brillante-colofon-a-la-fira-de-tots-sants\/"},"wordCount":494,"commentCount":0,"image":{"@id":"https:\/\/www.copealcoy.es\/es\/el-certamen-coral-puso-un-brillante-colofon-a-la-fira-de-tots-sants\/#primaryimage"},"thumbnailUrl":"","keywords":["brillante","Certamen Coral","colof\u00f3n","Fira de Tots Sants"],"articleSection":["Comarcas","Noticias"],"inLanguage":"es"},{"@type":"WebPage","@id":"https:\/\/www.copealcoy.es\/es\/el-certamen-coral-puso-un-brillante-colofon-a-la-fira-de-tots-sants\/","url":"https:\/\/www.copealcoy.es\/es\/el-certamen-coral-puso-un-brillante-colofon-a-la-fira-de-tots-sants\/","name":"El Certamen Coral puso un brillante colof\u00f3n a la Fira de Tots Sants - COPE Alcoy","isPartOf":{"@id":"https:\/\/www.copealcoy.es\/es\/#website"},"primaryImageOfPage":{"@id":"https:\/\/www.copealcoy.es\/es\/el-certamen-coral-puso-un-brillante-colofon-a-la-fira-de-tots-sants\/#primaryimage"},"image":{"@id":"https:\/\/www.copealcoy.es\/es\/el-certamen-coral-puso-un-brillante-colofon-a-la-fira-de-tots-sants\/#primaryimage"},"thumbnailUrl":"","datePublished":"2018-11-12T15:29:51+00:00","author":{"@id":"https:\/\/www.copealcoy.es\/es\/#\/schema\/person\/e777c87fa024e57d40170af9df39882c"},"breadcrumb":{"@id":"https:\/\/www.copealcoy.es\/es\/el-certamen-coral-puso-un-brillante-colofon-a-la-fira-de-tots-sants\/#breadcrumb"},"inLanguage":"es","potentialAction":[{"@type":"ReadAction","target":["https:\/\/www.copealcoy.es\/es\/el-certamen-coral-puso-un-brillante-colofon-a-la-fira-de-tots-sants\/"]}]},{"@type":"ImageObject","inLanguage":"es","@id":"https:\/\/www.copealcoy.es\/es\/el-certamen-coral-puso-un-brillante-colofon-a-la-fira-de-tots-sants\/#primaryimage","url":"","contentUrl":""},{"@type":"BreadcrumbList","@id":"https:\/\/www.copealcoy.es\/es\/el-certamen-coral-puso-un-brillante-colofon-a-la-fira-de-tots-sants\/#breadcrumb","itemListElement":[{"@type":"ListItem","position":1,"name":"Portada","item":"https:\/\/www.copealcoy.es\/es\/"},{"@type":"ListItem","position":2,"name":"El Certamen Coral puso un brillante colof\u00f3n a la Fira de Tots Sants"}]},{"@type":"WebSite","@id":"https:\/\/www.copealcoy.es\/es\/#website","url":"https:\/\/www.copealcoy.es\/es\/","name":"COPE Alcoy","description":"Emisora COPE de radio local con emisi\u00f3n online. Pont de Sant Jordi 8-10 03803 Alcoy","potentialAction":[{"@type":"SearchAction","target":{"@type":"EntryPoint","urlTemplate":"https:\/\/www.copealcoy.es\/es\/?s={search_term_string}"},"query-input":{"@type":"PropertyValueSpecification","valueRequired":true,"valueName":"search_term_string"}}],"inLanguage":"es"},{"@type":"Person","@id":"https:\/\/www.copealcoy.es\/es\/#\/schema\/person\/e777c87fa024e57d40170af9df39882c","name":"Cope Alcoy","image":{"@type":"ImageObject","inLanguage":"es","@id":"https:\/\/secure.gravatar.com\/avatar\/bb65d0283347e303893ba14f0692005417c1e0e690a325a4c5d8bb2b3943ee14?s=96&d=mm&r=g","url":"https:\/\/secure.gravatar.com\/avatar\/bb65d0283347e303893ba14f0692005417c1e0e690a325a4c5d8bb2b3943ee14?s=96&d=mm&r=g","contentUrl":"https:\/\/secure.gravatar.com\/avatar\/bb65d0283347e303893ba14f0692005417c1e0e690a325a4c5d8bb2b3943ee14?s=96&d=mm&r=g","caption":"Cope Alcoy"}}]}},"_links":{"self":[{"href":"https:\/\/www.copealcoy.es\/es\/wp-json\/wp\/v2\/posts\/47114","targetHints":{"allow":["GET"]}}],"collection":[{"href":"https:\/\/www.copealcoy.es\/es\/wp-json\/wp\/v2\/posts"}],"about":[{"href":"https:\/\/www.copealcoy.es\/es\/wp-json\/wp\/v2\/types\/post"}],"author":[{"embeddable":true,"href":"https:\/\/www.copealcoy.es\/es\/wp-json\/wp\/v2\/users\/1"}],"replies":[{"embeddable":true,"href":"https:\/\/www.copealcoy.es\/es\/wp-json\/wp\/v2\/comments?post=47114"}],"version-history":[{"count":0,"href":"https:\/\/www.copealcoy.es\/es\/wp-json\/wp\/v2\/posts\/47114\/revisions"}],"wp:featuredmedia":[{"embeddable":true,"href":"https:\/\/www.copealcoy.es\/es\/wp-json\/"}],"wp:attachment":[{"href":"https:\/\/www.copealcoy.es\/es\/wp-json\/wp\/v2\/media?parent=47114"}],"wp:term":[{"taxonomy":"category","embeddable":true,"href":"https:\/\/www.copealcoy.es\/es\/wp-json\/wp\/v2\/categories?post=47114"},{"taxonomy":"post_tag","embeddable":true,"href":"https:\/\/www.copealcoy.es\/es\/wp-json\/wp\/v2\/tags?post=47114"}],"curies":[{"name":"wp","href":"https:\/\/api.w.org\/{rel}","templated":true}]}}