{"id":47032,"date":"2018-11-08T18:44:49","date_gmt":"2018-11-08T18:44:49","guid":{"rendered":"https:\/\/copealcoi.es\/?p=47032"},"modified":"2018-11-08T18:44:49","modified_gmt":"2018-11-08T18:44:49","slug":"guanyar-reclama-soluciones-para-los-trabajadores-del-preventorio","status":"publish","type":"post","link":"https:\/\/www.copealcoy.es\/es\/guanyar-reclama-soluciones-para-los-trabajadores-del-preventorio\/","title":{"rendered":"Guanyar reclama soluciones para los trabajadores del Preventorio"},"content":{"rendered":"<p style=\"text-align: justify;\">El grupo municipal de <strong>Guanyar Alcoi<\/strong> ha denunciado\u00a0<strong>el incumplimiento del compromiso<\/strong>, que adquiri\u00f3 la Conseller\u00eda de Igualdad y pol\u00edticas inclusivas, para <strong>cubrir las necesidades de personal<\/strong> que sufren en la residencia de personas mayores del Preventorio. Desde la plataforma, que apoyan las reivindicaciones de los trabajadores, destacan que <strong>no s\u00f3lo no se han cubierto las plazas necesarias<\/strong> para dar una atenci\u00f3n de calidad, sino que la falta de personal<strong> ha hecho que se reduzca<\/strong> el n\u00famero de plazas en el centro.<\/p>\n<p style=\"text-align: justify;\">La edil de la formaci\u00f3n pol\u00edtica, <strong>Vicky Ll\u00e0cer<\/strong>,\u00a0pide que se adopte <strong>una soluci\u00f3n inmediata<\/strong> a este problema &#8220;<em>es intolerable que en las listas de espera que hay, la falta de personal reduzca m\u00e1s a\u00fan el n\u00famero de plazas por no poder atender como es debido a las personas. Adem\u00e1s la carga extra de trabajo que supone para las trabajadoras dar la atenci\u00f3n de calidad que nuestros mayores se merecen los puede pasar factura, porque en su mayor\u00eda los residentes son personas en un alto grado de dependencia con las trabajadoras han de duplicar el esfuerzo en un trabajo de por s\u00ed, muy exigente<\/em>&#8220;, se\u00f1ala.<\/p>\n<p style=\"text-align: justify;\">Desde Guanyar Alcoi indican que\u00a0<strong>continuar\u00e1n apoyando a las trabajadoras<\/strong> mientras <strong>sus necesidades no sean atendidas<\/strong> y remarcan que &#8220;<em>se debe responder a la presi\u00f3n asistencial, en lugar de seguir baremando en funci\u00f3n de las ratios<\/em>&#8220;, concluye Ll\u00e0cer.<\/p>\n","protected":false},"excerpt":{"rendered":"<p>El grupo municipal de Guanyar Alcoi ha denunciado\u00a0el incumplimiento del compromiso, que adquiri\u00f3 la Conseller\u00eda de Igualdad y pol\u00edticas inclusivas,&#8230;<\/p>\n","protected":false},"author":1,"featured_media":46012,"comment_status":"open","ping_status":"open","sticky":false,"template":"","format":"standard","meta":{"footnotes":""},"categories":[97,75,79],"tags":[997,1345,7653,481],"class_list":["post-47032","post","type-post","status-publish","format-standard","has-post-thumbnail","hentry","category-alcoy","category-noticias","category-politicayeconomia","tag-guanyar","tag-preventorio","tag-soluciones","tag-trabajadores"],"yoast_head":"<!-- This site is optimized with the Yoast SEO plugin v27.3 - https:\/\/yoast.com\/product\/yoast-seo-wordpress\/ -->\n<title>Guanyar reclama soluciones para los trabajadores del Preventorio - COPE Alcoy<\/title>\n<meta name=\"robots\" content=\"index, follow, max-snippet:-1, max-image-preview:large, max-video-preview:-1\" \/>\n<link rel=\"canonical\" href=\"https:\/\/www.copealcoy.es\/es\/guanyar-reclama-soluciones-para-los-trabajadores-del-preventorio\/\" \/>\n<meta property=\"og:locale\" content=\"es_ES\" \/>\n<meta property=\"og:type\" content=\"article\" \/>\n<meta property=\"og:title\" content=\"Guanyar reclama soluciones para los trabajadores del Preventorio - COPE Alcoy\" \/>\n<meta property=\"og:description\" content=\"El grupo municipal de Guanyar Alcoi ha denunciado\u00a0el incumplimiento del compromiso, que adquiri\u00f3 la Conseller\u00eda de Igualdad y pol\u00edticas inclusivas,...\" \/>\n<meta property=\"og:url\" content=\"https:\/\/www.copealcoy.es\/es\/guanyar-reclama-soluciones-para-los-trabajadores-del-preventorio\/\" \/>\n<meta property=\"og:site_name\" content=\"COPE Alcoy\" \/>\n<meta property=\"article:published_time\" content=\"2018-11-08T18:44:49+00:00\" \/>\n<meta property=\"og:image\" content=\"https:\/\/www.copealcoy.es\/wp-content\/uploads\/2018\/10\/43065872_1091905960987250_3351970031746416640_n.jpg\" \/>\n\t<meta property=\"og:image:width\" content=\"960\" \/>\n\t<meta property=\"og:image:height\" content=\"720\" \/>\n\t<meta property=\"og:image:type\" content=\"image\/jpeg\" \/>\n<meta name=\"author\" content=\"Cope Alcoy\" \/>\n<meta name=\"twitter:label1\" content=\"Escrito por\" \/>\n\t<meta name=\"twitter:data1\" content=\"Cope Alcoy\" \/>\n\t<meta name=\"twitter:label2\" content=\"Tiempo de lectura\" \/>\n\t<meta name=\"twitter:data2\" content=\"1 minuto\" \/>\n<script type=\"application\/ld+json\" class=\"yoast-schema-graph\">{\"@context\":\"https:\\\/\\\/schema.org\",\"@graph\":[{\"@type\":\"Article\",\"@id\":\"https:\\\/\\\/www.copealcoy.es\\\/es\\\/guanyar-reclama-soluciones-para-los-trabajadores-del-preventorio\\\/#article\",\"isPartOf\":{\"@id\":\"https:\\\/\\\/www.copealcoy.es\\\/es\\\/guanyar-reclama-soluciones-para-los-trabajadores-del-preventorio\\\/\"},\"author\":{\"name\":\"Cope Alcoy\",\"@id\":\"https:\\\/\\\/www.copealcoy.es\\\/es\\\/#\\\/schema\\\/person\\\/e777c87fa024e57d40170af9df39882c\"},\"headline\":\"Guanyar reclama soluciones para los trabajadores del Preventorio\",\"datePublished\":\"2018-11-08T18:44:49+00:00\",\"mainEntityOfPage\":{\"@id\":\"https:\\\/\\\/www.copealcoy.es\\\/es\\\/guanyar-reclama-soluciones-para-los-trabajadores-del-preventorio\\\/\"},\"wordCount\":253,\"commentCount\":0,\"image\":{\"@id\":\"https:\\\/\\\/www.copealcoy.es\\\/es\\\/guanyar-reclama-soluciones-para-los-trabajadores-del-preventorio\\\/#primaryimage\"},\"thumbnailUrl\":\"https:\\\/\\\/www.copealcoy.es\\\/wp-content\\\/uploads\\\/2018\\\/10\\\/43065872_1091905960987250_3351970031746416640_n.jpg\",\"keywords\":[\"Guanyar\",\"Preventorio\",\"soluciones\",\"Trabajadores\"],\"articleSection\":[\"Alcoy\",\"Noticias\",\"Pol\u00edtica y Econom\u00eda\"],\"inLanguage\":\"es\"},{\"@type\":\"WebPage\",\"@id\":\"https:\\\/\\\/www.copealcoy.es\\\/es\\\/guanyar-reclama-soluciones-para-los-trabajadores-del-preventorio\\\/\",\"url\":\"https:\\\/\\\/www.copealcoy.es\\\/es\\\/guanyar-reclama-soluciones-para-los-trabajadores-del-preventorio\\\/\",\"name\":\"Guanyar reclama soluciones para los trabajadores del Preventorio - COPE Alcoy\",\"isPartOf\":{\"@id\":\"https:\\\/\\\/www.copealcoy.es\\\/es\\\/#website\"},\"primaryImageOfPage\":{\"@id\":\"https:\\\/\\\/www.copealcoy.es\\\/es\\\/guanyar-reclama-soluciones-para-los-trabajadores-del-preventorio\\\/#primaryimage\"},\"image\":{\"@id\":\"https:\\\/\\\/www.copealcoy.es\\\/es\\\/guanyar-reclama-soluciones-para-los-trabajadores-del-preventorio\\\/#primaryimage\"},\"thumbnailUrl\":\"https:\\\/\\\/www.copealcoy.es\\\/wp-content\\\/uploads\\\/2018\\\/10\\\/43065872_1091905960987250_3351970031746416640_n.jpg\",\"datePublished\":\"2018-11-08T18:44:49+00:00\",\"author\":{\"@id\":\"https:\\\/\\\/www.copealcoy.es\\\/es\\\/#\\\/schema\\\/person\\\/e777c87fa024e57d40170af9df39882c\"},\"breadcrumb\":{\"@id\":\"https:\\\/\\\/www.copealcoy.es\\\/es\\\/guanyar-reclama-soluciones-para-los-trabajadores-del-preventorio\\\/#breadcrumb\"},\"inLanguage\":\"es\",\"potentialAction\":[{\"@type\":\"ReadAction\",\"target\":[\"https:\\\/\\\/www.copealcoy.es\\\/es\\\/guanyar-reclama-soluciones-para-los-trabajadores-del-preventorio\\\/\"]}]},{\"@type\":\"ImageObject\",\"inLanguage\":\"es\",\"@id\":\"https:\\\/\\\/www.copealcoy.es\\\/es\\\/guanyar-reclama-soluciones-para-los-trabajadores-del-preventorio\\\/#primaryimage\",\"url\":\"https:\\\/\\\/www.copealcoy.es\\\/wp-content\\\/uploads\\\/2018\\\/10\\\/43065872_1091905960987250_3351970031746416640_n.jpg\",\"contentUrl\":\"https:\\\/\\\/www.copealcoy.es\\\/wp-content\\\/uploads\\\/2018\\\/10\\\/43065872_1091905960987250_3351970031746416640_n.jpg\",\"width\":960,\"height\":720,\"caption\":\"Las protestas volvieron en el d\u00eda de ayer \\\/ Foto: Guanyar Alcoi\"},{\"@type\":\"BreadcrumbList\",\"@id\":\"https:\\\/\\\/www.copealcoy.es\\\/es\\\/guanyar-reclama-soluciones-para-los-trabajadores-del-preventorio\\\/#breadcrumb\",\"itemListElement\":[{\"@type\":\"ListItem\",\"position\":1,\"name\":\"Portada\",\"item\":\"https:\\\/\\\/www.copealcoy.es\\\/es\\\/\"},{\"@type\":\"ListItem\",\"position\":2,\"name\":\"Guanyar reclama soluciones para los trabajadores del Preventorio\"}]},{\"@type\":\"WebSite\",\"@id\":\"https:\\\/\\\/www.copealcoy.es\\\/es\\\/#website\",\"url\":\"https:\\\/\\\/www.copealcoy.es\\\/es\\\/\",\"name\":\"COPE Alcoy\",\"description\":\"Emisora COPE de radio local con emisi\u00f3n online. Pont de Sant Jordi 8-10 03803 Alcoy\",\"potentialAction\":[{\"@type\":\"SearchAction\",\"target\":{\"@type\":\"EntryPoint\",\"urlTemplate\":\"https:\\\/\\\/www.copealcoy.es\\\/es\\\/?s={search_term_string}\"},\"query-input\":{\"@type\":\"PropertyValueSpecification\",\"valueRequired\":true,\"valueName\":\"search_term_string\"}}],\"inLanguage\":\"es\"},{\"@type\":\"Person\",\"@id\":\"https:\\\/\\\/www.copealcoy.es\\\/es\\\/#\\\/schema\\\/person\\\/e777c87fa024e57d40170af9df39882c\",\"name\":\"Cope Alcoy\",\"image\":{\"@type\":\"ImageObject\",\"inLanguage\":\"es\",\"@id\":\"https:\\\/\\\/secure.gravatar.com\\\/avatar\\\/bb65d0283347e303893ba14f0692005417c1e0e690a325a4c5d8bb2b3943ee14?s=96&d=mm&r=g\",\"url\":\"https:\\\/\\\/secure.gravatar.com\\\/avatar\\\/bb65d0283347e303893ba14f0692005417c1e0e690a325a4c5d8bb2b3943ee14?s=96&d=mm&r=g\",\"contentUrl\":\"https:\\\/\\\/secure.gravatar.com\\\/avatar\\\/bb65d0283347e303893ba14f0692005417c1e0e690a325a4c5d8bb2b3943ee14?s=96&d=mm&r=g\",\"caption\":\"Cope Alcoy\"}}]}<\/script>\n<!-- \/ Yoast SEO plugin. -->","yoast_head_json":{"title":"Guanyar reclama soluciones para los trabajadores del Preventorio - COPE Alcoy","robots":{"index":"index","follow":"follow","max-snippet":"max-snippet:-1","max-image-preview":"max-image-preview:large","max-video-preview":"max-video-preview:-1"},"canonical":"https:\/\/www.copealcoy.es\/es\/guanyar-reclama-soluciones-para-los-trabajadores-del-preventorio\/","og_locale":"es_ES","og_type":"article","og_title":"Guanyar reclama soluciones para los trabajadores del Preventorio - COPE Alcoy","og_description":"El grupo municipal de Guanyar Alcoi ha denunciado\u00a0el incumplimiento del compromiso, que adquiri\u00f3 la Conseller\u00eda de Igualdad y pol\u00edticas inclusivas,...","og_url":"https:\/\/www.copealcoy.es\/es\/guanyar-reclama-soluciones-para-los-trabajadores-del-preventorio\/","og_site_name":"COPE Alcoy","article_published_time":"2018-11-08T18:44:49+00:00","og_image":[{"width":960,"height":720,"url":"https:\/\/www.copealcoy.es\/wp-content\/uploads\/2018\/10\/43065872_1091905960987250_3351970031746416640_n.jpg","type":"image\/jpeg"}],"author":"Cope Alcoy","twitter_misc":{"Escrito por":"Cope Alcoy","Tiempo de lectura":"1 minuto"},"schema":{"@context":"https:\/\/schema.org","@graph":[{"@type":"Article","@id":"https:\/\/www.copealcoy.es\/es\/guanyar-reclama-soluciones-para-los-trabajadores-del-preventorio\/#article","isPartOf":{"@id":"https:\/\/www.copealcoy.es\/es\/guanyar-reclama-soluciones-para-los-trabajadores-del-preventorio\/"},"author":{"name":"Cope Alcoy","@id":"https:\/\/www.copealcoy.es\/es\/#\/schema\/person\/e777c87fa024e57d40170af9df39882c"},"headline":"Guanyar reclama soluciones para los trabajadores del Preventorio","datePublished":"2018-11-08T18:44:49+00:00","mainEntityOfPage":{"@id":"https:\/\/www.copealcoy.es\/es\/guanyar-reclama-soluciones-para-los-trabajadores-del-preventorio\/"},"wordCount":253,"commentCount":0,"image":{"@id":"https:\/\/www.copealcoy.es\/es\/guanyar-reclama-soluciones-para-los-trabajadores-del-preventorio\/#primaryimage"},"thumbnailUrl":"https:\/\/www.copealcoy.es\/wp-content\/uploads\/2018\/10\/43065872_1091905960987250_3351970031746416640_n.jpg","keywords":["Guanyar","Preventorio","soluciones","Trabajadores"],"articleSection":["Alcoy","Noticias","Pol\u00edtica y Econom\u00eda"],"inLanguage":"es"},{"@type":"WebPage","@id":"https:\/\/www.copealcoy.es\/es\/guanyar-reclama-soluciones-para-los-trabajadores-del-preventorio\/","url":"https:\/\/www.copealcoy.es\/es\/guanyar-reclama-soluciones-para-los-trabajadores-del-preventorio\/","name":"Guanyar reclama soluciones para los trabajadores del Preventorio - COPE Alcoy","isPartOf":{"@id":"https:\/\/www.copealcoy.es\/es\/#website"},"primaryImageOfPage":{"@id":"https:\/\/www.copealcoy.es\/es\/guanyar-reclama-soluciones-para-los-trabajadores-del-preventorio\/#primaryimage"},"image":{"@id":"https:\/\/www.copealcoy.es\/es\/guanyar-reclama-soluciones-para-los-trabajadores-del-preventorio\/#primaryimage"},"thumbnailUrl":"https:\/\/www.copealcoy.es\/wp-content\/uploads\/2018\/10\/43065872_1091905960987250_3351970031746416640_n.jpg","datePublished":"2018-11-08T18:44:49+00:00","author":{"@id":"https:\/\/www.copealcoy.es\/es\/#\/schema\/person\/e777c87fa024e57d40170af9df39882c"},"breadcrumb":{"@id":"https:\/\/www.copealcoy.es\/es\/guanyar-reclama-soluciones-para-los-trabajadores-del-preventorio\/#breadcrumb"},"inLanguage":"es","potentialAction":[{"@type":"ReadAction","target":["https:\/\/www.copealcoy.es\/es\/guanyar-reclama-soluciones-para-los-trabajadores-del-preventorio\/"]}]},{"@type":"ImageObject","inLanguage":"es","@id":"https:\/\/www.copealcoy.es\/es\/guanyar-reclama-soluciones-para-los-trabajadores-del-preventorio\/#primaryimage","url":"https:\/\/www.copealcoy.es\/wp-content\/uploads\/2018\/10\/43065872_1091905960987250_3351970031746416640_n.jpg","contentUrl":"https:\/\/www.copealcoy.es\/wp-content\/uploads\/2018\/10\/43065872_1091905960987250_3351970031746416640_n.jpg","width":960,"height":720,"caption":"Las protestas volvieron en el d\u00eda de ayer \/ Foto: Guanyar Alcoi"},{"@type":"BreadcrumbList","@id":"https:\/\/www.copealcoy.es\/es\/guanyar-reclama-soluciones-para-los-trabajadores-del-preventorio\/#breadcrumb","itemListElement":[{"@type":"ListItem","position":1,"name":"Portada","item":"https:\/\/www.copealcoy.es\/es\/"},{"@type":"ListItem","position":2,"name":"Guanyar reclama soluciones para los trabajadores del Preventorio"}]},{"@type":"WebSite","@id":"https:\/\/www.copealcoy.es\/es\/#website","url":"https:\/\/www.copealcoy.es\/es\/","name":"COPE Alcoy","description":"Emisora COPE de radio local con emisi\u00f3n online. Pont de Sant Jordi 8-10 03803 Alcoy","potentialAction":[{"@type":"SearchAction","target":{"@type":"EntryPoint","urlTemplate":"https:\/\/www.copealcoy.es\/es\/?s={search_term_string}"},"query-input":{"@type":"PropertyValueSpecification","valueRequired":true,"valueName":"search_term_string"}}],"inLanguage":"es"},{"@type":"Person","@id":"https:\/\/www.copealcoy.es\/es\/#\/schema\/person\/e777c87fa024e57d40170af9df39882c","name":"Cope Alcoy","image":{"@type":"ImageObject","inLanguage":"es","@id":"https:\/\/secure.gravatar.com\/avatar\/bb65d0283347e303893ba14f0692005417c1e0e690a325a4c5d8bb2b3943ee14?s=96&d=mm&r=g","url":"https:\/\/secure.gravatar.com\/avatar\/bb65d0283347e303893ba14f0692005417c1e0e690a325a4c5d8bb2b3943ee14?s=96&d=mm&r=g","contentUrl":"https:\/\/secure.gravatar.com\/avatar\/bb65d0283347e303893ba14f0692005417c1e0e690a325a4c5d8bb2b3943ee14?s=96&d=mm&r=g","caption":"Cope Alcoy"}}]}},"_links":{"self":[{"href":"https:\/\/www.copealcoy.es\/es\/wp-json\/wp\/v2\/posts\/47032","targetHints":{"allow":["GET"]}}],"collection":[{"href":"https:\/\/www.copealcoy.es\/es\/wp-json\/wp\/v2\/posts"}],"about":[{"href":"https:\/\/www.copealcoy.es\/es\/wp-json\/wp\/v2\/types\/post"}],"author":[{"embeddable":true,"href":"https:\/\/www.copealcoy.es\/es\/wp-json\/wp\/v2\/users\/1"}],"replies":[{"embeddable":true,"href":"https:\/\/www.copealcoy.es\/es\/wp-json\/wp\/v2\/comments?post=47032"}],"version-history":[{"count":0,"href":"https:\/\/www.copealcoy.es\/es\/wp-json\/wp\/v2\/posts\/47032\/revisions"}],"wp:featuredmedia":[{"embeddable":true,"href":"https:\/\/www.copealcoy.es\/es\/wp-json\/wp\/v2\/media\/46012"}],"wp:attachment":[{"href":"https:\/\/www.copealcoy.es\/es\/wp-json\/wp\/v2\/media?parent=47032"}],"wp:term":[{"taxonomy":"category","embeddable":true,"href":"https:\/\/www.copealcoy.es\/es\/wp-json\/wp\/v2\/categories?post=47032"},{"taxonomy":"post_tag","embeddable":true,"href":"https:\/\/www.copealcoy.es\/es\/wp-json\/wp\/v2\/tags?post=47032"}],"curies":[{"name":"wp","href":"https:\/\/api.w.org\/{rel}","templated":true}]}}