{"id":46627,"date":"2018-10-25T16:24:00","date_gmt":"2018-10-25T16:24:00","guid":{"rendered":"http:\/\/copealcoi.es\/new\/?p=46627"},"modified":"2018-10-25T16:26:19","modified_gmt":"2018-10-25T16:26:19","slug":"reconocimiento-a-la-excelencia-educativa-del-colegio-jose-arnauda","status":"publish","type":"post","link":"https:\/\/www.copealcoy.es\/es\/reconocimiento-a-la-excelencia-educativa-del-colegio-jose-arnauda\/","title":{"rendered":"Reconocimiento a la excelencia educativa del colegio Jos\u00e9 Arnauda"},"content":{"rendered":"<p style=\"text-align: justify;\">La exalumna del Colegio Jos\u00e9 Arnauda de Alcoy, <strong>Paula Colomina P\u00e9rez<\/strong>,\u00a0ha sido seleccionada para <strong>optar a los Premios Nacionales de Educaci\u00f3n<\/strong> de rendimiento acad\u00e9mico del alumnado en la <strong>modalidad<\/strong> de Educaci\u00f3n Secundaria Obligatoria <strong>junto a 25 alumnos y alumnas<\/strong> que representan a la Comunidad Valenciana.<\/p>\n<p style=\"text-align: justify;\">Para participar en esta categor\u00eda del certamen, el alumnado <strong>debe haber obtenido un premio extraordinario en Educaci\u00f3n Secundaria<\/strong> y haber <strong>sido seleccionado<\/strong> por su Comunidad Aut\u00f3noma como mejores expedientes.\u00a0En la fase nacional el alumnado seleccionado <strong>deber\u00e1 superar tres pruebas escritas<\/strong>.<\/p>\n<p style=\"text-align: justify;\">Desde el centro <strong>han querido transmitir su felicitaci\u00f3n a Paula<\/strong>, y a su familia, por todo el esfuerzo y trabajo realizado para obtener este galard\u00f3n.<\/p>\n","protected":false},"excerpt":{"rendered":"<p>La exalumna del Colegio Jos\u00e9 Arnauda de Alcoy, Paula Colomina P\u00e9rez,\u00a0ha sido seleccionada para optar a los Premios Nacionales de&#8230;<\/p>\n","protected":false},"author":1,"featured_media":46628,"comment_status":"open","ping_status":"open","sticky":false,"template":"","format":"standard","meta":{"footnotes":""},"categories":[97,900,75],"tags":[424,6884,6885,603],"class_list":["post-46627","post","type-post","status-publish","format-standard","has-post-thumbnail","hentry","category-alcoy","category-educacion","category-noticias","tag-colegio","tag-excelencia-educativa","tag-jose-arnauda","tag-reconocimiento"],"yoast_head":"<!-- This site is optimized with the Yoast SEO plugin v27.3 - https:\/\/yoast.com\/product\/yoast-seo-wordpress\/ -->\n<title>Reconocimiento a la excelencia educativa del colegio Jos\u00e9 Arnauda - COPE Alcoy<\/title>\n<meta name=\"robots\" content=\"index, follow, max-snippet:-1, max-image-preview:large, max-video-preview:-1\" \/>\n<link rel=\"canonical\" href=\"https:\/\/www.copealcoy.es\/es\/reconocimiento-a-la-excelencia-educativa-del-colegio-jose-arnauda\/\" \/>\n<meta property=\"og:locale\" content=\"es_ES\" \/>\n<meta property=\"og:type\" content=\"article\" \/>\n<meta property=\"og:title\" content=\"Reconocimiento a la excelencia educativa del colegio Jos\u00e9 Arnauda - COPE Alcoy\" \/>\n<meta property=\"og:description\" content=\"La exalumna del Colegio Jos\u00e9 Arnauda de Alcoy, Paula Colomina P\u00e9rez,\u00a0ha sido seleccionada para optar a los Premios Nacionales de...\" \/>\n<meta property=\"og:url\" content=\"https:\/\/www.copealcoy.es\/es\/reconocimiento-a-la-excelencia-educativa-del-colegio-jose-arnauda\/\" \/>\n<meta property=\"og:site_name\" content=\"COPE Alcoy\" \/>\n<meta property=\"article:published_time\" content=\"2018-10-25T16:24:00+00:00\" \/>\n<meta property=\"article:modified_time\" content=\"2018-10-25T16:26:19+00:00\" \/>\n<meta property=\"og:image\" content=\"https:\/\/www.copealcoy.es\/wp-content\/uploads\/2018\/10\/Paula_Colomina_Prez_20181025053424.jpg\" \/>\n\t<meta property=\"og:image:width\" content=\"930\" \/>\n\t<meta property=\"og:image:height\" content=\"620\" \/>\n\t<meta property=\"og:image:type\" content=\"image\/jpeg\" \/>\n<meta name=\"author\" content=\"Cope Alcoy\" \/>\n<meta name=\"twitter:label1\" content=\"Escrito por\" \/>\n\t<meta name=\"twitter:data1\" content=\"Cope Alcoy\" \/>\n\t<meta name=\"twitter:label2\" content=\"Tiempo de lectura\" \/>\n\t<meta name=\"twitter:data2\" content=\"1 minuto\" \/>\n<script type=\"application\/ld+json\" class=\"yoast-schema-graph\">{\"@context\":\"https:\\\/\\\/schema.org\",\"@graph\":[{\"@type\":\"Article\",\"@id\":\"https:\\\/\\\/www.copealcoy.es\\\/es\\\/reconocimiento-a-la-excelencia-educativa-del-colegio-jose-arnauda\\\/#article\",\"isPartOf\":{\"@id\":\"https:\\\/\\\/www.copealcoy.es\\\/es\\\/reconocimiento-a-la-excelencia-educativa-del-colegio-jose-arnauda\\\/\"},\"author\":{\"name\":\"Cope Alcoy\",\"@id\":\"https:\\\/\\\/www.copealcoy.es\\\/es\\\/#\\\/schema\\\/person\\\/e777c87fa024e57d40170af9df39882c\"},\"headline\":\"Reconocimiento a la excelencia educativa del colegio Jos\u00e9 Arnauda\",\"datePublished\":\"2018-10-25T16:24:00+00:00\",\"dateModified\":\"2018-10-25T16:26:19+00:00\",\"mainEntityOfPage\":{\"@id\":\"https:\\\/\\\/www.copealcoy.es\\\/es\\\/reconocimiento-a-la-excelencia-educativa-del-colegio-jose-arnauda\\\/\"},\"wordCount\":129,\"commentCount\":0,\"image\":{\"@id\":\"https:\\\/\\\/www.copealcoy.es\\\/es\\\/reconocimiento-a-la-excelencia-educativa-del-colegio-jose-arnauda\\\/#primaryimage\"},\"thumbnailUrl\":\"https:\\\/\\\/www.copealcoy.es\\\/wp-content\\\/uploads\\\/2018\\\/10\\\/Paula_Colomina_Prez_20181025053424.jpg\",\"keywords\":[\"Colegio\",\"excelencia educativa\",\"Jos\u00e9 Arnauda\",\"Reconocimiento\"],\"articleSection\":[\"Alcoy\",\"Educaci\u00f3n\",\"Noticias\"],\"inLanguage\":\"es\"},{\"@type\":\"WebPage\",\"@id\":\"https:\\\/\\\/www.copealcoy.es\\\/es\\\/reconocimiento-a-la-excelencia-educativa-del-colegio-jose-arnauda\\\/\",\"url\":\"https:\\\/\\\/www.copealcoy.es\\\/es\\\/reconocimiento-a-la-excelencia-educativa-del-colegio-jose-arnauda\\\/\",\"name\":\"Reconocimiento a la excelencia educativa del colegio Jos\u00e9 Arnauda - COPE Alcoy\",\"isPartOf\":{\"@id\":\"https:\\\/\\\/www.copealcoy.es\\\/es\\\/#website\"},\"primaryImageOfPage\":{\"@id\":\"https:\\\/\\\/www.copealcoy.es\\\/es\\\/reconocimiento-a-la-excelencia-educativa-del-colegio-jose-arnauda\\\/#primaryimage\"},\"image\":{\"@id\":\"https:\\\/\\\/www.copealcoy.es\\\/es\\\/reconocimiento-a-la-excelencia-educativa-del-colegio-jose-arnauda\\\/#primaryimage\"},\"thumbnailUrl\":\"https:\\\/\\\/www.copealcoy.es\\\/wp-content\\\/uploads\\\/2018\\\/10\\\/Paula_Colomina_Prez_20181025053424.jpg\",\"datePublished\":\"2018-10-25T16:24:00+00:00\",\"dateModified\":\"2018-10-25T16:26:19+00:00\",\"author\":{\"@id\":\"https:\\\/\\\/www.copealcoy.es\\\/es\\\/#\\\/schema\\\/person\\\/e777c87fa024e57d40170af9df39882c\"},\"breadcrumb\":{\"@id\":\"https:\\\/\\\/www.copealcoy.es\\\/es\\\/reconocimiento-a-la-excelencia-educativa-del-colegio-jose-arnauda\\\/#breadcrumb\"},\"inLanguage\":\"es\",\"potentialAction\":[{\"@type\":\"ReadAction\",\"target\":[\"https:\\\/\\\/www.copealcoy.es\\\/es\\\/reconocimiento-a-la-excelencia-educativa-del-colegio-jose-arnauda\\\/\"]}]},{\"@type\":\"ImageObject\",\"inLanguage\":\"es\",\"@id\":\"https:\\\/\\\/www.copealcoy.es\\\/es\\\/reconocimiento-a-la-excelencia-educativa-del-colegio-jose-arnauda\\\/#primaryimage\",\"url\":\"https:\\\/\\\/www.copealcoy.es\\\/wp-content\\\/uploads\\\/2018\\\/10\\\/Paula_Colomina_Prez_20181025053424.jpg\",\"contentUrl\":\"https:\\\/\\\/www.copealcoy.es\\\/wp-content\\\/uploads\\\/2018\\\/10\\\/Paula_Colomina_Prez_20181025053424.jpg\",\"width\":930,\"height\":620},{\"@type\":\"BreadcrumbList\",\"@id\":\"https:\\\/\\\/www.copealcoy.es\\\/es\\\/reconocimiento-a-la-excelencia-educativa-del-colegio-jose-arnauda\\\/#breadcrumb\",\"itemListElement\":[{\"@type\":\"ListItem\",\"position\":1,\"name\":\"Portada\",\"item\":\"https:\\\/\\\/www.copealcoy.es\\\/es\\\/\"},{\"@type\":\"ListItem\",\"position\":2,\"name\":\"Reconocimiento a la excelencia educativa del colegio Jos\u00e9 Arnauda\"}]},{\"@type\":\"WebSite\",\"@id\":\"https:\\\/\\\/www.copealcoy.es\\\/es\\\/#website\",\"url\":\"https:\\\/\\\/www.copealcoy.es\\\/es\\\/\",\"name\":\"COPE Alcoy\",\"description\":\"Emisora COPE de radio local con emisi\u00f3n online. Pont de Sant Jordi 8-10 03803 Alcoy\",\"potentialAction\":[{\"@type\":\"SearchAction\",\"target\":{\"@type\":\"EntryPoint\",\"urlTemplate\":\"https:\\\/\\\/www.copealcoy.es\\\/es\\\/?s={search_term_string}\"},\"query-input\":{\"@type\":\"PropertyValueSpecification\",\"valueRequired\":true,\"valueName\":\"search_term_string\"}}],\"inLanguage\":\"es\"},{\"@type\":\"Person\",\"@id\":\"https:\\\/\\\/www.copealcoy.es\\\/es\\\/#\\\/schema\\\/person\\\/e777c87fa024e57d40170af9df39882c\",\"name\":\"Cope Alcoy\",\"image\":{\"@type\":\"ImageObject\",\"inLanguage\":\"es\",\"@id\":\"https:\\\/\\\/secure.gravatar.com\\\/avatar\\\/bb65d0283347e303893ba14f0692005417c1e0e690a325a4c5d8bb2b3943ee14?s=96&d=mm&r=g\",\"url\":\"https:\\\/\\\/secure.gravatar.com\\\/avatar\\\/bb65d0283347e303893ba14f0692005417c1e0e690a325a4c5d8bb2b3943ee14?s=96&d=mm&r=g\",\"contentUrl\":\"https:\\\/\\\/secure.gravatar.com\\\/avatar\\\/bb65d0283347e303893ba14f0692005417c1e0e690a325a4c5d8bb2b3943ee14?s=96&d=mm&r=g\",\"caption\":\"Cope Alcoy\"}}]}<\/script>\n<!-- \/ Yoast SEO plugin. -->","yoast_head_json":{"title":"Reconocimiento a la excelencia educativa del colegio Jos\u00e9 Arnauda - COPE Alcoy","robots":{"index":"index","follow":"follow","max-snippet":"max-snippet:-1","max-image-preview":"max-image-preview:large","max-video-preview":"max-video-preview:-1"},"canonical":"https:\/\/www.copealcoy.es\/es\/reconocimiento-a-la-excelencia-educativa-del-colegio-jose-arnauda\/","og_locale":"es_ES","og_type":"article","og_title":"Reconocimiento a la excelencia educativa del colegio Jos\u00e9 Arnauda - COPE Alcoy","og_description":"La exalumna del Colegio Jos\u00e9 Arnauda de Alcoy, Paula Colomina P\u00e9rez,\u00a0ha sido seleccionada para optar a los Premios Nacionales de...","og_url":"https:\/\/www.copealcoy.es\/es\/reconocimiento-a-la-excelencia-educativa-del-colegio-jose-arnauda\/","og_site_name":"COPE Alcoy","article_published_time":"2018-10-25T16:24:00+00:00","article_modified_time":"2018-10-25T16:26:19+00:00","og_image":[{"width":930,"height":620,"url":"https:\/\/www.copealcoy.es\/wp-content\/uploads\/2018\/10\/Paula_Colomina_Prez_20181025053424.jpg","type":"image\/jpeg"}],"author":"Cope Alcoy","twitter_misc":{"Escrito por":"Cope Alcoy","Tiempo de lectura":"1 minuto"},"schema":{"@context":"https:\/\/schema.org","@graph":[{"@type":"Article","@id":"https:\/\/www.copealcoy.es\/es\/reconocimiento-a-la-excelencia-educativa-del-colegio-jose-arnauda\/#article","isPartOf":{"@id":"https:\/\/www.copealcoy.es\/es\/reconocimiento-a-la-excelencia-educativa-del-colegio-jose-arnauda\/"},"author":{"name":"Cope Alcoy","@id":"https:\/\/www.copealcoy.es\/es\/#\/schema\/person\/e777c87fa024e57d40170af9df39882c"},"headline":"Reconocimiento a la excelencia educativa del colegio Jos\u00e9 Arnauda","datePublished":"2018-10-25T16:24:00+00:00","dateModified":"2018-10-25T16:26:19+00:00","mainEntityOfPage":{"@id":"https:\/\/www.copealcoy.es\/es\/reconocimiento-a-la-excelencia-educativa-del-colegio-jose-arnauda\/"},"wordCount":129,"commentCount":0,"image":{"@id":"https:\/\/www.copealcoy.es\/es\/reconocimiento-a-la-excelencia-educativa-del-colegio-jose-arnauda\/#primaryimage"},"thumbnailUrl":"https:\/\/www.copealcoy.es\/wp-content\/uploads\/2018\/10\/Paula_Colomina_Prez_20181025053424.jpg","keywords":["Colegio","excelencia educativa","Jos\u00e9 Arnauda","Reconocimiento"],"articleSection":["Alcoy","Educaci\u00f3n","Noticias"],"inLanguage":"es"},{"@type":"WebPage","@id":"https:\/\/www.copealcoy.es\/es\/reconocimiento-a-la-excelencia-educativa-del-colegio-jose-arnauda\/","url":"https:\/\/www.copealcoy.es\/es\/reconocimiento-a-la-excelencia-educativa-del-colegio-jose-arnauda\/","name":"Reconocimiento a la excelencia educativa del colegio Jos\u00e9 Arnauda - COPE Alcoy","isPartOf":{"@id":"https:\/\/www.copealcoy.es\/es\/#website"},"primaryImageOfPage":{"@id":"https:\/\/www.copealcoy.es\/es\/reconocimiento-a-la-excelencia-educativa-del-colegio-jose-arnauda\/#primaryimage"},"image":{"@id":"https:\/\/www.copealcoy.es\/es\/reconocimiento-a-la-excelencia-educativa-del-colegio-jose-arnauda\/#primaryimage"},"thumbnailUrl":"https:\/\/www.copealcoy.es\/wp-content\/uploads\/2018\/10\/Paula_Colomina_Prez_20181025053424.jpg","datePublished":"2018-10-25T16:24:00+00:00","dateModified":"2018-10-25T16:26:19+00:00","author":{"@id":"https:\/\/www.copealcoy.es\/es\/#\/schema\/person\/e777c87fa024e57d40170af9df39882c"},"breadcrumb":{"@id":"https:\/\/www.copealcoy.es\/es\/reconocimiento-a-la-excelencia-educativa-del-colegio-jose-arnauda\/#breadcrumb"},"inLanguage":"es","potentialAction":[{"@type":"ReadAction","target":["https:\/\/www.copealcoy.es\/es\/reconocimiento-a-la-excelencia-educativa-del-colegio-jose-arnauda\/"]}]},{"@type":"ImageObject","inLanguage":"es","@id":"https:\/\/www.copealcoy.es\/es\/reconocimiento-a-la-excelencia-educativa-del-colegio-jose-arnauda\/#primaryimage","url":"https:\/\/www.copealcoy.es\/wp-content\/uploads\/2018\/10\/Paula_Colomina_Prez_20181025053424.jpg","contentUrl":"https:\/\/www.copealcoy.es\/wp-content\/uploads\/2018\/10\/Paula_Colomina_Prez_20181025053424.jpg","width":930,"height":620},{"@type":"BreadcrumbList","@id":"https:\/\/www.copealcoy.es\/es\/reconocimiento-a-la-excelencia-educativa-del-colegio-jose-arnauda\/#breadcrumb","itemListElement":[{"@type":"ListItem","position":1,"name":"Portada","item":"https:\/\/www.copealcoy.es\/es\/"},{"@type":"ListItem","position":2,"name":"Reconocimiento a la excelencia educativa del colegio Jos\u00e9 Arnauda"}]},{"@type":"WebSite","@id":"https:\/\/www.copealcoy.es\/es\/#website","url":"https:\/\/www.copealcoy.es\/es\/","name":"COPE Alcoy","description":"Emisora COPE de radio local con emisi\u00f3n online. Pont de Sant Jordi 8-10 03803 Alcoy","potentialAction":[{"@type":"SearchAction","target":{"@type":"EntryPoint","urlTemplate":"https:\/\/www.copealcoy.es\/es\/?s={search_term_string}"},"query-input":{"@type":"PropertyValueSpecification","valueRequired":true,"valueName":"search_term_string"}}],"inLanguage":"es"},{"@type":"Person","@id":"https:\/\/www.copealcoy.es\/es\/#\/schema\/person\/e777c87fa024e57d40170af9df39882c","name":"Cope Alcoy","image":{"@type":"ImageObject","inLanguage":"es","@id":"https:\/\/secure.gravatar.com\/avatar\/bb65d0283347e303893ba14f0692005417c1e0e690a325a4c5d8bb2b3943ee14?s=96&d=mm&r=g","url":"https:\/\/secure.gravatar.com\/avatar\/bb65d0283347e303893ba14f0692005417c1e0e690a325a4c5d8bb2b3943ee14?s=96&d=mm&r=g","contentUrl":"https:\/\/secure.gravatar.com\/avatar\/bb65d0283347e303893ba14f0692005417c1e0e690a325a4c5d8bb2b3943ee14?s=96&d=mm&r=g","caption":"Cope Alcoy"}}]}},"_links":{"self":[{"href":"https:\/\/www.copealcoy.es\/es\/wp-json\/wp\/v2\/posts\/46627","targetHints":{"allow":["GET"]}}],"collection":[{"href":"https:\/\/www.copealcoy.es\/es\/wp-json\/wp\/v2\/posts"}],"about":[{"href":"https:\/\/www.copealcoy.es\/es\/wp-json\/wp\/v2\/types\/post"}],"author":[{"embeddable":true,"href":"https:\/\/www.copealcoy.es\/es\/wp-json\/wp\/v2\/users\/1"}],"replies":[{"embeddable":true,"href":"https:\/\/www.copealcoy.es\/es\/wp-json\/wp\/v2\/comments?post=46627"}],"version-history":[{"count":0,"href":"https:\/\/www.copealcoy.es\/es\/wp-json\/wp\/v2\/posts\/46627\/revisions"}],"wp:featuredmedia":[{"embeddable":true,"href":"https:\/\/www.copealcoy.es\/es\/wp-json\/wp\/v2\/media\/46628"}],"wp:attachment":[{"href":"https:\/\/www.copealcoy.es\/es\/wp-json\/wp\/v2\/media?parent=46627"}],"wp:term":[{"taxonomy":"category","embeddable":true,"href":"https:\/\/www.copealcoy.es\/es\/wp-json\/wp\/v2\/categories?post=46627"},{"taxonomy":"post_tag","embeddable":true,"href":"https:\/\/www.copealcoy.es\/es\/wp-json\/wp\/v2\/tags?post=46627"}],"curies":[{"name":"wp","href":"https:\/\/api.w.org\/{rel}","templated":true}]}}