{"id":46604,"date":"2018-10-24T10:09:02","date_gmt":"2018-10-24T10:09:02","guid":{"rendered":"http:\/\/copealcoi.es\/new\/?p=46604"},"modified":"2018-10-24T15:36:30","modified_gmt":"2018-10-24T15:36:30","slug":"la-diputacion-ha-invertido-30-millones-en-el-comtat-en-esta-legislatura","status":"publish","type":"post","link":"https:\/\/www.copealcoy.es\/es\/la-diputacion-ha-invertido-30-millones-en-el-comtat-en-esta-legislatura\/","title":{"rendered":"La Diputaci\u00f3n ha invertido 30 millones en el Comtat en esta legislatura"},"content":{"rendered":"<p style=\"text-align: justify;\">La <strong>Diputaci\u00f3n de Alicante<\/strong> ha invertido durante la actual legislatura <strong>cerca de treinta millones de euros<\/strong> en la comarca del <strong>Comtat<\/strong>. As\u00ed lo afirm\u00f3 ayer el Presidente del ente, <strong>C\u00e9sar S\u00e1nchez<\/strong>, durante la visita que realiz\u00f3 ayer a <strong>tres municipios de la zona<\/strong> en los que se est\u00e1n llevando a cabo <strong>actuaciones<\/strong> financiadas por la misma Diputaci\u00f3n alicantina.<\/p>\n<p style=\"text-align: justify;\">S\u00e1nchez visit\u00f3 en primer lugar <strong>Beniarr\u00e9s<\/strong> y conoci\u00f3 de cerca el proyecto de\u00a0<b>adecuaci\u00f3n de la Biblioteca Municipal as\u00ed como la ampliaci\u00f3n del gimnasio local<\/b>, una actuaci\u00f3n incluida en el Plan de Obras provincial que cuenta con un presupuesto de <b>230.000 euros<\/b>. Tambi\u00e9n se reuni\u00f3n el alcalde del municipio, <strong>Francisco Sell\u00e9s<\/strong>, y recorri\u00f3 otras actuaciones en las que la Diputaci\u00f3n ha intervenido como la rehabilitaci\u00f3n de la ermita o la piscina municipal. A continuaci\u00f3n el Presidente se desplaz\u00f3 a <strong>Alcosser de Planes<\/strong> para recorrer <strong>las obras de mejora de pavimentos y dotaci\u00f3n de alumbrados de los accesos al casco urbano<\/strong> recogidas en el Plan de Obras y Servicios 2017 de la Diputaci\u00f3n. Asimismo hubo espacio para una reuni\u00f3n con el alcalde; <strong>Arturo Abad<\/strong>.<\/p>\n<p class=\"Default\" style=\"text-align: justify;\">El propio S\u00e1nchez aprovech\u00f3 este recorrido por el Comtat para destacar <strong>el importante papel que desempe\u00f1a la Diputaci\u00f3n<\/strong> a la hora de <strong>atender las necesidades<\/strong> de los pueblos m\u00e1s peque\u00f1os &#8220;<em>la administraci\u00f3n provincial es el plan m\u00e1s eficaz contra el despoblamiento rural y gracias a nuestros programas de ayudas garantizamos la igualdad de oportunidades en cualquier municipio del territorio. Escuchando a los alcaldes y vecinos y dando respuesta a sus demandas con planes de inversiones que mejoran sus infraestructuras y, por tanto, la calidad de vida de los ciudadanos<\/em>&#8220;, indic\u00f3.<\/p>\n<p style=\"text-align: justify;\">El recorrido finaliz\u00f3 con <strong>una visita a Planes<\/strong> en la que C\u00e9sar S\u00e1nchez supervis\u00f3 la intervenci\u00f3n para <strong>acondicionar el camino<\/strong> que une dicha localidad con la de Almudaina y que tiene un coste de <strong>218.000 euros<\/strong>. Tambi\u00e9n visit\u00f3\u00a0<span lang=\"ES\">las <b>obras de conservaci\u00f3n\u00a0<\/b>del Castillo en las que la instituci\u00f3n ha invertido <b>540.000 euros.\u00a0<\/b><\/span><\/p>\n","protected":false},"excerpt":{"rendered":"<p>La Diputaci\u00f3n de Alicante ha invertido durante la actual legislatura cerca de treinta millones de euros en la comarca del&#8230;<\/p>\n","protected":false},"author":1,"featured_media":46605,"comment_status":"open","ping_status":"open","sticky":false,"template":"","format":"standard","meta":{"footnotes":""},"categories":[98,75,125],"tags":[6877,237,234,6876,560],"class_list":["post-46604","post","type-post","status-publish","format-standard","has-post-thumbnail","hentry","category-comarcas","category-noticias","category-portada","tag-30-millones","tag-comtat","tag-diputacion","tag-ha-invertido","tag-legislatura"],"yoast_head":"<!-- This site is optimized with the Yoast SEO plugin v27.3 - https:\/\/yoast.com\/product\/yoast-seo-wordpress\/ -->\n<title>La Diputaci\u00f3n ha invertido 30 millones en el Comtat en esta legislatura - COPE Alcoy<\/title>\n<meta name=\"robots\" content=\"index, follow, max-snippet:-1, max-image-preview:large, max-video-preview:-1\" \/>\n<link rel=\"canonical\" href=\"https:\/\/www.copealcoy.es\/es\/la-diputacion-ha-invertido-30-millones-en-el-comtat-en-esta-legislatura\/\" \/>\n<meta property=\"og:locale\" content=\"es_ES\" \/>\n<meta property=\"og:type\" content=\"article\" \/>\n<meta property=\"og:title\" content=\"La Diputaci\u00f3n ha invertido 30 millones en el Comtat en esta legislatura - COPE Alcoy\" \/>\n<meta property=\"og:description\" content=\"La Diputaci\u00f3n de Alicante ha invertido durante la actual legislatura cerca de treinta millones de euros en la comarca del...\" \/>\n<meta property=\"og:url\" content=\"https:\/\/www.copealcoy.es\/es\/la-diputacion-ha-invertido-30-millones-en-el-comtat-en-esta-legislatura\/\" \/>\n<meta property=\"og:site_name\" content=\"COPE Alcoy\" \/>\n<meta property=\"article:published_time\" content=\"2018-10-24T10:09:02+00:00\" \/>\n<meta property=\"article:modified_time\" content=\"2018-10-24T15:36:30+00:00\" \/>\n<meta property=\"og:image\" content=\"https:\/\/www.copealcoy.es\/wp-content\/uploads\/2018\/10\/102318-Planes-02.jpg\" \/>\n\t<meta property=\"og:image:width\" content=\"2126\" \/>\n\t<meta property=\"og:image:height\" content=\"1417\" \/>\n\t<meta property=\"og:image:type\" content=\"image\/jpeg\" \/>\n<meta name=\"author\" content=\"Cope Alcoy\" \/>\n<meta name=\"twitter:label1\" content=\"Escrito por\" \/>\n\t<meta name=\"twitter:data1\" content=\"Cope Alcoy\" \/>\n\t<meta name=\"twitter:label2\" content=\"Tiempo de lectura\" \/>\n\t<meta name=\"twitter:data2\" content=\"2 minutos\" \/>\n<script type=\"application\/ld+json\" class=\"yoast-schema-graph\">{\"@context\":\"https:\\\/\\\/schema.org\",\"@graph\":[{\"@type\":\"Article\",\"@id\":\"https:\\\/\\\/www.copealcoy.es\\\/es\\\/la-diputacion-ha-invertido-30-millones-en-el-comtat-en-esta-legislatura\\\/#article\",\"isPartOf\":{\"@id\":\"https:\\\/\\\/www.copealcoy.es\\\/es\\\/la-diputacion-ha-invertido-30-millones-en-el-comtat-en-esta-legislatura\\\/\"},\"author\":{\"name\":\"Cope Alcoy\",\"@id\":\"https:\\\/\\\/www.copealcoy.es\\\/es\\\/#\\\/schema\\\/person\\\/e777c87fa024e57d40170af9df39882c\"},\"headline\":\"La Diputaci\u00f3n ha invertido 30 millones en el Comtat en esta legislatura\",\"datePublished\":\"2018-10-24T10:09:02+00:00\",\"dateModified\":\"2018-10-24T15:36:30+00:00\",\"mainEntityOfPage\":{\"@id\":\"https:\\\/\\\/www.copealcoy.es\\\/es\\\/la-diputacion-ha-invertido-30-millones-en-el-comtat-en-esta-legislatura\\\/\"},\"wordCount\":364,\"commentCount\":0,\"image\":{\"@id\":\"https:\\\/\\\/www.copealcoy.es\\\/es\\\/la-diputacion-ha-invertido-30-millones-en-el-comtat-en-esta-legislatura\\\/#primaryimage\"},\"thumbnailUrl\":\"https:\\\/\\\/www.copealcoy.es\\\/wp-content\\\/uploads\\\/2018\\\/10\\\/102318-Planes-02.jpg\",\"keywords\":[\"30 millones\",\"Comtat\",\"Diputaci\u00f3n\",\"ha invertido\",\"Legislatura\"],\"articleSection\":[\"Comarcas\",\"Noticias\",\"Portada\"],\"inLanguage\":\"es\"},{\"@type\":\"WebPage\",\"@id\":\"https:\\\/\\\/www.copealcoy.es\\\/es\\\/la-diputacion-ha-invertido-30-millones-en-el-comtat-en-esta-legislatura\\\/\",\"url\":\"https:\\\/\\\/www.copealcoy.es\\\/es\\\/la-diputacion-ha-invertido-30-millones-en-el-comtat-en-esta-legislatura\\\/\",\"name\":\"La Diputaci\u00f3n ha invertido 30 millones en el Comtat en esta legislatura - COPE Alcoy\",\"isPartOf\":{\"@id\":\"https:\\\/\\\/www.copealcoy.es\\\/es\\\/#website\"},\"primaryImageOfPage\":{\"@id\":\"https:\\\/\\\/www.copealcoy.es\\\/es\\\/la-diputacion-ha-invertido-30-millones-en-el-comtat-en-esta-legislatura\\\/#primaryimage\"},\"image\":{\"@id\":\"https:\\\/\\\/www.copealcoy.es\\\/es\\\/la-diputacion-ha-invertido-30-millones-en-el-comtat-en-esta-legislatura\\\/#primaryimage\"},\"thumbnailUrl\":\"https:\\\/\\\/www.copealcoy.es\\\/wp-content\\\/uploads\\\/2018\\\/10\\\/102318-Planes-02.jpg\",\"datePublished\":\"2018-10-24T10:09:02+00:00\",\"dateModified\":\"2018-10-24T15:36:30+00:00\",\"author\":{\"@id\":\"https:\\\/\\\/www.copealcoy.es\\\/es\\\/#\\\/schema\\\/person\\\/e777c87fa024e57d40170af9df39882c\"},\"breadcrumb\":{\"@id\":\"https:\\\/\\\/www.copealcoy.es\\\/es\\\/la-diputacion-ha-invertido-30-millones-en-el-comtat-en-esta-legislatura\\\/#breadcrumb\"},\"inLanguage\":\"es\",\"potentialAction\":[{\"@type\":\"ReadAction\",\"target\":[\"https:\\\/\\\/www.copealcoy.es\\\/es\\\/la-diputacion-ha-invertido-30-millones-en-el-comtat-en-esta-legislatura\\\/\"]}]},{\"@type\":\"ImageObject\",\"inLanguage\":\"es\",\"@id\":\"https:\\\/\\\/www.copealcoy.es\\\/es\\\/la-diputacion-ha-invertido-30-millones-en-el-comtat-en-esta-legislatura\\\/#primaryimage\",\"url\":\"https:\\\/\\\/www.copealcoy.es\\\/wp-content\\\/uploads\\\/2018\\\/10\\\/102318-Planes-02.jpg\",\"contentUrl\":\"https:\\\/\\\/www.copealcoy.es\\\/wp-content\\\/uploads\\\/2018\\\/10\\\/102318-Planes-02.jpg\",\"width\":2126,\"height\":1417,\"caption\":\"C\u00e9sar S\u00e1nchez durante la visita ayer al Castillo de Planes \\\/ Foto: Diputaci\u00f3n de Alicante\"},{\"@type\":\"BreadcrumbList\",\"@id\":\"https:\\\/\\\/www.copealcoy.es\\\/es\\\/la-diputacion-ha-invertido-30-millones-en-el-comtat-en-esta-legislatura\\\/#breadcrumb\",\"itemListElement\":[{\"@type\":\"ListItem\",\"position\":1,\"name\":\"Portada\",\"item\":\"https:\\\/\\\/www.copealcoy.es\\\/es\\\/\"},{\"@type\":\"ListItem\",\"position\":2,\"name\":\"La Diputaci\u00f3n ha invertido 30 millones en el Comtat en esta legislatura\"}]},{\"@type\":\"WebSite\",\"@id\":\"https:\\\/\\\/www.copealcoy.es\\\/es\\\/#website\",\"url\":\"https:\\\/\\\/www.copealcoy.es\\\/es\\\/\",\"name\":\"COPE Alcoy\",\"description\":\"Emisora COPE de radio local con emisi\u00f3n online. Pont de Sant Jordi 8-10 03803 Alcoy\",\"potentialAction\":[{\"@type\":\"SearchAction\",\"target\":{\"@type\":\"EntryPoint\",\"urlTemplate\":\"https:\\\/\\\/www.copealcoy.es\\\/es\\\/?s={search_term_string}\"},\"query-input\":{\"@type\":\"PropertyValueSpecification\",\"valueRequired\":true,\"valueName\":\"search_term_string\"}}],\"inLanguage\":\"es\"},{\"@type\":\"Person\",\"@id\":\"https:\\\/\\\/www.copealcoy.es\\\/es\\\/#\\\/schema\\\/person\\\/e777c87fa024e57d40170af9df39882c\",\"name\":\"Cope Alcoy\",\"image\":{\"@type\":\"ImageObject\",\"inLanguage\":\"es\",\"@id\":\"https:\\\/\\\/secure.gravatar.com\\\/avatar\\\/bb65d0283347e303893ba14f0692005417c1e0e690a325a4c5d8bb2b3943ee14?s=96&d=mm&r=g\",\"url\":\"https:\\\/\\\/secure.gravatar.com\\\/avatar\\\/bb65d0283347e303893ba14f0692005417c1e0e690a325a4c5d8bb2b3943ee14?s=96&d=mm&r=g\",\"contentUrl\":\"https:\\\/\\\/secure.gravatar.com\\\/avatar\\\/bb65d0283347e303893ba14f0692005417c1e0e690a325a4c5d8bb2b3943ee14?s=96&d=mm&r=g\",\"caption\":\"Cope Alcoy\"}}]}<\/script>\n<!-- \/ Yoast SEO plugin. -->","yoast_head_json":{"title":"La Diputaci\u00f3n ha invertido 30 millones en el Comtat en esta legislatura - COPE Alcoy","robots":{"index":"index","follow":"follow","max-snippet":"max-snippet:-1","max-image-preview":"max-image-preview:large","max-video-preview":"max-video-preview:-1"},"canonical":"https:\/\/www.copealcoy.es\/es\/la-diputacion-ha-invertido-30-millones-en-el-comtat-en-esta-legislatura\/","og_locale":"es_ES","og_type":"article","og_title":"La Diputaci\u00f3n ha invertido 30 millones en el Comtat en esta legislatura - COPE Alcoy","og_description":"La Diputaci\u00f3n de Alicante ha invertido durante la actual legislatura cerca de treinta millones de euros en la comarca del...","og_url":"https:\/\/www.copealcoy.es\/es\/la-diputacion-ha-invertido-30-millones-en-el-comtat-en-esta-legislatura\/","og_site_name":"COPE Alcoy","article_published_time":"2018-10-24T10:09:02+00:00","article_modified_time":"2018-10-24T15:36:30+00:00","og_image":[{"width":2126,"height":1417,"url":"https:\/\/www.copealcoy.es\/wp-content\/uploads\/2018\/10\/102318-Planes-02.jpg","type":"image\/jpeg"}],"author":"Cope Alcoy","twitter_misc":{"Escrito por":"Cope Alcoy","Tiempo de lectura":"2 minutos"},"schema":{"@context":"https:\/\/schema.org","@graph":[{"@type":"Article","@id":"https:\/\/www.copealcoy.es\/es\/la-diputacion-ha-invertido-30-millones-en-el-comtat-en-esta-legislatura\/#article","isPartOf":{"@id":"https:\/\/www.copealcoy.es\/es\/la-diputacion-ha-invertido-30-millones-en-el-comtat-en-esta-legislatura\/"},"author":{"name":"Cope Alcoy","@id":"https:\/\/www.copealcoy.es\/es\/#\/schema\/person\/e777c87fa024e57d40170af9df39882c"},"headline":"La Diputaci\u00f3n ha invertido 30 millones en el Comtat en esta legislatura","datePublished":"2018-10-24T10:09:02+00:00","dateModified":"2018-10-24T15:36:30+00:00","mainEntityOfPage":{"@id":"https:\/\/www.copealcoy.es\/es\/la-diputacion-ha-invertido-30-millones-en-el-comtat-en-esta-legislatura\/"},"wordCount":364,"commentCount":0,"image":{"@id":"https:\/\/www.copealcoy.es\/es\/la-diputacion-ha-invertido-30-millones-en-el-comtat-en-esta-legislatura\/#primaryimage"},"thumbnailUrl":"https:\/\/www.copealcoy.es\/wp-content\/uploads\/2018\/10\/102318-Planes-02.jpg","keywords":["30 millones","Comtat","Diputaci\u00f3n","ha invertido","Legislatura"],"articleSection":["Comarcas","Noticias","Portada"],"inLanguage":"es"},{"@type":"WebPage","@id":"https:\/\/www.copealcoy.es\/es\/la-diputacion-ha-invertido-30-millones-en-el-comtat-en-esta-legislatura\/","url":"https:\/\/www.copealcoy.es\/es\/la-diputacion-ha-invertido-30-millones-en-el-comtat-en-esta-legislatura\/","name":"La Diputaci\u00f3n ha invertido 30 millones en el Comtat en esta legislatura - COPE Alcoy","isPartOf":{"@id":"https:\/\/www.copealcoy.es\/es\/#website"},"primaryImageOfPage":{"@id":"https:\/\/www.copealcoy.es\/es\/la-diputacion-ha-invertido-30-millones-en-el-comtat-en-esta-legislatura\/#primaryimage"},"image":{"@id":"https:\/\/www.copealcoy.es\/es\/la-diputacion-ha-invertido-30-millones-en-el-comtat-en-esta-legislatura\/#primaryimage"},"thumbnailUrl":"https:\/\/www.copealcoy.es\/wp-content\/uploads\/2018\/10\/102318-Planes-02.jpg","datePublished":"2018-10-24T10:09:02+00:00","dateModified":"2018-10-24T15:36:30+00:00","author":{"@id":"https:\/\/www.copealcoy.es\/es\/#\/schema\/person\/e777c87fa024e57d40170af9df39882c"},"breadcrumb":{"@id":"https:\/\/www.copealcoy.es\/es\/la-diputacion-ha-invertido-30-millones-en-el-comtat-en-esta-legislatura\/#breadcrumb"},"inLanguage":"es","potentialAction":[{"@type":"ReadAction","target":["https:\/\/www.copealcoy.es\/es\/la-diputacion-ha-invertido-30-millones-en-el-comtat-en-esta-legislatura\/"]}]},{"@type":"ImageObject","inLanguage":"es","@id":"https:\/\/www.copealcoy.es\/es\/la-diputacion-ha-invertido-30-millones-en-el-comtat-en-esta-legislatura\/#primaryimage","url":"https:\/\/www.copealcoy.es\/wp-content\/uploads\/2018\/10\/102318-Planes-02.jpg","contentUrl":"https:\/\/www.copealcoy.es\/wp-content\/uploads\/2018\/10\/102318-Planes-02.jpg","width":2126,"height":1417,"caption":"C\u00e9sar S\u00e1nchez durante la visita ayer al Castillo de Planes \/ Foto: Diputaci\u00f3n de Alicante"},{"@type":"BreadcrumbList","@id":"https:\/\/www.copealcoy.es\/es\/la-diputacion-ha-invertido-30-millones-en-el-comtat-en-esta-legislatura\/#breadcrumb","itemListElement":[{"@type":"ListItem","position":1,"name":"Portada","item":"https:\/\/www.copealcoy.es\/es\/"},{"@type":"ListItem","position":2,"name":"La Diputaci\u00f3n ha invertido 30 millones en el Comtat en esta legislatura"}]},{"@type":"WebSite","@id":"https:\/\/www.copealcoy.es\/es\/#website","url":"https:\/\/www.copealcoy.es\/es\/","name":"COPE Alcoy","description":"Emisora COPE de radio local con emisi\u00f3n online. Pont de Sant Jordi 8-10 03803 Alcoy","potentialAction":[{"@type":"SearchAction","target":{"@type":"EntryPoint","urlTemplate":"https:\/\/www.copealcoy.es\/es\/?s={search_term_string}"},"query-input":{"@type":"PropertyValueSpecification","valueRequired":true,"valueName":"search_term_string"}}],"inLanguage":"es"},{"@type":"Person","@id":"https:\/\/www.copealcoy.es\/es\/#\/schema\/person\/e777c87fa024e57d40170af9df39882c","name":"Cope Alcoy","image":{"@type":"ImageObject","inLanguage":"es","@id":"https:\/\/secure.gravatar.com\/avatar\/bb65d0283347e303893ba14f0692005417c1e0e690a325a4c5d8bb2b3943ee14?s=96&d=mm&r=g","url":"https:\/\/secure.gravatar.com\/avatar\/bb65d0283347e303893ba14f0692005417c1e0e690a325a4c5d8bb2b3943ee14?s=96&d=mm&r=g","contentUrl":"https:\/\/secure.gravatar.com\/avatar\/bb65d0283347e303893ba14f0692005417c1e0e690a325a4c5d8bb2b3943ee14?s=96&d=mm&r=g","caption":"Cope Alcoy"}}]}},"_links":{"self":[{"href":"https:\/\/www.copealcoy.es\/es\/wp-json\/wp\/v2\/posts\/46604","targetHints":{"allow":["GET"]}}],"collection":[{"href":"https:\/\/www.copealcoy.es\/es\/wp-json\/wp\/v2\/posts"}],"about":[{"href":"https:\/\/www.copealcoy.es\/es\/wp-json\/wp\/v2\/types\/post"}],"author":[{"embeddable":true,"href":"https:\/\/www.copealcoy.es\/es\/wp-json\/wp\/v2\/users\/1"}],"replies":[{"embeddable":true,"href":"https:\/\/www.copealcoy.es\/es\/wp-json\/wp\/v2\/comments?post=46604"}],"version-history":[{"count":0,"href":"https:\/\/www.copealcoy.es\/es\/wp-json\/wp\/v2\/posts\/46604\/revisions"}],"wp:featuredmedia":[{"embeddable":true,"href":"https:\/\/www.copealcoy.es\/es\/wp-json\/wp\/v2\/media\/46605"}],"wp:attachment":[{"href":"https:\/\/www.copealcoy.es\/es\/wp-json\/wp\/v2\/media?parent=46604"}],"wp:term":[{"taxonomy":"category","embeddable":true,"href":"https:\/\/www.copealcoy.es\/es\/wp-json\/wp\/v2\/categories?post=46604"},{"taxonomy":"post_tag","embeddable":true,"href":"https:\/\/www.copealcoy.es\/es\/wp-json\/wp\/v2\/tags?post=46604"}],"curies":[{"name":"wp","href":"https:\/\/api.w.org\/{rel}","templated":true}]}}