{"id":46531,"date":"2018-10-22T13:56:14","date_gmt":"2018-10-22T13:56:14","guid":{"rendered":"http:\/\/copealcoi.es\/new\/?p=46531"},"modified":"2018-10-22T16:09:45","modified_gmt":"2018-10-22T16:09:45","slug":"benilloba-reflexiona-sobre-el-uso-del-patrimonio-como-herramienta-de-futuro","status":"publish","type":"post","link":"https:\/\/www.copealcoy.es\/es\/benilloba-reflexiona-sobre-el-uso-del-patrimonio-como-herramienta-de-futuro\/","title":{"rendered":"Benilloba reflexiona sobre el uso del patrimonio como herramienta de futuro"},"content":{"rendered":"<p style=\"text-align: justify;\">Benilloba acoger\u00e1 <strong>los d\u00edas 23 y 24 de octubre<\/strong> unas <strong>jornadas sobre el uso del patrimonio<\/strong> de los pueblos como <strong>herramienta de valorizaci\u00f3n econ\u00f3mica<\/strong> de su legado artesanal e industrial a trav\u00e9s del turismo.<\/p>\n<p style=\"text-align: justify;\">La <strong>primera jornada<\/strong> contar\u00e1 con <strong>la ponencia<\/strong> titulada &#8216;Coneixement, la conservaci\u00f3\u00a0i la difusi\u00f3 del patrimoni moble material&#8221; a cargo de <strong>Lu\u00eds Pablo Mart\u00ednez<\/strong>; Inspector de Patrimonio Mueble del Servicio Territorial de Cultura de Alicante. Tambi\u00e9n <strong>Josep Mar\u00eda Segura y Josep Tormo<\/strong> debatir\u00e1n sobre &#8220;Futur desitjable pel patrimoni vinculat a l\u2019artesania i la industria&#8221;. Por \u00faltimo se contar\u00e1 con <strong>la presencia de los municipios de Cinctorres y Forcall<\/strong>, como invitados, para exponer diferentes aspectos sobre sus caracter\u00edsticas.<\/p>\n<p style=\"text-align: justify;\">En la segunda jornada\u00a0\u00a0<strong>Anabel Jarque<\/strong>, ADL de Forcall, disertar\u00e1 sobre &#8216;El Patrimoni de la comarca de Els Ports com a recurs pel desenvolupament socioecon\u00f2mic&#8221; y los asistentes podr\u00e1n conocer de cerca <strong>la colecci\u00f3n de telares manuales<\/strong> que Josep Juli\u00e0 y Maria Catal\u00e0 poseen en Benilloba. Por su parte <strong>Anna Garcia<\/strong>, T\u00e9cnico de la Mancomunitat de la comarca valenciana de Els Ports, presentar\u00e1 diferentes iniciativas tur\u00edsticas de esta zona de Castell\u00f3 y debatir\u00e1 sobre el tema &#8220;Com pot incidir l\u2019activitat tur\u00edstica en el manteniment i valoritzaci\u00f3 econ\u00f2mica del patrimoni&#8221;. Por \u00faltimo <strong>la t\u00e9cnico de turismo del Ayuntamiento de Banyeres<\/strong> ofrecer\u00e1 una ponencia titulada &#8220;L\u2019atractiu tur\u00edstic del llegat industrial de Banyeres de Mariola. El Museu valenci\u00e0 del paper i el Museu de l\u2019espardenya&#8221;.<\/p>\n<p style=\"text-align: justify;\">Las actividades <strong>finalizar\u00e1n con un debate<\/strong>, que recibe el nombre de &#8220;El paper de l\u2019administraci\u00f3 i la cooperaci\u00f3 p\u00fablica-privada en la conservaci\u00f3 i posada en valor del patrimoni&#8221;, y en el que participar\u00e1n <strong>Josep Sempere<\/strong> (alcalde de Banyeres), la <strong>presidenta de la Asociaci\u00f3n de Patrimonio de Biar<\/strong> y el edil de Turismo en Benilloba; <strong>Jordi Jim\u00e9nez<\/strong>.<\/p>\n","protected":false},"excerpt":{"rendered":"<p>Benilloba acoger\u00e1 los d\u00edas 23 y 24 de octubre unas jornadas sobre el uso del patrimonio de los pueblos como&#8230;<\/p>\n","protected":false},"author":1,"featured_media":15603,"comment_status":"open","ping_status":"open","sticky":false,"template":"","format":"standard","meta":{"footnotes":""},"categories":[98,75],"tags":[661,5469,6864,176,6628,3865],"class_list":["post-46531","post","type-post","status-publish","format-standard","has-post-thumbnail","hentry","category-comarcas","category-noticias","tag-benilloba","tag-futuro","tag-herramienta","tag-patrimonio","tag-reflexiona","tag-uso"],"yoast_head":"<!-- This site is optimized with the Yoast SEO plugin v27.3 - https:\/\/yoast.com\/product\/yoast-seo-wordpress\/ -->\n<title>Benilloba reflexiona sobre el uso del patrimonio como herramienta de futuro - COPE Alcoy<\/title>\n<meta name=\"robots\" content=\"index, follow, max-snippet:-1, max-image-preview:large, max-video-preview:-1\" \/>\n<link rel=\"canonical\" href=\"https:\/\/www.copealcoy.es\/es\/benilloba-reflexiona-sobre-el-uso-del-patrimonio-como-herramienta-de-futuro\/\" \/>\n<meta property=\"og:locale\" content=\"es_ES\" \/>\n<meta property=\"og:type\" content=\"article\" \/>\n<meta property=\"og:title\" content=\"Benilloba reflexiona sobre el uso del patrimonio como herramienta de futuro - COPE Alcoy\" \/>\n<meta property=\"og:description\" content=\"Benilloba acoger\u00e1 los d\u00edas 23 y 24 de octubre unas jornadas sobre el uso del patrimonio de los pueblos como...\" \/>\n<meta property=\"og:url\" content=\"https:\/\/www.copealcoy.es\/es\/benilloba-reflexiona-sobre-el-uso-del-patrimonio-como-herramienta-de-futuro\/\" \/>\n<meta property=\"og:site_name\" content=\"COPE Alcoy\" \/>\n<meta property=\"article:published_time\" content=\"2018-10-22T13:56:14+00:00\" \/>\n<meta property=\"article:modified_time\" content=\"2018-10-22T16:09:45+00:00\" \/>\n<meta property=\"og:image\" content=\"https:\/\/www.copealcoy.es\/wp-content\/uploads\/2015\/09\/53567947.jpg\" \/>\n\t<meta property=\"og:image:width\" content=\"500\" \/>\n\t<meta property=\"og:image:height\" content=\"332\" \/>\n\t<meta property=\"og:image:type\" content=\"image\/jpeg\" \/>\n<meta name=\"author\" content=\"Cope Alcoy\" \/>\n<meta name=\"twitter:label1\" content=\"Escrito por\" \/>\n\t<meta name=\"twitter:data1\" content=\"Cope Alcoy\" \/>\n\t<meta name=\"twitter:label2\" content=\"Tiempo de lectura\" \/>\n\t<meta name=\"twitter:data2\" content=\"2 minutos\" \/>\n<script type=\"application\/ld+json\" class=\"yoast-schema-graph\">{\"@context\":\"https:\\\/\\\/schema.org\",\"@graph\":[{\"@type\":\"Article\",\"@id\":\"https:\\\/\\\/www.copealcoy.es\\\/es\\\/benilloba-reflexiona-sobre-el-uso-del-patrimonio-como-herramienta-de-futuro\\\/#article\",\"isPartOf\":{\"@id\":\"https:\\\/\\\/www.copealcoy.es\\\/es\\\/benilloba-reflexiona-sobre-el-uso-del-patrimonio-como-herramienta-de-futuro\\\/\"},\"author\":{\"name\":\"Cope Alcoy\",\"@id\":\"https:\\\/\\\/www.copealcoy.es\\\/es\\\/#\\\/schema\\\/person\\\/e777c87fa024e57d40170af9df39882c\"},\"headline\":\"Benilloba reflexiona sobre el uso del patrimonio como herramienta de futuro\",\"datePublished\":\"2018-10-22T13:56:14+00:00\",\"dateModified\":\"2018-10-22T16:09:45+00:00\",\"mainEntityOfPage\":{\"@id\":\"https:\\\/\\\/www.copealcoy.es\\\/es\\\/benilloba-reflexiona-sobre-el-uso-del-patrimonio-como-herramienta-de-futuro\\\/\"},\"wordCount\":327,\"commentCount\":0,\"image\":{\"@id\":\"https:\\\/\\\/www.copealcoy.es\\\/es\\\/benilloba-reflexiona-sobre-el-uso-del-patrimonio-como-herramienta-de-futuro\\\/#primaryimage\"},\"thumbnailUrl\":\"https:\\\/\\\/www.copealcoy.es\\\/wp-content\\\/uploads\\\/2015\\\/09\\\/53567947.jpg\",\"keywords\":[\"Benilloba\",\"futuro\",\"herramienta\",\"Patrimonio\",\"reflexiona\",\"uso\"],\"articleSection\":[\"Comarcas\",\"Noticias\"],\"inLanguage\":\"es\"},{\"@type\":\"WebPage\",\"@id\":\"https:\\\/\\\/www.copealcoy.es\\\/es\\\/benilloba-reflexiona-sobre-el-uso-del-patrimonio-como-herramienta-de-futuro\\\/\",\"url\":\"https:\\\/\\\/www.copealcoy.es\\\/es\\\/benilloba-reflexiona-sobre-el-uso-del-patrimonio-como-herramienta-de-futuro\\\/\",\"name\":\"Benilloba reflexiona sobre el uso del patrimonio como herramienta de futuro - COPE Alcoy\",\"isPartOf\":{\"@id\":\"https:\\\/\\\/www.copealcoy.es\\\/es\\\/#website\"},\"primaryImageOfPage\":{\"@id\":\"https:\\\/\\\/www.copealcoy.es\\\/es\\\/benilloba-reflexiona-sobre-el-uso-del-patrimonio-como-herramienta-de-futuro\\\/#primaryimage\"},\"image\":{\"@id\":\"https:\\\/\\\/www.copealcoy.es\\\/es\\\/benilloba-reflexiona-sobre-el-uso-del-patrimonio-como-herramienta-de-futuro\\\/#primaryimage\"},\"thumbnailUrl\":\"https:\\\/\\\/www.copealcoy.es\\\/wp-content\\\/uploads\\\/2015\\\/09\\\/53567947.jpg\",\"datePublished\":\"2018-10-22T13:56:14+00:00\",\"dateModified\":\"2018-10-22T16:09:45+00:00\",\"author\":{\"@id\":\"https:\\\/\\\/www.copealcoy.es\\\/es\\\/#\\\/schema\\\/person\\\/e777c87fa024e57d40170af9df39882c\"},\"breadcrumb\":{\"@id\":\"https:\\\/\\\/www.copealcoy.es\\\/es\\\/benilloba-reflexiona-sobre-el-uso-del-patrimonio-como-herramienta-de-futuro\\\/#breadcrumb\"},\"inLanguage\":\"es\",\"potentialAction\":[{\"@type\":\"ReadAction\",\"target\":[\"https:\\\/\\\/www.copealcoy.es\\\/es\\\/benilloba-reflexiona-sobre-el-uso-del-patrimonio-como-herramienta-de-futuro\\\/\"]}]},{\"@type\":\"ImageObject\",\"inLanguage\":\"es\",\"@id\":\"https:\\\/\\\/www.copealcoy.es\\\/es\\\/benilloba-reflexiona-sobre-el-uso-del-patrimonio-como-herramienta-de-futuro\\\/#primaryimage\",\"url\":\"https:\\\/\\\/www.copealcoy.es\\\/wp-content\\\/uploads\\\/2015\\\/09\\\/53567947.jpg\",\"contentUrl\":\"https:\\\/\\\/www.copealcoy.es\\\/wp-content\\\/uploads\\\/2015\\\/09\\\/53567947.jpg\",\"width\":500,\"height\":332},{\"@type\":\"BreadcrumbList\",\"@id\":\"https:\\\/\\\/www.copealcoy.es\\\/es\\\/benilloba-reflexiona-sobre-el-uso-del-patrimonio-como-herramienta-de-futuro\\\/#breadcrumb\",\"itemListElement\":[{\"@type\":\"ListItem\",\"position\":1,\"name\":\"Portada\",\"item\":\"https:\\\/\\\/www.copealcoy.es\\\/es\\\/\"},{\"@type\":\"ListItem\",\"position\":2,\"name\":\"Benilloba reflexiona sobre el uso del patrimonio como herramienta de futuro\"}]},{\"@type\":\"WebSite\",\"@id\":\"https:\\\/\\\/www.copealcoy.es\\\/es\\\/#website\",\"url\":\"https:\\\/\\\/www.copealcoy.es\\\/es\\\/\",\"name\":\"COPE Alcoy\",\"description\":\"Emisora COPE de radio local con emisi\u00f3n online. Pont de Sant Jordi 8-10 03803 Alcoy\",\"potentialAction\":[{\"@type\":\"SearchAction\",\"target\":{\"@type\":\"EntryPoint\",\"urlTemplate\":\"https:\\\/\\\/www.copealcoy.es\\\/es\\\/?s={search_term_string}\"},\"query-input\":{\"@type\":\"PropertyValueSpecification\",\"valueRequired\":true,\"valueName\":\"search_term_string\"}}],\"inLanguage\":\"es\"},{\"@type\":\"Person\",\"@id\":\"https:\\\/\\\/www.copealcoy.es\\\/es\\\/#\\\/schema\\\/person\\\/e777c87fa024e57d40170af9df39882c\",\"name\":\"Cope Alcoy\",\"image\":{\"@type\":\"ImageObject\",\"inLanguage\":\"es\",\"@id\":\"https:\\\/\\\/secure.gravatar.com\\\/avatar\\\/bb65d0283347e303893ba14f0692005417c1e0e690a325a4c5d8bb2b3943ee14?s=96&d=mm&r=g\",\"url\":\"https:\\\/\\\/secure.gravatar.com\\\/avatar\\\/bb65d0283347e303893ba14f0692005417c1e0e690a325a4c5d8bb2b3943ee14?s=96&d=mm&r=g\",\"contentUrl\":\"https:\\\/\\\/secure.gravatar.com\\\/avatar\\\/bb65d0283347e303893ba14f0692005417c1e0e690a325a4c5d8bb2b3943ee14?s=96&d=mm&r=g\",\"caption\":\"Cope Alcoy\"}}]}<\/script>\n<!-- \/ Yoast SEO plugin. -->","yoast_head_json":{"title":"Benilloba reflexiona sobre el uso del patrimonio como herramienta de futuro - COPE Alcoy","robots":{"index":"index","follow":"follow","max-snippet":"max-snippet:-1","max-image-preview":"max-image-preview:large","max-video-preview":"max-video-preview:-1"},"canonical":"https:\/\/www.copealcoy.es\/es\/benilloba-reflexiona-sobre-el-uso-del-patrimonio-como-herramienta-de-futuro\/","og_locale":"es_ES","og_type":"article","og_title":"Benilloba reflexiona sobre el uso del patrimonio como herramienta de futuro - COPE Alcoy","og_description":"Benilloba acoger\u00e1 los d\u00edas 23 y 24 de octubre unas jornadas sobre el uso del patrimonio de los pueblos como...","og_url":"https:\/\/www.copealcoy.es\/es\/benilloba-reflexiona-sobre-el-uso-del-patrimonio-como-herramienta-de-futuro\/","og_site_name":"COPE Alcoy","article_published_time":"2018-10-22T13:56:14+00:00","article_modified_time":"2018-10-22T16:09:45+00:00","og_image":[{"width":500,"height":332,"url":"https:\/\/www.copealcoy.es\/wp-content\/uploads\/2015\/09\/53567947.jpg","type":"image\/jpeg"}],"author":"Cope Alcoy","twitter_misc":{"Escrito por":"Cope Alcoy","Tiempo de lectura":"2 minutos"},"schema":{"@context":"https:\/\/schema.org","@graph":[{"@type":"Article","@id":"https:\/\/www.copealcoy.es\/es\/benilloba-reflexiona-sobre-el-uso-del-patrimonio-como-herramienta-de-futuro\/#article","isPartOf":{"@id":"https:\/\/www.copealcoy.es\/es\/benilloba-reflexiona-sobre-el-uso-del-patrimonio-como-herramienta-de-futuro\/"},"author":{"name":"Cope Alcoy","@id":"https:\/\/www.copealcoy.es\/es\/#\/schema\/person\/e777c87fa024e57d40170af9df39882c"},"headline":"Benilloba reflexiona sobre el uso del patrimonio como herramienta de futuro","datePublished":"2018-10-22T13:56:14+00:00","dateModified":"2018-10-22T16:09:45+00:00","mainEntityOfPage":{"@id":"https:\/\/www.copealcoy.es\/es\/benilloba-reflexiona-sobre-el-uso-del-patrimonio-como-herramienta-de-futuro\/"},"wordCount":327,"commentCount":0,"image":{"@id":"https:\/\/www.copealcoy.es\/es\/benilloba-reflexiona-sobre-el-uso-del-patrimonio-como-herramienta-de-futuro\/#primaryimage"},"thumbnailUrl":"https:\/\/www.copealcoy.es\/wp-content\/uploads\/2015\/09\/53567947.jpg","keywords":["Benilloba","futuro","herramienta","Patrimonio","reflexiona","uso"],"articleSection":["Comarcas","Noticias"],"inLanguage":"es"},{"@type":"WebPage","@id":"https:\/\/www.copealcoy.es\/es\/benilloba-reflexiona-sobre-el-uso-del-patrimonio-como-herramienta-de-futuro\/","url":"https:\/\/www.copealcoy.es\/es\/benilloba-reflexiona-sobre-el-uso-del-patrimonio-como-herramienta-de-futuro\/","name":"Benilloba reflexiona sobre el uso del patrimonio como herramienta de futuro - COPE Alcoy","isPartOf":{"@id":"https:\/\/www.copealcoy.es\/es\/#website"},"primaryImageOfPage":{"@id":"https:\/\/www.copealcoy.es\/es\/benilloba-reflexiona-sobre-el-uso-del-patrimonio-como-herramienta-de-futuro\/#primaryimage"},"image":{"@id":"https:\/\/www.copealcoy.es\/es\/benilloba-reflexiona-sobre-el-uso-del-patrimonio-como-herramienta-de-futuro\/#primaryimage"},"thumbnailUrl":"https:\/\/www.copealcoy.es\/wp-content\/uploads\/2015\/09\/53567947.jpg","datePublished":"2018-10-22T13:56:14+00:00","dateModified":"2018-10-22T16:09:45+00:00","author":{"@id":"https:\/\/www.copealcoy.es\/es\/#\/schema\/person\/e777c87fa024e57d40170af9df39882c"},"breadcrumb":{"@id":"https:\/\/www.copealcoy.es\/es\/benilloba-reflexiona-sobre-el-uso-del-patrimonio-como-herramienta-de-futuro\/#breadcrumb"},"inLanguage":"es","potentialAction":[{"@type":"ReadAction","target":["https:\/\/www.copealcoy.es\/es\/benilloba-reflexiona-sobre-el-uso-del-patrimonio-como-herramienta-de-futuro\/"]}]},{"@type":"ImageObject","inLanguage":"es","@id":"https:\/\/www.copealcoy.es\/es\/benilloba-reflexiona-sobre-el-uso-del-patrimonio-como-herramienta-de-futuro\/#primaryimage","url":"https:\/\/www.copealcoy.es\/wp-content\/uploads\/2015\/09\/53567947.jpg","contentUrl":"https:\/\/www.copealcoy.es\/wp-content\/uploads\/2015\/09\/53567947.jpg","width":500,"height":332},{"@type":"BreadcrumbList","@id":"https:\/\/www.copealcoy.es\/es\/benilloba-reflexiona-sobre-el-uso-del-patrimonio-como-herramienta-de-futuro\/#breadcrumb","itemListElement":[{"@type":"ListItem","position":1,"name":"Portada","item":"https:\/\/www.copealcoy.es\/es\/"},{"@type":"ListItem","position":2,"name":"Benilloba reflexiona sobre el uso del patrimonio como herramienta de futuro"}]},{"@type":"WebSite","@id":"https:\/\/www.copealcoy.es\/es\/#website","url":"https:\/\/www.copealcoy.es\/es\/","name":"COPE Alcoy","description":"Emisora COPE de radio local con emisi\u00f3n online. Pont de Sant Jordi 8-10 03803 Alcoy","potentialAction":[{"@type":"SearchAction","target":{"@type":"EntryPoint","urlTemplate":"https:\/\/www.copealcoy.es\/es\/?s={search_term_string}"},"query-input":{"@type":"PropertyValueSpecification","valueRequired":true,"valueName":"search_term_string"}}],"inLanguage":"es"},{"@type":"Person","@id":"https:\/\/www.copealcoy.es\/es\/#\/schema\/person\/e777c87fa024e57d40170af9df39882c","name":"Cope Alcoy","image":{"@type":"ImageObject","inLanguage":"es","@id":"https:\/\/secure.gravatar.com\/avatar\/bb65d0283347e303893ba14f0692005417c1e0e690a325a4c5d8bb2b3943ee14?s=96&d=mm&r=g","url":"https:\/\/secure.gravatar.com\/avatar\/bb65d0283347e303893ba14f0692005417c1e0e690a325a4c5d8bb2b3943ee14?s=96&d=mm&r=g","contentUrl":"https:\/\/secure.gravatar.com\/avatar\/bb65d0283347e303893ba14f0692005417c1e0e690a325a4c5d8bb2b3943ee14?s=96&d=mm&r=g","caption":"Cope Alcoy"}}]}},"_links":{"self":[{"href":"https:\/\/www.copealcoy.es\/es\/wp-json\/wp\/v2\/posts\/46531","targetHints":{"allow":["GET"]}}],"collection":[{"href":"https:\/\/www.copealcoy.es\/es\/wp-json\/wp\/v2\/posts"}],"about":[{"href":"https:\/\/www.copealcoy.es\/es\/wp-json\/wp\/v2\/types\/post"}],"author":[{"embeddable":true,"href":"https:\/\/www.copealcoy.es\/es\/wp-json\/wp\/v2\/users\/1"}],"replies":[{"embeddable":true,"href":"https:\/\/www.copealcoy.es\/es\/wp-json\/wp\/v2\/comments?post=46531"}],"version-history":[{"count":0,"href":"https:\/\/www.copealcoy.es\/es\/wp-json\/wp\/v2\/posts\/46531\/revisions"}],"wp:featuredmedia":[{"embeddable":true,"href":"https:\/\/www.copealcoy.es\/es\/wp-json\/wp\/v2\/media\/15603"}],"wp:attachment":[{"href":"https:\/\/www.copealcoy.es\/es\/wp-json\/wp\/v2\/media?parent=46531"}],"wp:term":[{"taxonomy":"category","embeddable":true,"href":"https:\/\/www.copealcoy.es\/es\/wp-json\/wp\/v2\/categories?post=46531"},{"taxonomy":"post_tag","embeddable":true,"href":"https:\/\/www.copealcoy.es\/es\/wp-json\/wp\/v2\/tags?post=46531"}],"curies":[{"name":"wp","href":"https:\/\/api.w.org\/{rel}","templated":true}]}}