{"id":46516,"date":"2018-10-22T15:10:39","date_gmt":"2018-10-22T15:10:39","guid":{"rendered":"http:\/\/copealcoi.es\/new\/?p=46516"},"modified":"2018-10-22T15:12:21","modified_gmt":"2018-10-22T15:12:21","slug":"arrancan-las-obras-de-construccion-de-la-pasarela-entre-alcoy-y-cocentaina","status":"publish","type":"post","link":"https:\/\/www.copealcoy.es\/es\/arrancan-las-obras-de-construccion-de-la-pasarela-entre-alcoy-y-cocentaina\/","title":{"rendered":"Arrancan las obras de construcci\u00f3n de la pasarela entre Alcoy y Cocentaina"},"content":{"rendered":"<p style=\"text-align: justify;\">El pasado jueves comenzaron <strong>las obras\u00a0\u00a0para la construcci\u00f3n de la pasarela peatonal<\/strong> que conectar\u00e1 <strong>Alcoy con Cocentaina<\/strong> a la altura de la urbanizaci\u00f3n de Gormaig. El proyecto\u00a0permitir\u00e1 <strong>poder cruzar con seguridad<\/strong> desde la ciudad y hasta el Pol\u00edgono Industrial, o viceversa, sin necesidad de <strong>discurrir<\/strong> junto a la carretera Nacional 340.\u00a0La actuaci\u00f3n, muy demandada por los vecinos, <strong>tiene un coste de 110.000 euros<\/strong> y ser\u00e1 financiada por <strong>los Ayuntamientos de ambas localidades<\/strong> &#8220;<em>en concreto el Ayuntamiento de Alcoy se hace cargo de un 70% del coste de la intervenci\u00f3n mientras que el 30% restante corresponder\u00e1 al Consistorio de Cocentaina<\/em>&#8220;, explicaba el alcalde; <strong>Antonio Franc\u00e9s<\/strong>.<\/p>\n<p style=\"text-align: justify;\">Indicar que las citadas obras arrancaron la semana pasada con <strong>los desmontes del terreno<\/strong> y de la <strong>se\u00f1alizaci\u00f3n<\/strong> que exist\u00eda en este punto. En estos momentos <strong>se est\u00e1n construyendo las bases<\/strong> de las pilastras de hormig\u00f3n que sustentar\u00e1n la pasarela y se espera que la actuaci\u00f3n <strong>pueda estar finalizada<\/strong> antes de que acabe el a\u00f1o.<\/p>\n","protected":false},"excerpt":{"rendered":"<p>El pasado jueves comenzaron las obras\u00a0\u00a0para la construcci\u00f3n de la pasarela peatonal que conectar\u00e1 Alcoy con Cocentaina a la altura&#8230;<\/p>\n","protected":false},"author":1,"featured_media":46517,"comment_status":"open","ping_status":"open","sticky":false,"template":"","format":"standard","meta":{"footnotes":""},"categories":[97,75],"tags":[1494,1124,132,4362,145,1931],"class_list":["post-46516","post","type-post","status-publish","format-standard","has-post-thumbnail","hentry","category-alcoy","category-noticias","tag-alcoy","tag-arrancan","tag-cocentaina","tag-construccion","tag-obras","tag-pasarela"],"yoast_head":"<!-- This site is optimized with the Yoast SEO plugin v27.3 - https:\/\/yoast.com\/product\/yoast-seo-wordpress\/ -->\n<title>Arrancan las obras de construcci\u00f3n de la pasarela entre Alcoy y Cocentaina - COPE Alcoy<\/title>\n<meta name=\"robots\" content=\"index, follow, max-snippet:-1, max-image-preview:large, max-video-preview:-1\" \/>\n<link rel=\"canonical\" href=\"https:\/\/www.copealcoy.es\/es\/arrancan-las-obras-de-construccion-de-la-pasarela-entre-alcoy-y-cocentaina\/\" \/>\n<meta property=\"og:locale\" content=\"es_ES\" \/>\n<meta property=\"og:type\" content=\"article\" \/>\n<meta property=\"og:title\" content=\"Arrancan las obras de construcci\u00f3n de la pasarela entre Alcoy y Cocentaina - COPE Alcoy\" \/>\n<meta property=\"og:description\" content=\"El pasado jueves comenzaron las obras\u00a0\u00a0para la construcci\u00f3n de la pasarela peatonal que conectar\u00e1 Alcoy con Cocentaina a la altura...\" \/>\n<meta property=\"og:url\" content=\"https:\/\/www.copealcoy.es\/es\/arrancan-las-obras-de-construccion-de-la-pasarela-entre-alcoy-y-cocentaina\/\" \/>\n<meta property=\"og:site_name\" content=\"COPE Alcoy\" \/>\n<meta property=\"article:published_time\" content=\"2018-10-22T15:10:39+00:00\" \/>\n<meta property=\"article:modified_time\" content=\"2018-10-22T15:12:21+00:00\" \/>\n<meta property=\"og:image\" content=\"https:\/\/www.copealcoy.es\/wp-content\/uploads\/2018\/10\/44317440_345014506083213_8182830614995533824_n.jpg\" \/>\n\t<meta property=\"og:image:width\" content=\"960\" \/>\n\t<meta property=\"og:image:height\" content=\"540\" \/>\n\t<meta property=\"og:image:type\" content=\"image\/jpeg\" \/>\n<meta name=\"author\" content=\"Cope Alcoy\" \/>\n<meta name=\"twitter:label1\" content=\"Escrito por\" \/>\n\t<meta name=\"twitter:data1\" content=\"Cope Alcoy\" \/>\n\t<meta name=\"twitter:label2\" content=\"Tiempo de lectura\" \/>\n\t<meta name=\"twitter:data2\" content=\"1 minuto\" \/>\n<script type=\"application\/ld+json\" class=\"yoast-schema-graph\">{\"@context\":\"https:\\\/\\\/schema.org\",\"@graph\":[{\"@type\":\"Article\",\"@id\":\"https:\\\/\\\/www.copealcoy.es\\\/es\\\/arrancan-las-obras-de-construccion-de-la-pasarela-entre-alcoy-y-cocentaina\\\/#article\",\"isPartOf\":{\"@id\":\"https:\\\/\\\/www.copealcoy.es\\\/es\\\/arrancan-las-obras-de-construccion-de-la-pasarela-entre-alcoy-y-cocentaina\\\/\"},\"author\":{\"name\":\"Cope Alcoy\",\"@id\":\"https:\\\/\\\/www.copealcoy.es\\\/es\\\/#\\\/schema\\\/person\\\/e777c87fa024e57d40170af9df39882c\"},\"headline\":\"Arrancan las obras de construcci\u00f3n de la pasarela entre Alcoy y Cocentaina\",\"datePublished\":\"2018-10-22T15:10:39+00:00\",\"dateModified\":\"2018-10-22T15:12:21+00:00\",\"mainEntityOfPage\":{\"@id\":\"https:\\\/\\\/www.copealcoy.es\\\/es\\\/arrancan-las-obras-de-construccion-de-la-pasarela-entre-alcoy-y-cocentaina\\\/\"},\"wordCount\":185,\"commentCount\":0,\"image\":{\"@id\":\"https:\\\/\\\/www.copealcoy.es\\\/es\\\/arrancan-las-obras-de-construccion-de-la-pasarela-entre-alcoy-y-cocentaina\\\/#primaryimage\"},\"thumbnailUrl\":\"https:\\\/\\\/www.copealcoy.es\\\/wp-content\\\/uploads\\\/2018\\\/10\\\/44317440_345014506083213_8182830614995533824_n.jpg\",\"keywords\":[\"Alcoy\",\"Arrancan\",\"Cocentaina\",\"construcci\u00f3n\",\"Obras\",\"Pasarela\"],\"articleSection\":[\"Alcoy\",\"Noticias\"],\"inLanguage\":\"es\"},{\"@type\":\"WebPage\",\"@id\":\"https:\\\/\\\/www.copealcoy.es\\\/es\\\/arrancan-las-obras-de-construccion-de-la-pasarela-entre-alcoy-y-cocentaina\\\/\",\"url\":\"https:\\\/\\\/www.copealcoy.es\\\/es\\\/arrancan-las-obras-de-construccion-de-la-pasarela-entre-alcoy-y-cocentaina\\\/\",\"name\":\"Arrancan las obras de construcci\u00f3n de la pasarela entre Alcoy y Cocentaina - COPE Alcoy\",\"isPartOf\":{\"@id\":\"https:\\\/\\\/www.copealcoy.es\\\/es\\\/#website\"},\"primaryImageOfPage\":{\"@id\":\"https:\\\/\\\/www.copealcoy.es\\\/es\\\/arrancan-las-obras-de-construccion-de-la-pasarela-entre-alcoy-y-cocentaina\\\/#primaryimage\"},\"image\":{\"@id\":\"https:\\\/\\\/www.copealcoy.es\\\/es\\\/arrancan-las-obras-de-construccion-de-la-pasarela-entre-alcoy-y-cocentaina\\\/#primaryimage\"},\"thumbnailUrl\":\"https:\\\/\\\/www.copealcoy.es\\\/wp-content\\\/uploads\\\/2018\\\/10\\\/44317440_345014506083213_8182830614995533824_n.jpg\",\"datePublished\":\"2018-10-22T15:10:39+00:00\",\"dateModified\":\"2018-10-22T15:12:21+00:00\",\"author\":{\"@id\":\"https:\\\/\\\/www.copealcoy.es\\\/es\\\/#\\\/schema\\\/person\\\/e777c87fa024e57d40170af9df39882c\"},\"breadcrumb\":{\"@id\":\"https:\\\/\\\/www.copealcoy.es\\\/es\\\/arrancan-las-obras-de-construccion-de-la-pasarela-entre-alcoy-y-cocentaina\\\/#breadcrumb\"},\"inLanguage\":\"es\",\"potentialAction\":[{\"@type\":\"ReadAction\",\"target\":[\"https:\\\/\\\/www.copealcoy.es\\\/es\\\/arrancan-las-obras-de-construccion-de-la-pasarela-entre-alcoy-y-cocentaina\\\/\"]}]},{\"@type\":\"ImageObject\",\"inLanguage\":\"es\",\"@id\":\"https:\\\/\\\/www.copealcoy.es\\\/es\\\/arrancan-las-obras-de-construccion-de-la-pasarela-entre-alcoy-y-cocentaina\\\/#primaryimage\",\"url\":\"https:\\\/\\\/www.copealcoy.es\\\/wp-content\\\/uploads\\\/2018\\\/10\\\/44317440_345014506083213_8182830614995533824_n.jpg\",\"contentUrl\":\"https:\\\/\\\/www.copealcoy.es\\\/wp-content\\\/uploads\\\/2018\\\/10\\\/44317440_345014506083213_8182830614995533824_n.jpg\",\"width\":960,\"height\":540,\"caption\":\"Las obras comenzaron el pasado jueves \\\/ Foto: Ajuntament d'Alcoi\"},{\"@type\":\"BreadcrumbList\",\"@id\":\"https:\\\/\\\/www.copealcoy.es\\\/es\\\/arrancan-las-obras-de-construccion-de-la-pasarela-entre-alcoy-y-cocentaina\\\/#breadcrumb\",\"itemListElement\":[{\"@type\":\"ListItem\",\"position\":1,\"name\":\"Portada\",\"item\":\"https:\\\/\\\/www.copealcoy.es\\\/es\\\/\"},{\"@type\":\"ListItem\",\"position\":2,\"name\":\"Arrancan las obras de construcci\u00f3n de la pasarela entre Alcoy y Cocentaina\"}]},{\"@type\":\"WebSite\",\"@id\":\"https:\\\/\\\/www.copealcoy.es\\\/es\\\/#website\",\"url\":\"https:\\\/\\\/www.copealcoy.es\\\/es\\\/\",\"name\":\"COPE Alcoy\",\"description\":\"Emisora COPE de radio local con emisi\u00f3n online. Pont de Sant Jordi 8-10 03803 Alcoy\",\"potentialAction\":[{\"@type\":\"SearchAction\",\"target\":{\"@type\":\"EntryPoint\",\"urlTemplate\":\"https:\\\/\\\/www.copealcoy.es\\\/es\\\/?s={search_term_string}\"},\"query-input\":{\"@type\":\"PropertyValueSpecification\",\"valueRequired\":true,\"valueName\":\"search_term_string\"}}],\"inLanguage\":\"es\"},{\"@type\":\"Person\",\"@id\":\"https:\\\/\\\/www.copealcoy.es\\\/es\\\/#\\\/schema\\\/person\\\/e777c87fa024e57d40170af9df39882c\",\"name\":\"Cope Alcoy\",\"image\":{\"@type\":\"ImageObject\",\"inLanguage\":\"es\",\"@id\":\"https:\\\/\\\/secure.gravatar.com\\\/avatar\\\/bb65d0283347e303893ba14f0692005417c1e0e690a325a4c5d8bb2b3943ee14?s=96&d=mm&r=g\",\"url\":\"https:\\\/\\\/secure.gravatar.com\\\/avatar\\\/bb65d0283347e303893ba14f0692005417c1e0e690a325a4c5d8bb2b3943ee14?s=96&d=mm&r=g\",\"contentUrl\":\"https:\\\/\\\/secure.gravatar.com\\\/avatar\\\/bb65d0283347e303893ba14f0692005417c1e0e690a325a4c5d8bb2b3943ee14?s=96&d=mm&r=g\",\"caption\":\"Cope Alcoy\"}}]}<\/script>\n<!-- \/ Yoast SEO plugin. -->","yoast_head_json":{"title":"Arrancan las obras de construcci\u00f3n de la pasarela entre Alcoy y Cocentaina - COPE Alcoy","robots":{"index":"index","follow":"follow","max-snippet":"max-snippet:-1","max-image-preview":"max-image-preview:large","max-video-preview":"max-video-preview:-1"},"canonical":"https:\/\/www.copealcoy.es\/es\/arrancan-las-obras-de-construccion-de-la-pasarela-entre-alcoy-y-cocentaina\/","og_locale":"es_ES","og_type":"article","og_title":"Arrancan las obras de construcci\u00f3n de la pasarela entre Alcoy y Cocentaina - COPE Alcoy","og_description":"El pasado jueves comenzaron las obras\u00a0\u00a0para la construcci\u00f3n de la pasarela peatonal que conectar\u00e1 Alcoy con Cocentaina a la altura...","og_url":"https:\/\/www.copealcoy.es\/es\/arrancan-las-obras-de-construccion-de-la-pasarela-entre-alcoy-y-cocentaina\/","og_site_name":"COPE Alcoy","article_published_time":"2018-10-22T15:10:39+00:00","article_modified_time":"2018-10-22T15:12:21+00:00","og_image":[{"width":960,"height":540,"url":"https:\/\/www.copealcoy.es\/wp-content\/uploads\/2018\/10\/44317440_345014506083213_8182830614995533824_n.jpg","type":"image\/jpeg"}],"author":"Cope Alcoy","twitter_misc":{"Escrito por":"Cope Alcoy","Tiempo de lectura":"1 minuto"},"schema":{"@context":"https:\/\/schema.org","@graph":[{"@type":"Article","@id":"https:\/\/www.copealcoy.es\/es\/arrancan-las-obras-de-construccion-de-la-pasarela-entre-alcoy-y-cocentaina\/#article","isPartOf":{"@id":"https:\/\/www.copealcoy.es\/es\/arrancan-las-obras-de-construccion-de-la-pasarela-entre-alcoy-y-cocentaina\/"},"author":{"name":"Cope Alcoy","@id":"https:\/\/www.copealcoy.es\/es\/#\/schema\/person\/e777c87fa024e57d40170af9df39882c"},"headline":"Arrancan las obras de construcci\u00f3n de la pasarela entre Alcoy y Cocentaina","datePublished":"2018-10-22T15:10:39+00:00","dateModified":"2018-10-22T15:12:21+00:00","mainEntityOfPage":{"@id":"https:\/\/www.copealcoy.es\/es\/arrancan-las-obras-de-construccion-de-la-pasarela-entre-alcoy-y-cocentaina\/"},"wordCount":185,"commentCount":0,"image":{"@id":"https:\/\/www.copealcoy.es\/es\/arrancan-las-obras-de-construccion-de-la-pasarela-entre-alcoy-y-cocentaina\/#primaryimage"},"thumbnailUrl":"https:\/\/www.copealcoy.es\/wp-content\/uploads\/2018\/10\/44317440_345014506083213_8182830614995533824_n.jpg","keywords":["Alcoy","Arrancan","Cocentaina","construcci\u00f3n","Obras","Pasarela"],"articleSection":["Alcoy","Noticias"],"inLanguage":"es"},{"@type":"WebPage","@id":"https:\/\/www.copealcoy.es\/es\/arrancan-las-obras-de-construccion-de-la-pasarela-entre-alcoy-y-cocentaina\/","url":"https:\/\/www.copealcoy.es\/es\/arrancan-las-obras-de-construccion-de-la-pasarela-entre-alcoy-y-cocentaina\/","name":"Arrancan las obras de construcci\u00f3n de la pasarela entre Alcoy y Cocentaina - COPE Alcoy","isPartOf":{"@id":"https:\/\/www.copealcoy.es\/es\/#website"},"primaryImageOfPage":{"@id":"https:\/\/www.copealcoy.es\/es\/arrancan-las-obras-de-construccion-de-la-pasarela-entre-alcoy-y-cocentaina\/#primaryimage"},"image":{"@id":"https:\/\/www.copealcoy.es\/es\/arrancan-las-obras-de-construccion-de-la-pasarela-entre-alcoy-y-cocentaina\/#primaryimage"},"thumbnailUrl":"https:\/\/www.copealcoy.es\/wp-content\/uploads\/2018\/10\/44317440_345014506083213_8182830614995533824_n.jpg","datePublished":"2018-10-22T15:10:39+00:00","dateModified":"2018-10-22T15:12:21+00:00","author":{"@id":"https:\/\/www.copealcoy.es\/es\/#\/schema\/person\/e777c87fa024e57d40170af9df39882c"},"breadcrumb":{"@id":"https:\/\/www.copealcoy.es\/es\/arrancan-las-obras-de-construccion-de-la-pasarela-entre-alcoy-y-cocentaina\/#breadcrumb"},"inLanguage":"es","potentialAction":[{"@type":"ReadAction","target":["https:\/\/www.copealcoy.es\/es\/arrancan-las-obras-de-construccion-de-la-pasarela-entre-alcoy-y-cocentaina\/"]}]},{"@type":"ImageObject","inLanguage":"es","@id":"https:\/\/www.copealcoy.es\/es\/arrancan-las-obras-de-construccion-de-la-pasarela-entre-alcoy-y-cocentaina\/#primaryimage","url":"https:\/\/www.copealcoy.es\/wp-content\/uploads\/2018\/10\/44317440_345014506083213_8182830614995533824_n.jpg","contentUrl":"https:\/\/www.copealcoy.es\/wp-content\/uploads\/2018\/10\/44317440_345014506083213_8182830614995533824_n.jpg","width":960,"height":540,"caption":"Las obras comenzaron el pasado jueves \/ Foto: Ajuntament d'Alcoi"},{"@type":"BreadcrumbList","@id":"https:\/\/www.copealcoy.es\/es\/arrancan-las-obras-de-construccion-de-la-pasarela-entre-alcoy-y-cocentaina\/#breadcrumb","itemListElement":[{"@type":"ListItem","position":1,"name":"Portada","item":"https:\/\/www.copealcoy.es\/es\/"},{"@type":"ListItem","position":2,"name":"Arrancan las obras de construcci\u00f3n de la pasarela entre Alcoy y Cocentaina"}]},{"@type":"WebSite","@id":"https:\/\/www.copealcoy.es\/es\/#website","url":"https:\/\/www.copealcoy.es\/es\/","name":"COPE Alcoy","description":"Emisora COPE de radio local con emisi\u00f3n online. Pont de Sant Jordi 8-10 03803 Alcoy","potentialAction":[{"@type":"SearchAction","target":{"@type":"EntryPoint","urlTemplate":"https:\/\/www.copealcoy.es\/es\/?s={search_term_string}"},"query-input":{"@type":"PropertyValueSpecification","valueRequired":true,"valueName":"search_term_string"}}],"inLanguage":"es"},{"@type":"Person","@id":"https:\/\/www.copealcoy.es\/es\/#\/schema\/person\/e777c87fa024e57d40170af9df39882c","name":"Cope Alcoy","image":{"@type":"ImageObject","inLanguage":"es","@id":"https:\/\/secure.gravatar.com\/avatar\/bb65d0283347e303893ba14f0692005417c1e0e690a325a4c5d8bb2b3943ee14?s=96&d=mm&r=g","url":"https:\/\/secure.gravatar.com\/avatar\/bb65d0283347e303893ba14f0692005417c1e0e690a325a4c5d8bb2b3943ee14?s=96&d=mm&r=g","contentUrl":"https:\/\/secure.gravatar.com\/avatar\/bb65d0283347e303893ba14f0692005417c1e0e690a325a4c5d8bb2b3943ee14?s=96&d=mm&r=g","caption":"Cope Alcoy"}}]}},"_links":{"self":[{"href":"https:\/\/www.copealcoy.es\/es\/wp-json\/wp\/v2\/posts\/46516","targetHints":{"allow":["GET"]}}],"collection":[{"href":"https:\/\/www.copealcoy.es\/es\/wp-json\/wp\/v2\/posts"}],"about":[{"href":"https:\/\/www.copealcoy.es\/es\/wp-json\/wp\/v2\/types\/post"}],"author":[{"embeddable":true,"href":"https:\/\/www.copealcoy.es\/es\/wp-json\/wp\/v2\/users\/1"}],"replies":[{"embeddable":true,"href":"https:\/\/www.copealcoy.es\/es\/wp-json\/wp\/v2\/comments?post=46516"}],"version-history":[{"count":0,"href":"https:\/\/www.copealcoy.es\/es\/wp-json\/wp\/v2\/posts\/46516\/revisions"}],"wp:featuredmedia":[{"embeddable":true,"href":"https:\/\/www.copealcoy.es\/es\/wp-json\/wp\/v2\/media\/46517"}],"wp:attachment":[{"href":"https:\/\/www.copealcoy.es\/es\/wp-json\/wp\/v2\/media?parent=46516"}],"wp:term":[{"taxonomy":"category","embeddable":true,"href":"https:\/\/www.copealcoy.es\/es\/wp-json\/wp\/v2\/categories?post=46516"},{"taxonomy":"post_tag","embeddable":true,"href":"https:\/\/www.copealcoy.es\/es\/wp-json\/wp\/v2\/tags?post=46516"}],"curies":[{"name":"wp","href":"https:\/\/api.w.org\/{rel}","templated":true}]}}