{"id":46342,"date":"2018-10-19T15:40:14","date_gmt":"2018-10-19T15:40:14","guid":{"rendered":"http:\/\/copealcoi.es\/new\/?p=46342"},"modified":"2018-10-19T15:46:32","modified_gmt":"2018-10-19T15:46:32","slug":"alvaro-santacreu-es-proclamado-oficialmente-como-sant-jordiet-2019","status":"publish","type":"post","link":"https:\/\/www.copealcoy.es\/es\/alvaro-santacreu-es-proclamado-oficialmente-como-sant-jordiet-2019\/","title":{"rendered":"\u00c1lvaro Santacreu es proclamado oficialmente como Sant Jordiet 2019"},"content":{"rendered":"<p style=\"text-align: justify;\">El <strong>Teatro del Colegio Salesianos San Vicente Ferrer<\/strong> ha sido el escenario escogido esta tarde para llevar a cabo <strong>la presentaci\u00f3n oficial<\/strong> de <strong>\u00c1lvaro Santacreu Pi\u00f1ero<\/strong> como <strong>Sant Jordiet<\/strong> de las Fiestas de Moros y Cristianos de Alcoy del a\u00f1o 2019.<\/p>\n<p style=\"text-align: justify;\">El peque\u00f1o \u00c1lvaro, que es <strong>festero de la Fil\u00e0 Verds<\/strong>, ha estado <strong>acompa\u00f1ado<\/strong> por los miembros infantiles de esta formaci\u00f3n festera as\u00ed como por sus compa\u00f1eros de clase. Adem\u00e1s no han faltado a la cita <strong>sus familiares m\u00e1s cercanos<\/strong> e incluso el resto de ni\u00f1os del Centro Educativo que fueron escogidos como Sant Jordiet en los \u00faltimos a\u00f1os. Tambi\u00e9n ha estado arropado por sus padres,\u00a0<strong>Ra\u00fal Santacreu y Alicia Pi\u00f1ero<\/strong>, y por numerosos representantes del \u00e1mbito de la Festa. El nuevo Sant Jordiet <strong>ha recibido el testigo<\/strong> de su predecesor en el cargo, <strong>Juanjo Valls Fuster<\/strong>, y este \u00faltimo le ha hecho entrega de <strong>la bandera con la ense\u00f1a de la cruz<\/strong> que le avalar\u00e1 como uno de los m\u00e1ximos representantes de la pr\u00f3xima trilog\u00eda en honor a San Jorge. Indicar que \u00c1lvaro Santacreu <strong>ha sido obsequiado con numerosos regalos<\/strong> y ha recibido unas <strong>emotivas palabras<\/strong> de felicitaci\u00f3n por parte del colegio as\u00ed como del alcalde, <strong>Antonio Franc\u00e9s<\/strong>, y del Presidente de la Asociaci\u00f3n de San Jorge; <strong>Juan Jos\u00e9 Olcina<\/strong>.<\/p>\n<p style=\"text-align: justify;\">La presentaci\u00f3n del Sant Jordiet de 2019, que ha llenado de Fiesta y buen ambiente el colegio Salesianos, ha sido <strong>el aperitivo<\/strong> para la <strong>Presentaci\u00f3n de los Cargos Festeros<\/strong>. La gala est\u00e1 prevista para <strong>las ocho y media de la tarde<\/strong> en el Teatro Calder\u00f3n.<\/p>\n","protected":false},"excerpt":{"rendered":"<p>El Teatro del Colegio Salesianos San Vicente Ferrer ha sido el escenario escogido esta tarde para llevar a cabo la&#8230;<\/p>\n","protected":false},"author":1,"featured_media":46343,"comment_status":"open","ping_status":"open","sticky":false,"template":"","format":"standard","meta":{"footnotes":""},"categories":[97,78,75,125],"tags":[5994,6845,340,6846,461],"class_list":["post-46342","post","type-post","status-publish","format-standard","has-post-thumbnail","hentry","category-alcoy","category-fiestaycultura","category-noticias","category-portada","tag-5994","tag-alvaro-santacreu","tag-oficialmente","tag-proclamado","tag-sant-jordiet"],"yoast_head":"<!-- This site is optimized with the Yoast SEO plugin v27.3 - https:\/\/yoast.com\/product\/yoast-seo-wordpress\/ -->\n<title>\u00c1lvaro Santacreu es proclamado oficialmente como Sant Jordiet 2019 - COPE Alcoy<\/title>\n<meta name=\"robots\" content=\"index, follow, max-snippet:-1, max-image-preview:large, max-video-preview:-1\" \/>\n<link rel=\"canonical\" href=\"https:\/\/www.copealcoy.es\/es\/alvaro-santacreu-es-proclamado-oficialmente-como-sant-jordiet-2019\/\" \/>\n<meta property=\"og:locale\" content=\"es_ES\" \/>\n<meta property=\"og:type\" content=\"article\" \/>\n<meta property=\"og:title\" content=\"\u00c1lvaro Santacreu es proclamado oficialmente como Sant Jordiet 2019 - COPE Alcoy\" \/>\n<meta property=\"og:description\" content=\"El Teatro del Colegio Salesianos San Vicente Ferrer ha sido el escenario escogido esta tarde para llevar a cabo la...\" \/>\n<meta property=\"og:url\" content=\"https:\/\/www.copealcoy.es\/es\/alvaro-santacreu-es-proclamado-oficialmente-como-sant-jordiet-2019\/\" \/>\n<meta property=\"og:site_name\" content=\"COPE Alcoy\" \/>\n<meta property=\"article:published_time\" content=\"2018-10-19T15:40:14+00:00\" \/>\n<meta property=\"article:modified_time\" content=\"2018-10-19T15:46:32+00:00\" \/>\n<meta property=\"og:image\" content=\"https:\/\/www.copealcoy.es\/wp-content\/uploads\/2018\/10\/44328513_2748873018472198_3485270225882972160_n.jpg\" \/>\n\t<meta property=\"og:image:width\" content=\"960\" \/>\n\t<meta property=\"og:image:height\" content=\"540\" \/>\n\t<meta property=\"og:image:type\" content=\"image\/jpeg\" \/>\n<meta name=\"author\" content=\"Cope Alcoy\" \/>\n<meta name=\"twitter:label1\" content=\"Escrito por\" \/>\n\t<meta name=\"twitter:data1\" content=\"Cope Alcoy\" \/>\n\t<meta name=\"twitter:label2\" content=\"Tiempo de lectura\" \/>\n\t<meta name=\"twitter:data2\" content=\"1 minuto\" \/>\n<script type=\"application\/ld+json\" class=\"yoast-schema-graph\">{\"@context\":\"https:\\\/\\\/schema.org\",\"@graph\":[{\"@type\":\"Article\",\"@id\":\"https:\\\/\\\/www.copealcoy.es\\\/es\\\/alvaro-santacreu-es-proclamado-oficialmente-como-sant-jordiet-2019\\\/#article\",\"isPartOf\":{\"@id\":\"https:\\\/\\\/www.copealcoy.es\\\/es\\\/alvaro-santacreu-es-proclamado-oficialmente-como-sant-jordiet-2019\\\/\"},\"author\":{\"name\":\"Cope Alcoy\",\"@id\":\"https:\\\/\\\/www.copealcoy.es\\\/es\\\/#\\\/schema\\\/person\\\/e777c87fa024e57d40170af9df39882c\"},\"headline\":\"\u00c1lvaro Santacreu es proclamado oficialmente como Sant Jordiet 2019\",\"datePublished\":\"2018-10-19T15:40:14+00:00\",\"dateModified\":\"2018-10-19T15:46:32+00:00\",\"mainEntityOfPage\":{\"@id\":\"https:\\\/\\\/www.copealcoy.es\\\/es\\\/alvaro-santacreu-es-proclamado-oficialmente-como-sant-jordiet-2019\\\/\"},\"wordCount\":286,\"commentCount\":0,\"image\":{\"@id\":\"https:\\\/\\\/www.copealcoy.es\\\/es\\\/alvaro-santacreu-es-proclamado-oficialmente-como-sant-jordiet-2019\\\/#primaryimage\"},\"thumbnailUrl\":\"https:\\\/\\\/www.copealcoy.es\\\/wp-content\\\/uploads\\\/2018\\\/10\\\/44328513_2748873018472198_3485270225882972160_n.jpg\",\"keywords\":[\"2019\",\"\u00c1lvaro Santacreu\",\"Oficialmente\",\"proclamado\",\"Sant Jordiet\"],\"articleSection\":[\"Alcoy\",\"Fiesta y Cultura\",\"Noticias\",\"Portada\"],\"inLanguage\":\"es\"},{\"@type\":\"WebPage\",\"@id\":\"https:\\\/\\\/www.copealcoy.es\\\/es\\\/alvaro-santacreu-es-proclamado-oficialmente-como-sant-jordiet-2019\\\/\",\"url\":\"https:\\\/\\\/www.copealcoy.es\\\/es\\\/alvaro-santacreu-es-proclamado-oficialmente-como-sant-jordiet-2019\\\/\",\"name\":\"\u00c1lvaro Santacreu es proclamado oficialmente como Sant Jordiet 2019 - COPE Alcoy\",\"isPartOf\":{\"@id\":\"https:\\\/\\\/www.copealcoy.es\\\/es\\\/#website\"},\"primaryImageOfPage\":{\"@id\":\"https:\\\/\\\/www.copealcoy.es\\\/es\\\/alvaro-santacreu-es-proclamado-oficialmente-como-sant-jordiet-2019\\\/#primaryimage\"},\"image\":{\"@id\":\"https:\\\/\\\/www.copealcoy.es\\\/es\\\/alvaro-santacreu-es-proclamado-oficialmente-como-sant-jordiet-2019\\\/#primaryimage\"},\"thumbnailUrl\":\"https:\\\/\\\/www.copealcoy.es\\\/wp-content\\\/uploads\\\/2018\\\/10\\\/44328513_2748873018472198_3485270225882972160_n.jpg\",\"datePublished\":\"2018-10-19T15:40:14+00:00\",\"dateModified\":\"2018-10-19T15:46:32+00:00\",\"author\":{\"@id\":\"https:\\\/\\\/www.copealcoy.es\\\/es\\\/#\\\/schema\\\/person\\\/e777c87fa024e57d40170af9df39882c\"},\"breadcrumb\":{\"@id\":\"https:\\\/\\\/www.copealcoy.es\\\/es\\\/alvaro-santacreu-es-proclamado-oficialmente-como-sant-jordiet-2019\\\/#breadcrumb\"},\"inLanguage\":\"es\",\"potentialAction\":[{\"@type\":\"ReadAction\",\"target\":[\"https:\\\/\\\/www.copealcoy.es\\\/es\\\/alvaro-santacreu-es-proclamado-oficialmente-como-sant-jordiet-2019\\\/\"]}]},{\"@type\":\"ImageObject\",\"inLanguage\":\"es\",\"@id\":\"https:\\\/\\\/www.copealcoy.es\\\/es\\\/alvaro-santacreu-es-proclamado-oficialmente-como-sant-jordiet-2019\\\/#primaryimage\",\"url\":\"https:\\\/\\\/www.copealcoy.es\\\/wp-content\\\/uploads\\\/2018\\\/10\\\/44328513_2748873018472198_3485270225882972160_n.jpg\",\"contentUrl\":\"https:\\\/\\\/www.copealcoy.es\\\/wp-content\\\/uploads\\\/2018\\\/10\\\/44328513_2748873018472198_3485270225882972160_n.jpg\",\"width\":960,\"height\":540,\"caption\":\"El acto ha tenido lugar en el Teatro Calder\u00f3n \\\/ Foto: Ajuntament d'Alcoi\"},{\"@type\":\"BreadcrumbList\",\"@id\":\"https:\\\/\\\/www.copealcoy.es\\\/es\\\/alvaro-santacreu-es-proclamado-oficialmente-como-sant-jordiet-2019\\\/#breadcrumb\",\"itemListElement\":[{\"@type\":\"ListItem\",\"position\":1,\"name\":\"Portada\",\"item\":\"https:\\\/\\\/www.copealcoy.es\\\/es\\\/\"},{\"@type\":\"ListItem\",\"position\":2,\"name\":\"\u00c1lvaro Santacreu es proclamado oficialmente como Sant Jordiet 2019\"}]},{\"@type\":\"WebSite\",\"@id\":\"https:\\\/\\\/www.copealcoy.es\\\/es\\\/#website\",\"url\":\"https:\\\/\\\/www.copealcoy.es\\\/es\\\/\",\"name\":\"COPE Alcoy\",\"description\":\"Emisora COPE de radio local con emisi\u00f3n online. Pont de Sant Jordi 8-10 03803 Alcoy\",\"potentialAction\":[{\"@type\":\"SearchAction\",\"target\":{\"@type\":\"EntryPoint\",\"urlTemplate\":\"https:\\\/\\\/www.copealcoy.es\\\/es\\\/?s={search_term_string}\"},\"query-input\":{\"@type\":\"PropertyValueSpecification\",\"valueRequired\":true,\"valueName\":\"search_term_string\"}}],\"inLanguage\":\"es\"},{\"@type\":\"Person\",\"@id\":\"https:\\\/\\\/www.copealcoy.es\\\/es\\\/#\\\/schema\\\/person\\\/e777c87fa024e57d40170af9df39882c\",\"name\":\"Cope Alcoy\",\"image\":{\"@type\":\"ImageObject\",\"inLanguage\":\"es\",\"@id\":\"https:\\\/\\\/secure.gravatar.com\\\/avatar\\\/bb65d0283347e303893ba14f0692005417c1e0e690a325a4c5d8bb2b3943ee14?s=96&d=mm&r=g\",\"url\":\"https:\\\/\\\/secure.gravatar.com\\\/avatar\\\/bb65d0283347e303893ba14f0692005417c1e0e690a325a4c5d8bb2b3943ee14?s=96&d=mm&r=g\",\"contentUrl\":\"https:\\\/\\\/secure.gravatar.com\\\/avatar\\\/bb65d0283347e303893ba14f0692005417c1e0e690a325a4c5d8bb2b3943ee14?s=96&d=mm&r=g\",\"caption\":\"Cope Alcoy\"}}]}<\/script>\n<!-- \/ Yoast SEO plugin. -->","yoast_head_json":{"title":"\u00c1lvaro Santacreu es proclamado oficialmente como Sant Jordiet 2019 - COPE Alcoy","robots":{"index":"index","follow":"follow","max-snippet":"max-snippet:-1","max-image-preview":"max-image-preview:large","max-video-preview":"max-video-preview:-1"},"canonical":"https:\/\/www.copealcoy.es\/es\/alvaro-santacreu-es-proclamado-oficialmente-como-sant-jordiet-2019\/","og_locale":"es_ES","og_type":"article","og_title":"\u00c1lvaro Santacreu es proclamado oficialmente como Sant Jordiet 2019 - COPE Alcoy","og_description":"El Teatro del Colegio Salesianos San Vicente Ferrer ha sido el escenario escogido esta tarde para llevar a cabo la...","og_url":"https:\/\/www.copealcoy.es\/es\/alvaro-santacreu-es-proclamado-oficialmente-como-sant-jordiet-2019\/","og_site_name":"COPE Alcoy","article_published_time":"2018-10-19T15:40:14+00:00","article_modified_time":"2018-10-19T15:46:32+00:00","og_image":[{"width":960,"height":540,"url":"https:\/\/www.copealcoy.es\/wp-content\/uploads\/2018\/10\/44328513_2748873018472198_3485270225882972160_n.jpg","type":"image\/jpeg"}],"author":"Cope Alcoy","twitter_misc":{"Escrito por":"Cope Alcoy","Tiempo de lectura":"1 minuto"},"schema":{"@context":"https:\/\/schema.org","@graph":[{"@type":"Article","@id":"https:\/\/www.copealcoy.es\/es\/alvaro-santacreu-es-proclamado-oficialmente-como-sant-jordiet-2019\/#article","isPartOf":{"@id":"https:\/\/www.copealcoy.es\/es\/alvaro-santacreu-es-proclamado-oficialmente-como-sant-jordiet-2019\/"},"author":{"name":"Cope Alcoy","@id":"https:\/\/www.copealcoy.es\/es\/#\/schema\/person\/e777c87fa024e57d40170af9df39882c"},"headline":"\u00c1lvaro Santacreu es proclamado oficialmente como Sant Jordiet 2019","datePublished":"2018-10-19T15:40:14+00:00","dateModified":"2018-10-19T15:46:32+00:00","mainEntityOfPage":{"@id":"https:\/\/www.copealcoy.es\/es\/alvaro-santacreu-es-proclamado-oficialmente-como-sant-jordiet-2019\/"},"wordCount":286,"commentCount":0,"image":{"@id":"https:\/\/www.copealcoy.es\/es\/alvaro-santacreu-es-proclamado-oficialmente-como-sant-jordiet-2019\/#primaryimage"},"thumbnailUrl":"https:\/\/www.copealcoy.es\/wp-content\/uploads\/2018\/10\/44328513_2748873018472198_3485270225882972160_n.jpg","keywords":["2019","\u00c1lvaro Santacreu","Oficialmente","proclamado","Sant Jordiet"],"articleSection":["Alcoy","Fiesta y Cultura","Noticias","Portada"],"inLanguage":"es"},{"@type":"WebPage","@id":"https:\/\/www.copealcoy.es\/es\/alvaro-santacreu-es-proclamado-oficialmente-como-sant-jordiet-2019\/","url":"https:\/\/www.copealcoy.es\/es\/alvaro-santacreu-es-proclamado-oficialmente-como-sant-jordiet-2019\/","name":"\u00c1lvaro Santacreu es proclamado oficialmente como Sant Jordiet 2019 - COPE Alcoy","isPartOf":{"@id":"https:\/\/www.copealcoy.es\/es\/#website"},"primaryImageOfPage":{"@id":"https:\/\/www.copealcoy.es\/es\/alvaro-santacreu-es-proclamado-oficialmente-como-sant-jordiet-2019\/#primaryimage"},"image":{"@id":"https:\/\/www.copealcoy.es\/es\/alvaro-santacreu-es-proclamado-oficialmente-como-sant-jordiet-2019\/#primaryimage"},"thumbnailUrl":"https:\/\/www.copealcoy.es\/wp-content\/uploads\/2018\/10\/44328513_2748873018472198_3485270225882972160_n.jpg","datePublished":"2018-10-19T15:40:14+00:00","dateModified":"2018-10-19T15:46:32+00:00","author":{"@id":"https:\/\/www.copealcoy.es\/es\/#\/schema\/person\/e777c87fa024e57d40170af9df39882c"},"breadcrumb":{"@id":"https:\/\/www.copealcoy.es\/es\/alvaro-santacreu-es-proclamado-oficialmente-como-sant-jordiet-2019\/#breadcrumb"},"inLanguage":"es","potentialAction":[{"@type":"ReadAction","target":["https:\/\/www.copealcoy.es\/es\/alvaro-santacreu-es-proclamado-oficialmente-como-sant-jordiet-2019\/"]}]},{"@type":"ImageObject","inLanguage":"es","@id":"https:\/\/www.copealcoy.es\/es\/alvaro-santacreu-es-proclamado-oficialmente-como-sant-jordiet-2019\/#primaryimage","url":"https:\/\/www.copealcoy.es\/wp-content\/uploads\/2018\/10\/44328513_2748873018472198_3485270225882972160_n.jpg","contentUrl":"https:\/\/www.copealcoy.es\/wp-content\/uploads\/2018\/10\/44328513_2748873018472198_3485270225882972160_n.jpg","width":960,"height":540,"caption":"El acto ha tenido lugar en el Teatro Calder\u00f3n \/ Foto: Ajuntament d'Alcoi"},{"@type":"BreadcrumbList","@id":"https:\/\/www.copealcoy.es\/es\/alvaro-santacreu-es-proclamado-oficialmente-como-sant-jordiet-2019\/#breadcrumb","itemListElement":[{"@type":"ListItem","position":1,"name":"Portada","item":"https:\/\/www.copealcoy.es\/es\/"},{"@type":"ListItem","position":2,"name":"\u00c1lvaro Santacreu es proclamado oficialmente como Sant Jordiet 2019"}]},{"@type":"WebSite","@id":"https:\/\/www.copealcoy.es\/es\/#website","url":"https:\/\/www.copealcoy.es\/es\/","name":"COPE Alcoy","description":"Emisora COPE de radio local con emisi\u00f3n online. Pont de Sant Jordi 8-10 03803 Alcoy","potentialAction":[{"@type":"SearchAction","target":{"@type":"EntryPoint","urlTemplate":"https:\/\/www.copealcoy.es\/es\/?s={search_term_string}"},"query-input":{"@type":"PropertyValueSpecification","valueRequired":true,"valueName":"search_term_string"}}],"inLanguage":"es"},{"@type":"Person","@id":"https:\/\/www.copealcoy.es\/es\/#\/schema\/person\/e777c87fa024e57d40170af9df39882c","name":"Cope Alcoy","image":{"@type":"ImageObject","inLanguage":"es","@id":"https:\/\/secure.gravatar.com\/avatar\/bb65d0283347e303893ba14f0692005417c1e0e690a325a4c5d8bb2b3943ee14?s=96&d=mm&r=g","url":"https:\/\/secure.gravatar.com\/avatar\/bb65d0283347e303893ba14f0692005417c1e0e690a325a4c5d8bb2b3943ee14?s=96&d=mm&r=g","contentUrl":"https:\/\/secure.gravatar.com\/avatar\/bb65d0283347e303893ba14f0692005417c1e0e690a325a4c5d8bb2b3943ee14?s=96&d=mm&r=g","caption":"Cope Alcoy"}}]}},"_links":{"self":[{"href":"https:\/\/www.copealcoy.es\/es\/wp-json\/wp\/v2\/posts\/46342","targetHints":{"allow":["GET"]}}],"collection":[{"href":"https:\/\/www.copealcoy.es\/es\/wp-json\/wp\/v2\/posts"}],"about":[{"href":"https:\/\/www.copealcoy.es\/es\/wp-json\/wp\/v2\/types\/post"}],"author":[{"embeddable":true,"href":"https:\/\/www.copealcoy.es\/es\/wp-json\/wp\/v2\/users\/1"}],"replies":[{"embeddable":true,"href":"https:\/\/www.copealcoy.es\/es\/wp-json\/wp\/v2\/comments?post=46342"}],"version-history":[{"count":0,"href":"https:\/\/www.copealcoy.es\/es\/wp-json\/wp\/v2\/posts\/46342\/revisions"}],"wp:featuredmedia":[{"embeddable":true,"href":"https:\/\/www.copealcoy.es\/es\/wp-json\/wp\/v2\/media\/46343"}],"wp:attachment":[{"href":"https:\/\/www.copealcoy.es\/es\/wp-json\/wp\/v2\/media?parent=46342"}],"wp:term":[{"taxonomy":"category","embeddable":true,"href":"https:\/\/www.copealcoy.es\/es\/wp-json\/wp\/v2\/categories?post=46342"},{"taxonomy":"post_tag","embeddable":true,"href":"https:\/\/www.copealcoy.es\/es\/wp-json\/wp\/v2\/tags?post=46342"}],"curies":[{"name":"wp","href":"https:\/\/api.w.org\/{rel}","templated":true}]}}