{"id":46316,"date":"2018-10-18T14:59:30","date_gmt":"2018-10-18T14:59:30","guid":{"rendered":"http:\/\/copealcoi.es\/new\/?p=46316"},"modified":"2018-10-18T15:08:37","modified_gmt":"2018-10-18T15:08:37","slug":"carlos-merchan-creara-el-cartel-de-fiestas-y-trinidad-sanchis-dirigira-el-himno-en-2019","status":"publish","type":"post","link":"https:\/\/www.copealcoy.es\/es\/carlos-merchan-creara-el-cartel-de-fiestas-y-trinidad-sanchis-dirigira-el-himno-en-2019\/","title":{"rendered":"Carlos Merch\u00e1n crear\u00e1 el cartel de Fiestas y Trinidad Sanch\u00eds dirigir\u00e1 el Himno en 2019"},"content":{"rendered":"<p style=\"text-align: justify;\">El <strong>Ayuntamiento de Alcoy<\/strong> ha hecho p\u00fablicos este jueves, en <strong>v\u00edsperas del Mig Any<\/strong>, dos de los <strong>nombres propios<\/strong> de la pr\u00f3xima <strong>trilog\u00eda festera<\/strong> en honor a San Jorge que se celebrar\u00e1 entre el 4 y el 6 de mayo.<\/p>\n<p style=\"text-align: justify;\">Por una parte hay que destacar que la alcoyana afincada en M\u00e9xico, <strong>Trinidad Sanchis Pic\u00f3<\/strong>, ser\u00e1 la encargada de <strong>dirigir el Himno de Fiestas<\/strong> en la Plaza de Espa\u00f1a el viernes 3 de mayo. La pianista<strong> fue\u00a0profesora de piano<\/strong> de los &#8216;Ni\u00f1os cantores de Viena&#8217; durante siete a\u00f1os y recibi\u00f3 <strong>la Menci\u00f3n Honor\u00edfica<\/strong> en la Escuela Superior de M\u00fasica de Viena en los a\u00f1os 70. Tambi\u00e9n<strong> ha actuado en Alcoy<\/strong> en diferentes ocasiones, muchas de ellas de la mano de &#8216;Amigos de la M\u00fasica&#8217;, \u00a0y cuenta con <strong>una gran carrera a nivel internacional<\/strong> que le ha valido para obtener tambi\u00e9n importantes reconocimientos. Ser\u00e1 <strong>la quinta mujer<\/strong> en dirigir el Himno de Fiestas despu\u00e9s de que antes lo hicieran\u00a0Pilar Momp\u00f3 en 1981; Carmina Verd\u00fa en 1991; Marisa Blanes en 2007 y Consuelo Colomer en 2008.<\/p>\n<p style=\"text-align: justify;\">En segundo lugar mencionar que <strong>Carlos Merch\u00e1n<\/strong> asumir\u00e1 <strong>la tarea de crear el cartel<\/strong> que anunciar\u00e1 la llegada de las Fiestas de Moros y Cristianos del a\u00f1o que viene. El autor, nacido en Salamanca en 1962,\u00a0<strong>se licenci\u00f3 en Bellas Artes<\/strong> y obtuvo <strong>el t\u00edtulo<\/strong> de profesor de Dibujo y Pintura en la Facultad de Ciencias de la Educaci\u00f3n de la Universidad de la mencionada ciudad. Adem\u00e1s ha realizado\u00a0<strong>una veintena de exposiciones<\/strong> tanto individuales como colectivas y \u00a0ahora mismo <strong>es profesor<\/strong> de dibujo y pintura en las Aulas de la Tercera Edad de Alcoy. \u00a0Recordar que Merch\u00e1n <strong>fue el autor del cartel de la Virgen de los Lirios del a\u00f1o 2011<\/strong> y tambi\u00e9n ha sido autor del <strong>cartel de la Pe\u00f1a Bon Humor de Alcoy<\/strong>, entre otros muchos.<\/p>\n<p style=\"text-align: justify;\">Desde la concejal\u00eda de Fiestas del Ayuntamiento de Alcoy <strong>han alabado la trayectoria de ambos<\/strong> y <strong>la gran labor<\/strong> que realizan, desde sus respectivas materias, los dos protagonistas.<\/p>\n","protected":false},"excerpt":{"rendered":"<p>El Ayuntamiento de Alcoy ha hecho p\u00fablicos este jueves, en v\u00edsperas del Mig Any, dos de los nombres propios de&#8230;<\/p>\n","protected":false},"author":1,"featured_media":46317,"comment_status":"open","ping_status":"open","sticky":false,"template":"","format":"standard","meta":{"footnotes":""},"categories":[97,78,75],"tags":[6836,908,6838,2154,6837],"class_list":["post-46316","post","type-post","status-publish","format-standard","has-post-thumbnail","hentry","category-alcoy","category-fiestaycultura","category-noticias","tag-carlos-merchan","tag-cartel","tag-dirigira","tag-himno","tag-trinidad-sanchis"],"yoast_head":"<!-- This site is optimized with the Yoast SEO plugin v27.3 - https:\/\/yoast.com\/product\/yoast-seo-wordpress\/ -->\n<title>Carlos Merch\u00e1n crear\u00e1 el cartel de Fiestas y Trinidad Sanch\u00eds dirigir\u00e1 el Himno en 2019 - COPE Alcoy<\/title>\n<meta name=\"robots\" content=\"index, follow, max-snippet:-1, max-image-preview:large, max-video-preview:-1\" \/>\n<link rel=\"canonical\" href=\"https:\/\/www.copealcoy.es\/es\/carlos-merchan-creara-el-cartel-de-fiestas-y-trinidad-sanchis-dirigira-el-himno-en-2019\/\" \/>\n<meta property=\"og:locale\" content=\"es_ES\" \/>\n<meta property=\"og:type\" content=\"article\" \/>\n<meta property=\"og:title\" content=\"Carlos Merch\u00e1n crear\u00e1 el cartel de Fiestas y Trinidad Sanch\u00eds dirigir\u00e1 el Himno en 2019 - COPE Alcoy\" \/>\n<meta property=\"og:description\" content=\"El Ayuntamiento de Alcoy ha hecho p\u00fablicos este jueves, en v\u00edsperas del Mig Any, dos de los nombres propios de...\" \/>\n<meta property=\"og:url\" content=\"https:\/\/www.copealcoy.es\/es\/carlos-merchan-creara-el-cartel-de-fiestas-y-trinidad-sanchis-dirigira-el-himno-en-2019\/\" \/>\n<meta property=\"og:site_name\" content=\"COPE Alcoy\" \/>\n<meta property=\"article:published_time\" content=\"2018-10-18T14:59:30+00:00\" \/>\n<meta property=\"article:modified_time\" content=\"2018-10-18T15:08:37+00:00\" \/>\n<meta property=\"og:image\" content=\"https:\/\/www.copealcoy.es\/wp-content\/uploads\/2018\/10\/Director-Himno.jpg\" \/>\n\t<meta property=\"og:image:width\" content=\"660\" \/>\n\t<meta property=\"og:image:height\" content=\"330\" \/>\n\t<meta property=\"og:image:type\" content=\"image\/jpeg\" \/>\n<meta name=\"author\" content=\"Cope Alcoy\" \/>\n<meta name=\"twitter:label1\" content=\"Escrito por\" \/>\n\t<meta name=\"twitter:data1\" content=\"Cope Alcoy\" \/>\n\t<meta name=\"twitter:label2\" content=\"Tiempo de lectura\" \/>\n\t<meta name=\"twitter:data2\" content=\"2 minutos\" \/>\n<script type=\"application\/ld+json\" class=\"yoast-schema-graph\">{\"@context\":\"https:\\\/\\\/schema.org\",\"@graph\":[{\"@type\":\"Article\",\"@id\":\"https:\\\/\\\/www.copealcoy.es\\\/es\\\/carlos-merchan-creara-el-cartel-de-fiestas-y-trinidad-sanchis-dirigira-el-himno-en-2019\\\/#article\",\"isPartOf\":{\"@id\":\"https:\\\/\\\/www.copealcoy.es\\\/es\\\/carlos-merchan-creara-el-cartel-de-fiestas-y-trinidad-sanchis-dirigira-el-himno-en-2019\\\/\"},\"author\":{\"name\":\"Cope Alcoy\",\"@id\":\"https:\\\/\\\/www.copealcoy.es\\\/es\\\/#\\\/schema\\\/person\\\/e777c87fa024e57d40170af9df39882c\"},\"headline\":\"Carlos Merch\u00e1n crear\u00e1 el cartel de Fiestas y Trinidad Sanch\u00eds dirigir\u00e1 el Himno en 2019\",\"datePublished\":\"2018-10-18T14:59:30+00:00\",\"dateModified\":\"2018-10-18T15:08:37+00:00\",\"mainEntityOfPage\":{\"@id\":\"https:\\\/\\\/www.copealcoy.es\\\/es\\\/carlos-merchan-creara-el-cartel-de-fiestas-y-trinidad-sanchis-dirigira-el-himno-en-2019\\\/\"},\"wordCount\":365,\"commentCount\":0,\"image\":{\"@id\":\"https:\\\/\\\/www.copealcoy.es\\\/es\\\/carlos-merchan-creara-el-cartel-de-fiestas-y-trinidad-sanchis-dirigira-el-himno-en-2019\\\/#primaryimage\"},\"thumbnailUrl\":\"https:\\\/\\\/www.copealcoy.es\\\/wp-content\\\/uploads\\\/2018\\\/10\\\/Director-Himno.jpg\",\"keywords\":[\"Carlos Merch\u00e1n\",\"Cartel\",\"dirigir\u00e1\",\"Himno\",\"Trinidad Sanch\u00eds\"],\"articleSection\":[\"Alcoy\",\"Fiesta y Cultura\",\"Noticias\"],\"inLanguage\":\"es\"},{\"@type\":\"WebPage\",\"@id\":\"https:\\\/\\\/www.copealcoy.es\\\/es\\\/carlos-merchan-creara-el-cartel-de-fiestas-y-trinidad-sanchis-dirigira-el-himno-en-2019\\\/\",\"url\":\"https:\\\/\\\/www.copealcoy.es\\\/es\\\/carlos-merchan-creara-el-cartel-de-fiestas-y-trinidad-sanchis-dirigira-el-himno-en-2019\\\/\",\"name\":\"Carlos Merch\u00e1n crear\u00e1 el cartel de Fiestas y Trinidad Sanch\u00eds dirigir\u00e1 el Himno en 2019 - COPE Alcoy\",\"isPartOf\":{\"@id\":\"https:\\\/\\\/www.copealcoy.es\\\/es\\\/#website\"},\"primaryImageOfPage\":{\"@id\":\"https:\\\/\\\/www.copealcoy.es\\\/es\\\/carlos-merchan-creara-el-cartel-de-fiestas-y-trinidad-sanchis-dirigira-el-himno-en-2019\\\/#primaryimage\"},\"image\":{\"@id\":\"https:\\\/\\\/www.copealcoy.es\\\/es\\\/carlos-merchan-creara-el-cartel-de-fiestas-y-trinidad-sanchis-dirigira-el-himno-en-2019\\\/#primaryimage\"},\"thumbnailUrl\":\"https:\\\/\\\/www.copealcoy.es\\\/wp-content\\\/uploads\\\/2018\\\/10\\\/Director-Himno.jpg\",\"datePublished\":\"2018-10-18T14:59:30+00:00\",\"dateModified\":\"2018-10-18T15:08:37+00:00\",\"author\":{\"@id\":\"https:\\\/\\\/www.copealcoy.es\\\/es\\\/#\\\/schema\\\/person\\\/e777c87fa024e57d40170af9df39882c\"},\"breadcrumb\":{\"@id\":\"https:\\\/\\\/www.copealcoy.es\\\/es\\\/carlos-merchan-creara-el-cartel-de-fiestas-y-trinidad-sanchis-dirigira-el-himno-en-2019\\\/#breadcrumb\"},\"inLanguage\":\"es\",\"potentialAction\":[{\"@type\":\"ReadAction\",\"target\":[\"https:\\\/\\\/www.copealcoy.es\\\/es\\\/carlos-merchan-creara-el-cartel-de-fiestas-y-trinidad-sanchis-dirigira-el-himno-en-2019\\\/\"]}]},{\"@type\":\"ImageObject\",\"inLanguage\":\"es\",\"@id\":\"https:\\\/\\\/www.copealcoy.es\\\/es\\\/carlos-merchan-creara-el-cartel-de-fiestas-y-trinidad-sanchis-dirigira-el-himno-en-2019\\\/#primaryimage\",\"url\":\"https:\\\/\\\/www.copealcoy.es\\\/wp-content\\\/uploads\\\/2018\\\/10\\\/Director-Himno.jpg\",\"contentUrl\":\"https:\\\/\\\/www.copealcoy.es\\\/wp-content\\\/uploads\\\/2018\\\/10\\\/Director-Himno.jpg\",\"width\":660,\"height\":330},{\"@type\":\"BreadcrumbList\",\"@id\":\"https:\\\/\\\/www.copealcoy.es\\\/es\\\/carlos-merchan-creara-el-cartel-de-fiestas-y-trinidad-sanchis-dirigira-el-himno-en-2019\\\/#breadcrumb\",\"itemListElement\":[{\"@type\":\"ListItem\",\"position\":1,\"name\":\"Portada\",\"item\":\"https:\\\/\\\/www.copealcoy.es\\\/es\\\/\"},{\"@type\":\"ListItem\",\"position\":2,\"name\":\"Carlos Merch\u00e1n crear\u00e1 el cartel de Fiestas y Trinidad Sanch\u00eds dirigir\u00e1 el Himno en 2019\"}]},{\"@type\":\"WebSite\",\"@id\":\"https:\\\/\\\/www.copealcoy.es\\\/es\\\/#website\",\"url\":\"https:\\\/\\\/www.copealcoy.es\\\/es\\\/\",\"name\":\"COPE Alcoy\",\"description\":\"Emisora COPE de radio local con emisi\u00f3n online. Pont de Sant Jordi 8-10 03803 Alcoy\",\"potentialAction\":[{\"@type\":\"SearchAction\",\"target\":{\"@type\":\"EntryPoint\",\"urlTemplate\":\"https:\\\/\\\/www.copealcoy.es\\\/es\\\/?s={search_term_string}\"},\"query-input\":{\"@type\":\"PropertyValueSpecification\",\"valueRequired\":true,\"valueName\":\"search_term_string\"}}],\"inLanguage\":\"es\"},{\"@type\":\"Person\",\"@id\":\"https:\\\/\\\/www.copealcoy.es\\\/es\\\/#\\\/schema\\\/person\\\/e777c87fa024e57d40170af9df39882c\",\"name\":\"Cope Alcoy\",\"image\":{\"@type\":\"ImageObject\",\"inLanguage\":\"es\",\"@id\":\"https:\\\/\\\/secure.gravatar.com\\\/avatar\\\/bb65d0283347e303893ba14f0692005417c1e0e690a325a4c5d8bb2b3943ee14?s=96&d=mm&r=g\",\"url\":\"https:\\\/\\\/secure.gravatar.com\\\/avatar\\\/bb65d0283347e303893ba14f0692005417c1e0e690a325a4c5d8bb2b3943ee14?s=96&d=mm&r=g\",\"contentUrl\":\"https:\\\/\\\/secure.gravatar.com\\\/avatar\\\/bb65d0283347e303893ba14f0692005417c1e0e690a325a4c5d8bb2b3943ee14?s=96&d=mm&r=g\",\"caption\":\"Cope Alcoy\"}}]}<\/script>\n<!-- \/ Yoast SEO plugin. -->","yoast_head_json":{"title":"Carlos Merch\u00e1n crear\u00e1 el cartel de Fiestas y Trinidad Sanch\u00eds dirigir\u00e1 el Himno en 2019 - COPE Alcoy","robots":{"index":"index","follow":"follow","max-snippet":"max-snippet:-1","max-image-preview":"max-image-preview:large","max-video-preview":"max-video-preview:-1"},"canonical":"https:\/\/www.copealcoy.es\/es\/carlos-merchan-creara-el-cartel-de-fiestas-y-trinidad-sanchis-dirigira-el-himno-en-2019\/","og_locale":"es_ES","og_type":"article","og_title":"Carlos Merch\u00e1n crear\u00e1 el cartel de Fiestas y Trinidad Sanch\u00eds dirigir\u00e1 el Himno en 2019 - COPE Alcoy","og_description":"El Ayuntamiento de Alcoy ha hecho p\u00fablicos este jueves, en v\u00edsperas del Mig Any, dos de los nombres propios de...","og_url":"https:\/\/www.copealcoy.es\/es\/carlos-merchan-creara-el-cartel-de-fiestas-y-trinidad-sanchis-dirigira-el-himno-en-2019\/","og_site_name":"COPE Alcoy","article_published_time":"2018-10-18T14:59:30+00:00","article_modified_time":"2018-10-18T15:08:37+00:00","og_image":[{"width":660,"height":330,"url":"https:\/\/www.copealcoy.es\/wp-content\/uploads\/2018\/10\/Director-Himno.jpg","type":"image\/jpeg"}],"author":"Cope Alcoy","twitter_misc":{"Escrito por":"Cope Alcoy","Tiempo de lectura":"2 minutos"},"schema":{"@context":"https:\/\/schema.org","@graph":[{"@type":"Article","@id":"https:\/\/www.copealcoy.es\/es\/carlos-merchan-creara-el-cartel-de-fiestas-y-trinidad-sanchis-dirigira-el-himno-en-2019\/#article","isPartOf":{"@id":"https:\/\/www.copealcoy.es\/es\/carlos-merchan-creara-el-cartel-de-fiestas-y-trinidad-sanchis-dirigira-el-himno-en-2019\/"},"author":{"name":"Cope Alcoy","@id":"https:\/\/www.copealcoy.es\/es\/#\/schema\/person\/e777c87fa024e57d40170af9df39882c"},"headline":"Carlos Merch\u00e1n crear\u00e1 el cartel de Fiestas y Trinidad Sanch\u00eds dirigir\u00e1 el Himno en 2019","datePublished":"2018-10-18T14:59:30+00:00","dateModified":"2018-10-18T15:08:37+00:00","mainEntityOfPage":{"@id":"https:\/\/www.copealcoy.es\/es\/carlos-merchan-creara-el-cartel-de-fiestas-y-trinidad-sanchis-dirigira-el-himno-en-2019\/"},"wordCount":365,"commentCount":0,"image":{"@id":"https:\/\/www.copealcoy.es\/es\/carlos-merchan-creara-el-cartel-de-fiestas-y-trinidad-sanchis-dirigira-el-himno-en-2019\/#primaryimage"},"thumbnailUrl":"https:\/\/www.copealcoy.es\/wp-content\/uploads\/2018\/10\/Director-Himno.jpg","keywords":["Carlos Merch\u00e1n","Cartel","dirigir\u00e1","Himno","Trinidad Sanch\u00eds"],"articleSection":["Alcoy","Fiesta y Cultura","Noticias"],"inLanguage":"es"},{"@type":"WebPage","@id":"https:\/\/www.copealcoy.es\/es\/carlos-merchan-creara-el-cartel-de-fiestas-y-trinidad-sanchis-dirigira-el-himno-en-2019\/","url":"https:\/\/www.copealcoy.es\/es\/carlos-merchan-creara-el-cartel-de-fiestas-y-trinidad-sanchis-dirigira-el-himno-en-2019\/","name":"Carlos Merch\u00e1n crear\u00e1 el cartel de Fiestas y Trinidad Sanch\u00eds dirigir\u00e1 el Himno en 2019 - COPE Alcoy","isPartOf":{"@id":"https:\/\/www.copealcoy.es\/es\/#website"},"primaryImageOfPage":{"@id":"https:\/\/www.copealcoy.es\/es\/carlos-merchan-creara-el-cartel-de-fiestas-y-trinidad-sanchis-dirigira-el-himno-en-2019\/#primaryimage"},"image":{"@id":"https:\/\/www.copealcoy.es\/es\/carlos-merchan-creara-el-cartel-de-fiestas-y-trinidad-sanchis-dirigira-el-himno-en-2019\/#primaryimage"},"thumbnailUrl":"https:\/\/www.copealcoy.es\/wp-content\/uploads\/2018\/10\/Director-Himno.jpg","datePublished":"2018-10-18T14:59:30+00:00","dateModified":"2018-10-18T15:08:37+00:00","author":{"@id":"https:\/\/www.copealcoy.es\/es\/#\/schema\/person\/e777c87fa024e57d40170af9df39882c"},"breadcrumb":{"@id":"https:\/\/www.copealcoy.es\/es\/carlos-merchan-creara-el-cartel-de-fiestas-y-trinidad-sanchis-dirigira-el-himno-en-2019\/#breadcrumb"},"inLanguage":"es","potentialAction":[{"@type":"ReadAction","target":["https:\/\/www.copealcoy.es\/es\/carlos-merchan-creara-el-cartel-de-fiestas-y-trinidad-sanchis-dirigira-el-himno-en-2019\/"]}]},{"@type":"ImageObject","inLanguage":"es","@id":"https:\/\/www.copealcoy.es\/es\/carlos-merchan-creara-el-cartel-de-fiestas-y-trinidad-sanchis-dirigira-el-himno-en-2019\/#primaryimage","url":"https:\/\/www.copealcoy.es\/wp-content\/uploads\/2018\/10\/Director-Himno.jpg","contentUrl":"https:\/\/www.copealcoy.es\/wp-content\/uploads\/2018\/10\/Director-Himno.jpg","width":660,"height":330},{"@type":"BreadcrumbList","@id":"https:\/\/www.copealcoy.es\/es\/carlos-merchan-creara-el-cartel-de-fiestas-y-trinidad-sanchis-dirigira-el-himno-en-2019\/#breadcrumb","itemListElement":[{"@type":"ListItem","position":1,"name":"Portada","item":"https:\/\/www.copealcoy.es\/es\/"},{"@type":"ListItem","position":2,"name":"Carlos Merch\u00e1n crear\u00e1 el cartel de Fiestas y Trinidad Sanch\u00eds dirigir\u00e1 el Himno en 2019"}]},{"@type":"WebSite","@id":"https:\/\/www.copealcoy.es\/es\/#website","url":"https:\/\/www.copealcoy.es\/es\/","name":"COPE Alcoy","description":"Emisora COPE de radio local con emisi\u00f3n online. Pont de Sant Jordi 8-10 03803 Alcoy","potentialAction":[{"@type":"SearchAction","target":{"@type":"EntryPoint","urlTemplate":"https:\/\/www.copealcoy.es\/es\/?s={search_term_string}"},"query-input":{"@type":"PropertyValueSpecification","valueRequired":true,"valueName":"search_term_string"}}],"inLanguage":"es"},{"@type":"Person","@id":"https:\/\/www.copealcoy.es\/es\/#\/schema\/person\/e777c87fa024e57d40170af9df39882c","name":"Cope Alcoy","image":{"@type":"ImageObject","inLanguage":"es","@id":"https:\/\/secure.gravatar.com\/avatar\/bb65d0283347e303893ba14f0692005417c1e0e690a325a4c5d8bb2b3943ee14?s=96&d=mm&r=g","url":"https:\/\/secure.gravatar.com\/avatar\/bb65d0283347e303893ba14f0692005417c1e0e690a325a4c5d8bb2b3943ee14?s=96&d=mm&r=g","contentUrl":"https:\/\/secure.gravatar.com\/avatar\/bb65d0283347e303893ba14f0692005417c1e0e690a325a4c5d8bb2b3943ee14?s=96&d=mm&r=g","caption":"Cope Alcoy"}}]}},"_links":{"self":[{"href":"https:\/\/www.copealcoy.es\/es\/wp-json\/wp\/v2\/posts\/46316","targetHints":{"allow":["GET"]}}],"collection":[{"href":"https:\/\/www.copealcoy.es\/es\/wp-json\/wp\/v2\/posts"}],"about":[{"href":"https:\/\/www.copealcoy.es\/es\/wp-json\/wp\/v2\/types\/post"}],"author":[{"embeddable":true,"href":"https:\/\/www.copealcoy.es\/es\/wp-json\/wp\/v2\/users\/1"}],"replies":[{"embeddable":true,"href":"https:\/\/www.copealcoy.es\/es\/wp-json\/wp\/v2\/comments?post=46316"}],"version-history":[{"count":0,"href":"https:\/\/www.copealcoy.es\/es\/wp-json\/wp\/v2\/posts\/46316\/revisions"}],"wp:featuredmedia":[{"embeddable":true,"href":"https:\/\/www.copealcoy.es\/es\/wp-json\/wp\/v2\/media\/46317"}],"wp:attachment":[{"href":"https:\/\/www.copealcoy.es\/es\/wp-json\/wp\/v2\/media?parent=46316"}],"wp:term":[{"taxonomy":"category","embeddable":true,"href":"https:\/\/www.copealcoy.es\/es\/wp-json\/wp\/v2\/categories?post=46316"},{"taxonomy":"post_tag","embeddable":true,"href":"https:\/\/www.copealcoy.es\/es\/wp-json\/wp\/v2\/tags?post=46316"}],"curies":[{"name":"wp","href":"https:\/\/api.w.org\/{rel}","templated":true}]}}