{"id":46127,"date":"2018-10-09T17:47:22","date_gmt":"2018-10-09T17:47:22","guid":{"rendered":"http:\/\/copealcoi.es\/new\/?p=46127"},"modified":"2018-10-09T17:47:22","modified_gmt":"2018-10-09T17:47:22","slug":"el-mal-passet-protagonista-de-un-festivo-9-doctubre-en-cocentaina","status":"publish","type":"post","link":"https:\/\/www.copealcoy.es\/es\/el-mal-passet-protagonista-de-un-festivo-9-doctubre-en-cocentaina\/","title":{"rendered":"El Mal Passet, protagonista de un festivo 9 d&#8217;Octubre en Cocentaina"},"content":{"rendered":"<p style=\"text-align: justify;\">Cocentaina celebr\u00f3 el martes <strong>un festivo 9 d&#8217;Octubre<\/strong> en una jornada nubosa en la que <strong>la climatolog\u00eda<\/strong> respet\u00f3 finalmente <strong>todos los actos previstos<\/strong> para festejar el d\u00eda de la Comunidad Valenciana.<\/p>\n<p style=\"text-align: justify;\">La jornada arranc\u00f3 sobre las diez y media de la ma\u00f1ana con <strong>un pasacalle desde la Plaza del Ayuntamiento<\/strong> a cargo de la Colla de Dol\u00e7aines i Tabals &#8216;Mal Passet&#8217;, que fue seguido por numerosos vecinos, y que finaliz\u00f3 a las puertas del Centre Cultural El Teular. All\u00ed, sobre el escenario exterior del recinto, <strong>se llev\u00f3 a cabo el acto institucional del 9 d&#8217;Octubre<\/strong> que incluy\u00f3 tambi\u00e9n <strong>la entrega de premios del segundo concurso de &#8216;Lletres en Valenci\u00e0&#8217;<\/strong> convocado por el Consistorio. La edil de Cultura, <strong>Marcela Richart<\/strong>, fue la encargada de <strong>nombrar a los galardonados<\/strong> y de hacerles entrega de un diploma acreditativo. Seguidamente <strong>dos miembros de la Colla Mal Passet<\/strong> hicieron lectura del <strong>manifiesto<\/strong> con motivo del veinte aniversario que la agrupaci\u00f3n musical cumplir\u00e1 el pr\u00f3ximo a\u00f1o 2019. En el texto <strong>se hizo referencia<\/strong> a los hechos hist\u00f3ricos que celebramos en el 9 d&#8217;Octubre, la evoluci\u00f3n que ha sufrido esta conmemoraci\u00f3n y la importancia de la lengua valenciana. Adem\u00e1s se destac\u00f3 <strong>el papel que tuvo Cocentaina<\/strong> en el antiguo reino de Valencia y <strong>la gran implicaci\u00f3n<\/strong> que tiene actualmente el municipio a la hora de preservar las tradiciones y se\u00f1as de identidad propias. La m\u00fasica tradicional acompa\u00f1\u00f3 estos instantes y dio paso a <strong>las cl\u00e1sicas &#8216;Danses&#8217;<\/strong> as\u00ed como a una demostraci\u00f3n de las torres humanas de <strong>la &#8216;Muixeranga Penyeta Blanca&#8217;<\/strong>. El d\u00eda festivo acab\u00f3 con <strong>las tradicionales paellas<\/strong> en el parque del barrio de San Hip\u00f3lito.<\/p>\n<p style=\"text-align: justify;\">Recordar que <strong>los escolares contestanos<\/strong> tambi\u00e9n llevaron a cabo su particular fiesta del 9 d&#8217;Octubre el pasado viernes mediante <strong>la celebraci\u00f3n del habitual\u00a0<em>Correllengua<\/em><\/strong> en el patio de armas del Palau Comtal.<\/p>\n","protected":false},"excerpt":{"rendered":"<p>Cocentaina celebr\u00f3 el martes un festivo 9 d&#8217;Octubre en una jornada nubosa en la que la climatolog\u00eda respet\u00f3 finalmente todos&#8230;<\/p>\n","protected":false},"author":1,"featured_media":46128,"comment_status":"open","ping_status":"open","sticky":false,"template":"","format":"standard","meta":{"footnotes":""},"categories":[98,75],"tags":[2846,132,794,6807,6808],"class_list":["post-46127","post","type-post","status-publish","format-standard","has-post-thumbnail","hentry","category-comarcas","category-noticias","tag-9-doctubre","tag-cocentaina","tag-mal-passet","tag-protagonista","tag-un-festivo"],"yoast_head":"<!-- This site is optimized with the Yoast SEO plugin v27.3 - https:\/\/yoast.com\/product\/yoast-seo-wordpress\/ -->\n<title>El Mal Passet, protagonista de un festivo 9 d&#039;Octubre en Cocentaina - COPE Alcoy<\/title>\n<meta name=\"robots\" content=\"index, follow, max-snippet:-1, max-image-preview:large, max-video-preview:-1\" \/>\n<link rel=\"canonical\" href=\"https:\/\/www.copealcoy.es\/es\/el-mal-passet-protagonista-de-un-festivo-9-doctubre-en-cocentaina\/\" \/>\n<meta property=\"og:locale\" content=\"es_ES\" \/>\n<meta property=\"og:type\" content=\"article\" \/>\n<meta property=\"og:title\" content=\"El Mal Passet, protagonista de un festivo 9 d&#039;Octubre en Cocentaina - COPE Alcoy\" \/>\n<meta property=\"og:description\" content=\"Cocentaina celebr\u00f3 el martes un festivo 9 d&#8217;Octubre en una jornada nubosa en la que la climatolog\u00eda respet\u00f3 finalmente todos...\" \/>\n<meta property=\"og:url\" content=\"https:\/\/www.copealcoy.es\/es\/el-mal-passet-protagonista-de-un-festivo-9-doctubre-en-cocentaina\/\" \/>\n<meta property=\"og:site_name\" content=\"COPE Alcoy\" \/>\n<meta property=\"article:published_time\" content=\"2018-10-09T17:47:22+00:00\" \/>\n<meta property=\"og:image\" content=\"https:\/\/www.copealcoy.es\/wp-content\/uploads\/2018\/10\/IMG_6243-e1539107198668.jpg\" \/>\n\t<meta property=\"og:image:width\" content=\"4032\" \/>\n\t<meta property=\"og:image:height\" content=\"2237\" \/>\n\t<meta property=\"og:image:type\" content=\"image\/jpeg\" \/>\n<meta name=\"author\" content=\"Cope Alcoy\" \/>\n<meta name=\"twitter:label1\" content=\"Escrito por\" \/>\n\t<meta name=\"twitter:data1\" content=\"Cope Alcoy\" \/>\n\t<meta name=\"twitter:label2\" content=\"Tiempo de lectura\" \/>\n\t<meta name=\"twitter:data2\" content=\"2 minutos\" \/>\n<script type=\"application\/ld+json\" class=\"yoast-schema-graph\">{\"@context\":\"https:\\\/\\\/schema.org\",\"@graph\":[{\"@type\":\"Article\",\"@id\":\"https:\\\/\\\/www.copealcoy.es\\\/es\\\/el-mal-passet-protagonista-de-un-festivo-9-doctubre-en-cocentaina\\\/#article\",\"isPartOf\":{\"@id\":\"https:\\\/\\\/www.copealcoy.es\\\/es\\\/el-mal-passet-protagonista-de-un-festivo-9-doctubre-en-cocentaina\\\/\"},\"author\":{\"name\":\"Cope Alcoy\",\"@id\":\"https:\\\/\\\/www.copealcoy.es\\\/es\\\/#\\\/schema\\\/person\\\/e777c87fa024e57d40170af9df39882c\"},\"headline\":\"El Mal Passet, protagonista de un festivo 9 d&#8217;Octubre en Cocentaina\",\"datePublished\":\"2018-10-09T17:47:22+00:00\",\"mainEntityOfPage\":{\"@id\":\"https:\\\/\\\/www.copealcoy.es\\\/es\\\/el-mal-passet-protagonista-de-un-festivo-9-doctubre-en-cocentaina\\\/\"},\"wordCount\":332,\"commentCount\":0,\"image\":{\"@id\":\"https:\\\/\\\/www.copealcoy.es\\\/es\\\/el-mal-passet-protagonista-de-un-festivo-9-doctubre-en-cocentaina\\\/#primaryimage\"},\"thumbnailUrl\":\"https:\\\/\\\/www.copealcoy.es\\\/wp-content\\\/uploads\\\/2018\\\/10\\\/IMG_6243-e1539107198668.jpg\",\"keywords\":[\"9 d\u00b4octubre\",\"Cocentaina\",\"Mal Passet\",\"protagonista\",\"un festivo\"],\"articleSection\":[\"Comarcas\",\"Noticias\"],\"inLanguage\":\"es\"},{\"@type\":\"WebPage\",\"@id\":\"https:\\\/\\\/www.copealcoy.es\\\/es\\\/el-mal-passet-protagonista-de-un-festivo-9-doctubre-en-cocentaina\\\/\",\"url\":\"https:\\\/\\\/www.copealcoy.es\\\/es\\\/el-mal-passet-protagonista-de-un-festivo-9-doctubre-en-cocentaina\\\/\",\"name\":\"El Mal Passet, protagonista de un festivo 9 d'Octubre en Cocentaina - COPE Alcoy\",\"isPartOf\":{\"@id\":\"https:\\\/\\\/www.copealcoy.es\\\/es\\\/#website\"},\"primaryImageOfPage\":{\"@id\":\"https:\\\/\\\/www.copealcoy.es\\\/es\\\/el-mal-passet-protagonista-de-un-festivo-9-doctubre-en-cocentaina\\\/#primaryimage\"},\"image\":{\"@id\":\"https:\\\/\\\/www.copealcoy.es\\\/es\\\/el-mal-passet-protagonista-de-un-festivo-9-doctubre-en-cocentaina\\\/#primaryimage\"},\"thumbnailUrl\":\"https:\\\/\\\/www.copealcoy.es\\\/wp-content\\\/uploads\\\/2018\\\/10\\\/IMG_6243-e1539107198668.jpg\",\"datePublished\":\"2018-10-09T17:47:22+00:00\",\"author\":{\"@id\":\"https:\\\/\\\/www.copealcoy.es\\\/es\\\/#\\\/schema\\\/person\\\/e777c87fa024e57d40170af9df39882c\"},\"breadcrumb\":{\"@id\":\"https:\\\/\\\/www.copealcoy.es\\\/es\\\/el-mal-passet-protagonista-de-un-festivo-9-doctubre-en-cocentaina\\\/#breadcrumb\"},\"inLanguage\":\"es\",\"potentialAction\":[{\"@type\":\"ReadAction\",\"target\":[\"https:\\\/\\\/www.copealcoy.es\\\/es\\\/el-mal-passet-protagonista-de-un-festivo-9-doctubre-en-cocentaina\\\/\"]}]},{\"@type\":\"ImageObject\",\"inLanguage\":\"es\",\"@id\":\"https:\\\/\\\/www.copealcoy.es\\\/es\\\/el-mal-passet-protagonista-de-un-festivo-9-doctubre-en-cocentaina\\\/#primaryimage\",\"url\":\"https:\\\/\\\/www.copealcoy.es\\\/wp-content\\\/uploads\\\/2018\\\/10\\\/IMG_6243-e1539107198668.jpg\",\"contentUrl\":\"https:\\\/\\\/www.copealcoy.es\\\/wp-content\\\/uploads\\\/2018\\\/10\\\/IMG_6243-e1539107198668.jpg\",\"width\":4032,\"height\":2237,\"caption\":\"El Mal Passet ley\u00f3 el manifiesto este a\u00f1o \\\/ Foto: G. Pascual\"},{\"@type\":\"BreadcrumbList\",\"@id\":\"https:\\\/\\\/www.copealcoy.es\\\/es\\\/el-mal-passet-protagonista-de-un-festivo-9-doctubre-en-cocentaina\\\/#breadcrumb\",\"itemListElement\":[{\"@type\":\"ListItem\",\"position\":1,\"name\":\"Portada\",\"item\":\"https:\\\/\\\/www.copealcoy.es\\\/es\\\/\"},{\"@type\":\"ListItem\",\"position\":2,\"name\":\"El Mal Passet, protagonista de un festivo 9 d&#8217;Octubre en Cocentaina\"}]},{\"@type\":\"WebSite\",\"@id\":\"https:\\\/\\\/www.copealcoy.es\\\/es\\\/#website\",\"url\":\"https:\\\/\\\/www.copealcoy.es\\\/es\\\/\",\"name\":\"COPE Alcoy\",\"description\":\"Emisora COPE de radio local con emisi\u00f3n online. Pont de Sant Jordi 8-10 03803 Alcoy\",\"potentialAction\":[{\"@type\":\"SearchAction\",\"target\":{\"@type\":\"EntryPoint\",\"urlTemplate\":\"https:\\\/\\\/www.copealcoy.es\\\/es\\\/?s={search_term_string}\"},\"query-input\":{\"@type\":\"PropertyValueSpecification\",\"valueRequired\":true,\"valueName\":\"search_term_string\"}}],\"inLanguage\":\"es\"},{\"@type\":\"Person\",\"@id\":\"https:\\\/\\\/www.copealcoy.es\\\/es\\\/#\\\/schema\\\/person\\\/e777c87fa024e57d40170af9df39882c\",\"name\":\"Cope Alcoy\",\"image\":{\"@type\":\"ImageObject\",\"inLanguage\":\"es\",\"@id\":\"https:\\\/\\\/secure.gravatar.com\\\/avatar\\\/bb65d0283347e303893ba14f0692005417c1e0e690a325a4c5d8bb2b3943ee14?s=96&d=mm&r=g\",\"url\":\"https:\\\/\\\/secure.gravatar.com\\\/avatar\\\/bb65d0283347e303893ba14f0692005417c1e0e690a325a4c5d8bb2b3943ee14?s=96&d=mm&r=g\",\"contentUrl\":\"https:\\\/\\\/secure.gravatar.com\\\/avatar\\\/bb65d0283347e303893ba14f0692005417c1e0e690a325a4c5d8bb2b3943ee14?s=96&d=mm&r=g\",\"caption\":\"Cope Alcoy\"}}]}<\/script>\n<!-- \/ Yoast SEO plugin. -->","yoast_head_json":{"title":"El Mal Passet, protagonista de un festivo 9 d'Octubre en Cocentaina - COPE Alcoy","robots":{"index":"index","follow":"follow","max-snippet":"max-snippet:-1","max-image-preview":"max-image-preview:large","max-video-preview":"max-video-preview:-1"},"canonical":"https:\/\/www.copealcoy.es\/es\/el-mal-passet-protagonista-de-un-festivo-9-doctubre-en-cocentaina\/","og_locale":"es_ES","og_type":"article","og_title":"El Mal Passet, protagonista de un festivo 9 d'Octubre en Cocentaina - COPE Alcoy","og_description":"Cocentaina celebr\u00f3 el martes un festivo 9 d&#8217;Octubre en una jornada nubosa en la que la climatolog\u00eda respet\u00f3 finalmente todos...","og_url":"https:\/\/www.copealcoy.es\/es\/el-mal-passet-protagonista-de-un-festivo-9-doctubre-en-cocentaina\/","og_site_name":"COPE Alcoy","article_published_time":"2018-10-09T17:47:22+00:00","og_image":[{"width":4032,"height":2237,"url":"https:\/\/www.copealcoy.es\/wp-content\/uploads\/2018\/10\/IMG_6243-e1539107198668.jpg","type":"image\/jpeg"}],"author":"Cope Alcoy","twitter_misc":{"Escrito por":"Cope Alcoy","Tiempo de lectura":"2 minutos"},"schema":{"@context":"https:\/\/schema.org","@graph":[{"@type":"Article","@id":"https:\/\/www.copealcoy.es\/es\/el-mal-passet-protagonista-de-un-festivo-9-doctubre-en-cocentaina\/#article","isPartOf":{"@id":"https:\/\/www.copealcoy.es\/es\/el-mal-passet-protagonista-de-un-festivo-9-doctubre-en-cocentaina\/"},"author":{"name":"Cope Alcoy","@id":"https:\/\/www.copealcoy.es\/es\/#\/schema\/person\/e777c87fa024e57d40170af9df39882c"},"headline":"El Mal Passet, protagonista de un festivo 9 d&#8217;Octubre en Cocentaina","datePublished":"2018-10-09T17:47:22+00:00","mainEntityOfPage":{"@id":"https:\/\/www.copealcoy.es\/es\/el-mal-passet-protagonista-de-un-festivo-9-doctubre-en-cocentaina\/"},"wordCount":332,"commentCount":0,"image":{"@id":"https:\/\/www.copealcoy.es\/es\/el-mal-passet-protagonista-de-un-festivo-9-doctubre-en-cocentaina\/#primaryimage"},"thumbnailUrl":"https:\/\/www.copealcoy.es\/wp-content\/uploads\/2018\/10\/IMG_6243-e1539107198668.jpg","keywords":["9 d\u00b4octubre","Cocentaina","Mal Passet","protagonista","un festivo"],"articleSection":["Comarcas","Noticias"],"inLanguage":"es"},{"@type":"WebPage","@id":"https:\/\/www.copealcoy.es\/es\/el-mal-passet-protagonista-de-un-festivo-9-doctubre-en-cocentaina\/","url":"https:\/\/www.copealcoy.es\/es\/el-mal-passet-protagonista-de-un-festivo-9-doctubre-en-cocentaina\/","name":"El Mal Passet, protagonista de un festivo 9 d'Octubre en Cocentaina - COPE Alcoy","isPartOf":{"@id":"https:\/\/www.copealcoy.es\/es\/#website"},"primaryImageOfPage":{"@id":"https:\/\/www.copealcoy.es\/es\/el-mal-passet-protagonista-de-un-festivo-9-doctubre-en-cocentaina\/#primaryimage"},"image":{"@id":"https:\/\/www.copealcoy.es\/es\/el-mal-passet-protagonista-de-un-festivo-9-doctubre-en-cocentaina\/#primaryimage"},"thumbnailUrl":"https:\/\/www.copealcoy.es\/wp-content\/uploads\/2018\/10\/IMG_6243-e1539107198668.jpg","datePublished":"2018-10-09T17:47:22+00:00","author":{"@id":"https:\/\/www.copealcoy.es\/es\/#\/schema\/person\/e777c87fa024e57d40170af9df39882c"},"breadcrumb":{"@id":"https:\/\/www.copealcoy.es\/es\/el-mal-passet-protagonista-de-un-festivo-9-doctubre-en-cocentaina\/#breadcrumb"},"inLanguage":"es","potentialAction":[{"@type":"ReadAction","target":["https:\/\/www.copealcoy.es\/es\/el-mal-passet-protagonista-de-un-festivo-9-doctubre-en-cocentaina\/"]}]},{"@type":"ImageObject","inLanguage":"es","@id":"https:\/\/www.copealcoy.es\/es\/el-mal-passet-protagonista-de-un-festivo-9-doctubre-en-cocentaina\/#primaryimage","url":"https:\/\/www.copealcoy.es\/wp-content\/uploads\/2018\/10\/IMG_6243-e1539107198668.jpg","contentUrl":"https:\/\/www.copealcoy.es\/wp-content\/uploads\/2018\/10\/IMG_6243-e1539107198668.jpg","width":4032,"height":2237,"caption":"El Mal Passet ley\u00f3 el manifiesto este a\u00f1o \/ Foto: G. Pascual"},{"@type":"BreadcrumbList","@id":"https:\/\/www.copealcoy.es\/es\/el-mal-passet-protagonista-de-un-festivo-9-doctubre-en-cocentaina\/#breadcrumb","itemListElement":[{"@type":"ListItem","position":1,"name":"Portada","item":"https:\/\/www.copealcoy.es\/es\/"},{"@type":"ListItem","position":2,"name":"El Mal Passet, protagonista de un festivo 9 d&#8217;Octubre en Cocentaina"}]},{"@type":"WebSite","@id":"https:\/\/www.copealcoy.es\/es\/#website","url":"https:\/\/www.copealcoy.es\/es\/","name":"COPE Alcoy","description":"Emisora COPE de radio local con emisi\u00f3n online. Pont de Sant Jordi 8-10 03803 Alcoy","potentialAction":[{"@type":"SearchAction","target":{"@type":"EntryPoint","urlTemplate":"https:\/\/www.copealcoy.es\/es\/?s={search_term_string}"},"query-input":{"@type":"PropertyValueSpecification","valueRequired":true,"valueName":"search_term_string"}}],"inLanguage":"es"},{"@type":"Person","@id":"https:\/\/www.copealcoy.es\/es\/#\/schema\/person\/e777c87fa024e57d40170af9df39882c","name":"Cope Alcoy","image":{"@type":"ImageObject","inLanguage":"es","@id":"https:\/\/secure.gravatar.com\/avatar\/bb65d0283347e303893ba14f0692005417c1e0e690a325a4c5d8bb2b3943ee14?s=96&d=mm&r=g","url":"https:\/\/secure.gravatar.com\/avatar\/bb65d0283347e303893ba14f0692005417c1e0e690a325a4c5d8bb2b3943ee14?s=96&d=mm&r=g","contentUrl":"https:\/\/secure.gravatar.com\/avatar\/bb65d0283347e303893ba14f0692005417c1e0e690a325a4c5d8bb2b3943ee14?s=96&d=mm&r=g","caption":"Cope Alcoy"}}]}},"_links":{"self":[{"href":"https:\/\/www.copealcoy.es\/es\/wp-json\/wp\/v2\/posts\/46127","targetHints":{"allow":["GET"]}}],"collection":[{"href":"https:\/\/www.copealcoy.es\/es\/wp-json\/wp\/v2\/posts"}],"about":[{"href":"https:\/\/www.copealcoy.es\/es\/wp-json\/wp\/v2\/types\/post"}],"author":[{"embeddable":true,"href":"https:\/\/www.copealcoy.es\/es\/wp-json\/wp\/v2\/users\/1"}],"replies":[{"embeddable":true,"href":"https:\/\/www.copealcoy.es\/es\/wp-json\/wp\/v2\/comments?post=46127"}],"version-history":[{"count":0,"href":"https:\/\/www.copealcoy.es\/es\/wp-json\/wp\/v2\/posts\/46127\/revisions"}],"wp:featuredmedia":[{"embeddable":true,"href":"https:\/\/www.copealcoy.es\/es\/wp-json\/wp\/v2\/media\/46128"}],"wp:attachment":[{"href":"https:\/\/www.copealcoy.es\/es\/wp-json\/wp\/v2\/media?parent=46127"}],"wp:term":[{"taxonomy":"category","embeddable":true,"href":"https:\/\/www.copealcoy.es\/es\/wp-json\/wp\/v2\/categories?post=46127"},{"taxonomy":"post_tag","embeddable":true,"href":"https:\/\/www.copealcoy.es\/es\/wp-json\/wp\/v2\/tags?post=46127"}],"curies":[{"name":"wp","href":"https:\/\/api.w.org\/{rel}","templated":true}]}}