{"id":46094,"date":"2018-10-09T15:48:17","date_gmt":"2018-10-09T15:48:17","guid":{"rendered":"http:\/\/copealcoi.es\/new\/?p=46094"},"modified":"2018-10-09T15:51:42","modified_gmt":"2018-10-09T15:51:42","slug":"alcoyano-y-cd-teruel-empatan-1-1-en-el-collao","status":"publish","type":"post","link":"https:\/\/www.copealcoy.es\/es\/alcoyano-y-cd-teruel-empatan-1-1-en-el-collao\/","title":{"rendered":"Alcoyano y CD Teruel empatan 1-1 en El Collao"},"content":{"rendered":"<p style=\"text-align: justify;\">P\u00edrrico <strong>empate a uno<\/strong> de un Deportivo que <strong>por segunda jornada consecutiva<\/strong> volvi\u00f3 a fallar un penalti y <strong>no pudo imponerse<\/strong> ante un\u00a0 gran CD Teruel que <strong>finaliz\u00f3 el encuentro<\/strong> con un hombre menos.<\/p>\n<p style=\"text-align: justify;\">Se encontr\u00f3 el Alcoyano con <strong>un magn\u00edfico rival sobre el terreno de juego<\/strong> y le cost\u00f3 desplegar su f\u00fatbol de inicio. Una gran jugada de <strong>Bryan Reyna<\/strong> finalizo con un fuerte disparo de Eldin, que acab\u00f3 en las manos de Valera, <strong>el mejor del encuentro<\/strong> antes de su expulsi\u00f3n.<\/p>\n<p style=\"text-align: justify;\">Braulio <strong>gozar\u00eda de una oportunidad ante el guardameta aragon\u00e9s<\/strong>, que finalizar\u00eda en c\u00f3rner, y casi de inmediato<strong> la tendr\u00eda Becerra mano a mano<\/strong> ante Miguel Ba\u00f1uz, con id\u00e9ntico resultado.<\/p>\n<p style=\"text-align: justify;\">La desgracia se cebaba con el Deportivo <strong>en los siguientes minutos<\/strong>, puesto que Eldin <strong>ten\u00eda que retirarse<\/strong> lesionado en el 13, y apenas tres minutos despu\u00e9s <strong>un bal\u00f3n perdido por Hermosa<\/strong> finalizaba en las botas de Alberto Leira, que <strong>consegu\u00eda poner<\/strong> al conjunto visitante por delante en el electr\u00f3nico.<\/p>\n<p style=\"text-align: justify;\">Buena presencia <strong>en el verde del CD Teruel<\/strong> en los siguientes minutos, <strong>mostr\u00e1ndose serio<\/strong> tanto en ataque como en defensa, e imprecisi\u00f3n de cara a porter\u00eda para ambos conjuntos.<\/p>\n<p style=\"text-align: justify;\">Valera ve\u00eda <strong>la segunda cartulina amarilla<\/strong> a falta de media hora para el final, y era expulsado. Juanma, su sustituto, <strong>ve\u00eda tarjeta antes de saltar al terreno de juego<\/strong> y <strong>deten\u00eda el disparo de Braulio<\/strong>, que seis minutos despu\u00e9s consegu\u00eda desquitarse y estrenarse como goleador blanquiazul.<\/p>\n<p style=\"text-align: justify;\">Los \u00faltimos minutos <strong>fueron de acoso y derribo<\/strong> por parte del conjunto local, pero Juanma y los palos desbarataron las oportunidades locales.<\/p>\n<p style=\"text-align: justify;\">Nuevo empate, a la postre, que <strong>sirve para escalar posiciones en la clasificaci\u00f3n<\/strong>, aunque <strong>no tantas<\/strong> como se hubiese deseado.<\/p>\n<p style=\"text-align: justify;\"><strong>CD Alcoyano:<\/strong> Ba\u00f1uz, Barreda, Hermosa, Tom\u00e1s Ruso, Pajarero, De Lerma, Vicente P\u00e9rez, Eldin Hadzic (\u00d3scar D\u00edaz), Nieto (Hern\u00e1n Lino), Bryan Reyna, Braulio (Rubio).<\/p>\n<p style=\"text-align: justify;\"><strong>CD Teruel:<\/strong> Valera, Crespo, Aspas, Jos\u00e9 Dur\u00e1n, Cabetas, Bikoro, Alberto Leira (Hamza), Jamelli (Ainoza), Gauna (Juanma), Dieste, Becerra.<\/p>\n","protected":false},"excerpt":{"rendered":"<p>P\u00edrrico empate a uno de un Deportivo que por segunda jornada consecutiva volvi\u00f3 a fallar un penalti y no pudo&#8230;<\/p>\n","protected":false},"author":1,"featured_media":46096,"comment_status":"open","ping_status":"open","sticky":false,"template":"","format":"standard","meta":{"footnotes":""},"categories":[92,75],"tags":[6799,140,6787,284,6682],"class_list":["post-46094","post","type-post","status-publish","format-standard","has-post-thumbnail","hentry","category-deportes","category-noticias","tag-1-1","tag-alcoyano","tag-cd-teruel","tag-collao","tag-empatan"],"yoast_head":"<!-- This site is optimized with the Yoast SEO plugin v27.3 - https:\/\/yoast.com\/product\/yoast-seo-wordpress\/ -->\n<title>Alcoyano y CD Teruel empatan 1-1 en El Collao - COPE Alcoy<\/title>\n<meta name=\"robots\" content=\"index, follow, max-snippet:-1, max-image-preview:large, max-video-preview:-1\" \/>\n<link rel=\"canonical\" href=\"https:\/\/www.copealcoy.es\/es\/alcoyano-y-cd-teruel-empatan-1-1-en-el-collao\/\" \/>\n<meta property=\"og:locale\" content=\"es_ES\" \/>\n<meta property=\"og:type\" content=\"article\" \/>\n<meta property=\"og:title\" content=\"Alcoyano y CD Teruel empatan 1-1 en El Collao - COPE Alcoy\" \/>\n<meta property=\"og:description\" content=\"P\u00edrrico empate a uno de un Deportivo que por segunda jornada consecutiva volvi\u00f3 a fallar un penalti y no pudo...\" \/>\n<meta property=\"og:url\" content=\"https:\/\/www.copealcoy.es\/es\/alcoyano-y-cd-teruel-empatan-1-1-en-el-collao\/\" \/>\n<meta property=\"og:site_name\" content=\"COPE Alcoy\" \/>\n<meta property=\"article:published_time\" content=\"2018-10-09T15:48:17+00:00\" \/>\n<meta property=\"article:modified_time\" content=\"2018-10-09T15:51:42+00:00\" \/>\n<meta property=\"og:image\" content=\"https:\/\/www.copealcoy.es\/wp-content\/uploads\/2018\/10\/vi-217240.jpg\" \/>\n\t<meta property=\"og:image:width\" content=\"1024\" \/>\n\t<meta property=\"og:image:height\" content=\"682\" \/>\n\t<meta property=\"og:image:type\" content=\"image\/jpeg\" \/>\n<meta name=\"author\" content=\"Cope Alcoy\" \/>\n<meta name=\"twitter:label1\" content=\"Escrito por\" \/>\n\t<meta name=\"twitter:data1\" content=\"Cope Alcoy\" \/>\n\t<meta name=\"twitter:label2\" content=\"Tiempo de lectura\" \/>\n\t<meta name=\"twitter:data2\" content=\"2 minutos\" \/>\n<script type=\"application\/ld+json\" class=\"yoast-schema-graph\">{\"@context\":\"https:\\\/\\\/schema.org\",\"@graph\":[{\"@type\":\"Article\",\"@id\":\"https:\\\/\\\/www.copealcoy.es\\\/es\\\/alcoyano-y-cd-teruel-empatan-1-1-en-el-collao\\\/#article\",\"isPartOf\":{\"@id\":\"https:\\\/\\\/www.copealcoy.es\\\/es\\\/alcoyano-y-cd-teruel-empatan-1-1-en-el-collao\\\/\"},\"author\":{\"name\":\"Cope Alcoy\",\"@id\":\"https:\\\/\\\/www.copealcoy.es\\\/es\\\/#\\\/schema\\\/person\\\/e777c87fa024e57d40170af9df39882c\"},\"headline\":\"Alcoyano y CD Teruel empatan 1-1 en El Collao\",\"datePublished\":\"2018-10-09T15:48:17+00:00\",\"dateModified\":\"2018-10-09T15:51:42+00:00\",\"mainEntityOfPage\":{\"@id\":\"https:\\\/\\\/www.copealcoy.es\\\/es\\\/alcoyano-y-cd-teruel-empatan-1-1-en-el-collao\\\/\"},\"wordCount\":358,\"commentCount\":0,\"image\":{\"@id\":\"https:\\\/\\\/www.copealcoy.es\\\/es\\\/alcoyano-y-cd-teruel-empatan-1-1-en-el-collao\\\/#primaryimage\"},\"thumbnailUrl\":\"https:\\\/\\\/www.copealcoy.es\\\/wp-content\\\/uploads\\\/2018\\\/10\\\/vi-217240.jpg\",\"keywords\":[\"1-1\",\"Alcoyano\",\"CD Teruel\",\"Collao\",\"empatan\"],\"articleSection\":[\"Deportes\",\"Noticias\"],\"inLanguage\":\"es\"},{\"@type\":\"WebPage\",\"@id\":\"https:\\\/\\\/www.copealcoy.es\\\/es\\\/alcoyano-y-cd-teruel-empatan-1-1-en-el-collao\\\/\",\"url\":\"https:\\\/\\\/www.copealcoy.es\\\/es\\\/alcoyano-y-cd-teruel-empatan-1-1-en-el-collao\\\/\",\"name\":\"Alcoyano y CD Teruel empatan 1-1 en El Collao - COPE Alcoy\",\"isPartOf\":{\"@id\":\"https:\\\/\\\/www.copealcoy.es\\\/es\\\/#website\"},\"primaryImageOfPage\":{\"@id\":\"https:\\\/\\\/www.copealcoy.es\\\/es\\\/alcoyano-y-cd-teruel-empatan-1-1-en-el-collao\\\/#primaryimage\"},\"image\":{\"@id\":\"https:\\\/\\\/www.copealcoy.es\\\/es\\\/alcoyano-y-cd-teruel-empatan-1-1-en-el-collao\\\/#primaryimage\"},\"thumbnailUrl\":\"https:\\\/\\\/www.copealcoy.es\\\/wp-content\\\/uploads\\\/2018\\\/10\\\/vi-217240.jpg\",\"datePublished\":\"2018-10-09T15:48:17+00:00\",\"dateModified\":\"2018-10-09T15:51:42+00:00\",\"author\":{\"@id\":\"https:\\\/\\\/www.copealcoy.es\\\/es\\\/#\\\/schema\\\/person\\\/e777c87fa024e57d40170af9df39882c\"},\"breadcrumb\":{\"@id\":\"https:\\\/\\\/www.copealcoy.es\\\/es\\\/alcoyano-y-cd-teruel-empatan-1-1-en-el-collao\\\/#breadcrumb\"},\"inLanguage\":\"es\",\"potentialAction\":[{\"@type\":\"ReadAction\",\"target\":[\"https:\\\/\\\/www.copealcoy.es\\\/es\\\/alcoyano-y-cd-teruel-empatan-1-1-en-el-collao\\\/\"]}]},{\"@type\":\"ImageObject\",\"inLanguage\":\"es\",\"@id\":\"https:\\\/\\\/www.copealcoy.es\\\/es\\\/alcoyano-y-cd-teruel-empatan-1-1-en-el-collao\\\/#primaryimage\",\"url\":\"https:\\\/\\\/www.copealcoy.es\\\/wp-content\\\/uploads\\\/2018\\\/10\\\/vi-217240.jpg\",\"contentUrl\":\"https:\\\/\\\/www.copealcoy.es\\\/wp-content\\\/uploads\\\/2018\\\/10\\\/vi-217240.jpg\",\"width\":1024,\"height\":682},{\"@type\":\"BreadcrumbList\",\"@id\":\"https:\\\/\\\/www.copealcoy.es\\\/es\\\/alcoyano-y-cd-teruel-empatan-1-1-en-el-collao\\\/#breadcrumb\",\"itemListElement\":[{\"@type\":\"ListItem\",\"position\":1,\"name\":\"Portada\",\"item\":\"https:\\\/\\\/www.copealcoy.es\\\/es\\\/\"},{\"@type\":\"ListItem\",\"position\":2,\"name\":\"Alcoyano y CD Teruel empatan 1-1 en El Collao\"}]},{\"@type\":\"WebSite\",\"@id\":\"https:\\\/\\\/www.copealcoy.es\\\/es\\\/#website\",\"url\":\"https:\\\/\\\/www.copealcoy.es\\\/es\\\/\",\"name\":\"COPE Alcoy\",\"description\":\"Emisora COPE de radio local con emisi\u00f3n online. Pont de Sant Jordi 8-10 03803 Alcoy\",\"potentialAction\":[{\"@type\":\"SearchAction\",\"target\":{\"@type\":\"EntryPoint\",\"urlTemplate\":\"https:\\\/\\\/www.copealcoy.es\\\/es\\\/?s={search_term_string}\"},\"query-input\":{\"@type\":\"PropertyValueSpecification\",\"valueRequired\":true,\"valueName\":\"search_term_string\"}}],\"inLanguage\":\"es\"},{\"@type\":\"Person\",\"@id\":\"https:\\\/\\\/www.copealcoy.es\\\/es\\\/#\\\/schema\\\/person\\\/e777c87fa024e57d40170af9df39882c\",\"name\":\"Cope Alcoy\",\"image\":{\"@type\":\"ImageObject\",\"inLanguage\":\"es\",\"@id\":\"https:\\\/\\\/secure.gravatar.com\\\/avatar\\\/bb65d0283347e303893ba14f0692005417c1e0e690a325a4c5d8bb2b3943ee14?s=96&d=mm&r=g\",\"url\":\"https:\\\/\\\/secure.gravatar.com\\\/avatar\\\/bb65d0283347e303893ba14f0692005417c1e0e690a325a4c5d8bb2b3943ee14?s=96&d=mm&r=g\",\"contentUrl\":\"https:\\\/\\\/secure.gravatar.com\\\/avatar\\\/bb65d0283347e303893ba14f0692005417c1e0e690a325a4c5d8bb2b3943ee14?s=96&d=mm&r=g\",\"caption\":\"Cope Alcoy\"}}]}<\/script>\n<!-- \/ Yoast SEO plugin. -->","yoast_head_json":{"title":"Alcoyano y CD Teruel empatan 1-1 en El Collao - COPE Alcoy","robots":{"index":"index","follow":"follow","max-snippet":"max-snippet:-1","max-image-preview":"max-image-preview:large","max-video-preview":"max-video-preview:-1"},"canonical":"https:\/\/www.copealcoy.es\/es\/alcoyano-y-cd-teruel-empatan-1-1-en-el-collao\/","og_locale":"es_ES","og_type":"article","og_title":"Alcoyano y CD Teruel empatan 1-1 en El Collao - COPE Alcoy","og_description":"P\u00edrrico empate a uno de un Deportivo que por segunda jornada consecutiva volvi\u00f3 a fallar un penalti y no pudo...","og_url":"https:\/\/www.copealcoy.es\/es\/alcoyano-y-cd-teruel-empatan-1-1-en-el-collao\/","og_site_name":"COPE Alcoy","article_published_time":"2018-10-09T15:48:17+00:00","article_modified_time":"2018-10-09T15:51:42+00:00","og_image":[{"width":1024,"height":682,"url":"https:\/\/www.copealcoy.es\/wp-content\/uploads\/2018\/10\/vi-217240.jpg","type":"image\/jpeg"}],"author":"Cope Alcoy","twitter_misc":{"Escrito por":"Cope Alcoy","Tiempo de lectura":"2 minutos"},"schema":{"@context":"https:\/\/schema.org","@graph":[{"@type":"Article","@id":"https:\/\/www.copealcoy.es\/es\/alcoyano-y-cd-teruel-empatan-1-1-en-el-collao\/#article","isPartOf":{"@id":"https:\/\/www.copealcoy.es\/es\/alcoyano-y-cd-teruel-empatan-1-1-en-el-collao\/"},"author":{"name":"Cope Alcoy","@id":"https:\/\/www.copealcoy.es\/es\/#\/schema\/person\/e777c87fa024e57d40170af9df39882c"},"headline":"Alcoyano y CD Teruel empatan 1-1 en El Collao","datePublished":"2018-10-09T15:48:17+00:00","dateModified":"2018-10-09T15:51:42+00:00","mainEntityOfPage":{"@id":"https:\/\/www.copealcoy.es\/es\/alcoyano-y-cd-teruel-empatan-1-1-en-el-collao\/"},"wordCount":358,"commentCount":0,"image":{"@id":"https:\/\/www.copealcoy.es\/es\/alcoyano-y-cd-teruel-empatan-1-1-en-el-collao\/#primaryimage"},"thumbnailUrl":"https:\/\/www.copealcoy.es\/wp-content\/uploads\/2018\/10\/vi-217240.jpg","keywords":["1-1","Alcoyano","CD Teruel","Collao","empatan"],"articleSection":["Deportes","Noticias"],"inLanguage":"es"},{"@type":"WebPage","@id":"https:\/\/www.copealcoy.es\/es\/alcoyano-y-cd-teruel-empatan-1-1-en-el-collao\/","url":"https:\/\/www.copealcoy.es\/es\/alcoyano-y-cd-teruel-empatan-1-1-en-el-collao\/","name":"Alcoyano y CD Teruel empatan 1-1 en El Collao - COPE Alcoy","isPartOf":{"@id":"https:\/\/www.copealcoy.es\/es\/#website"},"primaryImageOfPage":{"@id":"https:\/\/www.copealcoy.es\/es\/alcoyano-y-cd-teruel-empatan-1-1-en-el-collao\/#primaryimage"},"image":{"@id":"https:\/\/www.copealcoy.es\/es\/alcoyano-y-cd-teruel-empatan-1-1-en-el-collao\/#primaryimage"},"thumbnailUrl":"https:\/\/www.copealcoy.es\/wp-content\/uploads\/2018\/10\/vi-217240.jpg","datePublished":"2018-10-09T15:48:17+00:00","dateModified":"2018-10-09T15:51:42+00:00","author":{"@id":"https:\/\/www.copealcoy.es\/es\/#\/schema\/person\/e777c87fa024e57d40170af9df39882c"},"breadcrumb":{"@id":"https:\/\/www.copealcoy.es\/es\/alcoyano-y-cd-teruel-empatan-1-1-en-el-collao\/#breadcrumb"},"inLanguage":"es","potentialAction":[{"@type":"ReadAction","target":["https:\/\/www.copealcoy.es\/es\/alcoyano-y-cd-teruel-empatan-1-1-en-el-collao\/"]}]},{"@type":"ImageObject","inLanguage":"es","@id":"https:\/\/www.copealcoy.es\/es\/alcoyano-y-cd-teruel-empatan-1-1-en-el-collao\/#primaryimage","url":"https:\/\/www.copealcoy.es\/wp-content\/uploads\/2018\/10\/vi-217240.jpg","contentUrl":"https:\/\/www.copealcoy.es\/wp-content\/uploads\/2018\/10\/vi-217240.jpg","width":1024,"height":682},{"@type":"BreadcrumbList","@id":"https:\/\/www.copealcoy.es\/es\/alcoyano-y-cd-teruel-empatan-1-1-en-el-collao\/#breadcrumb","itemListElement":[{"@type":"ListItem","position":1,"name":"Portada","item":"https:\/\/www.copealcoy.es\/es\/"},{"@type":"ListItem","position":2,"name":"Alcoyano y CD Teruel empatan 1-1 en El Collao"}]},{"@type":"WebSite","@id":"https:\/\/www.copealcoy.es\/es\/#website","url":"https:\/\/www.copealcoy.es\/es\/","name":"COPE Alcoy","description":"Emisora COPE de radio local con emisi\u00f3n online. Pont de Sant Jordi 8-10 03803 Alcoy","potentialAction":[{"@type":"SearchAction","target":{"@type":"EntryPoint","urlTemplate":"https:\/\/www.copealcoy.es\/es\/?s={search_term_string}"},"query-input":{"@type":"PropertyValueSpecification","valueRequired":true,"valueName":"search_term_string"}}],"inLanguage":"es"},{"@type":"Person","@id":"https:\/\/www.copealcoy.es\/es\/#\/schema\/person\/e777c87fa024e57d40170af9df39882c","name":"Cope Alcoy","image":{"@type":"ImageObject","inLanguage":"es","@id":"https:\/\/secure.gravatar.com\/avatar\/bb65d0283347e303893ba14f0692005417c1e0e690a325a4c5d8bb2b3943ee14?s=96&d=mm&r=g","url":"https:\/\/secure.gravatar.com\/avatar\/bb65d0283347e303893ba14f0692005417c1e0e690a325a4c5d8bb2b3943ee14?s=96&d=mm&r=g","contentUrl":"https:\/\/secure.gravatar.com\/avatar\/bb65d0283347e303893ba14f0692005417c1e0e690a325a4c5d8bb2b3943ee14?s=96&d=mm&r=g","caption":"Cope Alcoy"}}]}},"_links":{"self":[{"href":"https:\/\/www.copealcoy.es\/es\/wp-json\/wp\/v2\/posts\/46094","targetHints":{"allow":["GET"]}}],"collection":[{"href":"https:\/\/www.copealcoy.es\/es\/wp-json\/wp\/v2\/posts"}],"about":[{"href":"https:\/\/www.copealcoy.es\/es\/wp-json\/wp\/v2\/types\/post"}],"author":[{"embeddable":true,"href":"https:\/\/www.copealcoy.es\/es\/wp-json\/wp\/v2\/users\/1"}],"replies":[{"embeddable":true,"href":"https:\/\/www.copealcoy.es\/es\/wp-json\/wp\/v2\/comments?post=46094"}],"version-history":[{"count":0,"href":"https:\/\/www.copealcoy.es\/es\/wp-json\/wp\/v2\/posts\/46094\/revisions"}],"wp:featuredmedia":[{"embeddable":true,"href":"https:\/\/www.copealcoy.es\/es\/wp-json\/wp\/v2\/media\/46096"}],"wp:attachment":[{"href":"https:\/\/www.copealcoy.es\/es\/wp-json\/wp\/v2\/media?parent=46094"}],"wp:term":[{"taxonomy":"category","embeddable":true,"href":"https:\/\/www.copealcoy.es\/es\/wp-json\/wp\/v2\/categories?post=46094"},{"taxonomy":"post_tag","embeddable":true,"href":"https:\/\/www.copealcoy.es\/es\/wp-json\/wp\/v2\/tags?post=46094"}],"curies":[{"name":"wp","href":"https:\/\/api.w.org\/{rel}","templated":true}]}}