{"id":46058,"date":"2018-10-05T17:13:16","date_gmt":"2018-10-05T17:13:16","guid":{"rendered":"http:\/\/copealcoi.es\/new\/?p=46058"},"modified":"2018-10-05T17:15:42","modified_gmt":"2018-10-05T17:15:42","slug":"la-parroquia-de-san-roque-de-alcoy-celebro-su-fiesta-anual","status":"publish","type":"post","link":"https:\/\/www.copealcoy.es\/es\/la-parroquia-de-san-roque-de-alcoy-celebro-su-fiesta-anual\/","title":{"rendered":"La parroquia de San Roque de Alcoy celebr\u00f3 su Fiesta anual"},"content":{"rendered":"<p style=\"text-align: justify;\">La <strong>parroquia de San Roque de Alcoy<\/strong> celebr\u00f3 durante el pasado mes de septiembre <strong>sus tradicionales Fiestas<\/strong> en honor al titular del templo. Las mismas <strong>incluyeron <\/strong>el triduo dedicado al santo as\u00ed como numerosas actividades para los alumnos del propio colegio de San Roque. Adem\u00e1s no falt\u00f3<strong> el descubrimiento del cartel anunciador<\/strong> de los festejos, una obra que ha realizado este a\u00f1o el alcoyano <strong>Jorge Hinojosa<\/strong>. Por \u00faltimo, en los d\u00edas previos, se present\u00f3 <strong>la revista oficial<\/strong> de estas celebraciones que incluye numerosos art\u00edculos sobre la historia y la actividad de la parroquia as\u00ed como el programa de actos.<\/p>\n<p style=\"text-align: justify;\">Uno de los actos m\u00e1s destacados fue <strong>la misa solemne del pasado s\u00e1bado<\/strong> y <strong>la posterior procesi\u00f3n<\/strong> por las calles situadas alrededor de la iglesia. Numerosas personas <strong>acompa\u00f1aron a San Roque<\/strong> portando los cl\u00e1sicos &#8216;farolets&#8217; y <strong>rindieron homenaje<\/strong> al que tambi\u00e9n es uno de los patronos de la ciudad de Alcoy.<\/p>\n<p style=\"text-align: justify;\">Las Fiestas de San Roque <strong>terminaron con una eucarist\u00eda de acci\u00f3n gracias<\/strong> que se celebr\u00f3 en la ma\u00f1ana del domingo.<\/p>\n","protected":false},"excerpt":{"rendered":"<p>La parroquia de San Roque de Alcoy celebr\u00f3 durante el pasado mes de septiembre sus tradicionales Fiestas en honor al&#8230;<\/p>\n","protected":false},"author":1,"featured_media":46059,"comment_status":"open","ping_status":"open","sticky":false,"template":"","format":"standard","meta":{"footnotes":""},"categories":[97,78,75],"tags":[1494,2974,6795],"class_list":["post-46058","post","type-post","status-publish","format-standard","has-post-thumbnail","hentry","category-alcoy","category-fiestaycultura","category-noticias","tag-alcoy","tag-fiesta-anual","tag-parroquia-de-san-roque"],"yoast_head":"<!-- This site is optimized with the Yoast SEO plugin v27.3 - https:\/\/yoast.com\/product\/yoast-seo-wordpress\/ -->\n<title>La parroquia de San Roque de Alcoy celebr\u00f3 su Fiesta anual - COPE Alcoy<\/title>\n<meta name=\"robots\" content=\"index, follow, max-snippet:-1, max-image-preview:large, max-video-preview:-1\" \/>\n<link rel=\"canonical\" href=\"https:\/\/www.copealcoy.es\/es\/la-parroquia-de-san-roque-de-alcoy-celebro-su-fiesta-anual\/\" \/>\n<meta property=\"og:locale\" content=\"es_ES\" \/>\n<meta property=\"og:type\" content=\"article\" \/>\n<meta property=\"og:title\" content=\"La parroquia de San Roque de Alcoy celebr\u00f3 su Fiesta anual - COPE Alcoy\" \/>\n<meta property=\"og:description\" content=\"La parroquia de San Roque de Alcoy celebr\u00f3 durante el pasado mes de septiembre sus tradicionales Fiestas en honor al...\" \/>\n<meta property=\"og:url\" content=\"https:\/\/www.copealcoy.es\/es\/la-parroquia-de-san-roque-de-alcoy-celebro-su-fiesta-anual\/\" \/>\n<meta property=\"og:site_name\" content=\"COPE Alcoy\" \/>\n<meta property=\"article:published_time\" content=\"2018-10-05T17:13:16+00:00\" \/>\n<meta property=\"article:modified_time\" content=\"2018-10-05T17:15:42+00:00\" \/>\n<meta property=\"og:image\" content=\"https:\/\/www.copealcoy.es\/wp-content\/uploads\/2018\/10\/42835106_1339264939543409_3932507442453151744_n-e1538759554782.jpg\" \/>\n\t<meta property=\"og:image:width\" content=\"712\" \/>\n\t<meta property=\"og:image:height\" content=\"408\" \/>\n\t<meta property=\"og:image:type\" content=\"image\/jpeg\" \/>\n<meta name=\"author\" content=\"Cope Alcoy\" \/>\n<meta name=\"twitter:label1\" content=\"Escrito por\" \/>\n\t<meta name=\"twitter:data1\" content=\"Cope Alcoy\" \/>\n\t<meta name=\"twitter:label2\" content=\"Tiempo de lectura\" \/>\n\t<meta name=\"twitter:data2\" content=\"1 minuto\" \/>\n<script type=\"application\/ld+json\" class=\"yoast-schema-graph\">{\"@context\":\"https:\\\/\\\/schema.org\",\"@graph\":[{\"@type\":\"Article\",\"@id\":\"https:\\\/\\\/www.copealcoy.es\\\/es\\\/la-parroquia-de-san-roque-de-alcoy-celebro-su-fiesta-anual\\\/#article\",\"isPartOf\":{\"@id\":\"https:\\\/\\\/www.copealcoy.es\\\/es\\\/la-parroquia-de-san-roque-de-alcoy-celebro-su-fiesta-anual\\\/\"},\"author\":{\"name\":\"Cope Alcoy\",\"@id\":\"https:\\\/\\\/www.copealcoy.es\\\/es\\\/#\\\/schema\\\/person\\\/e777c87fa024e57d40170af9df39882c\"},\"headline\":\"La parroquia de San Roque de Alcoy celebr\u00f3 su Fiesta anual\",\"datePublished\":\"2018-10-05T17:13:16+00:00\",\"dateModified\":\"2018-10-05T17:15:42+00:00\",\"mainEntityOfPage\":{\"@id\":\"https:\\\/\\\/www.copealcoy.es\\\/es\\\/la-parroquia-de-san-roque-de-alcoy-celebro-su-fiesta-anual\\\/\"},\"wordCount\":194,\"commentCount\":0,\"image\":{\"@id\":\"https:\\\/\\\/www.copealcoy.es\\\/es\\\/la-parroquia-de-san-roque-de-alcoy-celebro-su-fiesta-anual\\\/#primaryimage\"},\"thumbnailUrl\":\"https:\\\/\\\/www.copealcoy.es\\\/wp-content\\\/uploads\\\/2018\\\/10\\\/42835106_1339264939543409_3932507442453151744_n-e1538759554782.jpg\",\"keywords\":[\"Alcoy\",\"fiesta anual\",\"Parroquia de San Roque\"],\"articleSection\":[\"Alcoy\",\"Fiesta y Cultura\",\"Noticias\"],\"inLanguage\":\"es\"},{\"@type\":\"WebPage\",\"@id\":\"https:\\\/\\\/www.copealcoy.es\\\/es\\\/la-parroquia-de-san-roque-de-alcoy-celebro-su-fiesta-anual\\\/\",\"url\":\"https:\\\/\\\/www.copealcoy.es\\\/es\\\/la-parroquia-de-san-roque-de-alcoy-celebro-su-fiesta-anual\\\/\",\"name\":\"La parroquia de San Roque de Alcoy celebr\u00f3 su Fiesta anual - COPE Alcoy\",\"isPartOf\":{\"@id\":\"https:\\\/\\\/www.copealcoy.es\\\/es\\\/#website\"},\"primaryImageOfPage\":{\"@id\":\"https:\\\/\\\/www.copealcoy.es\\\/es\\\/la-parroquia-de-san-roque-de-alcoy-celebro-su-fiesta-anual\\\/#primaryimage\"},\"image\":{\"@id\":\"https:\\\/\\\/www.copealcoy.es\\\/es\\\/la-parroquia-de-san-roque-de-alcoy-celebro-su-fiesta-anual\\\/#primaryimage\"},\"thumbnailUrl\":\"https:\\\/\\\/www.copealcoy.es\\\/wp-content\\\/uploads\\\/2018\\\/10\\\/42835106_1339264939543409_3932507442453151744_n-e1538759554782.jpg\",\"datePublished\":\"2018-10-05T17:13:16+00:00\",\"dateModified\":\"2018-10-05T17:15:42+00:00\",\"author\":{\"@id\":\"https:\\\/\\\/www.copealcoy.es\\\/es\\\/#\\\/schema\\\/person\\\/e777c87fa024e57d40170af9df39882c\"},\"breadcrumb\":{\"@id\":\"https:\\\/\\\/www.copealcoy.es\\\/es\\\/la-parroquia-de-san-roque-de-alcoy-celebro-su-fiesta-anual\\\/#breadcrumb\"},\"inLanguage\":\"es\",\"potentialAction\":[{\"@type\":\"ReadAction\",\"target\":[\"https:\\\/\\\/www.copealcoy.es\\\/es\\\/la-parroquia-de-san-roque-de-alcoy-celebro-su-fiesta-anual\\\/\"]}]},{\"@type\":\"ImageObject\",\"inLanguage\":\"es\",\"@id\":\"https:\\\/\\\/www.copealcoy.es\\\/es\\\/la-parroquia-de-san-roque-de-alcoy-celebro-su-fiesta-anual\\\/#primaryimage\",\"url\":\"https:\\\/\\\/www.copealcoy.es\\\/wp-content\\\/uploads\\\/2018\\\/10\\\/42835106_1339264939543409_3932507442453151744_n-e1538759554782.jpg\",\"contentUrl\":\"https:\\\/\\\/www.copealcoy.es\\\/wp-content\\\/uploads\\\/2018\\\/10\\\/42835106_1339264939543409_3932507442453151744_n-e1538759554782.jpg\",\"width\":712,\"height\":408,\"caption\":\"La procesi\u00f3n de San Roque fue uno de los actos m\u00e1s destacados \\\/ Foto: Parr\u00f2quia de Sant Roc\"},{\"@type\":\"BreadcrumbList\",\"@id\":\"https:\\\/\\\/www.copealcoy.es\\\/es\\\/la-parroquia-de-san-roque-de-alcoy-celebro-su-fiesta-anual\\\/#breadcrumb\",\"itemListElement\":[{\"@type\":\"ListItem\",\"position\":1,\"name\":\"Portada\",\"item\":\"https:\\\/\\\/www.copealcoy.es\\\/es\\\/\"},{\"@type\":\"ListItem\",\"position\":2,\"name\":\"La parroquia de San Roque de Alcoy celebr\u00f3 su Fiesta anual\"}]},{\"@type\":\"WebSite\",\"@id\":\"https:\\\/\\\/www.copealcoy.es\\\/es\\\/#website\",\"url\":\"https:\\\/\\\/www.copealcoy.es\\\/es\\\/\",\"name\":\"COPE Alcoy\",\"description\":\"Emisora COPE de radio local con emisi\u00f3n online. Pont de Sant Jordi 8-10 03803 Alcoy\",\"potentialAction\":[{\"@type\":\"SearchAction\",\"target\":{\"@type\":\"EntryPoint\",\"urlTemplate\":\"https:\\\/\\\/www.copealcoy.es\\\/es\\\/?s={search_term_string}\"},\"query-input\":{\"@type\":\"PropertyValueSpecification\",\"valueRequired\":true,\"valueName\":\"search_term_string\"}}],\"inLanguage\":\"es\"},{\"@type\":\"Person\",\"@id\":\"https:\\\/\\\/www.copealcoy.es\\\/es\\\/#\\\/schema\\\/person\\\/e777c87fa024e57d40170af9df39882c\",\"name\":\"Cope Alcoy\",\"image\":{\"@type\":\"ImageObject\",\"inLanguage\":\"es\",\"@id\":\"https:\\\/\\\/secure.gravatar.com\\\/avatar\\\/bb65d0283347e303893ba14f0692005417c1e0e690a325a4c5d8bb2b3943ee14?s=96&d=mm&r=g\",\"url\":\"https:\\\/\\\/secure.gravatar.com\\\/avatar\\\/bb65d0283347e303893ba14f0692005417c1e0e690a325a4c5d8bb2b3943ee14?s=96&d=mm&r=g\",\"contentUrl\":\"https:\\\/\\\/secure.gravatar.com\\\/avatar\\\/bb65d0283347e303893ba14f0692005417c1e0e690a325a4c5d8bb2b3943ee14?s=96&d=mm&r=g\",\"caption\":\"Cope Alcoy\"}}]}<\/script>\n<!-- \/ Yoast SEO plugin. -->","yoast_head_json":{"title":"La parroquia de San Roque de Alcoy celebr\u00f3 su Fiesta anual - COPE Alcoy","robots":{"index":"index","follow":"follow","max-snippet":"max-snippet:-1","max-image-preview":"max-image-preview:large","max-video-preview":"max-video-preview:-1"},"canonical":"https:\/\/www.copealcoy.es\/es\/la-parroquia-de-san-roque-de-alcoy-celebro-su-fiesta-anual\/","og_locale":"es_ES","og_type":"article","og_title":"La parroquia de San Roque de Alcoy celebr\u00f3 su Fiesta anual - COPE Alcoy","og_description":"La parroquia de San Roque de Alcoy celebr\u00f3 durante el pasado mes de septiembre sus tradicionales Fiestas en honor al...","og_url":"https:\/\/www.copealcoy.es\/es\/la-parroquia-de-san-roque-de-alcoy-celebro-su-fiesta-anual\/","og_site_name":"COPE Alcoy","article_published_time":"2018-10-05T17:13:16+00:00","article_modified_time":"2018-10-05T17:15:42+00:00","og_image":[{"width":712,"height":408,"url":"https:\/\/www.copealcoy.es\/wp-content\/uploads\/2018\/10\/42835106_1339264939543409_3932507442453151744_n-e1538759554782.jpg","type":"image\/jpeg"}],"author":"Cope Alcoy","twitter_misc":{"Escrito por":"Cope Alcoy","Tiempo de lectura":"1 minuto"},"schema":{"@context":"https:\/\/schema.org","@graph":[{"@type":"Article","@id":"https:\/\/www.copealcoy.es\/es\/la-parroquia-de-san-roque-de-alcoy-celebro-su-fiesta-anual\/#article","isPartOf":{"@id":"https:\/\/www.copealcoy.es\/es\/la-parroquia-de-san-roque-de-alcoy-celebro-su-fiesta-anual\/"},"author":{"name":"Cope Alcoy","@id":"https:\/\/www.copealcoy.es\/es\/#\/schema\/person\/e777c87fa024e57d40170af9df39882c"},"headline":"La parroquia de San Roque de Alcoy celebr\u00f3 su Fiesta anual","datePublished":"2018-10-05T17:13:16+00:00","dateModified":"2018-10-05T17:15:42+00:00","mainEntityOfPage":{"@id":"https:\/\/www.copealcoy.es\/es\/la-parroquia-de-san-roque-de-alcoy-celebro-su-fiesta-anual\/"},"wordCount":194,"commentCount":0,"image":{"@id":"https:\/\/www.copealcoy.es\/es\/la-parroquia-de-san-roque-de-alcoy-celebro-su-fiesta-anual\/#primaryimage"},"thumbnailUrl":"https:\/\/www.copealcoy.es\/wp-content\/uploads\/2018\/10\/42835106_1339264939543409_3932507442453151744_n-e1538759554782.jpg","keywords":["Alcoy","fiesta anual","Parroquia de San Roque"],"articleSection":["Alcoy","Fiesta y Cultura","Noticias"],"inLanguage":"es"},{"@type":"WebPage","@id":"https:\/\/www.copealcoy.es\/es\/la-parroquia-de-san-roque-de-alcoy-celebro-su-fiesta-anual\/","url":"https:\/\/www.copealcoy.es\/es\/la-parroquia-de-san-roque-de-alcoy-celebro-su-fiesta-anual\/","name":"La parroquia de San Roque de Alcoy celebr\u00f3 su Fiesta anual - COPE Alcoy","isPartOf":{"@id":"https:\/\/www.copealcoy.es\/es\/#website"},"primaryImageOfPage":{"@id":"https:\/\/www.copealcoy.es\/es\/la-parroquia-de-san-roque-de-alcoy-celebro-su-fiesta-anual\/#primaryimage"},"image":{"@id":"https:\/\/www.copealcoy.es\/es\/la-parroquia-de-san-roque-de-alcoy-celebro-su-fiesta-anual\/#primaryimage"},"thumbnailUrl":"https:\/\/www.copealcoy.es\/wp-content\/uploads\/2018\/10\/42835106_1339264939543409_3932507442453151744_n-e1538759554782.jpg","datePublished":"2018-10-05T17:13:16+00:00","dateModified":"2018-10-05T17:15:42+00:00","author":{"@id":"https:\/\/www.copealcoy.es\/es\/#\/schema\/person\/e777c87fa024e57d40170af9df39882c"},"breadcrumb":{"@id":"https:\/\/www.copealcoy.es\/es\/la-parroquia-de-san-roque-de-alcoy-celebro-su-fiesta-anual\/#breadcrumb"},"inLanguage":"es","potentialAction":[{"@type":"ReadAction","target":["https:\/\/www.copealcoy.es\/es\/la-parroquia-de-san-roque-de-alcoy-celebro-su-fiesta-anual\/"]}]},{"@type":"ImageObject","inLanguage":"es","@id":"https:\/\/www.copealcoy.es\/es\/la-parroquia-de-san-roque-de-alcoy-celebro-su-fiesta-anual\/#primaryimage","url":"https:\/\/www.copealcoy.es\/wp-content\/uploads\/2018\/10\/42835106_1339264939543409_3932507442453151744_n-e1538759554782.jpg","contentUrl":"https:\/\/www.copealcoy.es\/wp-content\/uploads\/2018\/10\/42835106_1339264939543409_3932507442453151744_n-e1538759554782.jpg","width":712,"height":408,"caption":"La procesi\u00f3n de San Roque fue uno de los actos m\u00e1s destacados \/ Foto: Parr\u00f2quia de Sant Roc"},{"@type":"BreadcrumbList","@id":"https:\/\/www.copealcoy.es\/es\/la-parroquia-de-san-roque-de-alcoy-celebro-su-fiesta-anual\/#breadcrumb","itemListElement":[{"@type":"ListItem","position":1,"name":"Portada","item":"https:\/\/www.copealcoy.es\/es\/"},{"@type":"ListItem","position":2,"name":"La parroquia de San Roque de Alcoy celebr\u00f3 su Fiesta anual"}]},{"@type":"WebSite","@id":"https:\/\/www.copealcoy.es\/es\/#website","url":"https:\/\/www.copealcoy.es\/es\/","name":"COPE Alcoy","description":"Emisora COPE de radio local con emisi\u00f3n online. Pont de Sant Jordi 8-10 03803 Alcoy","potentialAction":[{"@type":"SearchAction","target":{"@type":"EntryPoint","urlTemplate":"https:\/\/www.copealcoy.es\/es\/?s={search_term_string}"},"query-input":{"@type":"PropertyValueSpecification","valueRequired":true,"valueName":"search_term_string"}}],"inLanguage":"es"},{"@type":"Person","@id":"https:\/\/www.copealcoy.es\/es\/#\/schema\/person\/e777c87fa024e57d40170af9df39882c","name":"Cope Alcoy","image":{"@type":"ImageObject","inLanguage":"es","@id":"https:\/\/secure.gravatar.com\/avatar\/bb65d0283347e303893ba14f0692005417c1e0e690a325a4c5d8bb2b3943ee14?s=96&d=mm&r=g","url":"https:\/\/secure.gravatar.com\/avatar\/bb65d0283347e303893ba14f0692005417c1e0e690a325a4c5d8bb2b3943ee14?s=96&d=mm&r=g","contentUrl":"https:\/\/secure.gravatar.com\/avatar\/bb65d0283347e303893ba14f0692005417c1e0e690a325a4c5d8bb2b3943ee14?s=96&d=mm&r=g","caption":"Cope Alcoy"}}]}},"_links":{"self":[{"href":"https:\/\/www.copealcoy.es\/es\/wp-json\/wp\/v2\/posts\/46058","targetHints":{"allow":["GET"]}}],"collection":[{"href":"https:\/\/www.copealcoy.es\/es\/wp-json\/wp\/v2\/posts"}],"about":[{"href":"https:\/\/www.copealcoy.es\/es\/wp-json\/wp\/v2\/types\/post"}],"author":[{"embeddable":true,"href":"https:\/\/www.copealcoy.es\/es\/wp-json\/wp\/v2\/users\/1"}],"replies":[{"embeddable":true,"href":"https:\/\/www.copealcoy.es\/es\/wp-json\/wp\/v2\/comments?post=46058"}],"version-history":[{"count":0,"href":"https:\/\/www.copealcoy.es\/es\/wp-json\/wp\/v2\/posts\/46058\/revisions"}],"wp:featuredmedia":[{"embeddable":true,"href":"https:\/\/www.copealcoy.es\/es\/wp-json\/wp\/v2\/media\/46059"}],"wp:attachment":[{"href":"https:\/\/www.copealcoy.es\/es\/wp-json\/wp\/v2\/media?parent=46058"}],"wp:term":[{"taxonomy":"category","embeddable":true,"href":"https:\/\/www.copealcoy.es\/es\/wp-json\/wp\/v2\/categories?post=46058"},{"taxonomy":"post_tag","embeddable":true,"href":"https:\/\/www.copealcoy.es\/es\/wp-json\/wp\/v2\/tags?post=46058"}],"curies":[{"name":"wp","href":"https:\/\/api.w.org\/{rel}","templated":true}]}}