{"id":46053,"date":"2018-10-05T16:54:20","date_gmt":"2018-10-05T16:54:20","guid":{"rendered":"http:\/\/copealcoi.es\/new\/?p=46053"},"modified":"2018-10-05T21:00:24","modified_gmt":"2018-10-05T21:00:24","slug":"cocentaina-presenta-las-novedades-de-la-fira-de-tots-sants-2018","status":"publish","type":"post","link":"https:\/\/www.copealcoy.es\/es\/cocentaina-presenta-las-novedades-de-la-fira-de-tots-sants-2018\/","title":{"rendered":"Cocentaina presenta las novedades de la Fira de Tots Sants 2018"},"content":{"rendered":"<p style=\"text-align: justify;\">Cocentaina dio a conocer anoche <strong>las principales novedades<\/strong> que tendr\u00e1 <strong>la Fira de Tots Sants de este a\u00f1o<\/strong> en el transcurso de la <strong>presentaci\u00f3n oficial del Certamen<\/strong> que tuvo lugar en el escenario exterior del Centre Cultural El Teular.<\/p>\n<p style=\"text-align: justify;\">El acto, <strong>conducido por la periodista Maite Barrachina<\/strong>, incluy\u00f3 el descubrimiento del cartel anunciador; <strong>una pieza<\/strong> que ha creado la dise\u00f1adora gr\u00e1fica contestana <strong>Tere Cerver Gisbert<\/strong>. La obra, que lleva por lema <i>Cocentaina en Fira\u2026una Caixa de sorpreses,\u00a0<\/i><strong>ser\u00e1 colocada dentro de unos d\u00edas en la fachada del Palau Comtal<\/strong> para que sea contemplada por los vecinos as\u00ed como los visitantes que acudan a la pr\u00f3xima Fira. La misma destaca por <strong>la presencia de una gran caja en el centro<\/strong>, de color rojo, y de la que sobresalen <strong>diferentes elementos<\/strong> relacionados con la \u00a0Feria.<\/p>\n<p style=\"text-align: justify;\">La gala, <strong>que cont\u00f3 tambi\u00e9n con las actuaciones<\/strong> del Grup de Danses Cocentaina y de la Colla de Dol\u00e7aines i Tabals Mal Passet\u2019, sirvi\u00f3 adem\u00e1s para <strong>presentar en sociedad<\/strong> a la persona que <strong>leer\u00e1 el <\/strong><i><strong>Privilegi<\/strong> <\/i>que otorg\u00f3 el Rey Pere IV El Cerimoni\u00f3s en 1346 para que la Villa Condal realizase una feria con car\u00e1cter anual. Esta tarea recae este a\u00f1o en el chef del conocido restaurante L\u2019Escaleta, <strong>Kiko Moya<\/strong>, y el mismo <strong>declamar\u00e1 el citado texto desde los balcones del Palau<\/strong> para dar por inaugurada oficialmente la Fira en la ma\u00f1ana del 1 de noviembre.<\/p>\n<p style=\"text-align: justify;\">Posteriormente se mostr\u00f3 al p\u00fablico asistente <strong>el spot publicitario<\/strong> que difundir\u00e1 la Feria por los medios de comunicaci\u00f3n audiovisuales durante las semanas previas al gran evento. Asimismo hubo espacio <strong>para desgranar las novedades que tendr\u00e1 la Fira 2018<\/strong> y entre las que destaca <strong>la consolidaci\u00f3n de la ampliaci\u00f3n del sector de automoci\u00f3n y maquinaria agr\u00edcola<\/strong> a la Avinguda del Pa\u00eds Valenci\u00e0; un \u00e1rea que adem\u00e1s <strong>ver\u00e1 reforzada la iluminaci\u00f3n<\/strong> para realzar a los expositores que all\u00ed se instalan.<\/p>\n<p style=\"text-align: justify;\">Finalmente intervinieron la alcaldesa, <strong>Mireia Estepa<\/strong>, y la concejala, <strong>Mariona Carbonell<\/strong>; y ambas <strong>animaron a toda Cocentaina<\/strong> a disfrutar de la pr\u00f3xima Fira de Tots Sants que se llevar\u00e1 a cabo entre el 1 y el 4 de noviembre.<\/p>\n","protected":false},"excerpt":{"rendered":"<p>Cocentaina dio a conocer anoche las principales novedades que tendr\u00e1 la Fira de Tots Sants de este a\u00f1o en el&#8230;<\/p>\n","protected":false},"author":1,"featured_media":46067,"comment_status":"open","ping_status":"open","sticky":false,"template":"","format":"standard","meta":{"footnotes":""},"categories":[98,75,125],"tags":[5056,132,635,338,1071],"class_list":["post-46053","post","type-post","status-publish","format-standard","has-post-thumbnail","hentry","category-comarcas","category-noticias","category-portada","tag-5056","tag-cocentaina","tag-fira-de-tots-sants","tag-novedades","tag-presenta"],"yoast_head":"<!-- This site is optimized with the Yoast SEO plugin v27.3 - https:\/\/yoast.com\/product\/yoast-seo-wordpress\/ -->\n<title>Cocentaina presenta las novedades de la Fira de Tots Sants 2018 - COPE Alcoy<\/title>\n<meta name=\"robots\" content=\"index, follow, max-snippet:-1, max-image-preview:large, max-video-preview:-1\" \/>\n<link rel=\"canonical\" href=\"https:\/\/www.copealcoy.es\/es\/cocentaina-presenta-las-novedades-de-la-fira-de-tots-sants-2018\/\" \/>\n<meta property=\"og:locale\" content=\"es_ES\" \/>\n<meta property=\"og:type\" content=\"article\" \/>\n<meta property=\"og:title\" content=\"Cocentaina presenta las novedades de la Fira de Tots Sants 2018 - COPE Alcoy\" \/>\n<meta property=\"og:description\" content=\"Cocentaina dio a conocer anoche las principales novedades que tendr\u00e1 la Fira de Tots Sants de este a\u00f1o en el...\" \/>\n<meta property=\"og:url\" content=\"https:\/\/www.copealcoy.es\/es\/cocentaina-presenta-las-novedades-de-la-fira-de-tots-sants-2018\/\" \/>\n<meta property=\"og:site_name\" content=\"COPE Alcoy\" \/>\n<meta property=\"article:published_time\" content=\"2018-10-05T16:54:20+00:00\" \/>\n<meta property=\"article:modified_time\" content=\"2018-10-05T21:00:24+00:00\" \/>\n<meta property=\"og:image\" content=\"https:\/\/www.copealcoy.es\/wp-content\/uploads\/2018\/10\/43162266_1480405338769613_7769978614539354112_n-e1538773117774.jpg\" \/>\n\t<meta property=\"og:image:width\" content=\"960\" \/>\n\t<meta property=\"og:image:height\" content=\"540\" \/>\n\t<meta property=\"og:image:type\" content=\"image\/jpeg\" \/>\n<meta name=\"author\" content=\"Cope Alcoy\" \/>\n<meta name=\"twitter:label1\" content=\"Escrito por\" \/>\n\t<meta name=\"twitter:data1\" content=\"Cope Alcoy\" \/>\n\t<meta name=\"twitter:label2\" content=\"Tiempo de lectura\" \/>\n\t<meta name=\"twitter:data2\" content=\"2 minutos\" \/>\n<script type=\"application\/ld+json\" class=\"yoast-schema-graph\">{\"@context\":\"https:\\\/\\\/schema.org\",\"@graph\":[{\"@type\":\"Article\",\"@id\":\"https:\\\/\\\/www.copealcoy.es\\\/es\\\/cocentaina-presenta-las-novedades-de-la-fira-de-tots-sants-2018\\\/#article\",\"isPartOf\":{\"@id\":\"https:\\\/\\\/www.copealcoy.es\\\/es\\\/cocentaina-presenta-las-novedades-de-la-fira-de-tots-sants-2018\\\/\"},\"author\":{\"name\":\"Cope Alcoy\",\"@id\":\"https:\\\/\\\/www.copealcoy.es\\\/es\\\/#\\\/schema\\\/person\\\/e777c87fa024e57d40170af9df39882c\"},\"headline\":\"Cocentaina presenta las novedades de la Fira de Tots Sants 2018\",\"datePublished\":\"2018-10-05T16:54:20+00:00\",\"dateModified\":\"2018-10-05T21:00:24+00:00\",\"mainEntityOfPage\":{\"@id\":\"https:\\\/\\\/www.copealcoy.es\\\/es\\\/cocentaina-presenta-las-novedades-de-la-fira-de-tots-sants-2018\\\/\"},\"wordCount\":377,\"commentCount\":0,\"image\":{\"@id\":\"https:\\\/\\\/www.copealcoy.es\\\/es\\\/cocentaina-presenta-las-novedades-de-la-fira-de-tots-sants-2018\\\/#primaryimage\"},\"thumbnailUrl\":\"https:\\\/\\\/www.copealcoy.es\\\/wp-content\\\/uploads\\\/2018\\\/10\\\/43162266_1480405338769613_7769978614539354112_n-e1538773117774.jpg\",\"keywords\":[\"2018\",\"Cocentaina\",\"Fira de Tots Sants\",\"Novedades\",\"Presenta\"],\"articleSection\":[\"Comarcas\",\"Noticias\",\"Portada\"],\"inLanguage\":\"es\"},{\"@type\":\"WebPage\",\"@id\":\"https:\\\/\\\/www.copealcoy.es\\\/es\\\/cocentaina-presenta-las-novedades-de-la-fira-de-tots-sants-2018\\\/\",\"url\":\"https:\\\/\\\/www.copealcoy.es\\\/es\\\/cocentaina-presenta-las-novedades-de-la-fira-de-tots-sants-2018\\\/\",\"name\":\"Cocentaina presenta las novedades de la Fira de Tots Sants 2018 - COPE Alcoy\",\"isPartOf\":{\"@id\":\"https:\\\/\\\/www.copealcoy.es\\\/es\\\/#website\"},\"primaryImageOfPage\":{\"@id\":\"https:\\\/\\\/www.copealcoy.es\\\/es\\\/cocentaina-presenta-las-novedades-de-la-fira-de-tots-sants-2018\\\/#primaryimage\"},\"image\":{\"@id\":\"https:\\\/\\\/www.copealcoy.es\\\/es\\\/cocentaina-presenta-las-novedades-de-la-fira-de-tots-sants-2018\\\/#primaryimage\"},\"thumbnailUrl\":\"https:\\\/\\\/www.copealcoy.es\\\/wp-content\\\/uploads\\\/2018\\\/10\\\/43162266_1480405338769613_7769978614539354112_n-e1538773117774.jpg\",\"datePublished\":\"2018-10-05T16:54:20+00:00\",\"dateModified\":\"2018-10-05T21:00:24+00:00\",\"author\":{\"@id\":\"https:\\\/\\\/www.copealcoy.es\\\/es\\\/#\\\/schema\\\/person\\\/e777c87fa024e57d40170af9df39882c\"},\"breadcrumb\":{\"@id\":\"https:\\\/\\\/www.copealcoy.es\\\/es\\\/cocentaina-presenta-las-novedades-de-la-fira-de-tots-sants-2018\\\/#breadcrumb\"},\"inLanguage\":\"es\",\"potentialAction\":[{\"@type\":\"ReadAction\",\"target\":[\"https:\\\/\\\/www.copealcoy.es\\\/es\\\/cocentaina-presenta-las-novedades-de-la-fira-de-tots-sants-2018\\\/\"]}]},{\"@type\":\"ImageObject\",\"inLanguage\":\"es\",\"@id\":\"https:\\\/\\\/www.copealcoy.es\\\/es\\\/cocentaina-presenta-las-novedades-de-la-fira-de-tots-sants-2018\\\/#primaryimage\",\"url\":\"https:\\\/\\\/www.copealcoy.es\\\/wp-content\\\/uploads\\\/2018\\\/10\\\/43162266_1480405338769613_7769978614539354112_n-e1538773117774.jpg\",\"contentUrl\":\"https:\\\/\\\/www.copealcoy.es\\\/wp-content\\\/uploads\\\/2018\\\/10\\\/43162266_1480405338769613_7769978614539354112_n-e1538773117774.jpg\",\"width\":960,\"height\":540,\"caption\":\"El cartel fue descubierto anoche \\\/ Foto: G. Pascual\"},{\"@type\":\"BreadcrumbList\",\"@id\":\"https:\\\/\\\/www.copealcoy.es\\\/es\\\/cocentaina-presenta-las-novedades-de-la-fira-de-tots-sants-2018\\\/#breadcrumb\",\"itemListElement\":[{\"@type\":\"ListItem\",\"position\":1,\"name\":\"Portada\",\"item\":\"https:\\\/\\\/www.copealcoy.es\\\/es\\\/\"},{\"@type\":\"ListItem\",\"position\":2,\"name\":\"Cocentaina presenta las novedades de la Fira de Tots Sants 2018\"}]},{\"@type\":\"WebSite\",\"@id\":\"https:\\\/\\\/www.copealcoy.es\\\/es\\\/#website\",\"url\":\"https:\\\/\\\/www.copealcoy.es\\\/es\\\/\",\"name\":\"COPE Alcoy\",\"description\":\"Emisora COPE de radio local con emisi\u00f3n online. Pont de Sant Jordi 8-10 03803 Alcoy\",\"potentialAction\":[{\"@type\":\"SearchAction\",\"target\":{\"@type\":\"EntryPoint\",\"urlTemplate\":\"https:\\\/\\\/www.copealcoy.es\\\/es\\\/?s={search_term_string}\"},\"query-input\":{\"@type\":\"PropertyValueSpecification\",\"valueRequired\":true,\"valueName\":\"search_term_string\"}}],\"inLanguage\":\"es\"},{\"@type\":\"Person\",\"@id\":\"https:\\\/\\\/www.copealcoy.es\\\/es\\\/#\\\/schema\\\/person\\\/e777c87fa024e57d40170af9df39882c\",\"name\":\"Cope Alcoy\",\"image\":{\"@type\":\"ImageObject\",\"inLanguage\":\"es\",\"@id\":\"https:\\\/\\\/secure.gravatar.com\\\/avatar\\\/bb65d0283347e303893ba14f0692005417c1e0e690a325a4c5d8bb2b3943ee14?s=96&d=mm&r=g\",\"url\":\"https:\\\/\\\/secure.gravatar.com\\\/avatar\\\/bb65d0283347e303893ba14f0692005417c1e0e690a325a4c5d8bb2b3943ee14?s=96&d=mm&r=g\",\"contentUrl\":\"https:\\\/\\\/secure.gravatar.com\\\/avatar\\\/bb65d0283347e303893ba14f0692005417c1e0e690a325a4c5d8bb2b3943ee14?s=96&d=mm&r=g\",\"caption\":\"Cope Alcoy\"}}]}<\/script>\n<!-- \/ Yoast SEO plugin. -->","yoast_head_json":{"title":"Cocentaina presenta las novedades de la Fira de Tots Sants 2018 - COPE Alcoy","robots":{"index":"index","follow":"follow","max-snippet":"max-snippet:-1","max-image-preview":"max-image-preview:large","max-video-preview":"max-video-preview:-1"},"canonical":"https:\/\/www.copealcoy.es\/es\/cocentaina-presenta-las-novedades-de-la-fira-de-tots-sants-2018\/","og_locale":"es_ES","og_type":"article","og_title":"Cocentaina presenta las novedades de la Fira de Tots Sants 2018 - COPE Alcoy","og_description":"Cocentaina dio a conocer anoche las principales novedades que tendr\u00e1 la Fira de Tots Sants de este a\u00f1o en el...","og_url":"https:\/\/www.copealcoy.es\/es\/cocentaina-presenta-las-novedades-de-la-fira-de-tots-sants-2018\/","og_site_name":"COPE Alcoy","article_published_time":"2018-10-05T16:54:20+00:00","article_modified_time":"2018-10-05T21:00:24+00:00","og_image":[{"width":960,"height":540,"url":"https:\/\/www.copealcoy.es\/wp-content\/uploads\/2018\/10\/43162266_1480405338769613_7769978614539354112_n-e1538773117774.jpg","type":"image\/jpeg"}],"author":"Cope Alcoy","twitter_misc":{"Escrito por":"Cope Alcoy","Tiempo de lectura":"2 minutos"},"schema":{"@context":"https:\/\/schema.org","@graph":[{"@type":"Article","@id":"https:\/\/www.copealcoy.es\/es\/cocentaina-presenta-las-novedades-de-la-fira-de-tots-sants-2018\/#article","isPartOf":{"@id":"https:\/\/www.copealcoy.es\/es\/cocentaina-presenta-las-novedades-de-la-fira-de-tots-sants-2018\/"},"author":{"name":"Cope Alcoy","@id":"https:\/\/www.copealcoy.es\/es\/#\/schema\/person\/e777c87fa024e57d40170af9df39882c"},"headline":"Cocentaina presenta las novedades de la Fira de Tots Sants 2018","datePublished":"2018-10-05T16:54:20+00:00","dateModified":"2018-10-05T21:00:24+00:00","mainEntityOfPage":{"@id":"https:\/\/www.copealcoy.es\/es\/cocentaina-presenta-las-novedades-de-la-fira-de-tots-sants-2018\/"},"wordCount":377,"commentCount":0,"image":{"@id":"https:\/\/www.copealcoy.es\/es\/cocentaina-presenta-las-novedades-de-la-fira-de-tots-sants-2018\/#primaryimage"},"thumbnailUrl":"https:\/\/www.copealcoy.es\/wp-content\/uploads\/2018\/10\/43162266_1480405338769613_7769978614539354112_n-e1538773117774.jpg","keywords":["2018","Cocentaina","Fira de Tots Sants","Novedades","Presenta"],"articleSection":["Comarcas","Noticias","Portada"],"inLanguage":"es"},{"@type":"WebPage","@id":"https:\/\/www.copealcoy.es\/es\/cocentaina-presenta-las-novedades-de-la-fira-de-tots-sants-2018\/","url":"https:\/\/www.copealcoy.es\/es\/cocentaina-presenta-las-novedades-de-la-fira-de-tots-sants-2018\/","name":"Cocentaina presenta las novedades de la Fira de Tots Sants 2018 - COPE Alcoy","isPartOf":{"@id":"https:\/\/www.copealcoy.es\/es\/#website"},"primaryImageOfPage":{"@id":"https:\/\/www.copealcoy.es\/es\/cocentaina-presenta-las-novedades-de-la-fira-de-tots-sants-2018\/#primaryimage"},"image":{"@id":"https:\/\/www.copealcoy.es\/es\/cocentaina-presenta-las-novedades-de-la-fira-de-tots-sants-2018\/#primaryimage"},"thumbnailUrl":"https:\/\/www.copealcoy.es\/wp-content\/uploads\/2018\/10\/43162266_1480405338769613_7769978614539354112_n-e1538773117774.jpg","datePublished":"2018-10-05T16:54:20+00:00","dateModified":"2018-10-05T21:00:24+00:00","author":{"@id":"https:\/\/www.copealcoy.es\/es\/#\/schema\/person\/e777c87fa024e57d40170af9df39882c"},"breadcrumb":{"@id":"https:\/\/www.copealcoy.es\/es\/cocentaina-presenta-las-novedades-de-la-fira-de-tots-sants-2018\/#breadcrumb"},"inLanguage":"es","potentialAction":[{"@type":"ReadAction","target":["https:\/\/www.copealcoy.es\/es\/cocentaina-presenta-las-novedades-de-la-fira-de-tots-sants-2018\/"]}]},{"@type":"ImageObject","inLanguage":"es","@id":"https:\/\/www.copealcoy.es\/es\/cocentaina-presenta-las-novedades-de-la-fira-de-tots-sants-2018\/#primaryimage","url":"https:\/\/www.copealcoy.es\/wp-content\/uploads\/2018\/10\/43162266_1480405338769613_7769978614539354112_n-e1538773117774.jpg","contentUrl":"https:\/\/www.copealcoy.es\/wp-content\/uploads\/2018\/10\/43162266_1480405338769613_7769978614539354112_n-e1538773117774.jpg","width":960,"height":540,"caption":"El cartel fue descubierto anoche \/ Foto: G. Pascual"},{"@type":"BreadcrumbList","@id":"https:\/\/www.copealcoy.es\/es\/cocentaina-presenta-las-novedades-de-la-fira-de-tots-sants-2018\/#breadcrumb","itemListElement":[{"@type":"ListItem","position":1,"name":"Portada","item":"https:\/\/www.copealcoy.es\/es\/"},{"@type":"ListItem","position":2,"name":"Cocentaina presenta las novedades de la Fira de Tots Sants 2018"}]},{"@type":"WebSite","@id":"https:\/\/www.copealcoy.es\/es\/#website","url":"https:\/\/www.copealcoy.es\/es\/","name":"COPE Alcoy","description":"Emisora COPE de radio local con emisi\u00f3n online. Pont de Sant Jordi 8-10 03803 Alcoy","potentialAction":[{"@type":"SearchAction","target":{"@type":"EntryPoint","urlTemplate":"https:\/\/www.copealcoy.es\/es\/?s={search_term_string}"},"query-input":{"@type":"PropertyValueSpecification","valueRequired":true,"valueName":"search_term_string"}}],"inLanguage":"es"},{"@type":"Person","@id":"https:\/\/www.copealcoy.es\/es\/#\/schema\/person\/e777c87fa024e57d40170af9df39882c","name":"Cope Alcoy","image":{"@type":"ImageObject","inLanguage":"es","@id":"https:\/\/secure.gravatar.com\/avatar\/bb65d0283347e303893ba14f0692005417c1e0e690a325a4c5d8bb2b3943ee14?s=96&d=mm&r=g","url":"https:\/\/secure.gravatar.com\/avatar\/bb65d0283347e303893ba14f0692005417c1e0e690a325a4c5d8bb2b3943ee14?s=96&d=mm&r=g","contentUrl":"https:\/\/secure.gravatar.com\/avatar\/bb65d0283347e303893ba14f0692005417c1e0e690a325a4c5d8bb2b3943ee14?s=96&d=mm&r=g","caption":"Cope Alcoy"}}]}},"_links":{"self":[{"href":"https:\/\/www.copealcoy.es\/es\/wp-json\/wp\/v2\/posts\/46053","targetHints":{"allow":["GET"]}}],"collection":[{"href":"https:\/\/www.copealcoy.es\/es\/wp-json\/wp\/v2\/posts"}],"about":[{"href":"https:\/\/www.copealcoy.es\/es\/wp-json\/wp\/v2\/types\/post"}],"author":[{"embeddable":true,"href":"https:\/\/www.copealcoy.es\/es\/wp-json\/wp\/v2\/users\/1"}],"replies":[{"embeddable":true,"href":"https:\/\/www.copealcoy.es\/es\/wp-json\/wp\/v2\/comments?post=46053"}],"version-history":[{"count":0,"href":"https:\/\/www.copealcoy.es\/es\/wp-json\/wp\/v2\/posts\/46053\/revisions"}],"wp:featuredmedia":[{"embeddable":true,"href":"https:\/\/www.copealcoy.es\/es\/wp-json\/wp\/v2\/media\/46067"}],"wp:attachment":[{"href":"https:\/\/www.copealcoy.es\/es\/wp-json\/wp\/v2\/media?parent=46053"}],"wp:term":[{"taxonomy":"category","embeddable":true,"href":"https:\/\/www.copealcoy.es\/es\/wp-json\/wp\/v2\/categories?post=46053"},{"taxonomy":"post_tag","embeddable":true,"href":"https:\/\/www.copealcoy.es\/es\/wp-json\/wp\/v2\/tags?post=46053"}],"curies":[{"name":"wp","href":"https:\/\/api.w.org\/{rel}","templated":true}]}}