{"id":46042,"date":"2018-10-05T16:17:18","date_gmt":"2018-10-05T16:17:18","guid":{"rendered":"http:\/\/copealcoi.es\/new\/?p=46042"},"modified":"2018-10-05T16:18:31","modified_gmt":"2018-10-05T16:18:31","slug":"ciudadanos-pide-mejoras-urgentes-en-el-entorno-del-portal-de-riquer","status":"publish","type":"post","link":"https:\/\/www.copealcoy.es\/es\/ciudadanos-pide-mejoras-urgentes-en-el-entorno-del-portal-de-riquer\/","title":{"rendered":"Ciudadanos pide mejoras urgentes en el entorno del Portal de Riquer"},"content":{"rendered":"<p style=\"text-align: justify;\">Ciudadanos Alcoy <strong>ha denunciado el estado de dejadez<\/strong> que presenta <strong>la zona del Portal de Riquer<\/strong>. La formaci\u00f3n naranja destaca que el \u00e1rea est\u00e1 en <strong>una situaci\u00f3n p\u00e9sima<\/strong>\u00a0por\u00a0la suciedad, las hierbas, los matorrales y la sensaci\u00f3n de abandono. En este sentido, indican,\u00a0 que <strong>esta situaci\u00f3n da una muy mala imagen de nuestra ciudad<\/strong> &#8220;<em>al tratarse este punto de una zona tur\u00edstica en el que existen importantes elementos del\u00a0patrimonio hist\u00f3rico local que se han convertido en un reclamo tur\u00edstico como la Torre Na Valora<\/em>&#8220;, se\u00f1ala la edil <strong>Luc\u00eda Granados<\/strong>. Por \u00faltimo desde Ciudadanos anuncian que <strong>pedir\u00e1n al Gobierno Local del PSOE<\/strong> que estudie y que lleve a cabo la adecuaci\u00f3n urgente de este punto.<\/p>\n","protected":false},"excerpt":{"rendered":"<p>Ciudadanos Alcoy ha denunciado el estado de dejadez que presenta la zona del Portal de Riquer. La formaci\u00f3n naranja destaca&#8230;<\/p>\n","protected":false},"author":1,"featured_media":46043,"comment_status":"open","ping_status":"open","sticky":false,"template":"","format":"standard","meta":{"footnotes":""},"categories":[97,75,79],"tags":[349,4955,5525,6789],"class_list":["post-46042","post","type-post","status-publish","format-standard","has-post-thumbnail","hentry","category-alcoy","category-noticias","category-politicayeconomia","tag-ciudadanos","tag-entorno","tag-mejoras-urgentes","tag-portal-de-riquer"],"yoast_head":"<!-- This site is optimized with the Yoast SEO plugin v27.3 - https:\/\/yoast.com\/product\/yoast-seo-wordpress\/ -->\n<title>Ciudadanos pide mejoras urgentes en el entorno del Portal de Riquer - COPE Alcoy<\/title>\n<meta name=\"robots\" content=\"index, follow, max-snippet:-1, max-image-preview:large, max-video-preview:-1\" \/>\n<link rel=\"canonical\" href=\"https:\/\/www.copealcoy.es\/es\/ciudadanos-pide-mejoras-urgentes-en-el-entorno-del-portal-de-riquer\/\" \/>\n<meta property=\"og:locale\" content=\"es_ES\" \/>\n<meta property=\"og:type\" content=\"article\" \/>\n<meta property=\"og:title\" content=\"Ciudadanos pide mejoras urgentes en el entorno del Portal de Riquer - COPE Alcoy\" \/>\n<meta property=\"og:description\" content=\"Ciudadanos Alcoy ha denunciado el estado de dejadez que presenta la zona del Portal de Riquer. La formaci\u00f3n naranja destaca...\" \/>\n<meta property=\"og:url\" content=\"https:\/\/www.copealcoy.es\/es\/ciudadanos-pide-mejoras-urgentes-en-el-entorno-del-portal-de-riquer\/\" \/>\n<meta property=\"og:site_name\" content=\"COPE Alcoy\" \/>\n<meta property=\"article:published_time\" content=\"2018-10-05T16:17:18+00:00\" \/>\n<meta property=\"article:modified_time\" content=\"2018-10-05T16:18:31+00:00\" \/>\n<meta property=\"og:image\" content=\"https:\/\/www.copealcoy.es\/wp-content\/uploads\/2018\/10\/IMG-20180912-WA0007-e1538756039262.jpg\" \/>\n\t<meta property=\"og:image:width\" content=\"888\" \/>\n\t<meta property=\"og:image:height\" content=\"536\" \/>\n\t<meta property=\"og:image:type\" content=\"image\/jpeg\" \/>\n<meta name=\"author\" content=\"Cope Alcoy\" \/>\n<meta name=\"twitter:label1\" content=\"Escrito por\" \/>\n\t<meta name=\"twitter:data1\" content=\"Cope Alcoy\" \/>\n\t<meta name=\"twitter:label2\" content=\"Tiempo de lectura\" \/>\n\t<meta name=\"twitter:data2\" content=\"1 minuto\" \/>\n<script type=\"application\/ld+json\" class=\"yoast-schema-graph\">{\"@context\":\"https:\\\/\\\/schema.org\",\"@graph\":[{\"@type\":\"Article\",\"@id\":\"https:\\\/\\\/www.copealcoy.es\\\/es\\\/ciudadanos-pide-mejoras-urgentes-en-el-entorno-del-portal-de-riquer\\\/#article\",\"isPartOf\":{\"@id\":\"https:\\\/\\\/www.copealcoy.es\\\/es\\\/ciudadanos-pide-mejoras-urgentes-en-el-entorno-del-portal-de-riquer\\\/\"},\"author\":{\"name\":\"Cope Alcoy\",\"@id\":\"https:\\\/\\\/www.copealcoy.es\\\/es\\\/#\\\/schema\\\/person\\\/e777c87fa024e57d40170af9df39882c\"},\"headline\":\"Ciudadanos pide mejoras urgentes en el entorno del Portal de Riquer\",\"datePublished\":\"2018-10-05T16:17:18+00:00\",\"dateModified\":\"2018-10-05T16:18:31+00:00\",\"mainEntityOfPage\":{\"@id\":\"https:\\\/\\\/www.copealcoy.es\\\/es\\\/ciudadanos-pide-mejoras-urgentes-en-el-entorno-del-portal-de-riquer\\\/\"},\"wordCount\":139,\"commentCount\":0,\"image\":{\"@id\":\"https:\\\/\\\/www.copealcoy.es\\\/es\\\/ciudadanos-pide-mejoras-urgentes-en-el-entorno-del-portal-de-riquer\\\/#primaryimage\"},\"thumbnailUrl\":\"https:\\\/\\\/www.copealcoy.es\\\/wp-content\\\/uploads\\\/2018\\\/10\\\/IMG-20180912-WA0007-e1538756039262.jpg\",\"keywords\":[\"Ciudadanos\",\"entorno\",\"mejoras urgentes\",\"Portal de Riquer\"],\"articleSection\":[\"Alcoy\",\"Noticias\",\"Pol\u00edtica y Econom\u00eda\"],\"inLanguage\":\"es\"},{\"@type\":\"WebPage\",\"@id\":\"https:\\\/\\\/www.copealcoy.es\\\/es\\\/ciudadanos-pide-mejoras-urgentes-en-el-entorno-del-portal-de-riquer\\\/\",\"url\":\"https:\\\/\\\/www.copealcoy.es\\\/es\\\/ciudadanos-pide-mejoras-urgentes-en-el-entorno-del-portal-de-riquer\\\/\",\"name\":\"Ciudadanos pide mejoras urgentes en el entorno del Portal de Riquer - COPE Alcoy\",\"isPartOf\":{\"@id\":\"https:\\\/\\\/www.copealcoy.es\\\/es\\\/#website\"},\"primaryImageOfPage\":{\"@id\":\"https:\\\/\\\/www.copealcoy.es\\\/es\\\/ciudadanos-pide-mejoras-urgentes-en-el-entorno-del-portal-de-riquer\\\/#primaryimage\"},\"image\":{\"@id\":\"https:\\\/\\\/www.copealcoy.es\\\/es\\\/ciudadanos-pide-mejoras-urgentes-en-el-entorno-del-portal-de-riquer\\\/#primaryimage\"},\"thumbnailUrl\":\"https:\\\/\\\/www.copealcoy.es\\\/wp-content\\\/uploads\\\/2018\\\/10\\\/IMG-20180912-WA0007-e1538756039262.jpg\",\"datePublished\":\"2018-10-05T16:17:18+00:00\",\"dateModified\":\"2018-10-05T16:18:31+00:00\",\"author\":{\"@id\":\"https:\\\/\\\/www.copealcoy.es\\\/es\\\/#\\\/schema\\\/person\\\/e777c87fa024e57d40170af9df39882c\"},\"breadcrumb\":{\"@id\":\"https:\\\/\\\/www.copealcoy.es\\\/es\\\/ciudadanos-pide-mejoras-urgentes-en-el-entorno-del-portal-de-riquer\\\/#breadcrumb\"},\"inLanguage\":\"es\",\"potentialAction\":[{\"@type\":\"ReadAction\",\"target\":[\"https:\\\/\\\/www.copealcoy.es\\\/es\\\/ciudadanos-pide-mejoras-urgentes-en-el-entorno-del-portal-de-riquer\\\/\"]}]},{\"@type\":\"ImageObject\",\"inLanguage\":\"es\",\"@id\":\"https:\\\/\\\/www.copealcoy.es\\\/es\\\/ciudadanos-pide-mejoras-urgentes-en-el-entorno-del-portal-de-riquer\\\/#primaryimage\",\"url\":\"https:\\\/\\\/www.copealcoy.es\\\/wp-content\\\/uploads\\\/2018\\\/10\\\/IMG-20180912-WA0007-e1538756039262.jpg\",\"contentUrl\":\"https:\\\/\\\/www.copealcoy.es\\\/wp-content\\\/uploads\\\/2018\\\/10\\\/IMG-20180912-WA0007-e1538756039262.jpg\",\"width\":888,\"height\":536},{\"@type\":\"BreadcrumbList\",\"@id\":\"https:\\\/\\\/www.copealcoy.es\\\/es\\\/ciudadanos-pide-mejoras-urgentes-en-el-entorno-del-portal-de-riquer\\\/#breadcrumb\",\"itemListElement\":[{\"@type\":\"ListItem\",\"position\":1,\"name\":\"Portada\",\"item\":\"https:\\\/\\\/www.copealcoy.es\\\/es\\\/\"},{\"@type\":\"ListItem\",\"position\":2,\"name\":\"Ciudadanos pide mejoras urgentes en el entorno del Portal de Riquer\"}]},{\"@type\":\"WebSite\",\"@id\":\"https:\\\/\\\/www.copealcoy.es\\\/es\\\/#website\",\"url\":\"https:\\\/\\\/www.copealcoy.es\\\/es\\\/\",\"name\":\"COPE Alcoy\",\"description\":\"Emisora COPE de radio local con emisi\u00f3n online. Pont de Sant Jordi 8-10 03803 Alcoy\",\"potentialAction\":[{\"@type\":\"SearchAction\",\"target\":{\"@type\":\"EntryPoint\",\"urlTemplate\":\"https:\\\/\\\/www.copealcoy.es\\\/es\\\/?s={search_term_string}\"},\"query-input\":{\"@type\":\"PropertyValueSpecification\",\"valueRequired\":true,\"valueName\":\"search_term_string\"}}],\"inLanguage\":\"es\"},{\"@type\":\"Person\",\"@id\":\"https:\\\/\\\/www.copealcoy.es\\\/es\\\/#\\\/schema\\\/person\\\/e777c87fa024e57d40170af9df39882c\",\"name\":\"Cope Alcoy\",\"image\":{\"@type\":\"ImageObject\",\"inLanguage\":\"es\",\"@id\":\"https:\\\/\\\/secure.gravatar.com\\\/avatar\\\/bb65d0283347e303893ba14f0692005417c1e0e690a325a4c5d8bb2b3943ee14?s=96&d=mm&r=g\",\"url\":\"https:\\\/\\\/secure.gravatar.com\\\/avatar\\\/bb65d0283347e303893ba14f0692005417c1e0e690a325a4c5d8bb2b3943ee14?s=96&d=mm&r=g\",\"contentUrl\":\"https:\\\/\\\/secure.gravatar.com\\\/avatar\\\/bb65d0283347e303893ba14f0692005417c1e0e690a325a4c5d8bb2b3943ee14?s=96&d=mm&r=g\",\"caption\":\"Cope Alcoy\"}}]}<\/script>\n<!-- \/ Yoast SEO plugin. -->","yoast_head_json":{"title":"Ciudadanos pide mejoras urgentes en el entorno del Portal de Riquer - COPE Alcoy","robots":{"index":"index","follow":"follow","max-snippet":"max-snippet:-1","max-image-preview":"max-image-preview:large","max-video-preview":"max-video-preview:-1"},"canonical":"https:\/\/www.copealcoy.es\/es\/ciudadanos-pide-mejoras-urgentes-en-el-entorno-del-portal-de-riquer\/","og_locale":"es_ES","og_type":"article","og_title":"Ciudadanos pide mejoras urgentes en el entorno del Portal de Riquer - COPE Alcoy","og_description":"Ciudadanos Alcoy ha denunciado el estado de dejadez que presenta la zona del Portal de Riquer. La formaci\u00f3n naranja destaca...","og_url":"https:\/\/www.copealcoy.es\/es\/ciudadanos-pide-mejoras-urgentes-en-el-entorno-del-portal-de-riquer\/","og_site_name":"COPE Alcoy","article_published_time":"2018-10-05T16:17:18+00:00","article_modified_time":"2018-10-05T16:18:31+00:00","og_image":[{"width":888,"height":536,"url":"https:\/\/www.copealcoy.es\/wp-content\/uploads\/2018\/10\/IMG-20180912-WA0007-e1538756039262.jpg","type":"image\/jpeg"}],"author":"Cope Alcoy","twitter_misc":{"Escrito por":"Cope Alcoy","Tiempo de lectura":"1 minuto"},"schema":{"@context":"https:\/\/schema.org","@graph":[{"@type":"Article","@id":"https:\/\/www.copealcoy.es\/es\/ciudadanos-pide-mejoras-urgentes-en-el-entorno-del-portal-de-riquer\/#article","isPartOf":{"@id":"https:\/\/www.copealcoy.es\/es\/ciudadanos-pide-mejoras-urgentes-en-el-entorno-del-portal-de-riquer\/"},"author":{"name":"Cope Alcoy","@id":"https:\/\/www.copealcoy.es\/es\/#\/schema\/person\/e777c87fa024e57d40170af9df39882c"},"headline":"Ciudadanos pide mejoras urgentes en el entorno del Portal de Riquer","datePublished":"2018-10-05T16:17:18+00:00","dateModified":"2018-10-05T16:18:31+00:00","mainEntityOfPage":{"@id":"https:\/\/www.copealcoy.es\/es\/ciudadanos-pide-mejoras-urgentes-en-el-entorno-del-portal-de-riquer\/"},"wordCount":139,"commentCount":0,"image":{"@id":"https:\/\/www.copealcoy.es\/es\/ciudadanos-pide-mejoras-urgentes-en-el-entorno-del-portal-de-riquer\/#primaryimage"},"thumbnailUrl":"https:\/\/www.copealcoy.es\/wp-content\/uploads\/2018\/10\/IMG-20180912-WA0007-e1538756039262.jpg","keywords":["Ciudadanos","entorno","mejoras urgentes","Portal de Riquer"],"articleSection":["Alcoy","Noticias","Pol\u00edtica y Econom\u00eda"],"inLanguage":"es"},{"@type":"WebPage","@id":"https:\/\/www.copealcoy.es\/es\/ciudadanos-pide-mejoras-urgentes-en-el-entorno-del-portal-de-riquer\/","url":"https:\/\/www.copealcoy.es\/es\/ciudadanos-pide-mejoras-urgentes-en-el-entorno-del-portal-de-riquer\/","name":"Ciudadanos pide mejoras urgentes en el entorno del Portal de Riquer - COPE Alcoy","isPartOf":{"@id":"https:\/\/www.copealcoy.es\/es\/#website"},"primaryImageOfPage":{"@id":"https:\/\/www.copealcoy.es\/es\/ciudadanos-pide-mejoras-urgentes-en-el-entorno-del-portal-de-riquer\/#primaryimage"},"image":{"@id":"https:\/\/www.copealcoy.es\/es\/ciudadanos-pide-mejoras-urgentes-en-el-entorno-del-portal-de-riquer\/#primaryimage"},"thumbnailUrl":"https:\/\/www.copealcoy.es\/wp-content\/uploads\/2018\/10\/IMG-20180912-WA0007-e1538756039262.jpg","datePublished":"2018-10-05T16:17:18+00:00","dateModified":"2018-10-05T16:18:31+00:00","author":{"@id":"https:\/\/www.copealcoy.es\/es\/#\/schema\/person\/e777c87fa024e57d40170af9df39882c"},"breadcrumb":{"@id":"https:\/\/www.copealcoy.es\/es\/ciudadanos-pide-mejoras-urgentes-en-el-entorno-del-portal-de-riquer\/#breadcrumb"},"inLanguage":"es","potentialAction":[{"@type":"ReadAction","target":["https:\/\/www.copealcoy.es\/es\/ciudadanos-pide-mejoras-urgentes-en-el-entorno-del-portal-de-riquer\/"]}]},{"@type":"ImageObject","inLanguage":"es","@id":"https:\/\/www.copealcoy.es\/es\/ciudadanos-pide-mejoras-urgentes-en-el-entorno-del-portal-de-riquer\/#primaryimage","url":"https:\/\/www.copealcoy.es\/wp-content\/uploads\/2018\/10\/IMG-20180912-WA0007-e1538756039262.jpg","contentUrl":"https:\/\/www.copealcoy.es\/wp-content\/uploads\/2018\/10\/IMG-20180912-WA0007-e1538756039262.jpg","width":888,"height":536},{"@type":"BreadcrumbList","@id":"https:\/\/www.copealcoy.es\/es\/ciudadanos-pide-mejoras-urgentes-en-el-entorno-del-portal-de-riquer\/#breadcrumb","itemListElement":[{"@type":"ListItem","position":1,"name":"Portada","item":"https:\/\/www.copealcoy.es\/es\/"},{"@type":"ListItem","position":2,"name":"Ciudadanos pide mejoras urgentes en el entorno del Portal de Riquer"}]},{"@type":"WebSite","@id":"https:\/\/www.copealcoy.es\/es\/#website","url":"https:\/\/www.copealcoy.es\/es\/","name":"COPE Alcoy","description":"Emisora COPE de radio local con emisi\u00f3n online. Pont de Sant Jordi 8-10 03803 Alcoy","potentialAction":[{"@type":"SearchAction","target":{"@type":"EntryPoint","urlTemplate":"https:\/\/www.copealcoy.es\/es\/?s={search_term_string}"},"query-input":{"@type":"PropertyValueSpecification","valueRequired":true,"valueName":"search_term_string"}}],"inLanguage":"es"},{"@type":"Person","@id":"https:\/\/www.copealcoy.es\/es\/#\/schema\/person\/e777c87fa024e57d40170af9df39882c","name":"Cope Alcoy","image":{"@type":"ImageObject","inLanguage":"es","@id":"https:\/\/secure.gravatar.com\/avatar\/bb65d0283347e303893ba14f0692005417c1e0e690a325a4c5d8bb2b3943ee14?s=96&d=mm&r=g","url":"https:\/\/secure.gravatar.com\/avatar\/bb65d0283347e303893ba14f0692005417c1e0e690a325a4c5d8bb2b3943ee14?s=96&d=mm&r=g","contentUrl":"https:\/\/secure.gravatar.com\/avatar\/bb65d0283347e303893ba14f0692005417c1e0e690a325a4c5d8bb2b3943ee14?s=96&d=mm&r=g","caption":"Cope Alcoy"}}]}},"_links":{"self":[{"href":"https:\/\/www.copealcoy.es\/es\/wp-json\/wp\/v2\/posts\/46042","targetHints":{"allow":["GET"]}}],"collection":[{"href":"https:\/\/www.copealcoy.es\/es\/wp-json\/wp\/v2\/posts"}],"about":[{"href":"https:\/\/www.copealcoy.es\/es\/wp-json\/wp\/v2\/types\/post"}],"author":[{"embeddable":true,"href":"https:\/\/www.copealcoy.es\/es\/wp-json\/wp\/v2\/users\/1"}],"replies":[{"embeddable":true,"href":"https:\/\/www.copealcoy.es\/es\/wp-json\/wp\/v2\/comments?post=46042"}],"version-history":[{"count":0,"href":"https:\/\/www.copealcoy.es\/es\/wp-json\/wp\/v2\/posts\/46042\/revisions"}],"wp:featuredmedia":[{"embeddable":true,"href":"https:\/\/www.copealcoy.es\/es\/wp-json\/wp\/v2\/media\/46043"}],"wp:attachment":[{"href":"https:\/\/www.copealcoy.es\/es\/wp-json\/wp\/v2\/media?parent=46042"}],"wp:term":[{"taxonomy":"category","embeddable":true,"href":"https:\/\/www.copealcoy.es\/es\/wp-json\/wp\/v2\/categories?post=46042"},{"taxonomy":"post_tag","embeddable":true,"href":"https:\/\/www.copealcoy.es\/es\/wp-json\/wp\/v2\/tags?post=46042"}],"curies":[{"name":"wp","href":"https:\/\/api.w.org\/{rel}","templated":true}]}}