{"id":45916,"date":"2018-10-01T15:59:41","date_gmt":"2018-10-01T15:59:41","guid":{"rendered":"http:\/\/copealcoi.es\/new\/?p=45916"},"modified":"2018-10-01T16:06:57","modified_gmt":"2018-10-01T16:06:57","slug":"comienza-la-construccion-del-albergue-comarcal-de-animales","status":"publish","type":"post","link":"https:\/\/www.copealcoy.es\/es\/comienza-la-construccion-del-albergue-comarcal-de-animales\/","title":{"rendered":"Comienza la construcci\u00f3n del albergue comarcal de animales"},"content":{"rendered":"<p style=\"text-align: justify;\">La <strong>Mancomunitat de Municipis de l&#8217;Alcoi\u00e0-Comtat<\/strong> ha iniciado ya<strong> la construcci\u00f3n<\/strong> del <strong>albergue comarcal<\/strong> de animales abandonados, una infraestructura que <strong>se ubicar\u00e1 en el t\u00e9rmino municipal de Muro<\/strong> y en los terrenos que ocupaba el antiguo vertedero. El proyecto tendr\u00e1 un <strong>plazo de ejecuci\u00f3n de tres meses<\/strong> y el mismo permitir\u00e1 <strong>solucionar\u00a0<\/strong>\u00a0los problemas que sufren los municipios que integran la Mancomunitat<strong> a la hora de dar cobijo<\/strong> a los animales recogidos en sus respectivos t\u00e9rminos municipales.<\/p>\n<p style=\"text-align: justify;\">El Presidente del ente, <strong>Manolo Gomicia<\/strong>, ha visitado recientemente las obras y remarcaba en COPE ALCOY <strong>la importancia de este nuevo servicio<\/strong> que pronto ofrecer\u00e1 la Manco &#8220;<em>se est\u00e1 llevando\u00a0a cabo uno de los proyectos m\u00e1s demandados por las diversas asociaciones y Ayuntamientos que integran la Mancomunidad de l\u2019Alcoi\u00e0-Comtat. El refugio contar\u00e1 con unas modernas dependencias que incluir\u00e1n todos los servicios necesarios para la adecuada atenci\u00f3n a las mascotas<\/em>&#8220;, asevera.<\/p>\n<p style=\"text-align: justify;\">El albergue comarcal de animales tiene <strong>un presupuesto que ronda los 80.000 euros<\/strong> y <strong>su puesta en marcha<\/strong> permitir\u00e1 descongestionar el de Alcoy. Asimismo <strong>dar\u00e1 servicio<\/strong> a aquellas localidades que se quedaron sin este cuando Ibi decidi\u00f3 no acoger a m\u00e1s animales de poblaciones vecinas en su propio refugio.<\/p>\n","protected":false},"excerpt":{"rendered":"<p>La Mancomunitat de Municipis de l&#8217;Alcoi\u00e0-Comtat ha iniciado ya la construcci\u00f3n del albergue comarcal de animales abandonados, una infraestructura que&#8230;<\/p>\n","protected":false},"author":1,"featured_media":45917,"comment_status":"open","ping_status":"open","sticky":false,"template":"","format":"standard","meta":{"footnotes":""},"categories":[97,75,125],"tags":[5567,544,2804,4362],"class_list":["post-45916","post","type-post","status-publish","format-standard","has-post-thumbnail","hentry","category-alcoy","category-noticias","category-portada","tag-albergue-comarcal","tag-animales","tag-comienza","tag-construccion"],"yoast_head":"<!-- This site is optimized with the Yoast SEO plugin v27.3 - https:\/\/yoast.com\/product\/yoast-seo-wordpress\/ -->\n<title>Comienza la construcci\u00f3n del albergue comarcal de animales - COPE Alcoy<\/title>\n<meta name=\"robots\" content=\"index, follow, max-snippet:-1, max-image-preview:large, max-video-preview:-1\" \/>\n<link rel=\"canonical\" href=\"https:\/\/www.copealcoy.es\/es\/comienza-la-construccion-del-albergue-comarcal-de-animales\/\" \/>\n<meta property=\"og:locale\" content=\"es_ES\" \/>\n<meta property=\"og:type\" content=\"article\" \/>\n<meta property=\"og:title\" content=\"Comienza la construcci\u00f3n del albergue comarcal de animales - COPE Alcoy\" \/>\n<meta property=\"og:description\" content=\"La Mancomunitat de Municipis de l&#8217;Alcoi\u00e0-Comtat ha iniciado ya la construcci\u00f3n del albergue comarcal de animales abandonados, una infraestructura que...\" \/>\n<meta property=\"og:url\" content=\"https:\/\/www.copealcoy.es\/es\/comienza-la-construccion-del-albergue-comarcal-de-animales\/\" \/>\n<meta property=\"og:site_name\" content=\"COPE Alcoy\" \/>\n<meta property=\"article:published_time\" content=\"2018-10-01T15:59:41+00:00\" \/>\n<meta property=\"article:modified_time\" content=\"2018-10-01T16:06:57+00:00\" \/>\n<meta property=\"og:image\" content=\"https:\/\/www.copealcoy.es\/wp-content\/uploads\/2018\/10\/IMG_9992_20181001035844-e1538409564992.jpg\" \/>\n\t<meta property=\"og:image:width\" content=\"3535\" \/>\n\t<meta property=\"og:image:height\" content=\"1965\" \/>\n\t<meta property=\"og:image:type\" content=\"image\/jpeg\" \/>\n<meta name=\"author\" content=\"Cope Alcoy\" \/>\n<meta name=\"twitter:label1\" content=\"Escrito por\" \/>\n\t<meta name=\"twitter:data1\" content=\"Cope Alcoy\" \/>\n\t<meta name=\"twitter:label2\" content=\"Tiempo de lectura\" \/>\n\t<meta name=\"twitter:data2\" content=\"1 minuto\" \/>\n<script type=\"application\/ld+json\" class=\"yoast-schema-graph\">{\"@context\":\"https:\\\/\\\/schema.org\",\"@graph\":[{\"@type\":\"Article\",\"@id\":\"https:\\\/\\\/www.copealcoy.es\\\/es\\\/comienza-la-construccion-del-albergue-comarcal-de-animales\\\/#article\",\"isPartOf\":{\"@id\":\"https:\\\/\\\/www.copealcoy.es\\\/es\\\/comienza-la-construccion-del-albergue-comarcal-de-animales\\\/\"},\"author\":{\"name\":\"Cope Alcoy\",\"@id\":\"https:\\\/\\\/www.copealcoy.es\\\/es\\\/#\\\/schema\\\/person\\\/e777c87fa024e57d40170af9df39882c\"},\"headline\":\"Comienza la construcci\u00f3n del albergue comarcal de animales\",\"datePublished\":\"2018-10-01T15:59:41+00:00\",\"dateModified\":\"2018-10-01T16:06:57+00:00\",\"mainEntityOfPage\":{\"@id\":\"https:\\\/\\\/www.copealcoy.es\\\/es\\\/comienza-la-construccion-del-albergue-comarcal-de-animales\\\/\"},\"wordCount\":217,\"commentCount\":0,\"image\":{\"@id\":\"https:\\\/\\\/www.copealcoy.es\\\/es\\\/comienza-la-construccion-del-albergue-comarcal-de-animales\\\/#primaryimage\"},\"thumbnailUrl\":\"https:\\\/\\\/www.copealcoy.es\\\/wp-content\\\/uploads\\\/2018\\\/10\\\/IMG_9992_20181001035844-e1538409564992.jpg\",\"keywords\":[\"Albergue Comarcal\",\"Animales\",\"Comienza\",\"construcci\u00f3n\"],\"articleSection\":[\"Alcoy\",\"Noticias\",\"Portada\"],\"inLanguage\":\"es\"},{\"@type\":\"WebPage\",\"@id\":\"https:\\\/\\\/www.copealcoy.es\\\/es\\\/comienza-la-construccion-del-albergue-comarcal-de-animales\\\/\",\"url\":\"https:\\\/\\\/www.copealcoy.es\\\/es\\\/comienza-la-construccion-del-albergue-comarcal-de-animales\\\/\",\"name\":\"Comienza la construcci\u00f3n del albergue comarcal de animales - COPE Alcoy\",\"isPartOf\":{\"@id\":\"https:\\\/\\\/www.copealcoy.es\\\/es\\\/#website\"},\"primaryImageOfPage\":{\"@id\":\"https:\\\/\\\/www.copealcoy.es\\\/es\\\/comienza-la-construccion-del-albergue-comarcal-de-animales\\\/#primaryimage\"},\"image\":{\"@id\":\"https:\\\/\\\/www.copealcoy.es\\\/es\\\/comienza-la-construccion-del-albergue-comarcal-de-animales\\\/#primaryimage\"},\"thumbnailUrl\":\"https:\\\/\\\/www.copealcoy.es\\\/wp-content\\\/uploads\\\/2018\\\/10\\\/IMG_9992_20181001035844-e1538409564992.jpg\",\"datePublished\":\"2018-10-01T15:59:41+00:00\",\"dateModified\":\"2018-10-01T16:06:57+00:00\",\"author\":{\"@id\":\"https:\\\/\\\/www.copealcoy.es\\\/es\\\/#\\\/schema\\\/person\\\/e777c87fa024e57d40170af9df39882c\"},\"breadcrumb\":{\"@id\":\"https:\\\/\\\/www.copealcoy.es\\\/es\\\/comienza-la-construccion-del-albergue-comarcal-de-animales\\\/#breadcrumb\"},\"inLanguage\":\"es\",\"potentialAction\":[{\"@type\":\"ReadAction\",\"target\":[\"https:\\\/\\\/www.copealcoy.es\\\/es\\\/comienza-la-construccion-del-albergue-comarcal-de-animales\\\/\"]}]},{\"@type\":\"ImageObject\",\"inLanguage\":\"es\",\"@id\":\"https:\\\/\\\/www.copealcoy.es\\\/es\\\/comienza-la-construccion-del-albergue-comarcal-de-animales\\\/#primaryimage\",\"url\":\"https:\\\/\\\/www.copealcoy.es\\\/wp-content\\\/uploads\\\/2018\\\/10\\\/IMG_9992_20181001035844-e1538409564992.jpg\",\"contentUrl\":\"https:\\\/\\\/www.copealcoy.es\\\/wp-content\\\/uploads\\\/2018\\\/10\\\/IMG_9992_20181001035844-e1538409564992.jpg\",\"width\":3535,\"height\":1965},{\"@type\":\"BreadcrumbList\",\"@id\":\"https:\\\/\\\/www.copealcoy.es\\\/es\\\/comienza-la-construccion-del-albergue-comarcal-de-animales\\\/#breadcrumb\",\"itemListElement\":[{\"@type\":\"ListItem\",\"position\":1,\"name\":\"Portada\",\"item\":\"https:\\\/\\\/www.copealcoy.es\\\/es\\\/\"},{\"@type\":\"ListItem\",\"position\":2,\"name\":\"Comienza la construcci\u00f3n del albergue comarcal de animales\"}]},{\"@type\":\"WebSite\",\"@id\":\"https:\\\/\\\/www.copealcoy.es\\\/es\\\/#website\",\"url\":\"https:\\\/\\\/www.copealcoy.es\\\/es\\\/\",\"name\":\"COPE Alcoy\",\"description\":\"Emisora COPE de radio local con emisi\u00f3n online. Pont de Sant Jordi 8-10 03803 Alcoy\",\"potentialAction\":[{\"@type\":\"SearchAction\",\"target\":{\"@type\":\"EntryPoint\",\"urlTemplate\":\"https:\\\/\\\/www.copealcoy.es\\\/es\\\/?s={search_term_string}\"},\"query-input\":{\"@type\":\"PropertyValueSpecification\",\"valueRequired\":true,\"valueName\":\"search_term_string\"}}],\"inLanguage\":\"es\"},{\"@type\":\"Person\",\"@id\":\"https:\\\/\\\/www.copealcoy.es\\\/es\\\/#\\\/schema\\\/person\\\/e777c87fa024e57d40170af9df39882c\",\"name\":\"Cope Alcoy\",\"image\":{\"@type\":\"ImageObject\",\"inLanguage\":\"es\",\"@id\":\"https:\\\/\\\/secure.gravatar.com\\\/avatar\\\/bb65d0283347e303893ba14f0692005417c1e0e690a325a4c5d8bb2b3943ee14?s=96&d=mm&r=g\",\"url\":\"https:\\\/\\\/secure.gravatar.com\\\/avatar\\\/bb65d0283347e303893ba14f0692005417c1e0e690a325a4c5d8bb2b3943ee14?s=96&d=mm&r=g\",\"contentUrl\":\"https:\\\/\\\/secure.gravatar.com\\\/avatar\\\/bb65d0283347e303893ba14f0692005417c1e0e690a325a4c5d8bb2b3943ee14?s=96&d=mm&r=g\",\"caption\":\"Cope Alcoy\"}}]}<\/script>\n<!-- \/ Yoast SEO plugin. -->","yoast_head_json":{"title":"Comienza la construcci\u00f3n del albergue comarcal de animales - COPE Alcoy","robots":{"index":"index","follow":"follow","max-snippet":"max-snippet:-1","max-image-preview":"max-image-preview:large","max-video-preview":"max-video-preview:-1"},"canonical":"https:\/\/www.copealcoy.es\/es\/comienza-la-construccion-del-albergue-comarcal-de-animales\/","og_locale":"es_ES","og_type":"article","og_title":"Comienza la construcci\u00f3n del albergue comarcal de animales - COPE Alcoy","og_description":"La Mancomunitat de Municipis de l&#8217;Alcoi\u00e0-Comtat ha iniciado ya la construcci\u00f3n del albergue comarcal de animales abandonados, una infraestructura que...","og_url":"https:\/\/www.copealcoy.es\/es\/comienza-la-construccion-del-albergue-comarcal-de-animales\/","og_site_name":"COPE Alcoy","article_published_time":"2018-10-01T15:59:41+00:00","article_modified_time":"2018-10-01T16:06:57+00:00","og_image":[{"width":3535,"height":1965,"url":"https:\/\/www.copealcoy.es\/wp-content\/uploads\/2018\/10\/IMG_9992_20181001035844-e1538409564992.jpg","type":"image\/jpeg"}],"author":"Cope Alcoy","twitter_misc":{"Escrito por":"Cope Alcoy","Tiempo de lectura":"1 minuto"},"schema":{"@context":"https:\/\/schema.org","@graph":[{"@type":"Article","@id":"https:\/\/www.copealcoy.es\/es\/comienza-la-construccion-del-albergue-comarcal-de-animales\/#article","isPartOf":{"@id":"https:\/\/www.copealcoy.es\/es\/comienza-la-construccion-del-albergue-comarcal-de-animales\/"},"author":{"name":"Cope Alcoy","@id":"https:\/\/www.copealcoy.es\/es\/#\/schema\/person\/e777c87fa024e57d40170af9df39882c"},"headline":"Comienza la construcci\u00f3n del albergue comarcal de animales","datePublished":"2018-10-01T15:59:41+00:00","dateModified":"2018-10-01T16:06:57+00:00","mainEntityOfPage":{"@id":"https:\/\/www.copealcoy.es\/es\/comienza-la-construccion-del-albergue-comarcal-de-animales\/"},"wordCount":217,"commentCount":0,"image":{"@id":"https:\/\/www.copealcoy.es\/es\/comienza-la-construccion-del-albergue-comarcal-de-animales\/#primaryimage"},"thumbnailUrl":"https:\/\/www.copealcoy.es\/wp-content\/uploads\/2018\/10\/IMG_9992_20181001035844-e1538409564992.jpg","keywords":["Albergue Comarcal","Animales","Comienza","construcci\u00f3n"],"articleSection":["Alcoy","Noticias","Portada"],"inLanguage":"es"},{"@type":"WebPage","@id":"https:\/\/www.copealcoy.es\/es\/comienza-la-construccion-del-albergue-comarcal-de-animales\/","url":"https:\/\/www.copealcoy.es\/es\/comienza-la-construccion-del-albergue-comarcal-de-animales\/","name":"Comienza la construcci\u00f3n del albergue comarcal de animales - COPE Alcoy","isPartOf":{"@id":"https:\/\/www.copealcoy.es\/es\/#website"},"primaryImageOfPage":{"@id":"https:\/\/www.copealcoy.es\/es\/comienza-la-construccion-del-albergue-comarcal-de-animales\/#primaryimage"},"image":{"@id":"https:\/\/www.copealcoy.es\/es\/comienza-la-construccion-del-albergue-comarcal-de-animales\/#primaryimage"},"thumbnailUrl":"https:\/\/www.copealcoy.es\/wp-content\/uploads\/2018\/10\/IMG_9992_20181001035844-e1538409564992.jpg","datePublished":"2018-10-01T15:59:41+00:00","dateModified":"2018-10-01T16:06:57+00:00","author":{"@id":"https:\/\/www.copealcoy.es\/es\/#\/schema\/person\/e777c87fa024e57d40170af9df39882c"},"breadcrumb":{"@id":"https:\/\/www.copealcoy.es\/es\/comienza-la-construccion-del-albergue-comarcal-de-animales\/#breadcrumb"},"inLanguage":"es","potentialAction":[{"@type":"ReadAction","target":["https:\/\/www.copealcoy.es\/es\/comienza-la-construccion-del-albergue-comarcal-de-animales\/"]}]},{"@type":"ImageObject","inLanguage":"es","@id":"https:\/\/www.copealcoy.es\/es\/comienza-la-construccion-del-albergue-comarcal-de-animales\/#primaryimage","url":"https:\/\/www.copealcoy.es\/wp-content\/uploads\/2018\/10\/IMG_9992_20181001035844-e1538409564992.jpg","contentUrl":"https:\/\/www.copealcoy.es\/wp-content\/uploads\/2018\/10\/IMG_9992_20181001035844-e1538409564992.jpg","width":3535,"height":1965},{"@type":"BreadcrumbList","@id":"https:\/\/www.copealcoy.es\/es\/comienza-la-construccion-del-albergue-comarcal-de-animales\/#breadcrumb","itemListElement":[{"@type":"ListItem","position":1,"name":"Portada","item":"https:\/\/www.copealcoy.es\/es\/"},{"@type":"ListItem","position":2,"name":"Comienza la construcci\u00f3n del albergue comarcal de animales"}]},{"@type":"WebSite","@id":"https:\/\/www.copealcoy.es\/es\/#website","url":"https:\/\/www.copealcoy.es\/es\/","name":"COPE Alcoy","description":"Emisora COPE de radio local con emisi\u00f3n online. Pont de Sant Jordi 8-10 03803 Alcoy","potentialAction":[{"@type":"SearchAction","target":{"@type":"EntryPoint","urlTemplate":"https:\/\/www.copealcoy.es\/es\/?s={search_term_string}"},"query-input":{"@type":"PropertyValueSpecification","valueRequired":true,"valueName":"search_term_string"}}],"inLanguage":"es"},{"@type":"Person","@id":"https:\/\/www.copealcoy.es\/es\/#\/schema\/person\/e777c87fa024e57d40170af9df39882c","name":"Cope Alcoy","image":{"@type":"ImageObject","inLanguage":"es","@id":"https:\/\/secure.gravatar.com\/avatar\/bb65d0283347e303893ba14f0692005417c1e0e690a325a4c5d8bb2b3943ee14?s=96&d=mm&r=g","url":"https:\/\/secure.gravatar.com\/avatar\/bb65d0283347e303893ba14f0692005417c1e0e690a325a4c5d8bb2b3943ee14?s=96&d=mm&r=g","contentUrl":"https:\/\/secure.gravatar.com\/avatar\/bb65d0283347e303893ba14f0692005417c1e0e690a325a4c5d8bb2b3943ee14?s=96&d=mm&r=g","caption":"Cope Alcoy"}}]}},"_links":{"self":[{"href":"https:\/\/www.copealcoy.es\/es\/wp-json\/wp\/v2\/posts\/45916","targetHints":{"allow":["GET"]}}],"collection":[{"href":"https:\/\/www.copealcoy.es\/es\/wp-json\/wp\/v2\/posts"}],"about":[{"href":"https:\/\/www.copealcoy.es\/es\/wp-json\/wp\/v2\/types\/post"}],"author":[{"embeddable":true,"href":"https:\/\/www.copealcoy.es\/es\/wp-json\/wp\/v2\/users\/1"}],"replies":[{"embeddable":true,"href":"https:\/\/www.copealcoy.es\/es\/wp-json\/wp\/v2\/comments?post=45916"}],"version-history":[{"count":0,"href":"https:\/\/www.copealcoy.es\/es\/wp-json\/wp\/v2\/posts\/45916\/revisions"}],"wp:featuredmedia":[{"embeddable":true,"href":"https:\/\/www.copealcoy.es\/es\/wp-json\/wp\/v2\/media\/45917"}],"wp:attachment":[{"href":"https:\/\/www.copealcoy.es\/es\/wp-json\/wp\/v2\/media?parent=45916"}],"wp:term":[{"taxonomy":"category","embeddable":true,"href":"https:\/\/www.copealcoy.es\/es\/wp-json\/wp\/v2\/categories?post=45916"},{"taxonomy":"post_tag","embeddable":true,"href":"https:\/\/www.copealcoy.es\/es\/wp-json\/wp\/v2\/tags?post=45916"}],"curies":[{"name":"wp","href":"https:\/\/api.w.org\/{rel}","templated":true}]}}