{"id":45910,"date":"2018-10-01T15:38:50","date_gmt":"2018-10-01T15:38:50","guid":{"rendered":"http:\/\/copealcoi.es\/new\/?p=45910"},"modified":"2018-10-01T15:45:07","modified_gmt":"2018-10-01T15:45:07","slug":"alcoy-regulara-el-uso-de-los-nuevos-medios-de-transporte","status":"publish","type":"post","link":"https:\/\/www.copealcoy.es\/es\/alcoy-regulara-el-uso-de-los-nuevos-medios-de-transporte\/","title":{"rendered":"Alcoy regular\u00e1 el uso de los nuevos medios de transporte"},"content":{"rendered":"<p style=\"text-align: justify;\">El <strong>pleno del Ayuntamiento de Alcoy<\/strong> del pasado 24 de septiembre, y a propuesta de <strong>Guanyar<\/strong>, acord\u00f3 que la ciudad empiece a <strong>regular el uso de los nuevos medios de transporte<\/strong> como las bicicletas o los patinetes el\u00e9ctricos. La formaci\u00f3n pol\u00edtica demandaba <strong>contemplar aspectos<\/strong> como las zonas de circulaci\u00f3n, las velocidades, los estacionamientos o la edad m\u00ednima de uso as\u00ed como campa\u00f1as informativas de concienciaci\u00f3n &#8220;<em>como se puede comprobar, hay un gran vac\u00edo en cuanto a la regulaci\u00f3n del uso de estos veh\u00edculos en v\u00eda p\u00fablica y consideramos interesante que se tengan en cuenta todas estas condiciones de uso a la hora de elaborar una normativa local para regular el uso de los veh\u00edculos de movilidad persona<\/em>&#8220;, indic\u00f3 la portavoz; <strong>Estefan\u00eda Blanes<\/strong>.<\/p>\n<p style=\"text-align: justify;\">Por su parte desde el Gobierno Local, <strong>a trav\u00e9s del concejal de Seguridad Ra\u00fcl Llopis<\/strong>, se anunci\u00f3 que el Ejecutivo trabaja ya en <strong>un proyecto de ordenanza<\/strong> para regular todas <strong>las cuestiones<\/strong> mencionadas anteriormente. La intenci\u00f3n, seg\u00fan afirm\u00f3, es que a finales de a\u00f1o <strong>el borrador<\/strong>\u00a0del documento pueda ser una realidad.<\/p>\n","protected":false},"excerpt":{"rendered":"<p>El pleno del Ayuntamiento de Alcoy del pasado 24 de septiembre, y a propuesta de Guanyar, acord\u00f3 que la ciudad&#8230;<\/p>\n","protected":false},"author":1,"featured_media":45911,"comment_status":"open","ping_status":"open","sticky":false,"template":"","format":"standard","meta":{"footnotes":""},"categories":[97,75,79],"tags":[1494,6762,6761,1014],"class_list":["post-45910","post","type-post","status-publish","format-standard","has-post-thumbnail","hentry","category-alcoy","category-noticias","category-politicayeconomia","tag-alcoy","tag-nuevos-medios","tag-regulara-uso","tag-transporte"],"yoast_head":"<!-- This site is optimized with the Yoast SEO plugin v27.3 - https:\/\/yoast.com\/product\/yoast-seo-wordpress\/ -->\n<title>Alcoy regular\u00e1 el uso de los nuevos medios de transporte - COPE Alcoy<\/title>\n<meta name=\"robots\" content=\"index, follow, max-snippet:-1, max-image-preview:large, max-video-preview:-1\" \/>\n<link rel=\"canonical\" href=\"https:\/\/www.copealcoy.es\/es\/alcoy-regulara-el-uso-de-los-nuevos-medios-de-transporte\/\" \/>\n<meta property=\"og:locale\" content=\"es_ES\" \/>\n<meta property=\"og:type\" content=\"article\" \/>\n<meta property=\"og:title\" content=\"Alcoy regular\u00e1 el uso de los nuevos medios de transporte - COPE Alcoy\" \/>\n<meta property=\"og:description\" content=\"El pleno del Ayuntamiento de Alcoy del pasado 24 de septiembre, y a propuesta de Guanyar, acord\u00f3 que la ciudad...\" \/>\n<meta property=\"og:url\" content=\"https:\/\/www.copealcoy.es\/es\/alcoy-regulara-el-uso-de-los-nuevos-medios-de-transporte\/\" \/>\n<meta property=\"og:site_name\" content=\"COPE Alcoy\" \/>\n<meta property=\"article:published_time\" content=\"2018-10-01T15:38:50+00:00\" \/>\n<meta property=\"article:modified_time\" content=\"2018-10-01T15:45:07+00:00\" \/>\n<meta property=\"og:image\" content=\"https:\/\/www.copealcoy.es\/wp-content\/uploads\/2018\/10\/timthumb.php_-e1538408696434.jpeg\" \/>\n\t<meta property=\"og:image:width\" content=\"532\" \/>\n\t<meta property=\"og:image:height\" content=\"299\" \/>\n\t<meta property=\"og:image:type\" content=\"image\/jpeg\" \/>\n<meta name=\"author\" content=\"Cope Alcoy\" \/>\n<meta name=\"twitter:label1\" content=\"Escrito por\" \/>\n\t<meta name=\"twitter:data1\" content=\"Cope Alcoy\" \/>\n\t<meta name=\"twitter:label2\" content=\"Tiempo de lectura\" \/>\n\t<meta name=\"twitter:data2\" content=\"1 minuto\" \/>\n<script type=\"application\/ld+json\" class=\"yoast-schema-graph\">{\"@context\":\"https:\\\/\\\/schema.org\",\"@graph\":[{\"@type\":\"Article\",\"@id\":\"https:\\\/\\\/www.copealcoy.es\\\/es\\\/alcoy-regulara-el-uso-de-los-nuevos-medios-de-transporte\\\/#article\",\"isPartOf\":{\"@id\":\"https:\\\/\\\/www.copealcoy.es\\\/es\\\/alcoy-regulara-el-uso-de-los-nuevos-medios-de-transporte\\\/\"},\"author\":{\"name\":\"Cope Alcoy\",\"@id\":\"https:\\\/\\\/www.copealcoy.es\\\/es\\\/#\\\/schema\\\/person\\\/e777c87fa024e57d40170af9df39882c\"},\"headline\":\"Alcoy regular\u00e1 el uso de los nuevos medios de transporte\",\"datePublished\":\"2018-10-01T15:38:50+00:00\",\"dateModified\":\"2018-10-01T15:45:07+00:00\",\"mainEntityOfPage\":{\"@id\":\"https:\\\/\\\/www.copealcoy.es\\\/es\\\/alcoy-regulara-el-uso-de-los-nuevos-medios-de-transporte\\\/\"},\"wordCount\":202,\"commentCount\":0,\"image\":{\"@id\":\"https:\\\/\\\/www.copealcoy.es\\\/es\\\/alcoy-regulara-el-uso-de-los-nuevos-medios-de-transporte\\\/#primaryimage\"},\"thumbnailUrl\":\"https:\\\/\\\/www.copealcoy.es\\\/wp-content\\\/uploads\\\/2018\\\/10\\\/timthumb.php_-e1538408696434.jpeg\",\"keywords\":[\"Alcoy\",\"nuevos medios\",\"regular\u00e1. uso\",\"Transporte\"],\"articleSection\":[\"Alcoy\",\"Noticias\",\"Pol\u00edtica y Econom\u00eda\"],\"inLanguage\":\"es\"},{\"@type\":\"WebPage\",\"@id\":\"https:\\\/\\\/www.copealcoy.es\\\/es\\\/alcoy-regulara-el-uso-de-los-nuevos-medios-de-transporte\\\/\",\"url\":\"https:\\\/\\\/www.copealcoy.es\\\/es\\\/alcoy-regulara-el-uso-de-los-nuevos-medios-de-transporte\\\/\",\"name\":\"Alcoy regular\u00e1 el uso de los nuevos medios de transporte - COPE Alcoy\",\"isPartOf\":{\"@id\":\"https:\\\/\\\/www.copealcoy.es\\\/es\\\/#website\"},\"primaryImageOfPage\":{\"@id\":\"https:\\\/\\\/www.copealcoy.es\\\/es\\\/alcoy-regulara-el-uso-de-los-nuevos-medios-de-transporte\\\/#primaryimage\"},\"image\":{\"@id\":\"https:\\\/\\\/www.copealcoy.es\\\/es\\\/alcoy-regulara-el-uso-de-los-nuevos-medios-de-transporte\\\/#primaryimage\"},\"thumbnailUrl\":\"https:\\\/\\\/www.copealcoy.es\\\/wp-content\\\/uploads\\\/2018\\\/10\\\/timthumb.php_-e1538408696434.jpeg\",\"datePublished\":\"2018-10-01T15:38:50+00:00\",\"dateModified\":\"2018-10-01T15:45:07+00:00\",\"author\":{\"@id\":\"https:\\\/\\\/www.copealcoy.es\\\/es\\\/#\\\/schema\\\/person\\\/e777c87fa024e57d40170af9df39882c\"},\"breadcrumb\":{\"@id\":\"https:\\\/\\\/www.copealcoy.es\\\/es\\\/alcoy-regulara-el-uso-de-los-nuevos-medios-de-transporte\\\/#breadcrumb\"},\"inLanguage\":\"es\",\"potentialAction\":[{\"@type\":\"ReadAction\",\"target\":[\"https:\\\/\\\/www.copealcoy.es\\\/es\\\/alcoy-regulara-el-uso-de-los-nuevos-medios-de-transporte\\\/\"]}]},{\"@type\":\"ImageObject\",\"inLanguage\":\"es\",\"@id\":\"https:\\\/\\\/www.copealcoy.es\\\/es\\\/alcoy-regulara-el-uso-de-los-nuevos-medios-de-transporte\\\/#primaryimage\",\"url\":\"https:\\\/\\\/www.copealcoy.es\\\/wp-content\\\/uploads\\\/2018\\\/10\\\/timthumb.php_-e1538408696434.jpeg\",\"contentUrl\":\"https:\\\/\\\/www.copealcoy.es\\\/wp-content\\\/uploads\\\/2018\\\/10\\\/timthumb.php_-e1538408696434.jpeg\",\"width\":532,\"height\":299},{\"@type\":\"BreadcrumbList\",\"@id\":\"https:\\\/\\\/www.copealcoy.es\\\/es\\\/alcoy-regulara-el-uso-de-los-nuevos-medios-de-transporte\\\/#breadcrumb\",\"itemListElement\":[{\"@type\":\"ListItem\",\"position\":1,\"name\":\"Portada\",\"item\":\"https:\\\/\\\/www.copealcoy.es\\\/es\\\/\"},{\"@type\":\"ListItem\",\"position\":2,\"name\":\"Alcoy regular\u00e1 el uso de los nuevos medios de transporte\"}]},{\"@type\":\"WebSite\",\"@id\":\"https:\\\/\\\/www.copealcoy.es\\\/es\\\/#website\",\"url\":\"https:\\\/\\\/www.copealcoy.es\\\/es\\\/\",\"name\":\"COPE Alcoy\",\"description\":\"Emisora COPE de radio local con emisi\u00f3n online. Pont de Sant Jordi 8-10 03803 Alcoy\",\"potentialAction\":[{\"@type\":\"SearchAction\",\"target\":{\"@type\":\"EntryPoint\",\"urlTemplate\":\"https:\\\/\\\/www.copealcoy.es\\\/es\\\/?s={search_term_string}\"},\"query-input\":{\"@type\":\"PropertyValueSpecification\",\"valueRequired\":true,\"valueName\":\"search_term_string\"}}],\"inLanguage\":\"es\"},{\"@type\":\"Person\",\"@id\":\"https:\\\/\\\/www.copealcoy.es\\\/es\\\/#\\\/schema\\\/person\\\/e777c87fa024e57d40170af9df39882c\",\"name\":\"Cope Alcoy\",\"image\":{\"@type\":\"ImageObject\",\"inLanguage\":\"es\",\"@id\":\"https:\\\/\\\/secure.gravatar.com\\\/avatar\\\/bb65d0283347e303893ba14f0692005417c1e0e690a325a4c5d8bb2b3943ee14?s=96&d=mm&r=g\",\"url\":\"https:\\\/\\\/secure.gravatar.com\\\/avatar\\\/bb65d0283347e303893ba14f0692005417c1e0e690a325a4c5d8bb2b3943ee14?s=96&d=mm&r=g\",\"contentUrl\":\"https:\\\/\\\/secure.gravatar.com\\\/avatar\\\/bb65d0283347e303893ba14f0692005417c1e0e690a325a4c5d8bb2b3943ee14?s=96&d=mm&r=g\",\"caption\":\"Cope Alcoy\"}}]}<\/script>\n<!-- \/ Yoast SEO plugin. -->","yoast_head_json":{"title":"Alcoy regular\u00e1 el uso de los nuevos medios de transporte - COPE Alcoy","robots":{"index":"index","follow":"follow","max-snippet":"max-snippet:-1","max-image-preview":"max-image-preview:large","max-video-preview":"max-video-preview:-1"},"canonical":"https:\/\/www.copealcoy.es\/es\/alcoy-regulara-el-uso-de-los-nuevos-medios-de-transporte\/","og_locale":"es_ES","og_type":"article","og_title":"Alcoy regular\u00e1 el uso de los nuevos medios de transporte - COPE Alcoy","og_description":"El pleno del Ayuntamiento de Alcoy del pasado 24 de septiembre, y a propuesta de Guanyar, acord\u00f3 que la ciudad...","og_url":"https:\/\/www.copealcoy.es\/es\/alcoy-regulara-el-uso-de-los-nuevos-medios-de-transporte\/","og_site_name":"COPE Alcoy","article_published_time":"2018-10-01T15:38:50+00:00","article_modified_time":"2018-10-01T15:45:07+00:00","og_image":[{"width":532,"height":299,"url":"https:\/\/www.copealcoy.es\/wp-content\/uploads\/2018\/10\/timthumb.php_-e1538408696434.jpeg","type":"image\/jpeg"}],"author":"Cope Alcoy","twitter_misc":{"Escrito por":"Cope Alcoy","Tiempo de lectura":"1 minuto"},"schema":{"@context":"https:\/\/schema.org","@graph":[{"@type":"Article","@id":"https:\/\/www.copealcoy.es\/es\/alcoy-regulara-el-uso-de-los-nuevos-medios-de-transporte\/#article","isPartOf":{"@id":"https:\/\/www.copealcoy.es\/es\/alcoy-regulara-el-uso-de-los-nuevos-medios-de-transporte\/"},"author":{"name":"Cope Alcoy","@id":"https:\/\/www.copealcoy.es\/es\/#\/schema\/person\/e777c87fa024e57d40170af9df39882c"},"headline":"Alcoy regular\u00e1 el uso de los nuevos medios de transporte","datePublished":"2018-10-01T15:38:50+00:00","dateModified":"2018-10-01T15:45:07+00:00","mainEntityOfPage":{"@id":"https:\/\/www.copealcoy.es\/es\/alcoy-regulara-el-uso-de-los-nuevos-medios-de-transporte\/"},"wordCount":202,"commentCount":0,"image":{"@id":"https:\/\/www.copealcoy.es\/es\/alcoy-regulara-el-uso-de-los-nuevos-medios-de-transporte\/#primaryimage"},"thumbnailUrl":"https:\/\/www.copealcoy.es\/wp-content\/uploads\/2018\/10\/timthumb.php_-e1538408696434.jpeg","keywords":["Alcoy","nuevos medios","regular\u00e1. uso","Transporte"],"articleSection":["Alcoy","Noticias","Pol\u00edtica y Econom\u00eda"],"inLanguage":"es"},{"@type":"WebPage","@id":"https:\/\/www.copealcoy.es\/es\/alcoy-regulara-el-uso-de-los-nuevos-medios-de-transporte\/","url":"https:\/\/www.copealcoy.es\/es\/alcoy-regulara-el-uso-de-los-nuevos-medios-de-transporte\/","name":"Alcoy regular\u00e1 el uso de los nuevos medios de transporte - COPE Alcoy","isPartOf":{"@id":"https:\/\/www.copealcoy.es\/es\/#website"},"primaryImageOfPage":{"@id":"https:\/\/www.copealcoy.es\/es\/alcoy-regulara-el-uso-de-los-nuevos-medios-de-transporte\/#primaryimage"},"image":{"@id":"https:\/\/www.copealcoy.es\/es\/alcoy-regulara-el-uso-de-los-nuevos-medios-de-transporte\/#primaryimage"},"thumbnailUrl":"https:\/\/www.copealcoy.es\/wp-content\/uploads\/2018\/10\/timthumb.php_-e1538408696434.jpeg","datePublished":"2018-10-01T15:38:50+00:00","dateModified":"2018-10-01T15:45:07+00:00","author":{"@id":"https:\/\/www.copealcoy.es\/es\/#\/schema\/person\/e777c87fa024e57d40170af9df39882c"},"breadcrumb":{"@id":"https:\/\/www.copealcoy.es\/es\/alcoy-regulara-el-uso-de-los-nuevos-medios-de-transporte\/#breadcrumb"},"inLanguage":"es","potentialAction":[{"@type":"ReadAction","target":["https:\/\/www.copealcoy.es\/es\/alcoy-regulara-el-uso-de-los-nuevos-medios-de-transporte\/"]}]},{"@type":"ImageObject","inLanguage":"es","@id":"https:\/\/www.copealcoy.es\/es\/alcoy-regulara-el-uso-de-los-nuevos-medios-de-transporte\/#primaryimage","url":"https:\/\/www.copealcoy.es\/wp-content\/uploads\/2018\/10\/timthumb.php_-e1538408696434.jpeg","contentUrl":"https:\/\/www.copealcoy.es\/wp-content\/uploads\/2018\/10\/timthumb.php_-e1538408696434.jpeg","width":532,"height":299},{"@type":"BreadcrumbList","@id":"https:\/\/www.copealcoy.es\/es\/alcoy-regulara-el-uso-de-los-nuevos-medios-de-transporte\/#breadcrumb","itemListElement":[{"@type":"ListItem","position":1,"name":"Portada","item":"https:\/\/www.copealcoy.es\/es\/"},{"@type":"ListItem","position":2,"name":"Alcoy regular\u00e1 el uso de los nuevos medios de transporte"}]},{"@type":"WebSite","@id":"https:\/\/www.copealcoy.es\/es\/#website","url":"https:\/\/www.copealcoy.es\/es\/","name":"COPE Alcoy","description":"Emisora COPE de radio local con emisi\u00f3n online. Pont de Sant Jordi 8-10 03803 Alcoy","potentialAction":[{"@type":"SearchAction","target":{"@type":"EntryPoint","urlTemplate":"https:\/\/www.copealcoy.es\/es\/?s={search_term_string}"},"query-input":{"@type":"PropertyValueSpecification","valueRequired":true,"valueName":"search_term_string"}}],"inLanguage":"es"},{"@type":"Person","@id":"https:\/\/www.copealcoy.es\/es\/#\/schema\/person\/e777c87fa024e57d40170af9df39882c","name":"Cope Alcoy","image":{"@type":"ImageObject","inLanguage":"es","@id":"https:\/\/secure.gravatar.com\/avatar\/bb65d0283347e303893ba14f0692005417c1e0e690a325a4c5d8bb2b3943ee14?s=96&d=mm&r=g","url":"https:\/\/secure.gravatar.com\/avatar\/bb65d0283347e303893ba14f0692005417c1e0e690a325a4c5d8bb2b3943ee14?s=96&d=mm&r=g","contentUrl":"https:\/\/secure.gravatar.com\/avatar\/bb65d0283347e303893ba14f0692005417c1e0e690a325a4c5d8bb2b3943ee14?s=96&d=mm&r=g","caption":"Cope Alcoy"}}]}},"_links":{"self":[{"href":"https:\/\/www.copealcoy.es\/es\/wp-json\/wp\/v2\/posts\/45910","targetHints":{"allow":["GET"]}}],"collection":[{"href":"https:\/\/www.copealcoy.es\/es\/wp-json\/wp\/v2\/posts"}],"about":[{"href":"https:\/\/www.copealcoy.es\/es\/wp-json\/wp\/v2\/types\/post"}],"author":[{"embeddable":true,"href":"https:\/\/www.copealcoy.es\/es\/wp-json\/wp\/v2\/users\/1"}],"replies":[{"embeddable":true,"href":"https:\/\/www.copealcoy.es\/es\/wp-json\/wp\/v2\/comments?post=45910"}],"version-history":[{"count":0,"href":"https:\/\/www.copealcoy.es\/es\/wp-json\/wp\/v2\/posts\/45910\/revisions"}],"wp:featuredmedia":[{"embeddable":true,"href":"https:\/\/www.copealcoy.es\/es\/wp-json\/wp\/v2\/media\/45911"}],"wp:attachment":[{"href":"https:\/\/www.copealcoy.es\/es\/wp-json\/wp\/v2\/media?parent=45910"}],"wp:term":[{"taxonomy":"category","embeddable":true,"href":"https:\/\/www.copealcoy.es\/es\/wp-json\/wp\/v2\/categories?post=45910"},{"taxonomy":"post_tag","embeddable":true,"href":"https:\/\/www.copealcoy.es\/es\/wp-json\/wp\/v2\/tags?post=45910"}],"curies":[{"name":"wp","href":"https:\/\/api.w.org\/{rel}","templated":true}]}}