{"id":45671,"date":"2018-09-24T19:56:09","date_gmt":"2018-09-24T19:56:09","guid":{"rendered":"http:\/\/copealcoi.es\/new\/?p=45671"},"modified":"2018-09-24T19:56:09","modified_gmt":"2018-09-24T19:56:09","slug":"200-alumnos-inician-las-clases-en-la-universidad-senior-del-campus-de-la-upv","status":"publish","type":"post","link":"https:\/\/www.copealcoy.es\/es\/200-alumnos-inician-las-clases-en-la-universidad-senior-del-campus-de-la-upv\/","title":{"rendered":"200 alumnos inician las clases en la Universidad S\u00e9nior del Campus de la UPV"},"content":{"rendered":"<p style=\"text-align: justify;\">El <strong>Campus de Alcoy<\/strong> ya ha dado la bienvenida a <strong>los alumnos &#8216;s\u00e9nior&#8217;<\/strong> un a\u00f1o m\u00e1s en el Sal\u00f3n de Grados &#8216;Roberto Garc\u00eda Pay\u00e1&#8217;. En esta ocasi\u00f3n son <strong>m\u00e1s de 200 alumnos<\/strong>. El n\u00famero <strong>se ha incrementado respecto al a\u00f1o anterior<\/strong> por las Jornada de puertas abiertas que hubo en el mes de mayo de este mismo a\u00f1o. Esta actividad ya consolidada est\u00e1 organizada por la Subdirecci\u00f3n de Cultura, Deportes, Colegio Mayor y Universidad S\u00e9nior, que encabeza <strong>Rosa Vercher P\u00e9rez<\/strong>.<\/p>\n<p style=\"text-align: justify;\">En la mesa presidencial del acto inaugural, adem\u00e1s de la propia Rosa Vercher, estuvo hace unos d\u00edas\u00a0<strong>Juan Francisco Pic\u00f3 Silvestre<\/strong>, Subdirector de Relaciones con el Entorno del Campus de Alcoy; <strong>Aroa Mira Rojano<\/strong>, Concejal de Pol\u00edticas Sociales, Igualdad y Salud P\u00fablica; <strong>Jordi Botella Mir\u00f3<\/strong>, profesor, poeta y narrador; y <strong>Ubaldo Cabrera Camarasa<\/strong>, Secretario de la Asociaci\u00f3n Senior del Campus de Alcoy.<\/p>\n<p style=\"text-align: justify;\">La lecci\u00f3n inaugural <strong>&#8216;Un onze ideal de la literatura universal&#8217;<\/strong> la ha impartido el profesor y escritor <strong>Jordi Botella<\/strong> (Alcoy, 1958). Ha realizado <strong>una selecci\u00f3n de 11 autores literarios de todas las \u00e9pocas<\/strong> y los ha comparado a modo de alineaci\u00f3n de un partido de futbol.<\/p>\n<p style=\"text-align: justify;\">Botella <strong>alterna la escritura inicial de canciones de rock con poemarios<\/strong> (<em>Bolero, 1983, Cobles Vallesanes,1985, Disciplina, 1990, Oxymoron, 2002, La nit transfigurada, 2004<\/em>), narrativa (<em>La vida sexual de Fernando Pessoa<\/em>, <em>1995<\/em>, <em>La Sagrada Fam\u00edlia,1997, Carta als Reis,1998,Estaci\u00f3 Terminal,2000, La caixa negra,2002<\/em>) i cr\u00edtica literaria<em>(El tempsd\u2019unpoble, 1986, El sainet fester,1995<\/em>), con el \u00fanico prop\u00f3sito de escribir con el batido del azar y de la necesidad.\u00a0Entre otros cargos ha sido <strong>director del IES Pare Vit\u00f2ria<\/strong>, director del Centre Cultural de Alcoy, <strong>director de la Mostra de Teatre d&#8217;Alcoi<\/strong> o director de &#8216;l&#8217;Escola de Lletres del Pa\u00eds Valenci\u00e0&#8217;.<\/p>\n<p style=\"text-align: justify;\">Las clases comenzaron <strong>ayer lunes 24 de septiembre<\/strong> y estar\u00e1n en marcha <strong>hasta el 22 de mayo de 2019<\/strong>, en horario de tarde, habiendo <strong>dos cursos<\/strong> con contenidos claramente diferenciados.<\/p>\n<p style=\"text-align: justify;\">En el <strong>primer curso<\/strong> se imparten asignaturas sobre cine, educaci\u00f3n visual, publicidad, lengua china, m\u00fasica, cultura rusa, historia, uso y abuso de los medicamentos, ciencia, tecnolog\u00eda y arqueolog\u00eda. En el <strong>segundo curso<\/strong> se explica econom\u00eda, educaci\u00f3n visual, m\u00fasica, arqueolog\u00eda, ingl\u00e9s, ciencia, arte y historia.<\/p>\n","protected":false},"excerpt":{"rendered":"<p>El Campus de Alcoy ya ha dado la bienvenida a los alumnos &#8216;s\u00e9nior&#8217; un a\u00f1o m\u00e1s en el Sal\u00f3n de&#8230;<\/p>\n","protected":false},"author":1,"featured_media":45672,"comment_status":"open","ping_status":"open","sticky":false,"template":"","format":"standard","meta":{"footnotes":""},"categories":[97,5374,900,75],"tags":[6687,1862,6596,2857,5756,2571,6688,6689],"class_list":["post-45671","post","type-post","status-publish","format-standard","has-post-thumbnail","hentry","category-alcoy","category-campus-de-alcoy","category-educacion","category-noticias","tag-200-alumnos","tag-campus-de-alcoy","tag-del","tag-en","tag-inician","tag-la","tag-las-clases","tag-universidad-senior"],"yoast_head":"<!-- This site is optimized with the Yoast SEO plugin v27.3 - https:\/\/yoast.com\/product\/yoast-seo-wordpress\/ -->\n<title>200 alumnos inician las clases en la Universidad S\u00e9nior del Campus de la UPV - COPE Alcoy<\/title>\n<meta name=\"robots\" content=\"index, follow, max-snippet:-1, max-image-preview:large, max-video-preview:-1\" \/>\n<link rel=\"canonical\" href=\"https:\/\/www.copealcoy.es\/es\/200-alumnos-inician-las-clases-en-la-universidad-senior-del-campus-de-la-upv\/\" \/>\n<meta property=\"og:locale\" content=\"es_ES\" \/>\n<meta property=\"og:type\" content=\"article\" \/>\n<meta property=\"og:title\" content=\"200 alumnos inician las clases en la Universidad S\u00e9nior del Campus de la UPV - COPE Alcoy\" \/>\n<meta property=\"og:description\" content=\"El Campus de Alcoy ya ha dado la bienvenida a los alumnos &#8216;s\u00e9nior&#8217; un a\u00f1o m\u00e1s en el Sal\u00f3n de...\" \/>\n<meta property=\"og:url\" content=\"https:\/\/www.copealcoy.es\/es\/200-alumnos-inician-las-clases-en-la-universidad-senior-del-campus-de-la-upv\/\" \/>\n<meta property=\"og:site_name\" content=\"COPE Alcoy\" \/>\n<meta property=\"article:published_time\" content=\"2018-09-24T19:56:09+00:00\" \/>\n<meta property=\"og:image\" content=\"https:\/\/www.copealcoy.es\/wp-content\/uploads\/2018\/09\/44735604492_57f2283ad6_k.jpg\" \/>\n\t<meta property=\"og:image:width\" content=\"2048\" \/>\n\t<meta property=\"og:image:height\" content=\"1362\" \/>\n\t<meta property=\"og:image:type\" content=\"image\/jpeg\" \/>\n<meta name=\"author\" content=\"Cope Alcoy\" \/>\n<meta name=\"twitter:label1\" content=\"Escrito por\" \/>\n\t<meta name=\"twitter:data1\" content=\"Cope Alcoy\" \/>\n\t<meta name=\"twitter:label2\" content=\"Tiempo de lectura\" \/>\n\t<meta name=\"twitter:data2\" content=\"2 minutos\" \/>\n<script type=\"application\/ld+json\" class=\"yoast-schema-graph\">{\"@context\":\"https:\\\/\\\/schema.org\",\"@graph\":[{\"@type\":\"Article\",\"@id\":\"https:\\\/\\\/www.copealcoy.es\\\/es\\\/200-alumnos-inician-las-clases-en-la-universidad-senior-del-campus-de-la-upv\\\/#article\",\"isPartOf\":{\"@id\":\"https:\\\/\\\/www.copealcoy.es\\\/es\\\/200-alumnos-inician-las-clases-en-la-universidad-senior-del-campus-de-la-upv\\\/\"},\"author\":{\"name\":\"Cope Alcoy\",\"@id\":\"https:\\\/\\\/www.copealcoy.es\\\/es\\\/#\\\/schema\\\/person\\\/e777c87fa024e57d40170af9df39882c\"},\"headline\":\"200 alumnos inician las clases en la Universidad S\u00e9nior del Campus de la UPV\",\"datePublished\":\"2018-09-24T19:56:09+00:00\",\"mainEntityOfPage\":{\"@id\":\"https:\\\/\\\/www.copealcoy.es\\\/es\\\/200-alumnos-inician-las-clases-en-la-universidad-senior-del-campus-de-la-upv\\\/\"},\"wordCount\":401,\"commentCount\":0,\"image\":{\"@id\":\"https:\\\/\\\/www.copealcoy.es\\\/es\\\/200-alumnos-inician-las-clases-en-la-universidad-senior-del-campus-de-la-upv\\\/#primaryimage\"},\"thumbnailUrl\":\"https:\\\/\\\/www.copealcoy.es\\\/wp-content\\\/uploads\\\/2018\\\/09\\\/44735604492_57f2283ad6_k.jpg\",\"keywords\":[\"200 alumnos\",\"Campus de Alcoy\",\"del\",\"en\",\"inician\",\"la\",\"las clases\",\"Universidad S\u00e9nior\"],\"articleSection\":[\"Alcoy\",\"Campus de Alcoy\",\"Educaci\u00f3n\",\"Noticias\"],\"inLanguage\":\"es\"},{\"@type\":\"WebPage\",\"@id\":\"https:\\\/\\\/www.copealcoy.es\\\/es\\\/200-alumnos-inician-las-clases-en-la-universidad-senior-del-campus-de-la-upv\\\/\",\"url\":\"https:\\\/\\\/www.copealcoy.es\\\/es\\\/200-alumnos-inician-las-clases-en-la-universidad-senior-del-campus-de-la-upv\\\/\",\"name\":\"200 alumnos inician las clases en la Universidad S\u00e9nior del Campus de la UPV - COPE Alcoy\",\"isPartOf\":{\"@id\":\"https:\\\/\\\/www.copealcoy.es\\\/es\\\/#website\"},\"primaryImageOfPage\":{\"@id\":\"https:\\\/\\\/www.copealcoy.es\\\/es\\\/200-alumnos-inician-las-clases-en-la-universidad-senior-del-campus-de-la-upv\\\/#primaryimage\"},\"image\":{\"@id\":\"https:\\\/\\\/www.copealcoy.es\\\/es\\\/200-alumnos-inician-las-clases-en-la-universidad-senior-del-campus-de-la-upv\\\/#primaryimage\"},\"thumbnailUrl\":\"https:\\\/\\\/www.copealcoy.es\\\/wp-content\\\/uploads\\\/2018\\\/09\\\/44735604492_57f2283ad6_k.jpg\",\"datePublished\":\"2018-09-24T19:56:09+00:00\",\"author\":{\"@id\":\"https:\\\/\\\/www.copealcoy.es\\\/es\\\/#\\\/schema\\\/person\\\/e777c87fa024e57d40170af9df39882c\"},\"breadcrumb\":{\"@id\":\"https:\\\/\\\/www.copealcoy.es\\\/es\\\/200-alumnos-inician-las-clases-en-la-universidad-senior-del-campus-de-la-upv\\\/#breadcrumb\"},\"inLanguage\":\"es\",\"potentialAction\":[{\"@type\":\"ReadAction\",\"target\":[\"https:\\\/\\\/www.copealcoy.es\\\/es\\\/200-alumnos-inician-las-clases-en-la-universidad-senior-del-campus-de-la-upv\\\/\"]}]},{\"@type\":\"ImageObject\",\"inLanguage\":\"es\",\"@id\":\"https:\\\/\\\/www.copealcoy.es\\\/es\\\/200-alumnos-inician-las-clases-en-la-universidad-senior-del-campus-de-la-upv\\\/#primaryimage\",\"url\":\"https:\\\/\\\/www.copealcoy.es\\\/wp-content\\\/uploads\\\/2018\\\/09\\\/44735604492_57f2283ad6_k.jpg\",\"contentUrl\":\"https:\\\/\\\/www.copealcoy.es\\\/wp-content\\\/uploads\\\/2018\\\/09\\\/44735604492_57f2283ad6_k.jpg\",\"width\":2048,\"height\":1362},{\"@type\":\"BreadcrumbList\",\"@id\":\"https:\\\/\\\/www.copealcoy.es\\\/es\\\/200-alumnos-inician-las-clases-en-la-universidad-senior-del-campus-de-la-upv\\\/#breadcrumb\",\"itemListElement\":[{\"@type\":\"ListItem\",\"position\":1,\"name\":\"Portada\",\"item\":\"https:\\\/\\\/www.copealcoy.es\\\/es\\\/\"},{\"@type\":\"ListItem\",\"position\":2,\"name\":\"200 alumnos inician las clases en la Universidad S\u00e9nior del Campus de la UPV\"}]},{\"@type\":\"WebSite\",\"@id\":\"https:\\\/\\\/www.copealcoy.es\\\/es\\\/#website\",\"url\":\"https:\\\/\\\/www.copealcoy.es\\\/es\\\/\",\"name\":\"COPE Alcoy\",\"description\":\"Emisora COPE de radio local con emisi\u00f3n online. Pont de Sant Jordi 8-10 03803 Alcoy\",\"potentialAction\":[{\"@type\":\"SearchAction\",\"target\":{\"@type\":\"EntryPoint\",\"urlTemplate\":\"https:\\\/\\\/www.copealcoy.es\\\/es\\\/?s={search_term_string}\"},\"query-input\":{\"@type\":\"PropertyValueSpecification\",\"valueRequired\":true,\"valueName\":\"search_term_string\"}}],\"inLanguage\":\"es\"},{\"@type\":\"Person\",\"@id\":\"https:\\\/\\\/www.copealcoy.es\\\/es\\\/#\\\/schema\\\/person\\\/e777c87fa024e57d40170af9df39882c\",\"name\":\"Cope Alcoy\",\"image\":{\"@type\":\"ImageObject\",\"inLanguage\":\"es\",\"@id\":\"https:\\\/\\\/secure.gravatar.com\\\/avatar\\\/bb65d0283347e303893ba14f0692005417c1e0e690a325a4c5d8bb2b3943ee14?s=96&d=mm&r=g\",\"url\":\"https:\\\/\\\/secure.gravatar.com\\\/avatar\\\/bb65d0283347e303893ba14f0692005417c1e0e690a325a4c5d8bb2b3943ee14?s=96&d=mm&r=g\",\"contentUrl\":\"https:\\\/\\\/secure.gravatar.com\\\/avatar\\\/bb65d0283347e303893ba14f0692005417c1e0e690a325a4c5d8bb2b3943ee14?s=96&d=mm&r=g\",\"caption\":\"Cope Alcoy\"}}]}<\/script>\n<!-- \/ Yoast SEO plugin. -->","yoast_head_json":{"title":"200 alumnos inician las clases en la Universidad S\u00e9nior del Campus de la UPV - COPE Alcoy","robots":{"index":"index","follow":"follow","max-snippet":"max-snippet:-1","max-image-preview":"max-image-preview:large","max-video-preview":"max-video-preview:-1"},"canonical":"https:\/\/www.copealcoy.es\/es\/200-alumnos-inician-las-clases-en-la-universidad-senior-del-campus-de-la-upv\/","og_locale":"es_ES","og_type":"article","og_title":"200 alumnos inician las clases en la Universidad S\u00e9nior del Campus de la UPV - COPE Alcoy","og_description":"El Campus de Alcoy ya ha dado la bienvenida a los alumnos &#8216;s\u00e9nior&#8217; un a\u00f1o m\u00e1s en el Sal\u00f3n de...","og_url":"https:\/\/www.copealcoy.es\/es\/200-alumnos-inician-las-clases-en-la-universidad-senior-del-campus-de-la-upv\/","og_site_name":"COPE Alcoy","article_published_time":"2018-09-24T19:56:09+00:00","og_image":[{"width":2048,"height":1362,"url":"https:\/\/www.copealcoy.es\/wp-content\/uploads\/2018\/09\/44735604492_57f2283ad6_k.jpg","type":"image\/jpeg"}],"author":"Cope Alcoy","twitter_misc":{"Escrito por":"Cope Alcoy","Tiempo de lectura":"2 minutos"},"schema":{"@context":"https:\/\/schema.org","@graph":[{"@type":"Article","@id":"https:\/\/www.copealcoy.es\/es\/200-alumnos-inician-las-clases-en-la-universidad-senior-del-campus-de-la-upv\/#article","isPartOf":{"@id":"https:\/\/www.copealcoy.es\/es\/200-alumnos-inician-las-clases-en-la-universidad-senior-del-campus-de-la-upv\/"},"author":{"name":"Cope Alcoy","@id":"https:\/\/www.copealcoy.es\/es\/#\/schema\/person\/e777c87fa024e57d40170af9df39882c"},"headline":"200 alumnos inician las clases en la Universidad S\u00e9nior del Campus de la UPV","datePublished":"2018-09-24T19:56:09+00:00","mainEntityOfPage":{"@id":"https:\/\/www.copealcoy.es\/es\/200-alumnos-inician-las-clases-en-la-universidad-senior-del-campus-de-la-upv\/"},"wordCount":401,"commentCount":0,"image":{"@id":"https:\/\/www.copealcoy.es\/es\/200-alumnos-inician-las-clases-en-la-universidad-senior-del-campus-de-la-upv\/#primaryimage"},"thumbnailUrl":"https:\/\/www.copealcoy.es\/wp-content\/uploads\/2018\/09\/44735604492_57f2283ad6_k.jpg","keywords":["200 alumnos","Campus de Alcoy","del","en","inician","la","las clases","Universidad S\u00e9nior"],"articleSection":["Alcoy","Campus de Alcoy","Educaci\u00f3n","Noticias"],"inLanguage":"es"},{"@type":"WebPage","@id":"https:\/\/www.copealcoy.es\/es\/200-alumnos-inician-las-clases-en-la-universidad-senior-del-campus-de-la-upv\/","url":"https:\/\/www.copealcoy.es\/es\/200-alumnos-inician-las-clases-en-la-universidad-senior-del-campus-de-la-upv\/","name":"200 alumnos inician las clases en la Universidad S\u00e9nior del Campus de la UPV - COPE Alcoy","isPartOf":{"@id":"https:\/\/www.copealcoy.es\/es\/#website"},"primaryImageOfPage":{"@id":"https:\/\/www.copealcoy.es\/es\/200-alumnos-inician-las-clases-en-la-universidad-senior-del-campus-de-la-upv\/#primaryimage"},"image":{"@id":"https:\/\/www.copealcoy.es\/es\/200-alumnos-inician-las-clases-en-la-universidad-senior-del-campus-de-la-upv\/#primaryimage"},"thumbnailUrl":"https:\/\/www.copealcoy.es\/wp-content\/uploads\/2018\/09\/44735604492_57f2283ad6_k.jpg","datePublished":"2018-09-24T19:56:09+00:00","author":{"@id":"https:\/\/www.copealcoy.es\/es\/#\/schema\/person\/e777c87fa024e57d40170af9df39882c"},"breadcrumb":{"@id":"https:\/\/www.copealcoy.es\/es\/200-alumnos-inician-las-clases-en-la-universidad-senior-del-campus-de-la-upv\/#breadcrumb"},"inLanguage":"es","potentialAction":[{"@type":"ReadAction","target":["https:\/\/www.copealcoy.es\/es\/200-alumnos-inician-las-clases-en-la-universidad-senior-del-campus-de-la-upv\/"]}]},{"@type":"ImageObject","inLanguage":"es","@id":"https:\/\/www.copealcoy.es\/es\/200-alumnos-inician-las-clases-en-la-universidad-senior-del-campus-de-la-upv\/#primaryimage","url":"https:\/\/www.copealcoy.es\/wp-content\/uploads\/2018\/09\/44735604492_57f2283ad6_k.jpg","contentUrl":"https:\/\/www.copealcoy.es\/wp-content\/uploads\/2018\/09\/44735604492_57f2283ad6_k.jpg","width":2048,"height":1362},{"@type":"BreadcrumbList","@id":"https:\/\/www.copealcoy.es\/es\/200-alumnos-inician-las-clases-en-la-universidad-senior-del-campus-de-la-upv\/#breadcrumb","itemListElement":[{"@type":"ListItem","position":1,"name":"Portada","item":"https:\/\/www.copealcoy.es\/es\/"},{"@type":"ListItem","position":2,"name":"200 alumnos inician las clases en la Universidad S\u00e9nior del Campus de la UPV"}]},{"@type":"WebSite","@id":"https:\/\/www.copealcoy.es\/es\/#website","url":"https:\/\/www.copealcoy.es\/es\/","name":"COPE Alcoy","description":"Emisora COPE de radio local con emisi\u00f3n online. Pont de Sant Jordi 8-10 03803 Alcoy","potentialAction":[{"@type":"SearchAction","target":{"@type":"EntryPoint","urlTemplate":"https:\/\/www.copealcoy.es\/es\/?s={search_term_string}"},"query-input":{"@type":"PropertyValueSpecification","valueRequired":true,"valueName":"search_term_string"}}],"inLanguage":"es"},{"@type":"Person","@id":"https:\/\/www.copealcoy.es\/es\/#\/schema\/person\/e777c87fa024e57d40170af9df39882c","name":"Cope Alcoy","image":{"@type":"ImageObject","inLanguage":"es","@id":"https:\/\/secure.gravatar.com\/avatar\/bb65d0283347e303893ba14f0692005417c1e0e690a325a4c5d8bb2b3943ee14?s=96&d=mm&r=g","url":"https:\/\/secure.gravatar.com\/avatar\/bb65d0283347e303893ba14f0692005417c1e0e690a325a4c5d8bb2b3943ee14?s=96&d=mm&r=g","contentUrl":"https:\/\/secure.gravatar.com\/avatar\/bb65d0283347e303893ba14f0692005417c1e0e690a325a4c5d8bb2b3943ee14?s=96&d=mm&r=g","caption":"Cope Alcoy"}}]}},"_links":{"self":[{"href":"https:\/\/www.copealcoy.es\/es\/wp-json\/wp\/v2\/posts\/45671","targetHints":{"allow":["GET"]}}],"collection":[{"href":"https:\/\/www.copealcoy.es\/es\/wp-json\/wp\/v2\/posts"}],"about":[{"href":"https:\/\/www.copealcoy.es\/es\/wp-json\/wp\/v2\/types\/post"}],"author":[{"embeddable":true,"href":"https:\/\/www.copealcoy.es\/es\/wp-json\/wp\/v2\/users\/1"}],"replies":[{"embeddable":true,"href":"https:\/\/www.copealcoy.es\/es\/wp-json\/wp\/v2\/comments?post=45671"}],"version-history":[{"count":0,"href":"https:\/\/www.copealcoy.es\/es\/wp-json\/wp\/v2\/posts\/45671\/revisions"}],"wp:featuredmedia":[{"embeddable":true,"href":"https:\/\/www.copealcoy.es\/es\/wp-json\/wp\/v2\/media\/45672"}],"wp:attachment":[{"href":"https:\/\/www.copealcoy.es\/es\/wp-json\/wp\/v2\/media?parent=45671"}],"wp:term":[{"taxonomy":"category","embeddable":true,"href":"https:\/\/www.copealcoy.es\/es\/wp-json\/wp\/v2\/categories?post=45671"},{"taxonomy":"post_tag","embeddable":true,"href":"https:\/\/www.copealcoy.es\/es\/wp-json\/wp\/v2\/tags?post=45671"}],"curies":[{"name":"wp","href":"https:\/\/api.w.org\/{rel}","templated":true}]}}