{"id":45658,"date":"2018-09-24T16:08:08","date_gmt":"2018-09-24T16:08:08","guid":{"rendered":"http:\/\/copealcoi.es\/new\/?p=45658"},"modified":"2018-09-24T16:08:08","modified_gmt":"2018-09-24T16:08:08","slug":"alcoyano-y-espanyol-b-empatan-2-2-en-el-collao","status":"publish","type":"post","link":"https:\/\/www.copealcoy.es\/es\/alcoyano-y-espanyol-b-empatan-2-2-en-el-collao\/","title":{"rendered":"Alcoyano y Espanyol B empatan 2-2 en El Collao"},"content":{"rendered":"<p style=\"text-align: justify;\">El <strong>Alcoyano<\/strong> y el <strong>Espanyol B<\/strong> acabaron firmando las tablas con un 2-2 en el partido celebrado este domingo en El Collao. El <strong>Alcoyano<\/strong> ven\u00eda de perder su \u00faltimo partido mientras que los visitantes empataron el suyo. Con este marcador, el equipo alcoyano se sit\u00faa decimoquinto, mientras que por su parte el <strong>Espanyol B<\/strong> es decimoprimero a la conclusi\u00f3n del encuentro.<\/p>\n<p style=\"text-align: justify;\">Los nuestros se adelantaron en el marcador gracias al gol en propia puerta de <strong>Lluis Lopez<\/strong> en el minuto 35 y los primeros cuarenta y cinco minutos terminaron 1 a 0.\u00a0En la segunda mitad, el equipo visitante consigui\u00f3 empatar el duelo con un gol de <strong>Ezzarfani<\/strong> en el minuto 48. El <strong>Espanyol B<\/strong> acert\u00f3 a darle la vuelta al marcador gracias a un gol de <strong>Carlos Doncel<\/strong> en el minuto 86 para hacer el 1-2. El equipo local estableci\u00f3 el empate en el encuentro en el minuto 92 con un tanto de <strong>Barreda<\/strong> y el marcador finaliz\u00f3 con este resultado al cumplirse el tiempo establecido, 2-2 acabando de este modo el encuentro.<\/p>\n<p style=\"text-align: justify;\">Tras este empate, el <strong>Alcoyano<\/strong>, llega al decimoquinto con 5 puntos.\u00a0En la siguiente jornada de liga el <strong>Alcoyano<\/strong> jugar\u00e1 contra el <strong>Ebro<\/strong> fuera de casa, mientras que el <strong>Espanyol B<\/strong> se enfrentar\u00e1 en su estadio contra el <strong>Ejea<\/strong>.<\/p>\n","protected":false},"excerpt":{"rendered":"<p>El Alcoyano y el Espanyol B acabaron firmando las tablas con un 2-2 en el partido celebrado este domingo en&#8230;<\/p>\n","protected":false},"author":1,"featured_media":45659,"comment_status":"open","ping_status":"open","sticky":false,"template":"","format":"standard","meta":{"footnotes":""},"categories":[92,75],"tags":[6683,140,2826,6682,2857,1023],"class_list":["post-45658","post","type-post","status-publish","format-standard","has-post-thumbnail","hentry","category-deportes","category-noticias","tag-2-2","tag-alcoyano","tag-el-collao","tag-empatan","tag-en","tag-espanyol-b"],"yoast_head":"<!-- This site is optimized with the Yoast SEO plugin v27.3 - https:\/\/yoast.com\/product\/yoast-seo-wordpress\/ -->\n<title>Alcoyano y Espanyol B empatan 2-2 en El Collao - COPE Alcoy<\/title>\n<meta name=\"robots\" content=\"index, follow, max-snippet:-1, max-image-preview:large, max-video-preview:-1\" \/>\n<link rel=\"canonical\" href=\"https:\/\/www.copealcoy.es\/es\/alcoyano-y-espanyol-b-empatan-2-2-en-el-collao\/\" \/>\n<meta property=\"og:locale\" content=\"es_ES\" \/>\n<meta property=\"og:type\" content=\"article\" \/>\n<meta property=\"og:title\" content=\"Alcoyano y Espanyol B empatan 2-2 en El Collao - COPE Alcoy\" \/>\n<meta property=\"og:description\" content=\"El Alcoyano y el Espanyol B acabaron firmando las tablas con un 2-2 en el partido celebrado este domingo en...\" \/>\n<meta property=\"og:url\" content=\"https:\/\/www.copealcoy.es\/es\/alcoyano-y-espanyol-b-empatan-2-2-en-el-collao\/\" \/>\n<meta property=\"og:site_name\" content=\"COPE Alcoy\" \/>\n<meta property=\"article:published_time\" content=\"2018-09-24T16:08:08+00:00\" \/>\n<meta property=\"og:image\" content=\"https:\/\/www.copealcoy.es\/wp-content\/uploads\/2018\/09\/DnyvzvKXsAEXIIY-e1537805153800.jpg\" \/>\n\t<meta property=\"og:image:width\" content=\"839\" \/>\n\t<meta property=\"og:image:height\" content=\"512\" \/>\n\t<meta property=\"og:image:type\" content=\"image\/jpeg\" \/>\n<meta name=\"author\" content=\"Cope Alcoy\" \/>\n<meta name=\"twitter:label1\" content=\"Escrito por\" \/>\n\t<meta name=\"twitter:data1\" content=\"Cope Alcoy\" \/>\n\t<meta name=\"twitter:label2\" content=\"Tiempo de lectura\" \/>\n\t<meta name=\"twitter:data2\" content=\"1 minuto\" \/>\n<script type=\"application\/ld+json\" class=\"yoast-schema-graph\">{\"@context\":\"https:\\\/\\\/schema.org\",\"@graph\":[{\"@type\":\"Article\",\"@id\":\"https:\\\/\\\/www.copealcoy.es\\\/es\\\/alcoyano-y-espanyol-b-empatan-2-2-en-el-collao\\\/#article\",\"isPartOf\":{\"@id\":\"https:\\\/\\\/www.copealcoy.es\\\/es\\\/alcoyano-y-espanyol-b-empatan-2-2-en-el-collao\\\/\"},\"author\":{\"name\":\"Cope Alcoy\",\"@id\":\"https:\\\/\\\/www.copealcoy.es\\\/es\\\/#\\\/schema\\\/person\\\/e777c87fa024e57d40170af9df39882c\"},\"headline\":\"Alcoyano y Espanyol B empatan 2-2 en El Collao\",\"datePublished\":\"2018-09-24T16:08:08+00:00\",\"mainEntityOfPage\":{\"@id\":\"https:\\\/\\\/www.copealcoy.es\\\/es\\\/alcoyano-y-espanyol-b-empatan-2-2-en-el-collao\\\/\"},\"wordCount\":218,\"commentCount\":0,\"image\":{\"@id\":\"https:\\\/\\\/www.copealcoy.es\\\/es\\\/alcoyano-y-espanyol-b-empatan-2-2-en-el-collao\\\/#primaryimage\"},\"thumbnailUrl\":\"https:\\\/\\\/www.copealcoy.es\\\/wp-content\\\/uploads\\\/2018\\\/09\\\/DnyvzvKXsAEXIIY-e1537805153800.jpg\",\"keywords\":[\"2-2\",\"Alcoyano\",\"El Collao\",\"empatan\",\"en\",\"Espanyol B\"],\"articleSection\":[\"Deportes\",\"Noticias\"],\"inLanguage\":\"es\"},{\"@type\":\"WebPage\",\"@id\":\"https:\\\/\\\/www.copealcoy.es\\\/es\\\/alcoyano-y-espanyol-b-empatan-2-2-en-el-collao\\\/\",\"url\":\"https:\\\/\\\/www.copealcoy.es\\\/es\\\/alcoyano-y-espanyol-b-empatan-2-2-en-el-collao\\\/\",\"name\":\"Alcoyano y Espanyol B empatan 2-2 en El Collao - COPE Alcoy\",\"isPartOf\":{\"@id\":\"https:\\\/\\\/www.copealcoy.es\\\/es\\\/#website\"},\"primaryImageOfPage\":{\"@id\":\"https:\\\/\\\/www.copealcoy.es\\\/es\\\/alcoyano-y-espanyol-b-empatan-2-2-en-el-collao\\\/#primaryimage\"},\"image\":{\"@id\":\"https:\\\/\\\/www.copealcoy.es\\\/es\\\/alcoyano-y-espanyol-b-empatan-2-2-en-el-collao\\\/#primaryimage\"},\"thumbnailUrl\":\"https:\\\/\\\/www.copealcoy.es\\\/wp-content\\\/uploads\\\/2018\\\/09\\\/DnyvzvKXsAEXIIY-e1537805153800.jpg\",\"datePublished\":\"2018-09-24T16:08:08+00:00\",\"author\":{\"@id\":\"https:\\\/\\\/www.copealcoy.es\\\/es\\\/#\\\/schema\\\/person\\\/e777c87fa024e57d40170af9df39882c\"},\"breadcrumb\":{\"@id\":\"https:\\\/\\\/www.copealcoy.es\\\/es\\\/alcoyano-y-espanyol-b-empatan-2-2-en-el-collao\\\/#breadcrumb\"},\"inLanguage\":\"es\",\"potentialAction\":[{\"@type\":\"ReadAction\",\"target\":[\"https:\\\/\\\/www.copealcoy.es\\\/es\\\/alcoyano-y-espanyol-b-empatan-2-2-en-el-collao\\\/\"]}]},{\"@type\":\"ImageObject\",\"inLanguage\":\"es\",\"@id\":\"https:\\\/\\\/www.copealcoy.es\\\/es\\\/alcoyano-y-espanyol-b-empatan-2-2-en-el-collao\\\/#primaryimage\",\"url\":\"https:\\\/\\\/www.copealcoy.es\\\/wp-content\\\/uploads\\\/2018\\\/09\\\/DnyvzvKXsAEXIIY-e1537805153800.jpg\",\"contentUrl\":\"https:\\\/\\\/www.copealcoy.es\\\/wp-content\\\/uploads\\\/2018\\\/09\\\/DnyvzvKXsAEXIIY-e1537805153800.jpg\",\"width\":839,\"height\":512},{\"@type\":\"BreadcrumbList\",\"@id\":\"https:\\\/\\\/www.copealcoy.es\\\/es\\\/alcoyano-y-espanyol-b-empatan-2-2-en-el-collao\\\/#breadcrumb\",\"itemListElement\":[{\"@type\":\"ListItem\",\"position\":1,\"name\":\"Portada\",\"item\":\"https:\\\/\\\/www.copealcoy.es\\\/es\\\/\"},{\"@type\":\"ListItem\",\"position\":2,\"name\":\"Alcoyano y Espanyol B empatan 2-2 en El Collao\"}]},{\"@type\":\"WebSite\",\"@id\":\"https:\\\/\\\/www.copealcoy.es\\\/es\\\/#website\",\"url\":\"https:\\\/\\\/www.copealcoy.es\\\/es\\\/\",\"name\":\"COPE Alcoy\",\"description\":\"Emisora COPE de radio local con emisi\u00f3n online. Pont de Sant Jordi 8-10 03803 Alcoy\",\"potentialAction\":[{\"@type\":\"SearchAction\",\"target\":{\"@type\":\"EntryPoint\",\"urlTemplate\":\"https:\\\/\\\/www.copealcoy.es\\\/es\\\/?s={search_term_string}\"},\"query-input\":{\"@type\":\"PropertyValueSpecification\",\"valueRequired\":true,\"valueName\":\"search_term_string\"}}],\"inLanguage\":\"es\"},{\"@type\":\"Person\",\"@id\":\"https:\\\/\\\/www.copealcoy.es\\\/es\\\/#\\\/schema\\\/person\\\/e777c87fa024e57d40170af9df39882c\",\"name\":\"Cope Alcoy\",\"image\":{\"@type\":\"ImageObject\",\"inLanguage\":\"es\",\"@id\":\"https:\\\/\\\/secure.gravatar.com\\\/avatar\\\/bb65d0283347e303893ba14f0692005417c1e0e690a325a4c5d8bb2b3943ee14?s=96&d=mm&r=g\",\"url\":\"https:\\\/\\\/secure.gravatar.com\\\/avatar\\\/bb65d0283347e303893ba14f0692005417c1e0e690a325a4c5d8bb2b3943ee14?s=96&d=mm&r=g\",\"contentUrl\":\"https:\\\/\\\/secure.gravatar.com\\\/avatar\\\/bb65d0283347e303893ba14f0692005417c1e0e690a325a4c5d8bb2b3943ee14?s=96&d=mm&r=g\",\"caption\":\"Cope Alcoy\"}}]}<\/script>\n<!-- \/ Yoast SEO plugin. -->","yoast_head_json":{"title":"Alcoyano y Espanyol B empatan 2-2 en El Collao - COPE Alcoy","robots":{"index":"index","follow":"follow","max-snippet":"max-snippet:-1","max-image-preview":"max-image-preview:large","max-video-preview":"max-video-preview:-1"},"canonical":"https:\/\/www.copealcoy.es\/es\/alcoyano-y-espanyol-b-empatan-2-2-en-el-collao\/","og_locale":"es_ES","og_type":"article","og_title":"Alcoyano y Espanyol B empatan 2-2 en El Collao - COPE Alcoy","og_description":"El Alcoyano y el Espanyol B acabaron firmando las tablas con un 2-2 en el partido celebrado este domingo en...","og_url":"https:\/\/www.copealcoy.es\/es\/alcoyano-y-espanyol-b-empatan-2-2-en-el-collao\/","og_site_name":"COPE Alcoy","article_published_time":"2018-09-24T16:08:08+00:00","og_image":[{"width":839,"height":512,"url":"https:\/\/www.copealcoy.es\/wp-content\/uploads\/2018\/09\/DnyvzvKXsAEXIIY-e1537805153800.jpg","type":"image\/jpeg"}],"author":"Cope Alcoy","twitter_misc":{"Escrito por":"Cope Alcoy","Tiempo de lectura":"1 minuto"},"schema":{"@context":"https:\/\/schema.org","@graph":[{"@type":"Article","@id":"https:\/\/www.copealcoy.es\/es\/alcoyano-y-espanyol-b-empatan-2-2-en-el-collao\/#article","isPartOf":{"@id":"https:\/\/www.copealcoy.es\/es\/alcoyano-y-espanyol-b-empatan-2-2-en-el-collao\/"},"author":{"name":"Cope Alcoy","@id":"https:\/\/www.copealcoy.es\/es\/#\/schema\/person\/e777c87fa024e57d40170af9df39882c"},"headline":"Alcoyano y Espanyol B empatan 2-2 en El Collao","datePublished":"2018-09-24T16:08:08+00:00","mainEntityOfPage":{"@id":"https:\/\/www.copealcoy.es\/es\/alcoyano-y-espanyol-b-empatan-2-2-en-el-collao\/"},"wordCount":218,"commentCount":0,"image":{"@id":"https:\/\/www.copealcoy.es\/es\/alcoyano-y-espanyol-b-empatan-2-2-en-el-collao\/#primaryimage"},"thumbnailUrl":"https:\/\/www.copealcoy.es\/wp-content\/uploads\/2018\/09\/DnyvzvKXsAEXIIY-e1537805153800.jpg","keywords":["2-2","Alcoyano","El Collao","empatan","en","Espanyol B"],"articleSection":["Deportes","Noticias"],"inLanguage":"es"},{"@type":"WebPage","@id":"https:\/\/www.copealcoy.es\/es\/alcoyano-y-espanyol-b-empatan-2-2-en-el-collao\/","url":"https:\/\/www.copealcoy.es\/es\/alcoyano-y-espanyol-b-empatan-2-2-en-el-collao\/","name":"Alcoyano y Espanyol B empatan 2-2 en El Collao - COPE Alcoy","isPartOf":{"@id":"https:\/\/www.copealcoy.es\/es\/#website"},"primaryImageOfPage":{"@id":"https:\/\/www.copealcoy.es\/es\/alcoyano-y-espanyol-b-empatan-2-2-en-el-collao\/#primaryimage"},"image":{"@id":"https:\/\/www.copealcoy.es\/es\/alcoyano-y-espanyol-b-empatan-2-2-en-el-collao\/#primaryimage"},"thumbnailUrl":"https:\/\/www.copealcoy.es\/wp-content\/uploads\/2018\/09\/DnyvzvKXsAEXIIY-e1537805153800.jpg","datePublished":"2018-09-24T16:08:08+00:00","author":{"@id":"https:\/\/www.copealcoy.es\/es\/#\/schema\/person\/e777c87fa024e57d40170af9df39882c"},"breadcrumb":{"@id":"https:\/\/www.copealcoy.es\/es\/alcoyano-y-espanyol-b-empatan-2-2-en-el-collao\/#breadcrumb"},"inLanguage":"es","potentialAction":[{"@type":"ReadAction","target":["https:\/\/www.copealcoy.es\/es\/alcoyano-y-espanyol-b-empatan-2-2-en-el-collao\/"]}]},{"@type":"ImageObject","inLanguage":"es","@id":"https:\/\/www.copealcoy.es\/es\/alcoyano-y-espanyol-b-empatan-2-2-en-el-collao\/#primaryimage","url":"https:\/\/www.copealcoy.es\/wp-content\/uploads\/2018\/09\/DnyvzvKXsAEXIIY-e1537805153800.jpg","contentUrl":"https:\/\/www.copealcoy.es\/wp-content\/uploads\/2018\/09\/DnyvzvKXsAEXIIY-e1537805153800.jpg","width":839,"height":512},{"@type":"BreadcrumbList","@id":"https:\/\/www.copealcoy.es\/es\/alcoyano-y-espanyol-b-empatan-2-2-en-el-collao\/#breadcrumb","itemListElement":[{"@type":"ListItem","position":1,"name":"Portada","item":"https:\/\/www.copealcoy.es\/es\/"},{"@type":"ListItem","position":2,"name":"Alcoyano y Espanyol B empatan 2-2 en El Collao"}]},{"@type":"WebSite","@id":"https:\/\/www.copealcoy.es\/es\/#website","url":"https:\/\/www.copealcoy.es\/es\/","name":"COPE Alcoy","description":"Emisora COPE de radio local con emisi\u00f3n online. Pont de Sant Jordi 8-10 03803 Alcoy","potentialAction":[{"@type":"SearchAction","target":{"@type":"EntryPoint","urlTemplate":"https:\/\/www.copealcoy.es\/es\/?s={search_term_string}"},"query-input":{"@type":"PropertyValueSpecification","valueRequired":true,"valueName":"search_term_string"}}],"inLanguage":"es"},{"@type":"Person","@id":"https:\/\/www.copealcoy.es\/es\/#\/schema\/person\/e777c87fa024e57d40170af9df39882c","name":"Cope Alcoy","image":{"@type":"ImageObject","inLanguage":"es","@id":"https:\/\/secure.gravatar.com\/avatar\/bb65d0283347e303893ba14f0692005417c1e0e690a325a4c5d8bb2b3943ee14?s=96&d=mm&r=g","url":"https:\/\/secure.gravatar.com\/avatar\/bb65d0283347e303893ba14f0692005417c1e0e690a325a4c5d8bb2b3943ee14?s=96&d=mm&r=g","contentUrl":"https:\/\/secure.gravatar.com\/avatar\/bb65d0283347e303893ba14f0692005417c1e0e690a325a4c5d8bb2b3943ee14?s=96&d=mm&r=g","caption":"Cope Alcoy"}}]}},"_links":{"self":[{"href":"https:\/\/www.copealcoy.es\/es\/wp-json\/wp\/v2\/posts\/45658","targetHints":{"allow":["GET"]}}],"collection":[{"href":"https:\/\/www.copealcoy.es\/es\/wp-json\/wp\/v2\/posts"}],"about":[{"href":"https:\/\/www.copealcoy.es\/es\/wp-json\/wp\/v2\/types\/post"}],"author":[{"embeddable":true,"href":"https:\/\/www.copealcoy.es\/es\/wp-json\/wp\/v2\/users\/1"}],"replies":[{"embeddable":true,"href":"https:\/\/www.copealcoy.es\/es\/wp-json\/wp\/v2\/comments?post=45658"}],"version-history":[{"count":0,"href":"https:\/\/www.copealcoy.es\/es\/wp-json\/wp\/v2\/posts\/45658\/revisions"}],"wp:featuredmedia":[{"embeddable":true,"href":"https:\/\/www.copealcoy.es\/es\/wp-json\/wp\/v2\/media\/45659"}],"wp:attachment":[{"href":"https:\/\/www.copealcoy.es\/es\/wp-json\/wp\/v2\/media?parent=45658"}],"wp:term":[{"taxonomy":"category","embeddable":true,"href":"https:\/\/www.copealcoy.es\/es\/wp-json\/wp\/v2\/categories?post=45658"},{"taxonomy":"post_tag","embeddable":true,"href":"https:\/\/www.copealcoy.es\/es\/wp-json\/wp\/v2\/tags?post=45658"}],"curies":[{"name":"wp","href":"https:\/\/api.w.org\/{rel}","templated":true}]}}