{"id":45446,"date":"2018-09-17T13:00:26","date_gmt":"2018-09-17T13:00:26","guid":{"rendered":"http:\/\/copealcoi.es\/new\/?p=45446"},"modified":"2018-09-17T14:37:23","modified_gmt":"2018-09-17T14:37:23","slug":"concluyen-las-obras-de-ampliacion-del-centro-de-salud-de-cocentaina","status":"publish","type":"post","link":"https:\/\/www.copealcoy.es\/es\/concluyen-las-obras-de-ampliacion-del-centro-de-salud-de-cocentaina\/","title":{"rendered":"Concluyen las obras de ampliaci\u00f3n del Centro de Salud de Cocentaina"},"content":{"rendered":"<p style=\"text-align: justify;\">Las obras para <strong>la ampliaci\u00f3n del Centro de Salud<\/strong> de Cocentaina ya han finalizado despu\u00e9s de que las mismas<strong> comenzaran a finales del mes de julio del a\u00f1o 2016<\/strong>\u00a0y hayan tenido <strong>un periodo de ejecuci\u00f3n<\/strong> de dos a\u00f1os. La actuaci\u00f3n ha tenido <strong>un presupuesto de 1\u20198 millones de euros<\/strong> y ha permitido habilitar un nuevo edificio as\u00ed como remodelar el existente y reubicar departamentos. Adem\u00e1s <strong>se han creado<\/strong> nuevas salas para consultas, servicios de urgencias, despachos m\u00e9dicos as\u00ed como un gimnasio destinado a las tareas de rehabilitaci\u00f3n.<\/p>\n<p style=\"text-align: justify;\">El concejal de Sanidad en el Ayuntamiento contestano, <strong>Antonio Hern\u00e1ndez<\/strong>, recordaba en COPE ALCOY <strong>la importancia de este proyecto<\/strong> y se\u00f1ala que en estos d\u00edas de septiembre se est\u00e1 recuperando <strong>el funcionamiento habitual del Centro de Salud<\/strong> tras los cambios que se iban produciendo en las estancias a medida que avanzaban los trabajos \u201c<em>ya est\u00e1 funcionando con normalidad la entrada principal y todos los servicios est\u00e1n en su lugar. Quedan por ultimar peque\u00f1os detalles por parte de la empresa que ha realizado la obra despu\u00e9s de que la Conselleria de Sanidad aprobara incorporar algunos servicios que no se contemplaban en el proyecto inicial<\/em>\u201d, afirma. Hern\u00e1ndez tambi\u00e9n apunta que las mencionadas obras est\u00e1n <strong>todav\u00eda pendientes de ser recepcionadas por parte de la \u00a0Conselleria<\/strong> y se\u00f1ala la <strong>buena acogida<\/strong> que est\u00e1n teniendo las renovadas instalaciones \u201c<em>los usuarios y los profesionales sanitarios pueden disfrutar por fin de un inmueble en condiciones, con m\u00e1s espacio y adaptado para atender la necesidades actuales<\/em>\u201d, concluye.<\/p>\n<p style=\"text-align: justify;\">Indicar que la ampliaci\u00f3n del Centro de Salud de Cocentaina\u00a0<strong>fue adjudicada por Sanidad en septiembre de 2015<\/strong> a la empresa Grup Generala y al a\u00f1o siguiente <strong>empez\u00f3 a ser una realidad<\/strong> tras casi <strong>una d\u00e9cada de reivindicaciones<\/strong> por parte de los vecinos de la Villa Condal as\u00ed como de los mismos trabajadores del propio ambulatorio.<\/p>\n","protected":false},"excerpt":{"rendered":"<p>Las obras para la ampliaci\u00f3n del Centro de Salud de Cocentaina ya han finalizado despu\u00e9s de que las mismas comenzaran&#8230;<\/p>\n","protected":false},"author":1,"featured_media":42901,"comment_status":"open","ping_status":"open","sticky":false,"template":"","format":"standard","meta":{"footnotes":""},"categories":[98,75],"tags":[1022,6594,6595,6327,6596,5961],"class_list":["post-45446","post","type-post","status-publish","format-standard","has-post-thumbnail","hentry","category-comarcas","category-noticias","tag-centro-de-salud","tag-concluyen","tag-de-ampliacion","tag-de-cocentaina","tag-del","tag-las-obras"],"yoast_head":"<!-- This site is optimized with the Yoast SEO plugin v27.3 - https:\/\/yoast.com\/product\/yoast-seo-wordpress\/ -->\n<title>Concluyen las obras de ampliaci\u00f3n del Centro de Salud de Cocentaina - COPE Alcoy<\/title>\n<meta name=\"robots\" content=\"index, follow, max-snippet:-1, max-image-preview:large, max-video-preview:-1\" \/>\n<link rel=\"canonical\" href=\"https:\/\/www.copealcoy.es\/es\/concluyen-las-obras-de-ampliacion-del-centro-de-salud-de-cocentaina\/\" \/>\n<meta property=\"og:locale\" content=\"es_ES\" \/>\n<meta property=\"og:type\" content=\"article\" \/>\n<meta property=\"og:title\" content=\"Concluyen las obras de ampliaci\u00f3n del Centro de Salud de Cocentaina - COPE Alcoy\" \/>\n<meta property=\"og:description\" content=\"Las obras para la ampliaci\u00f3n del Centro de Salud de Cocentaina ya han finalizado despu\u00e9s de que las mismas comenzaran...\" \/>\n<meta property=\"og:url\" content=\"https:\/\/www.copealcoy.es\/es\/concluyen-las-obras-de-ampliacion-del-centro-de-salud-de-cocentaina\/\" \/>\n<meta property=\"og:site_name\" content=\"COPE Alcoy\" \/>\n<meta property=\"article:published_time\" content=\"2018-09-17T13:00:26+00:00\" \/>\n<meta property=\"article:modified_time\" content=\"2018-09-17T14:37:23+00:00\" \/>\n<meta property=\"og:image\" content=\"https:\/\/www.copealcoy.es\/wp-content\/uploads\/2018\/06\/4-Parte-del-nuevo-edificio-construido-para-ampliar-el-Centro-de-Salud-Foto-Gabriel-Pascual.jpg\" \/>\n\t<meta property=\"og:image:width\" content=\"4032\" \/>\n\t<meta property=\"og:image:height\" content=\"3024\" \/>\n\t<meta property=\"og:image:type\" content=\"image\/jpeg\" \/>\n<meta name=\"author\" content=\"Cope Alcoy\" \/>\n<meta name=\"twitter:label1\" content=\"Escrito por\" \/>\n\t<meta name=\"twitter:data1\" content=\"Cope Alcoy\" \/>\n\t<meta name=\"twitter:label2\" content=\"Tiempo de lectura\" \/>\n\t<meta name=\"twitter:data2\" content=\"2 minutos\" \/>\n<script type=\"application\/ld+json\" class=\"yoast-schema-graph\">{\"@context\":\"https:\\\/\\\/schema.org\",\"@graph\":[{\"@type\":\"Article\",\"@id\":\"https:\\\/\\\/www.copealcoy.es\\\/es\\\/concluyen-las-obras-de-ampliacion-del-centro-de-salud-de-cocentaina\\\/#article\",\"isPartOf\":{\"@id\":\"https:\\\/\\\/www.copealcoy.es\\\/es\\\/concluyen-las-obras-de-ampliacion-del-centro-de-salud-de-cocentaina\\\/\"},\"author\":{\"name\":\"Cope Alcoy\",\"@id\":\"https:\\\/\\\/www.copealcoy.es\\\/es\\\/#\\\/schema\\\/person\\\/e777c87fa024e57d40170af9df39882c\"},\"headline\":\"Concluyen las obras de ampliaci\u00f3n del Centro de Salud de Cocentaina\",\"datePublished\":\"2018-09-17T13:00:26+00:00\",\"dateModified\":\"2018-09-17T14:37:23+00:00\",\"mainEntityOfPage\":{\"@id\":\"https:\\\/\\\/www.copealcoy.es\\\/es\\\/concluyen-las-obras-de-ampliacion-del-centro-de-salud-de-cocentaina\\\/\"},\"wordCount\":337,\"commentCount\":0,\"image\":{\"@id\":\"https:\\\/\\\/www.copealcoy.es\\\/es\\\/concluyen-las-obras-de-ampliacion-del-centro-de-salud-de-cocentaina\\\/#primaryimage\"},\"thumbnailUrl\":\"https:\\\/\\\/www.copealcoy.es\\\/wp-content\\\/uploads\\\/2018\\\/06\\\/4-Parte-del-nuevo-edificio-construido-para-ampliar-el-Centro-de-Salud-Foto-Gabriel-Pascual.jpg\",\"keywords\":[\"Centro de Salud\",\"Concluyen\",\"de ampliaci\u00f3n\",\"de Cocentaina\",\"del\",\"las obras\"],\"articleSection\":[\"Comarcas\",\"Noticias\"],\"inLanguage\":\"es\"},{\"@type\":\"WebPage\",\"@id\":\"https:\\\/\\\/www.copealcoy.es\\\/es\\\/concluyen-las-obras-de-ampliacion-del-centro-de-salud-de-cocentaina\\\/\",\"url\":\"https:\\\/\\\/www.copealcoy.es\\\/es\\\/concluyen-las-obras-de-ampliacion-del-centro-de-salud-de-cocentaina\\\/\",\"name\":\"Concluyen las obras de ampliaci\u00f3n del Centro de Salud de Cocentaina - COPE Alcoy\",\"isPartOf\":{\"@id\":\"https:\\\/\\\/www.copealcoy.es\\\/es\\\/#website\"},\"primaryImageOfPage\":{\"@id\":\"https:\\\/\\\/www.copealcoy.es\\\/es\\\/concluyen-las-obras-de-ampliacion-del-centro-de-salud-de-cocentaina\\\/#primaryimage\"},\"image\":{\"@id\":\"https:\\\/\\\/www.copealcoy.es\\\/es\\\/concluyen-las-obras-de-ampliacion-del-centro-de-salud-de-cocentaina\\\/#primaryimage\"},\"thumbnailUrl\":\"https:\\\/\\\/www.copealcoy.es\\\/wp-content\\\/uploads\\\/2018\\\/06\\\/4-Parte-del-nuevo-edificio-construido-para-ampliar-el-Centro-de-Salud-Foto-Gabriel-Pascual.jpg\",\"datePublished\":\"2018-09-17T13:00:26+00:00\",\"dateModified\":\"2018-09-17T14:37:23+00:00\",\"author\":{\"@id\":\"https:\\\/\\\/www.copealcoy.es\\\/es\\\/#\\\/schema\\\/person\\\/e777c87fa024e57d40170af9df39882c\"},\"breadcrumb\":{\"@id\":\"https:\\\/\\\/www.copealcoy.es\\\/es\\\/concluyen-las-obras-de-ampliacion-del-centro-de-salud-de-cocentaina\\\/#breadcrumb\"},\"inLanguage\":\"es\",\"potentialAction\":[{\"@type\":\"ReadAction\",\"target\":[\"https:\\\/\\\/www.copealcoy.es\\\/es\\\/concluyen-las-obras-de-ampliacion-del-centro-de-salud-de-cocentaina\\\/\"]}]},{\"@type\":\"ImageObject\",\"inLanguage\":\"es\",\"@id\":\"https:\\\/\\\/www.copealcoy.es\\\/es\\\/concluyen-las-obras-de-ampliacion-del-centro-de-salud-de-cocentaina\\\/#primaryimage\",\"url\":\"https:\\\/\\\/www.copealcoy.es\\\/wp-content\\\/uploads\\\/2018\\\/06\\\/4-Parte-del-nuevo-edificio-construido-para-ampliar-el-Centro-de-Salud-Foto-Gabriel-Pascual.jpg\",\"contentUrl\":\"https:\\\/\\\/www.copealcoy.es\\\/wp-content\\\/uploads\\\/2018\\\/06\\\/4-Parte-del-nuevo-edificio-construido-para-ampliar-el-Centro-de-Salud-Foto-Gabriel-Pascual.jpg\",\"width\":4032,\"height\":3024,\"caption\":\"Parte del nuevo edificio construido para ampliar el Centro de Salud \\\/ Foto: G. Pascual\"},{\"@type\":\"BreadcrumbList\",\"@id\":\"https:\\\/\\\/www.copealcoy.es\\\/es\\\/concluyen-las-obras-de-ampliacion-del-centro-de-salud-de-cocentaina\\\/#breadcrumb\",\"itemListElement\":[{\"@type\":\"ListItem\",\"position\":1,\"name\":\"Portada\",\"item\":\"https:\\\/\\\/www.copealcoy.es\\\/es\\\/\"},{\"@type\":\"ListItem\",\"position\":2,\"name\":\"Concluyen las obras de ampliaci\u00f3n del Centro de Salud de Cocentaina\"}]},{\"@type\":\"WebSite\",\"@id\":\"https:\\\/\\\/www.copealcoy.es\\\/es\\\/#website\",\"url\":\"https:\\\/\\\/www.copealcoy.es\\\/es\\\/\",\"name\":\"COPE Alcoy\",\"description\":\"Emisora COPE de radio local con emisi\u00f3n online. Pont de Sant Jordi 8-10 03803 Alcoy\",\"potentialAction\":[{\"@type\":\"SearchAction\",\"target\":{\"@type\":\"EntryPoint\",\"urlTemplate\":\"https:\\\/\\\/www.copealcoy.es\\\/es\\\/?s={search_term_string}\"},\"query-input\":{\"@type\":\"PropertyValueSpecification\",\"valueRequired\":true,\"valueName\":\"search_term_string\"}}],\"inLanguage\":\"es\"},{\"@type\":\"Person\",\"@id\":\"https:\\\/\\\/www.copealcoy.es\\\/es\\\/#\\\/schema\\\/person\\\/e777c87fa024e57d40170af9df39882c\",\"name\":\"Cope Alcoy\",\"image\":{\"@type\":\"ImageObject\",\"inLanguage\":\"es\",\"@id\":\"https:\\\/\\\/secure.gravatar.com\\\/avatar\\\/bb65d0283347e303893ba14f0692005417c1e0e690a325a4c5d8bb2b3943ee14?s=96&d=mm&r=g\",\"url\":\"https:\\\/\\\/secure.gravatar.com\\\/avatar\\\/bb65d0283347e303893ba14f0692005417c1e0e690a325a4c5d8bb2b3943ee14?s=96&d=mm&r=g\",\"contentUrl\":\"https:\\\/\\\/secure.gravatar.com\\\/avatar\\\/bb65d0283347e303893ba14f0692005417c1e0e690a325a4c5d8bb2b3943ee14?s=96&d=mm&r=g\",\"caption\":\"Cope Alcoy\"}}]}<\/script>\n<!-- \/ Yoast SEO plugin. -->","yoast_head_json":{"title":"Concluyen las obras de ampliaci\u00f3n del Centro de Salud de Cocentaina - COPE Alcoy","robots":{"index":"index","follow":"follow","max-snippet":"max-snippet:-1","max-image-preview":"max-image-preview:large","max-video-preview":"max-video-preview:-1"},"canonical":"https:\/\/www.copealcoy.es\/es\/concluyen-las-obras-de-ampliacion-del-centro-de-salud-de-cocentaina\/","og_locale":"es_ES","og_type":"article","og_title":"Concluyen las obras de ampliaci\u00f3n del Centro de Salud de Cocentaina - COPE Alcoy","og_description":"Las obras para la ampliaci\u00f3n del Centro de Salud de Cocentaina ya han finalizado despu\u00e9s de que las mismas comenzaran...","og_url":"https:\/\/www.copealcoy.es\/es\/concluyen-las-obras-de-ampliacion-del-centro-de-salud-de-cocentaina\/","og_site_name":"COPE Alcoy","article_published_time":"2018-09-17T13:00:26+00:00","article_modified_time":"2018-09-17T14:37:23+00:00","og_image":[{"width":4032,"height":3024,"url":"https:\/\/www.copealcoy.es\/wp-content\/uploads\/2018\/06\/4-Parte-del-nuevo-edificio-construido-para-ampliar-el-Centro-de-Salud-Foto-Gabriel-Pascual.jpg","type":"image\/jpeg"}],"author":"Cope Alcoy","twitter_misc":{"Escrito por":"Cope Alcoy","Tiempo de lectura":"2 minutos"},"schema":{"@context":"https:\/\/schema.org","@graph":[{"@type":"Article","@id":"https:\/\/www.copealcoy.es\/es\/concluyen-las-obras-de-ampliacion-del-centro-de-salud-de-cocentaina\/#article","isPartOf":{"@id":"https:\/\/www.copealcoy.es\/es\/concluyen-las-obras-de-ampliacion-del-centro-de-salud-de-cocentaina\/"},"author":{"name":"Cope Alcoy","@id":"https:\/\/www.copealcoy.es\/es\/#\/schema\/person\/e777c87fa024e57d40170af9df39882c"},"headline":"Concluyen las obras de ampliaci\u00f3n del Centro de Salud de Cocentaina","datePublished":"2018-09-17T13:00:26+00:00","dateModified":"2018-09-17T14:37:23+00:00","mainEntityOfPage":{"@id":"https:\/\/www.copealcoy.es\/es\/concluyen-las-obras-de-ampliacion-del-centro-de-salud-de-cocentaina\/"},"wordCount":337,"commentCount":0,"image":{"@id":"https:\/\/www.copealcoy.es\/es\/concluyen-las-obras-de-ampliacion-del-centro-de-salud-de-cocentaina\/#primaryimage"},"thumbnailUrl":"https:\/\/www.copealcoy.es\/wp-content\/uploads\/2018\/06\/4-Parte-del-nuevo-edificio-construido-para-ampliar-el-Centro-de-Salud-Foto-Gabriel-Pascual.jpg","keywords":["Centro de Salud","Concluyen","de ampliaci\u00f3n","de Cocentaina","del","las obras"],"articleSection":["Comarcas","Noticias"],"inLanguage":"es"},{"@type":"WebPage","@id":"https:\/\/www.copealcoy.es\/es\/concluyen-las-obras-de-ampliacion-del-centro-de-salud-de-cocentaina\/","url":"https:\/\/www.copealcoy.es\/es\/concluyen-las-obras-de-ampliacion-del-centro-de-salud-de-cocentaina\/","name":"Concluyen las obras de ampliaci\u00f3n del Centro de Salud de Cocentaina - COPE Alcoy","isPartOf":{"@id":"https:\/\/www.copealcoy.es\/es\/#website"},"primaryImageOfPage":{"@id":"https:\/\/www.copealcoy.es\/es\/concluyen-las-obras-de-ampliacion-del-centro-de-salud-de-cocentaina\/#primaryimage"},"image":{"@id":"https:\/\/www.copealcoy.es\/es\/concluyen-las-obras-de-ampliacion-del-centro-de-salud-de-cocentaina\/#primaryimage"},"thumbnailUrl":"https:\/\/www.copealcoy.es\/wp-content\/uploads\/2018\/06\/4-Parte-del-nuevo-edificio-construido-para-ampliar-el-Centro-de-Salud-Foto-Gabriel-Pascual.jpg","datePublished":"2018-09-17T13:00:26+00:00","dateModified":"2018-09-17T14:37:23+00:00","author":{"@id":"https:\/\/www.copealcoy.es\/es\/#\/schema\/person\/e777c87fa024e57d40170af9df39882c"},"breadcrumb":{"@id":"https:\/\/www.copealcoy.es\/es\/concluyen-las-obras-de-ampliacion-del-centro-de-salud-de-cocentaina\/#breadcrumb"},"inLanguage":"es","potentialAction":[{"@type":"ReadAction","target":["https:\/\/www.copealcoy.es\/es\/concluyen-las-obras-de-ampliacion-del-centro-de-salud-de-cocentaina\/"]}]},{"@type":"ImageObject","inLanguage":"es","@id":"https:\/\/www.copealcoy.es\/es\/concluyen-las-obras-de-ampliacion-del-centro-de-salud-de-cocentaina\/#primaryimage","url":"https:\/\/www.copealcoy.es\/wp-content\/uploads\/2018\/06\/4-Parte-del-nuevo-edificio-construido-para-ampliar-el-Centro-de-Salud-Foto-Gabriel-Pascual.jpg","contentUrl":"https:\/\/www.copealcoy.es\/wp-content\/uploads\/2018\/06\/4-Parte-del-nuevo-edificio-construido-para-ampliar-el-Centro-de-Salud-Foto-Gabriel-Pascual.jpg","width":4032,"height":3024,"caption":"Parte del nuevo edificio construido para ampliar el Centro de Salud \/ Foto: G. Pascual"},{"@type":"BreadcrumbList","@id":"https:\/\/www.copealcoy.es\/es\/concluyen-las-obras-de-ampliacion-del-centro-de-salud-de-cocentaina\/#breadcrumb","itemListElement":[{"@type":"ListItem","position":1,"name":"Portada","item":"https:\/\/www.copealcoy.es\/es\/"},{"@type":"ListItem","position":2,"name":"Concluyen las obras de ampliaci\u00f3n del Centro de Salud de Cocentaina"}]},{"@type":"WebSite","@id":"https:\/\/www.copealcoy.es\/es\/#website","url":"https:\/\/www.copealcoy.es\/es\/","name":"COPE Alcoy","description":"Emisora COPE de radio local con emisi\u00f3n online. Pont de Sant Jordi 8-10 03803 Alcoy","potentialAction":[{"@type":"SearchAction","target":{"@type":"EntryPoint","urlTemplate":"https:\/\/www.copealcoy.es\/es\/?s={search_term_string}"},"query-input":{"@type":"PropertyValueSpecification","valueRequired":true,"valueName":"search_term_string"}}],"inLanguage":"es"},{"@type":"Person","@id":"https:\/\/www.copealcoy.es\/es\/#\/schema\/person\/e777c87fa024e57d40170af9df39882c","name":"Cope Alcoy","image":{"@type":"ImageObject","inLanguage":"es","@id":"https:\/\/secure.gravatar.com\/avatar\/bb65d0283347e303893ba14f0692005417c1e0e690a325a4c5d8bb2b3943ee14?s=96&d=mm&r=g","url":"https:\/\/secure.gravatar.com\/avatar\/bb65d0283347e303893ba14f0692005417c1e0e690a325a4c5d8bb2b3943ee14?s=96&d=mm&r=g","contentUrl":"https:\/\/secure.gravatar.com\/avatar\/bb65d0283347e303893ba14f0692005417c1e0e690a325a4c5d8bb2b3943ee14?s=96&d=mm&r=g","caption":"Cope Alcoy"}}]}},"_links":{"self":[{"href":"https:\/\/www.copealcoy.es\/es\/wp-json\/wp\/v2\/posts\/45446","targetHints":{"allow":["GET"]}}],"collection":[{"href":"https:\/\/www.copealcoy.es\/es\/wp-json\/wp\/v2\/posts"}],"about":[{"href":"https:\/\/www.copealcoy.es\/es\/wp-json\/wp\/v2\/types\/post"}],"author":[{"embeddable":true,"href":"https:\/\/www.copealcoy.es\/es\/wp-json\/wp\/v2\/users\/1"}],"replies":[{"embeddable":true,"href":"https:\/\/www.copealcoy.es\/es\/wp-json\/wp\/v2\/comments?post=45446"}],"version-history":[{"count":0,"href":"https:\/\/www.copealcoy.es\/es\/wp-json\/wp\/v2\/posts\/45446\/revisions"}],"wp:featuredmedia":[{"embeddable":true,"href":"https:\/\/www.copealcoy.es\/es\/wp-json\/wp\/v2\/media\/42901"}],"wp:attachment":[{"href":"https:\/\/www.copealcoy.es\/es\/wp-json\/wp\/v2\/media?parent=45446"}],"wp:term":[{"taxonomy":"category","embeddable":true,"href":"https:\/\/www.copealcoy.es\/es\/wp-json\/wp\/v2\/categories?post=45446"},{"taxonomy":"post_tag","embeddable":true,"href":"https:\/\/www.copealcoy.es\/es\/wp-json\/wp\/v2\/tags?post=45446"}],"curies":[{"name":"wp","href":"https:\/\/api.w.org\/{rel}","templated":true}]}}