{"id":45413,"date":"2018-09-15T17:41:18","date_gmt":"2018-09-15T17:41:18","guid":{"rendered":"http:\/\/copealcoi.es\/new\/?p=45413"},"modified":"2018-09-15T17:42:58","modified_gmt":"2018-09-15T17:42:58","slug":"alcoleja-pide-a-la-diputacion-la-variante-de-la-carretera-cv-770","status":"publish","type":"post","link":"https:\/\/www.copealcoy.es\/es\/alcoleja-pide-a-la-diputacion-la-variante-de-la-carretera-cv-770\/","title":{"rendered":"Alcoleja pide a la Diputaci\u00f3n la variante de la carretera CV 770"},"content":{"rendered":"<p style=\"text-align: justify;\">El <strong>Ayuntamiento de Alcoleja<\/strong> reclama con <strong>urgencia<\/strong> a <strong>la Diputaci\u00f3n Provincial de Alicante<\/strong> que agilice el proceso para <strong>la construcci\u00f3n de la variante de la carretera CV 770<\/strong> que actualmente cruza por el interior de este municipio del Comtat.<\/p>\n<p style=\"text-align: justify;\">El alcalde de esta localidad, <strong>Francisco Fenollar<\/strong>, defend\u00eda el pasado mes de agosto en COPE ALCOY la necesidad de que el ente lleve a cabo <strong>lo m\u00e1s pronto posible<\/strong> la redacci\u00f3n y ejecuci\u00f3n de la traves\u00eda para as\u00ed <strong>poder desviar el tr\u00e1fico<\/strong> por las afueras de la poblaci\u00f3n. En este sentido el primer edil recuerda que <strong>esta reivindicaci\u00f3n es una demanda hist\u00f3rica<\/strong> de Alcoleja <em>\u201cllevamos once a\u00f1os tratando de conseguir que este proyecto sea una realidad para mejorar la calidad de vida de nuestros vecinos y tambi\u00e9n reforzar la seguridad del d\u00eda a d\u00eda e incluso cuando llegan las Fiestas. Est\u00e1 claro que la orograf\u00eda del pueblo es complicada y no permite realizar muchas obras pero si que es posible una intervenci\u00f3n para desviar el tr\u00e1fico y que no pase por dentro<\/em>\u201d, indica. Adem\u00e1s Fenollar asegura que esta carretera <strong>es la \u00fanica de la zona que sigue atravesando el casco urbano de una poblaci\u00f3n<\/strong> \u201c<em>se ha dado un peque\u00f1o paso de apertura hacia la nueva carretera con la puesta en marcha del aparcamiento del barranco del Fraim\u00f3 pero ahora vamos a seguir instando a la Diputaci\u00f3n a que retome el proyecto para hacer posible la variante ya que la misma instituci\u00f3n tiene la titularidad del vial<\/em>\u201d, destaca.<\/p>\n<p style=\"text-align: justify;\">Recordar que en este punto se produjo el pasado 12 de agosto <strong>un atropello mortal<\/strong> que acab\u00f3 con la vida de <strong>un vecino de 81 a\u00f1os de edad<\/strong>, un hecho que conmocion\u00f3 en pleno verano a Alcoleja.<\/p>\n","protected":false},"excerpt":{"rendered":"<p>El Ayuntamiento de Alcoleja reclama con urgencia a la Diputaci\u00f3n Provincial de Alicante que agilice el proceso para la construcci\u00f3n&#8230;<\/p>\n","protected":false},"author":1,"featured_media":17275,"comment_status":"open","ping_status":"open","sticky":false,"template":"","format":"standard","meta":{"footnotes":""},"categories":[98,75],"tags":[2848,1332,6577,6576,6575,1087],"class_list":["post-45413","post","type-post","status-publish","format-standard","has-post-thumbnail","hentry","category-comarcas","category-noticias","tag-a-la-diputacion","tag-alcoleja","tag-cv-770","tag-de-la-carretera","tag-la-variante","tag-pide"],"yoast_head":"<!-- This site is optimized with the Yoast SEO plugin v27.3 - https:\/\/yoast.com\/product\/yoast-seo-wordpress\/ -->\n<title>Alcoleja pide a la Diputaci\u00f3n la variante de la carretera CV 770 - COPE Alcoy<\/title>\n<meta name=\"robots\" content=\"index, follow, max-snippet:-1, max-image-preview:large, max-video-preview:-1\" \/>\n<link rel=\"canonical\" href=\"https:\/\/www.copealcoy.es\/es\/alcoleja-pide-a-la-diputacion-la-variante-de-la-carretera-cv-770\/\" \/>\n<meta property=\"og:locale\" content=\"es_ES\" \/>\n<meta property=\"og:type\" content=\"article\" \/>\n<meta property=\"og:title\" content=\"Alcoleja pide a la Diputaci\u00f3n la variante de la carretera CV 770 - COPE Alcoy\" \/>\n<meta property=\"og:description\" content=\"El Ayuntamiento de Alcoleja reclama con urgencia a la Diputaci\u00f3n Provincial de Alicante que agilice el proceso para la construcci\u00f3n...\" \/>\n<meta property=\"og:url\" content=\"https:\/\/www.copealcoy.es\/es\/alcoleja-pide-a-la-diputacion-la-variante-de-la-carretera-cv-770\/\" \/>\n<meta property=\"og:site_name\" content=\"COPE Alcoy\" \/>\n<meta property=\"article:published_time\" content=\"2018-09-15T17:41:18+00:00\" \/>\n<meta property=\"article:modified_time\" content=\"2018-09-15T17:42:58+00:00\" \/>\n<meta property=\"og:image\" content=\"https:\/\/www.copealcoy.es\/wp-content\/uploads\/2015\/11\/62105191.jpg\" \/>\n\t<meta property=\"og:image:width\" content=\"500\" \/>\n\t<meta property=\"og:image:height\" content=\"374\" \/>\n\t<meta property=\"og:image:type\" content=\"image\/jpeg\" \/>\n<meta name=\"author\" content=\"Cope Alcoy\" \/>\n<meta name=\"twitter:label1\" content=\"Escrito por\" \/>\n\t<meta name=\"twitter:data1\" content=\"Cope Alcoy\" \/>\n\t<meta name=\"twitter:label2\" content=\"Tiempo de lectura\" \/>\n\t<meta name=\"twitter:data2\" content=\"2 minutos\" \/>\n<script type=\"application\/ld+json\" class=\"yoast-schema-graph\">{\"@context\":\"https:\\\/\\\/schema.org\",\"@graph\":[{\"@type\":\"Article\",\"@id\":\"https:\\\/\\\/www.copealcoy.es\\\/es\\\/alcoleja-pide-a-la-diputacion-la-variante-de-la-carretera-cv-770\\\/#article\",\"isPartOf\":{\"@id\":\"https:\\\/\\\/www.copealcoy.es\\\/es\\\/alcoleja-pide-a-la-diputacion-la-variante-de-la-carretera-cv-770\\\/\"},\"author\":{\"name\":\"Cope Alcoy\",\"@id\":\"https:\\\/\\\/www.copealcoy.es\\\/es\\\/#\\\/schema\\\/person\\\/e777c87fa024e57d40170af9df39882c\"},\"headline\":\"Alcoleja pide a la Diputaci\u00f3n la variante de la carretera CV 770\",\"datePublished\":\"2018-09-15T17:41:18+00:00\",\"dateModified\":\"2018-09-15T17:42:58+00:00\",\"mainEntityOfPage\":{\"@id\":\"https:\\\/\\\/www.copealcoy.es\\\/es\\\/alcoleja-pide-a-la-diputacion-la-variante-de-la-carretera-cv-770\\\/\"},\"wordCount\":316,\"commentCount\":0,\"image\":{\"@id\":\"https:\\\/\\\/www.copealcoy.es\\\/es\\\/alcoleja-pide-a-la-diputacion-la-variante-de-la-carretera-cv-770\\\/#primaryimage\"},\"thumbnailUrl\":\"https:\\\/\\\/www.copealcoy.es\\\/wp-content\\\/uploads\\\/2015\\\/11\\\/62105191.jpg\",\"keywords\":[\"a la Diputaci\u00f3n\",\"Alcoleja\",\"CV 770\",\"de la carretera\",\"la variante\",\"pide\"],\"articleSection\":[\"Comarcas\",\"Noticias\"],\"inLanguage\":\"es\"},{\"@type\":\"WebPage\",\"@id\":\"https:\\\/\\\/www.copealcoy.es\\\/es\\\/alcoleja-pide-a-la-diputacion-la-variante-de-la-carretera-cv-770\\\/\",\"url\":\"https:\\\/\\\/www.copealcoy.es\\\/es\\\/alcoleja-pide-a-la-diputacion-la-variante-de-la-carretera-cv-770\\\/\",\"name\":\"Alcoleja pide a la Diputaci\u00f3n la variante de la carretera CV 770 - COPE Alcoy\",\"isPartOf\":{\"@id\":\"https:\\\/\\\/www.copealcoy.es\\\/es\\\/#website\"},\"primaryImageOfPage\":{\"@id\":\"https:\\\/\\\/www.copealcoy.es\\\/es\\\/alcoleja-pide-a-la-diputacion-la-variante-de-la-carretera-cv-770\\\/#primaryimage\"},\"image\":{\"@id\":\"https:\\\/\\\/www.copealcoy.es\\\/es\\\/alcoleja-pide-a-la-diputacion-la-variante-de-la-carretera-cv-770\\\/#primaryimage\"},\"thumbnailUrl\":\"https:\\\/\\\/www.copealcoy.es\\\/wp-content\\\/uploads\\\/2015\\\/11\\\/62105191.jpg\",\"datePublished\":\"2018-09-15T17:41:18+00:00\",\"dateModified\":\"2018-09-15T17:42:58+00:00\",\"author\":{\"@id\":\"https:\\\/\\\/www.copealcoy.es\\\/es\\\/#\\\/schema\\\/person\\\/e777c87fa024e57d40170af9df39882c\"},\"breadcrumb\":{\"@id\":\"https:\\\/\\\/www.copealcoy.es\\\/es\\\/alcoleja-pide-a-la-diputacion-la-variante-de-la-carretera-cv-770\\\/#breadcrumb\"},\"inLanguage\":\"es\",\"potentialAction\":[{\"@type\":\"ReadAction\",\"target\":[\"https:\\\/\\\/www.copealcoy.es\\\/es\\\/alcoleja-pide-a-la-diputacion-la-variante-de-la-carretera-cv-770\\\/\"]}]},{\"@type\":\"ImageObject\",\"inLanguage\":\"es\",\"@id\":\"https:\\\/\\\/www.copealcoy.es\\\/es\\\/alcoleja-pide-a-la-diputacion-la-variante-de-la-carretera-cv-770\\\/#primaryimage\",\"url\":\"https:\\\/\\\/www.copealcoy.es\\\/wp-content\\\/uploads\\\/2015\\\/11\\\/62105191.jpg\",\"contentUrl\":\"https:\\\/\\\/www.copealcoy.es\\\/wp-content\\\/uploads\\\/2015\\\/11\\\/62105191.jpg\",\"width\":500,\"height\":374},{\"@type\":\"BreadcrumbList\",\"@id\":\"https:\\\/\\\/www.copealcoy.es\\\/es\\\/alcoleja-pide-a-la-diputacion-la-variante-de-la-carretera-cv-770\\\/#breadcrumb\",\"itemListElement\":[{\"@type\":\"ListItem\",\"position\":1,\"name\":\"Portada\",\"item\":\"https:\\\/\\\/www.copealcoy.es\\\/es\\\/\"},{\"@type\":\"ListItem\",\"position\":2,\"name\":\"Alcoleja pide a la Diputaci\u00f3n la variante de la carretera CV 770\"}]},{\"@type\":\"WebSite\",\"@id\":\"https:\\\/\\\/www.copealcoy.es\\\/es\\\/#website\",\"url\":\"https:\\\/\\\/www.copealcoy.es\\\/es\\\/\",\"name\":\"COPE Alcoy\",\"description\":\"Emisora COPE de radio local con emisi\u00f3n online. Pont de Sant Jordi 8-10 03803 Alcoy\",\"potentialAction\":[{\"@type\":\"SearchAction\",\"target\":{\"@type\":\"EntryPoint\",\"urlTemplate\":\"https:\\\/\\\/www.copealcoy.es\\\/es\\\/?s={search_term_string}\"},\"query-input\":{\"@type\":\"PropertyValueSpecification\",\"valueRequired\":true,\"valueName\":\"search_term_string\"}}],\"inLanguage\":\"es\"},{\"@type\":\"Person\",\"@id\":\"https:\\\/\\\/www.copealcoy.es\\\/es\\\/#\\\/schema\\\/person\\\/e777c87fa024e57d40170af9df39882c\",\"name\":\"Cope Alcoy\",\"image\":{\"@type\":\"ImageObject\",\"inLanguage\":\"es\",\"@id\":\"https:\\\/\\\/secure.gravatar.com\\\/avatar\\\/bb65d0283347e303893ba14f0692005417c1e0e690a325a4c5d8bb2b3943ee14?s=96&d=mm&r=g\",\"url\":\"https:\\\/\\\/secure.gravatar.com\\\/avatar\\\/bb65d0283347e303893ba14f0692005417c1e0e690a325a4c5d8bb2b3943ee14?s=96&d=mm&r=g\",\"contentUrl\":\"https:\\\/\\\/secure.gravatar.com\\\/avatar\\\/bb65d0283347e303893ba14f0692005417c1e0e690a325a4c5d8bb2b3943ee14?s=96&d=mm&r=g\",\"caption\":\"Cope Alcoy\"}}]}<\/script>\n<!-- \/ Yoast SEO plugin. -->","yoast_head_json":{"title":"Alcoleja pide a la Diputaci\u00f3n la variante de la carretera CV 770 - COPE Alcoy","robots":{"index":"index","follow":"follow","max-snippet":"max-snippet:-1","max-image-preview":"max-image-preview:large","max-video-preview":"max-video-preview:-1"},"canonical":"https:\/\/www.copealcoy.es\/es\/alcoleja-pide-a-la-diputacion-la-variante-de-la-carretera-cv-770\/","og_locale":"es_ES","og_type":"article","og_title":"Alcoleja pide a la Diputaci\u00f3n la variante de la carretera CV 770 - COPE Alcoy","og_description":"El Ayuntamiento de Alcoleja reclama con urgencia a la Diputaci\u00f3n Provincial de Alicante que agilice el proceso para la construcci\u00f3n...","og_url":"https:\/\/www.copealcoy.es\/es\/alcoleja-pide-a-la-diputacion-la-variante-de-la-carretera-cv-770\/","og_site_name":"COPE Alcoy","article_published_time":"2018-09-15T17:41:18+00:00","article_modified_time":"2018-09-15T17:42:58+00:00","og_image":[{"width":500,"height":374,"url":"https:\/\/www.copealcoy.es\/wp-content\/uploads\/2015\/11\/62105191.jpg","type":"image\/jpeg"}],"author":"Cope Alcoy","twitter_misc":{"Escrito por":"Cope Alcoy","Tiempo de lectura":"2 minutos"},"schema":{"@context":"https:\/\/schema.org","@graph":[{"@type":"Article","@id":"https:\/\/www.copealcoy.es\/es\/alcoleja-pide-a-la-diputacion-la-variante-de-la-carretera-cv-770\/#article","isPartOf":{"@id":"https:\/\/www.copealcoy.es\/es\/alcoleja-pide-a-la-diputacion-la-variante-de-la-carretera-cv-770\/"},"author":{"name":"Cope Alcoy","@id":"https:\/\/www.copealcoy.es\/es\/#\/schema\/person\/e777c87fa024e57d40170af9df39882c"},"headline":"Alcoleja pide a la Diputaci\u00f3n la variante de la carretera CV 770","datePublished":"2018-09-15T17:41:18+00:00","dateModified":"2018-09-15T17:42:58+00:00","mainEntityOfPage":{"@id":"https:\/\/www.copealcoy.es\/es\/alcoleja-pide-a-la-diputacion-la-variante-de-la-carretera-cv-770\/"},"wordCount":316,"commentCount":0,"image":{"@id":"https:\/\/www.copealcoy.es\/es\/alcoleja-pide-a-la-diputacion-la-variante-de-la-carretera-cv-770\/#primaryimage"},"thumbnailUrl":"https:\/\/www.copealcoy.es\/wp-content\/uploads\/2015\/11\/62105191.jpg","keywords":["a la Diputaci\u00f3n","Alcoleja","CV 770","de la carretera","la variante","pide"],"articleSection":["Comarcas","Noticias"],"inLanguage":"es"},{"@type":"WebPage","@id":"https:\/\/www.copealcoy.es\/es\/alcoleja-pide-a-la-diputacion-la-variante-de-la-carretera-cv-770\/","url":"https:\/\/www.copealcoy.es\/es\/alcoleja-pide-a-la-diputacion-la-variante-de-la-carretera-cv-770\/","name":"Alcoleja pide a la Diputaci\u00f3n la variante de la carretera CV 770 - COPE Alcoy","isPartOf":{"@id":"https:\/\/www.copealcoy.es\/es\/#website"},"primaryImageOfPage":{"@id":"https:\/\/www.copealcoy.es\/es\/alcoleja-pide-a-la-diputacion-la-variante-de-la-carretera-cv-770\/#primaryimage"},"image":{"@id":"https:\/\/www.copealcoy.es\/es\/alcoleja-pide-a-la-diputacion-la-variante-de-la-carretera-cv-770\/#primaryimage"},"thumbnailUrl":"https:\/\/www.copealcoy.es\/wp-content\/uploads\/2015\/11\/62105191.jpg","datePublished":"2018-09-15T17:41:18+00:00","dateModified":"2018-09-15T17:42:58+00:00","author":{"@id":"https:\/\/www.copealcoy.es\/es\/#\/schema\/person\/e777c87fa024e57d40170af9df39882c"},"breadcrumb":{"@id":"https:\/\/www.copealcoy.es\/es\/alcoleja-pide-a-la-diputacion-la-variante-de-la-carretera-cv-770\/#breadcrumb"},"inLanguage":"es","potentialAction":[{"@type":"ReadAction","target":["https:\/\/www.copealcoy.es\/es\/alcoleja-pide-a-la-diputacion-la-variante-de-la-carretera-cv-770\/"]}]},{"@type":"ImageObject","inLanguage":"es","@id":"https:\/\/www.copealcoy.es\/es\/alcoleja-pide-a-la-diputacion-la-variante-de-la-carretera-cv-770\/#primaryimage","url":"https:\/\/www.copealcoy.es\/wp-content\/uploads\/2015\/11\/62105191.jpg","contentUrl":"https:\/\/www.copealcoy.es\/wp-content\/uploads\/2015\/11\/62105191.jpg","width":500,"height":374},{"@type":"BreadcrumbList","@id":"https:\/\/www.copealcoy.es\/es\/alcoleja-pide-a-la-diputacion-la-variante-de-la-carretera-cv-770\/#breadcrumb","itemListElement":[{"@type":"ListItem","position":1,"name":"Portada","item":"https:\/\/www.copealcoy.es\/es\/"},{"@type":"ListItem","position":2,"name":"Alcoleja pide a la Diputaci\u00f3n la variante de la carretera CV 770"}]},{"@type":"WebSite","@id":"https:\/\/www.copealcoy.es\/es\/#website","url":"https:\/\/www.copealcoy.es\/es\/","name":"COPE Alcoy","description":"Emisora COPE de radio local con emisi\u00f3n online. Pont de Sant Jordi 8-10 03803 Alcoy","potentialAction":[{"@type":"SearchAction","target":{"@type":"EntryPoint","urlTemplate":"https:\/\/www.copealcoy.es\/es\/?s={search_term_string}"},"query-input":{"@type":"PropertyValueSpecification","valueRequired":true,"valueName":"search_term_string"}}],"inLanguage":"es"},{"@type":"Person","@id":"https:\/\/www.copealcoy.es\/es\/#\/schema\/person\/e777c87fa024e57d40170af9df39882c","name":"Cope Alcoy","image":{"@type":"ImageObject","inLanguage":"es","@id":"https:\/\/secure.gravatar.com\/avatar\/bb65d0283347e303893ba14f0692005417c1e0e690a325a4c5d8bb2b3943ee14?s=96&d=mm&r=g","url":"https:\/\/secure.gravatar.com\/avatar\/bb65d0283347e303893ba14f0692005417c1e0e690a325a4c5d8bb2b3943ee14?s=96&d=mm&r=g","contentUrl":"https:\/\/secure.gravatar.com\/avatar\/bb65d0283347e303893ba14f0692005417c1e0e690a325a4c5d8bb2b3943ee14?s=96&d=mm&r=g","caption":"Cope Alcoy"}}]}},"_links":{"self":[{"href":"https:\/\/www.copealcoy.es\/es\/wp-json\/wp\/v2\/posts\/45413","targetHints":{"allow":["GET"]}}],"collection":[{"href":"https:\/\/www.copealcoy.es\/es\/wp-json\/wp\/v2\/posts"}],"about":[{"href":"https:\/\/www.copealcoy.es\/es\/wp-json\/wp\/v2\/types\/post"}],"author":[{"embeddable":true,"href":"https:\/\/www.copealcoy.es\/es\/wp-json\/wp\/v2\/users\/1"}],"replies":[{"embeddable":true,"href":"https:\/\/www.copealcoy.es\/es\/wp-json\/wp\/v2\/comments?post=45413"}],"version-history":[{"count":0,"href":"https:\/\/www.copealcoy.es\/es\/wp-json\/wp\/v2\/posts\/45413\/revisions"}],"wp:featuredmedia":[{"embeddable":true,"href":"https:\/\/www.copealcoy.es\/es\/wp-json\/wp\/v2\/media\/17275"}],"wp:attachment":[{"href":"https:\/\/www.copealcoy.es\/es\/wp-json\/wp\/v2\/media?parent=45413"}],"wp:term":[{"taxonomy":"category","embeddable":true,"href":"https:\/\/www.copealcoy.es\/es\/wp-json\/wp\/v2\/categories?post=45413"},{"taxonomy":"post_tag","embeddable":true,"href":"https:\/\/www.copealcoy.es\/es\/wp-json\/wp\/v2\/tags?post=45413"}],"curies":[{"name":"wp","href":"https:\/\/api.w.org\/{rel}","templated":true}]}}