{"id":45212,"date":"2018-08-22T16:45:02","date_gmt":"2018-08-22T16:45:02","guid":{"rendered":"http:\/\/copealcoi.es\/new\/?p=45212"},"modified":"2018-08-22T16:46:38","modified_gmt":"2018-08-22T16:46:38","slug":"investigan-la-quema-de-dos-nuevos-contenedores-de-alcoy","status":"publish","type":"post","link":"https:\/\/www.copealcoy.es\/es\/investigan-la-quema-de-dos-nuevos-contenedores-de-alcoy\/","title":{"rendered":"Investigan la quema de dos nuevos contenedores de Alcoy"},"content":{"rendered":"<p style=\"text-align: justify;\">El <strong>Ayuntamiento de Alcoy<\/strong> ha iniciado la investigaci\u00f3n de <strong>la quema de dos nuevos contenedores<\/strong> de la <strong>Plaza Emilio Sala<\/strong> que se ha producido durante esta madrugada. El fuego ha llegado incluso a afectar\u00a0<strong>a una de las paredes de la Fil\u00e0 Judios<\/strong> y tambi\u00e9n ha arrasado <strong>los recipientes<\/strong>\u00a0que est\u00e1n ubicados en el edificio Aitana,\u00a0en la\u00a0Avinguda del Pa\u00eds Valenci\u00e0.<\/p>\n<p style=\"text-align: justify;\">La Polic\u00eda Local, seg\u00fan informa el Consistorio, <strong>est\u00e1 ya investigando los hechos<\/strong> y <strong>se revisar\u00e1n las c\u00e1maras<\/strong> ubicadas en esta Avenida, donde hay un buen n\u00famero de entidades bancarias y tambi\u00e9n las de Correos. Desde el Ayuntamiento <strong>se ha hecho la correspondiente denuncia<\/strong> y adem\u00e1s del delito <strong>se ha pedido informe econ\u00f3mico a FCC<\/strong> para ver el importe de los contenedores y pedir las responsabilidades a los culpables.<\/p>\n<p style=\"text-align: justify;\">Los incendios <strong>se produjeron entre las 1:40 y 1:45 horas de la madrugada<\/strong> y desde el Consistorio alcoyano <strong>se pide la colaboraci\u00f3n ciudadana<\/strong> por si alguien pudiera aportar alguna pista que ayudara en la investigaci\u00f3n.<\/p>\n","protected":false},"excerpt":{"rendered":"<p>El Ayuntamiento de Alcoy ha iniciado la investigaci\u00f3n de la quema de dos nuevos contenedores de la Plaza Emilio Sala&#8230;<\/p>\n","protected":false},"author":1,"featured_media":45215,"comment_status":"open","ping_status":"open","sticky":false,"template":"","format":"standard","meta":{"footnotes":""},"categories":[97,75,80],"tags":[1218,6383,6508,6506,6507],"class_list":["post-45212","post","type-post","status-publish","format-standard","has-post-thumbnail","hentry","category-alcoy","category-noticias","category-sucesos","tag-contenedores","tag-de-alcoy","tag-de-dos-nuevos","tag-investigan","tag-la-quema"],"yoast_head":"<!-- This site is optimized with the Yoast SEO plugin v27.3 - https:\/\/yoast.com\/product\/yoast-seo-wordpress\/ -->\n<title>Investigan la quema de dos nuevos contenedores de Alcoy - COPE Alcoy<\/title>\n<meta name=\"robots\" content=\"index, follow, max-snippet:-1, max-image-preview:large, max-video-preview:-1\" \/>\n<link rel=\"canonical\" href=\"https:\/\/www.copealcoy.es\/es\/investigan-la-quema-de-dos-nuevos-contenedores-de-alcoy\/\" \/>\n<meta property=\"og:locale\" content=\"es_ES\" \/>\n<meta property=\"og:type\" content=\"article\" \/>\n<meta property=\"og:title\" content=\"Investigan la quema de dos nuevos contenedores de Alcoy - COPE Alcoy\" \/>\n<meta property=\"og:description\" content=\"El Ayuntamiento de Alcoy ha iniciado la investigaci\u00f3n de la quema de dos nuevos contenedores de la Plaza Emilio Sala...\" \/>\n<meta property=\"og:url\" content=\"https:\/\/www.copealcoy.es\/es\/investigan-la-quema-de-dos-nuevos-contenedores-de-alcoy\/\" \/>\n<meta property=\"og:site_name\" content=\"COPE Alcoy\" \/>\n<meta property=\"article:published_time\" content=\"2018-08-22T16:45:02+00:00\" \/>\n<meta property=\"article:modified_time\" content=\"2018-08-22T16:46:38+00:00\" \/>\n<meta property=\"og:image\" content=\"https:\/\/www.copealcoy.es\/wp-content\/uploads\/2018\/08\/39869191_2634812916544876_1484043026199216128_n.jpg\" \/>\n\t<meta property=\"og:image:width\" content=\"960\" \/>\n\t<meta property=\"og:image:height\" content=\"540\" \/>\n\t<meta property=\"og:image:type\" content=\"image\/jpeg\" \/>\n<meta name=\"author\" content=\"Cope Alcoy\" \/>\n<meta name=\"twitter:label1\" content=\"Escrito por\" \/>\n\t<meta name=\"twitter:data1\" content=\"Cope Alcoy\" \/>\n\t<meta name=\"twitter:label2\" content=\"Tiempo de lectura\" \/>\n\t<meta name=\"twitter:data2\" content=\"1 minuto\" \/>\n<script type=\"application\/ld+json\" class=\"yoast-schema-graph\">{\"@context\":\"https:\\\/\\\/schema.org\",\"@graph\":[{\"@type\":\"Article\",\"@id\":\"https:\\\/\\\/www.copealcoy.es\\\/es\\\/investigan-la-quema-de-dos-nuevos-contenedores-de-alcoy\\\/#article\",\"isPartOf\":{\"@id\":\"https:\\\/\\\/www.copealcoy.es\\\/es\\\/investigan-la-quema-de-dos-nuevos-contenedores-de-alcoy\\\/\"},\"author\":{\"name\":\"Cope Alcoy\",\"@id\":\"https:\\\/\\\/www.copealcoy.es\\\/es\\\/#\\\/schema\\\/person\\\/e777c87fa024e57d40170af9df39882c\"},\"headline\":\"Investigan la quema de dos nuevos contenedores de Alcoy\",\"datePublished\":\"2018-08-22T16:45:02+00:00\",\"dateModified\":\"2018-08-22T16:46:38+00:00\",\"mainEntityOfPage\":{\"@id\":\"https:\\\/\\\/www.copealcoy.es\\\/es\\\/investigan-la-quema-de-dos-nuevos-contenedores-de-alcoy\\\/\"},\"wordCount\":186,\"commentCount\":0,\"image\":{\"@id\":\"https:\\\/\\\/www.copealcoy.es\\\/es\\\/investigan-la-quema-de-dos-nuevos-contenedores-de-alcoy\\\/#primaryimage\"},\"thumbnailUrl\":\"https:\\\/\\\/www.copealcoy.es\\\/wp-content\\\/uploads\\\/2018\\\/08\\\/39869191_2634812916544876_1484043026199216128_n.jpg\",\"keywords\":[\"contenedores\",\"de Alcoy\",\"de dos nuevos\",\"Investigan\",\"la quema\"],\"articleSection\":[\"Alcoy\",\"Noticias\",\"Sucesos\"],\"inLanguage\":\"es\"},{\"@type\":\"WebPage\",\"@id\":\"https:\\\/\\\/www.copealcoy.es\\\/es\\\/investigan-la-quema-de-dos-nuevos-contenedores-de-alcoy\\\/\",\"url\":\"https:\\\/\\\/www.copealcoy.es\\\/es\\\/investigan-la-quema-de-dos-nuevos-contenedores-de-alcoy\\\/\",\"name\":\"Investigan la quema de dos nuevos contenedores de Alcoy - COPE Alcoy\",\"isPartOf\":{\"@id\":\"https:\\\/\\\/www.copealcoy.es\\\/es\\\/#website\"},\"primaryImageOfPage\":{\"@id\":\"https:\\\/\\\/www.copealcoy.es\\\/es\\\/investigan-la-quema-de-dos-nuevos-contenedores-de-alcoy\\\/#primaryimage\"},\"image\":{\"@id\":\"https:\\\/\\\/www.copealcoy.es\\\/es\\\/investigan-la-quema-de-dos-nuevos-contenedores-de-alcoy\\\/#primaryimage\"},\"thumbnailUrl\":\"https:\\\/\\\/www.copealcoy.es\\\/wp-content\\\/uploads\\\/2018\\\/08\\\/39869191_2634812916544876_1484043026199216128_n.jpg\",\"datePublished\":\"2018-08-22T16:45:02+00:00\",\"dateModified\":\"2018-08-22T16:46:38+00:00\",\"author\":{\"@id\":\"https:\\\/\\\/www.copealcoy.es\\\/es\\\/#\\\/schema\\\/person\\\/e777c87fa024e57d40170af9df39882c\"},\"breadcrumb\":{\"@id\":\"https:\\\/\\\/www.copealcoy.es\\\/es\\\/investigan-la-quema-de-dos-nuevos-contenedores-de-alcoy\\\/#breadcrumb\"},\"inLanguage\":\"es\",\"potentialAction\":[{\"@type\":\"ReadAction\",\"target\":[\"https:\\\/\\\/www.copealcoy.es\\\/es\\\/investigan-la-quema-de-dos-nuevos-contenedores-de-alcoy\\\/\"]}]},{\"@type\":\"ImageObject\",\"inLanguage\":\"es\",\"@id\":\"https:\\\/\\\/www.copealcoy.es\\\/es\\\/investigan-la-quema-de-dos-nuevos-contenedores-de-alcoy\\\/#primaryimage\",\"url\":\"https:\\\/\\\/www.copealcoy.es\\\/wp-content\\\/uploads\\\/2018\\\/08\\\/39869191_2634812916544876_1484043026199216128_n.jpg\",\"contentUrl\":\"https:\\\/\\\/www.copealcoy.es\\\/wp-content\\\/uploads\\\/2018\\\/08\\\/39869191_2634812916544876_1484043026199216128_n.jpg\",\"width\":960,\"height\":540,\"caption\":\"Estado en el que han quedado los contenedores \\\/ Foto: Ajuntament d' Alcoi\"},{\"@type\":\"BreadcrumbList\",\"@id\":\"https:\\\/\\\/www.copealcoy.es\\\/es\\\/investigan-la-quema-de-dos-nuevos-contenedores-de-alcoy\\\/#breadcrumb\",\"itemListElement\":[{\"@type\":\"ListItem\",\"position\":1,\"name\":\"Portada\",\"item\":\"https:\\\/\\\/www.copealcoy.es\\\/es\\\/\"},{\"@type\":\"ListItem\",\"position\":2,\"name\":\"Investigan la quema de dos nuevos contenedores de Alcoy\"}]},{\"@type\":\"WebSite\",\"@id\":\"https:\\\/\\\/www.copealcoy.es\\\/es\\\/#website\",\"url\":\"https:\\\/\\\/www.copealcoy.es\\\/es\\\/\",\"name\":\"COPE Alcoy\",\"description\":\"Emisora COPE de radio local con emisi\u00f3n online. Pont de Sant Jordi 8-10 03803 Alcoy\",\"potentialAction\":[{\"@type\":\"SearchAction\",\"target\":{\"@type\":\"EntryPoint\",\"urlTemplate\":\"https:\\\/\\\/www.copealcoy.es\\\/es\\\/?s={search_term_string}\"},\"query-input\":{\"@type\":\"PropertyValueSpecification\",\"valueRequired\":true,\"valueName\":\"search_term_string\"}}],\"inLanguage\":\"es\"},{\"@type\":\"Person\",\"@id\":\"https:\\\/\\\/www.copealcoy.es\\\/es\\\/#\\\/schema\\\/person\\\/e777c87fa024e57d40170af9df39882c\",\"name\":\"Cope Alcoy\",\"image\":{\"@type\":\"ImageObject\",\"inLanguage\":\"es\",\"@id\":\"https:\\\/\\\/secure.gravatar.com\\\/avatar\\\/bb65d0283347e303893ba14f0692005417c1e0e690a325a4c5d8bb2b3943ee14?s=96&d=mm&r=g\",\"url\":\"https:\\\/\\\/secure.gravatar.com\\\/avatar\\\/bb65d0283347e303893ba14f0692005417c1e0e690a325a4c5d8bb2b3943ee14?s=96&d=mm&r=g\",\"contentUrl\":\"https:\\\/\\\/secure.gravatar.com\\\/avatar\\\/bb65d0283347e303893ba14f0692005417c1e0e690a325a4c5d8bb2b3943ee14?s=96&d=mm&r=g\",\"caption\":\"Cope Alcoy\"}}]}<\/script>\n<!-- \/ Yoast SEO plugin. -->","yoast_head_json":{"title":"Investigan la quema de dos nuevos contenedores de Alcoy - COPE Alcoy","robots":{"index":"index","follow":"follow","max-snippet":"max-snippet:-1","max-image-preview":"max-image-preview:large","max-video-preview":"max-video-preview:-1"},"canonical":"https:\/\/www.copealcoy.es\/es\/investigan-la-quema-de-dos-nuevos-contenedores-de-alcoy\/","og_locale":"es_ES","og_type":"article","og_title":"Investigan la quema de dos nuevos contenedores de Alcoy - COPE Alcoy","og_description":"El Ayuntamiento de Alcoy ha iniciado la investigaci\u00f3n de la quema de dos nuevos contenedores de la Plaza Emilio Sala...","og_url":"https:\/\/www.copealcoy.es\/es\/investigan-la-quema-de-dos-nuevos-contenedores-de-alcoy\/","og_site_name":"COPE Alcoy","article_published_time":"2018-08-22T16:45:02+00:00","article_modified_time":"2018-08-22T16:46:38+00:00","og_image":[{"width":960,"height":540,"url":"https:\/\/www.copealcoy.es\/wp-content\/uploads\/2018\/08\/39869191_2634812916544876_1484043026199216128_n.jpg","type":"image\/jpeg"}],"author":"Cope Alcoy","twitter_misc":{"Escrito por":"Cope Alcoy","Tiempo de lectura":"1 minuto"},"schema":{"@context":"https:\/\/schema.org","@graph":[{"@type":"Article","@id":"https:\/\/www.copealcoy.es\/es\/investigan-la-quema-de-dos-nuevos-contenedores-de-alcoy\/#article","isPartOf":{"@id":"https:\/\/www.copealcoy.es\/es\/investigan-la-quema-de-dos-nuevos-contenedores-de-alcoy\/"},"author":{"name":"Cope Alcoy","@id":"https:\/\/www.copealcoy.es\/es\/#\/schema\/person\/e777c87fa024e57d40170af9df39882c"},"headline":"Investigan la quema de dos nuevos contenedores de Alcoy","datePublished":"2018-08-22T16:45:02+00:00","dateModified":"2018-08-22T16:46:38+00:00","mainEntityOfPage":{"@id":"https:\/\/www.copealcoy.es\/es\/investigan-la-quema-de-dos-nuevos-contenedores-de-alcoy\/"},"wordCount":186,"commentCount":0,"image":{"@id":"https:\/\/www.copealcoy.es\/es\/investigan-la-quema-de-dos-nuevos-contenedores-de-alcoy\/#primaryimage"},"thumbnailUrl":"https:\/\/www.copealcoy.es\/wp-content\/uploads\/2018\/08\/39869191_2634812916544876_1484043026199216128_n.jpg","keywords":["contenedores","de Alcoy","de dos nuevos","Investigan","la quema"],"articleSection":["Alcoy","Noticias","Sucesos"],"inLanguage":"es"},{"@type":"WebPage","@id":"https:\/\/www.copealcoy.es\/es\/investigan-la-quema-de-dos-nuevos-contenedores-de-alcoy\/","url":"https:\/\/www.copealcoy.es\/es\/investigan-la-quema-de-dos-nuevos-contenedores-de-alcoy\/","name":"Investigan la quema de dos nuevos contenedores de Alcoy - COPE Alcoy","isPartOf":{"@id":"https:\/\/www.copealcoy.es\/es\/#website"},"primaryImageOfPage":{"@id":"https:\/\/www.copealcoy.es\/es\/investigan-la-quema-de-dos-nuevos-contenedores-de-alcoy\/#primaryimage"},"image":{"@id":"https:\/\/www.copealcoy.es\/es\/investigan-la-quema-de-dos-nuevos-contenedores-de-alcoy\/#primaryimage"},"thumbnailUrl":"https:\/\/www.copealcoy.es\/wp-content\/uploads\/2018\/08\/39869191_2634812916544876_1484043026199216128_n.jpg","datePublished":"2018-08-22T16:45:02+00:00","dateModified":"2018-08-22T16:46:38+00:00","author":{"@id":"https:\/\/www.copealcoy.es\/es\/#\/schema\/person\/e777c87fa024e57d40170af9df39882c"},"breadcrumb":{"@id":"https:\/\/www.copealcoy.es\/es\/investigan-la-quema-de-dos-nuevos-contenedores-de-alcoy\/#breadcrumb"},"inLanguage":"es","potentialAction":[{"@type":"ReadAction","target":["https:\/\/www.copealcoy.es\/es\/investigan-la-quema-de-dos-nuevos-contenedores-de-alcoy\/"]}]},{"@type":"ImageObject","inLanguage":"es","@id":"https:\/\/www.copealcoy.es\/es\/investigan-la-quema-de-dos-nuevos-contenedores-de-alcoy\/#primaryimage","url":"https:\/\/www.copealcoy.es\/wp-content\/uploads\/2018\/08\/39869191_2634812916544876_1484043026199216128_n.jpg","contentUrl":"https:\/\/www.copealcoy.es\/wp-content\/uploads\/2018\/08\/39869191_2634812916544876_1484043026199216128_n.jpg","width":960,"height":540,"caption":"Estado en el que han quedado los contenedores \/ Foto: Ajuntament d' Alcoi"},{"@type":"BreadcrumbList","@id":"https:\/\/www.copealcoy.es\/es\/investigan-la-quema-de-dos-nuevos-contenedores-de-alcoy\/#breadcrumb","itemListElement":[{"@type":"ListItem","position":1,"name":"Portada","item":"https:\/\/www.copealcoy.es\/es\/"},{"@type":"ListItem","position":2,"name":"Investigan la quema de dos nuevos contenedores de Alcoy"}]},{"@type":"WebSite","@id":"https:\/\/www.copealcoy.es\/es\/#website","url":"https:\/\/www.copealcoy.es\/es\/","name":"COPE Alcoy","description":"Emisora COPE de radio local con emisi\u00f3n online. Pont de Sant Jordi 8-10 03803 Alcoy","potentialAction":[{"@type":"SearchAction","target":{"@type":"EntryPoint","urlTemplate":"https:\/\/www.copealcoy.es\/es\/?s={search_term_string}"},"query-input":{"@type":"PropertyValueSpecification","valueRequired":true,"valueName":"search_term_string"}}],"inLanguage":"es"},{"@type":"Person","@id":"https:\/\/www.copealcoy.es\/es\/#\/schema\/person\/e777c87fa024e57d40170af9df39882c","name":"Cope Alcoy","image":{"@type":"ImageObject","inLanguage":"es","@id":"https:\/\/secure.gravatar.com\/avatar\/bb65d0283347e303893ba14f0692005417c1e0e690a325a4c5d8bb2b3943ee14?s=96&d=mm&r=g","url":"https:\/\/secure.gravatar.com\/avatar\/bb65d0283347e303893ba14f0692005417c1e0e690a325a4c5d8bb2b3943ee14?s=96&d=mm&r=g","contentUrl":"https:\/\/secure.gravatar.com\/avatar\/bb65d0283347e303893ba14f0692005417c1e0e690a325a4c5d8bb2b3943ee14?s=96&d=mm&r=g","caption":"Cope Alcoy"}}]}},"_links":{"self":[{"href":"https:\/\/www.copealcoy.es\/es\/wp-json\/wp\/v2\/posts\/45212","targetHints":{"allow":["GET"]}}],"collection":[{"href":"https:\/\/www.copealcoy.es\/es\/wp-json\/wp\/v2\/posts"}],"about":[{"href":"https:\/\/www.copealcoy.es\/es\/wp-json\/wp\/v2\/types\/post"}],"author":[{"embeddable":true,"href":"https:\/\/www.copealcoy.es\/es\/wp-json\/wp\/v2\/users\/1"}],"replies":[{"embeddable":true,"href":"https:\/\/www.copealcoy.es\/es\/wp-json\/wp\/v2\/comments?post=45212"}],"version-history":[{"count":0,"href":"https:\/\/www.copealcoy.es\/es\/wp-json\/wp\/v2\/posts\/45212\/revisions"}],"wp:featuredmedia":[{"embeddable":true,"href":"https:\/\/www.copealcoy.es\/es\/wp-json\/wp\/v2\/media\/45215"}],"wp:attachment":[{"href":"https:\/\/www.copealcoy.es\/es\/wp-json\/wp\/v2\/media?parent=45212"}],"wp:term":[{"taxonomy":"category","embeddable":true,"href":"https:\/\/www.copealcoy.es\/es\/wp-json\/wp\/v2\/categories?post=45212"},{"taxonomy":"post_tag","embeddable":true,"href":"https:\/\/www.copealcoy.es\/es\/wp-json\/wp\/v2\/tags?post=45212"}],"curies":[{"name":"wp","href":"https:\/\/api.w.org\/{rel}","templated":true}]}}