{"id":45091,"date":"2018-08-17T17:16:45","date_gmt":"2018-08-17T17:16:45","guid":{"rendered":"http:\/\/copealcoi.es\/new\/?p=45091"},"modified":"2018-08-17T17:21:00","modified_gmt":"2018-08-17T17:21:00","slug":"el-preventorio-de-alcoy-volvio-a-celebrar-su-fiesta-anual","status":"publish","type":"post","link":"https:\/\/www.copealcoy.es\/es\/el-preventorio-de-alcoy-volvio-a-celebrar-su-fiesta-anual\/","title":{"rendered":"El Preventorio de Alcoy volvi\u00f3 a celebrar su fiesta anual"},"content":{"rendered":"<p style=\"text-align: justify;\">El <strong>Preventorio<\/strong> celebr\u00f3 el pasado <strong>mi\u00e9rcoles 15 de agosto<\/strong>, coincidiendo con el <strong>d\u00eda de la Virgen de la Asunci\u00f3n<\/strong>, su tradicional fiesta anual. La jornada incluy\u00f3 <strong>la celebraci\u00f3n de una misa<\/strong> en la balconada del inmueble, con vistas a la Serra de Mariola y a la ciudad, y en la misma se cont\u00f3 con <strong>el acompa\u00f1amiento musical del Grupo de Cantores de Alcoy<\/strong>. Finalmente los bailes del <strong>Grup de Danses Sant Jordi<\/strong> amenizaron la tarde con la m\u00fasica tradicional y el folclore como principales protagonistas.<\/p>\n","protected":false},"excerpt":{"rendered":"<p>El Preventorio celebr\u00f3 el pasado mi\u00e9rcoles 15 de agosto, coincidiendo con el d\u00eda de la Virgen de la Asunci\u00f3n, su&#8230;<\/p>\n","protected":false},"author":1,"featured_media":45092,"comment_status":"open","ping_status":"open","sticky":false,"template":"","format":"standard","meta":{"footnotes":""},"categories":[97,78,75],"tags":[3037,2974,1345],"class_list":["post-45091","post","type-post","status-publish","format-standard","has-post-thumbnail","hentry","category-alcoy","category-fiestaycultura","category-noticias","tag-celebro","tag-fiesta-anual","tag-preventorio"],"yoast_head":"<!-- This site is optimized with the Yoast SEO plugin v27.3 - https:\/\/yoast.com\/product\/yoast-seo-wordpress\/ -->\n<title>El Preventorio de Alcoy volvi\u00f3 a celebrar su fiesta anual - COPE Alcoy<\/title>\n<meta name=\"robots\" content=\"index, follow, max-snippet:-1, max-image-preview:large, max-video-preview:-1\" \/>\n<link rel=\"canonical\" href=\"https:\/\/www.copealcoy.es\/es\/el-preventorio-de-alcoy-volvio-a-celebrar-su-fiesta-anual\/\" \/>\n<meta property=\"og:locale\" content=\"es_ES\" \/>\n<meta property=\"og:type\" content=\"article\" \/>\n<meta property=\"og:title\" content=\"El Preventorio de Alcoy volvi\u00f3 a celebrar su fiesta anual - COPE Alcoy\" \/>\n<meta property=\"og:description\" content=\"El Preventorio celebr\u00f3 el pasado mi\u00e9rcoles 15 de agosto, coincidiendo con el d\u00eda de la Virgen de la Asunci\u00f3n, su...\" \/>\n<meta property=\"og:url\" content=\"https:\/\/www.copealcoy.es\/es\/el-preventorio-de-alcoy-volvio-a-celebrar-su-fiesta-anual\/\" \/>\n<meta property=\"og:site_name\" content=\"COPE Alcoy\" \/>\n<meta property=\"article:published_time\" content=\"2018-08-17T17:16:45+00:00\" \/>\n<meta property=\"article:modified_time\" content=\"2018-08-17T17:21:00+00:00\" \/>\n<meta property=\"og:image\" content=\"https:\/\/www.copealcoy.es\/wp-content\/uploads\/2018\/08\/39242320_10210545948760057_2101006149032607744_n.jpg\" \/>\n\t<meta property=\"og:image:width\" content=\"957\" \/>\n\t<meta property=\"og:image:height\" content=\"718\" \/>\n\t<meta property=\"og:image:type\" content=\"image\/jpeg\" \/>\n<meta name=\"author\" content=\"Cope Alcoy\" \/>\n<meta name=\"twitter:label1\" content=\"Escrito por\" \/>\n\t<meta name=\"twitter:data1\" content=\"Cope Alcoy\" \/>\n<script type=\"application\/ld+json\" class=\"yoast-schema-graph\">{\"@context\":\"https:\\\/\\\/schema.org\",\"@graph\":[{\"@type\":\"Article\",\"@id\":\"https:\\\/\\\/www.copealcoy.es\\\/es\\\/el-preventorio-de-alcoy-volvio-a-celebrar-su-fiesta-anual\\\/#article\",\"isPartOf\":{\"@id\":\"https:\\\/\\\/www.copealcoy.es\\\/es\\\/el-preventorio-de-alcoy-volvio-a-celebrar-su-fiesta-anual\\\/\"},\"author\":{\"name\":\"Cope Alcoy\",\"@id\":\"https:\\\/\\\/www.copealcoy.es\\\/es\\\/#\\\/schema\\\/person\\\/e777c87fa024e57d40170af9df39882c\"},\"headline\":\"El Preventorio de Alcoy volvi\u00f3 a celebrar su fiesta anual\",\"datePublished\":\"2018-08-17T17:16:45+00:00\",\"dateModified\":\"2018-08-17T17:21:00+00:00\",\"mainEntityOfPage\":{\"@id\":\"https:\\\/\\\/www.copealcoy.es\\\/es\\\/el-preventorio-de-alcoy-volvio-a-celebrar-su-fiesta-anual\\\/\"},\"wordCount\":100,\"commentCount\":0,\"image\":{\"@id\":\"https:\\\/\\\/www.copealcoy.es\\\/es\\\/el-preventorio-de-alcoy-volvio-a-celebrar-su-fiesta-anual\\\/#primaryimage\"},\"thumbnailUrl\":\"https:\\\/\\\/www.copealcoy.es\\\/wp-content\\\/uploads\\\/2018\\\/08\\\/39242320_10210545948760057_2101006149032607744_n.jpg\",\"keywords\":[\"celebr\u00f3\",\"fiesta anual\",\"Preventorio\"],\"articleSection\":[\"Alcoy\",\"Fiesta y Cultura\",\"Noticias\"],\"inLanguage\":\"es\"},{\"@type\":\"WebPage\",\"@id\":\"https:\\\/\\\/www.copealcoy.es\\\/es\\\/el-preventorio-de-alcoy-volvio-a-celebrar-su-fiesta-anual\\\/\",\"url\":\"https:\\\/\\\/www.copealcoy.es\\\/es\\\/el-preventorio-de-alcoy-volvio-a-celebrar-su-fiesta-anual\\\/\",\"name\":\"El Preventorio de Alcoy volvi\u00f3 a celebrar su fiesta anual - COPE Alcoy\",\"isPartOf\":{\"@id\":\"https:\\\/\\\/www.copealcoy.es\\\/es\\\/#website\"},\"primaryImageOfPage\":{\"@id\":\"https:\\\/\\\/www.copealcoy.es\\\/es\\\/el-preventorio-de-alcoy-volvio-a-celebrar-su-fiesta-anual\\\/#primaryimage\"},\"image\":{\"@id\":\"https:\\\/\\\/www.copealcoy.es\\\/es\\\/el-preventorio-de-alcoy-volvio-a-celebrar-su-fiesta-anual\\\/#primaryimage\"},\"thumbnailUrl\":\"https:\\\/\\\/www.copealcoy.es\\\/wp-content\\\/uploads\\\/2018\\\/08\\\/39242320_10210545948760057_2101006149032607744_n.jpg\",\"datePublished\":\"2018-08-17T17:16:45+00:00\",\"dateModified\":\"2018-08-17T17:21:00+00:00\",\"author\":{\"@id\":\"https:\\\/\\\/www.copealcoy.es\\\/es\\\/#\\\/schema\\\/person\\\/e777c87fa024e57d40170af9df39882c\"},\"breadcrumb\":{\"@id\":\"https:\\\/\\\/www.copealcoy.es\\\/es\\\/el-preventorio-de-alcoy-volvio-a-celebrar-su-fiesta-anual\\\/#breadcrumb\"},\"inLanguage\":\"es\",\"potentialAction\":[{\"@type\":\"ReadAction\",\"target\":[\"https:\\\/\\\/www.copealcoy.es\\\/es\\\/el-preventorio-de-alcoy-volvio-a-celebrar-su-fiesta-anual\\\/\"]}]},{\"@type\":\"ImageObject\",\"inLanguage\":\"es\",\"@id\":\"https:\\\/\\\/www.copealcoy.es\\\/es\\\/el-preventorio-de-alcoy-volvio-a-celebrar-su-fiesta-anual\\\/#primaryimage\",\"url\":\"https:\\\/\\\/www.copealcoy.es\\\/wp-content\\\/uploads\\\/2018\\\/08\\\/39242320_10210545948760057_2101006149032607744_n.jpg\",\"contentUrl\":\"https:\\\/\\\/www.copealcoy.es\\\/wp-content\\\/uploads\\\/2018\\\/08\\\/39242320_10210545948760057_2101006149032607744_n.jpg\",\"width\":957,\"height\":718},{\"@type\":\"BreadcrumbList\",\"@id\":\"https:\\\/\\\/www.copealcoy.es\\\/es\\\/el-preventorio-de-alcoy-volvio-a-celebrar-su-fiesta-anual\\\/#breadcrumb\",\"itemListElement\":[{\"@type\":\"ListItem\",\"position\":1,\"name\":\"Portada\",\"item\":\"https:\\\/\\\/www.copealcoy.es\\\/es\\\/\"},{\"@type\":\"ListItem\",\"position\":2,\"name\":\"El Preventorio de Alcoy volvi\u00f3 a celebrar su fiesta anual\"}]},{\"@type\":\"WebSite\",\"@id\":\"https:\\\/\\\/www.copealcoy.es\\\/es\\\/#website\",\"url\":\"https:\\\/\\\/www.copealcoy.es\\\/es\\\/\",\"name\":\"COPE Alcoy\",\"description\":\"Emisora COPE de radio local con emisi\u00f3n online. Pont de Sant Jordi 8-10 03803 Alcoy\",\"potentialAction\":[{\"@type\":\"SearchAction\",\"target\":{\"@type\":\"EntryPoint\",\"urlTemplate\":\"https:\\\/\\\/www.copealcoy.es\\\/es\\\/?s={search_term_string}\"},\"query-input\":{\"@type\":\"PropertyValueSpecification\",\"valueRequired\":true,\"valueName\":\"search_term_string\"}}],\"inLanguage\":\"es\"},{\"@type\":\"Person\",\"@id\":\"https:\\\/\\\/www.copealcoy.es\\\/es\\\/#\\\/schema\\\/person\\\/e777c87fa024e57d40170af9df39882c\",\"name\":\"Cope Alcoy\",\"image\":{\"@type\":\"ImageObject\",\"inLanguage\":\"es\",\"@id\":\"https:\\\/\\\/secure.gravatar.com\\\/avatar\\\/bb65d0283347e303893ba14f0692005417c1e0e690a325a4c5d8bb2b3943ee14?s=96&d=mm&r=g\",\"url\":\"https:\\\/\\\/secure.gravatar.com\\\/avatar\\\/bb65d0283347e303893ba14f0692005417c1e0e690a325a4c5d8bb2b3943ee14?s=96&d=mm&r=g\",\"contentUrl\":\"https:\\\/\\\/secure.gravatar.com\\\/avatar\\\/bb65d0283347e303893ba14f0692005417c1e0e690a325a4c5d8bb2b3943ee14?s=96&d=mm&r=g\",\"caption\":\"Cope Alcoy\"}}]}<\/script>\n<!-- \/ Yoast SEO plugin. -->","yoast_head_json":{"title":"El Preventorio de Alcoy volvi\u00f3 a celebrar su fiesta anual - COPE Alcoy","robots":{"index":"index","follow":"follow","max-snippet":"max-snippet:-1","max-image-preview":"max-image-preview:large","max-video-preview":"max-video-preview:-1"},"canonical":"https:\/\/www.copealcoy.es\/es\/el-preventorio-de-alcoy-volvio-a-celebrar-su-fiesta-anual\/","og_locale":"es_ES","og_type":"article","og_title":"El Preventorio de Alcoy volvi\u00f3 a celebrar su fiesta anual - COPE Alcoy","og_description":"El Preventorio celebr\u00f3 el pasado mi\u00e9rcoles 15 de agosto, coincidiendo con el d\u00eda de la Virgen de la Asunci\u00f3n, su...","og_url":"https:\/\/www.copealcoy.es\/es\/el-preventorio-de-alcoy-volvio-a-celebrar-su-fiesta-anual\/","og_site_name":"COPE Alcoy","article_published_time":"2018-08-17T17:16:45+00:00","article_modified_time":"2018-08-17T17:21:00+00:00","og_image":[{"width":957,"height":718,"url":"https:\/\/www.copealcoy.es\/wp-content\/uploads\/2018\/08\/39242320_10210545948760057_2101006149032607744_n.jpg","type":"image\/jpeg"}],"author":"Cope Alcoy","twitter_misc":{"Escrito por":"Cope Alcoy"},"schema":{"@context":"https:\/\/schema.org","@graph":[{"@type":"Article","@id":"https:\/\/www.copealcoy.es\/es\/el-preventorio-de-alcoy-volvio-a-celebrar-su-fiesta-anual\/#article","isPartOf":{"@id":"https:\/\/www.copealcoy.es\/es\/el-preventorio-de-alcoy-volvio-a-celebrar-su-fiesta-anual\/"},"author":{"name":"Cope Alcoy","@id":"https:\/\/www.copealcoy.es\/es\/#\/schema\/person\/e777c87fa024e57d40170af9df39882c"},"headline":"El Preventorio de Alcoy volvi\u00f3 a celebrar su fiesta anual","datePublished":"2018-08-17T17:16:45+00:00","dateModified":"2018-08-17T17:21:00+00:00","mainEntityOfPage":{"@id":"https:\/\/www.copealcoy.es\/es\/el-preventorio-de-alcoy-volvio-a-celebrar-su-fiesta-anual\/"},"wordCount":100,"commentCount":0,"image":{"@id":"https:\/\/www.copealcoy.es\/es\/el-preventorio-de-alcoy-volvio-a-celebrar-su-fiesta-anual\/#primaryimage"},"thumbnailUrl":"https:\/\/www.copealcoy.es\/wp-content\/uploads\/2018\/08\/39242320_10210545948760057_2101006149032607744_n.jpg","keywords":["celebr\u00f3","fiesta anual","Preventorio"],"articleSection":["Alcoy","Fiesta y Cultura","Noticias"],"inLanguage":"es"},{"@type":"WebPage","@id":"https:\/\/www.copealcoy.es\/es\/el-preventorio-de-alcoy-volvio-a-celebrar-su-fiesta-anual\/","url":"https:\/\/www.copealcoy.es\/es\/el-preventorio-de-alcoy-volvio-a-celebrar-su-fiesta-anual\/","name":"El Preventorio de Alcoy volvi\u00f3 a celebrar su fiesta anual - COPE Alcoy","isPartOf":{"@id":"https:\/\/www.copealcoy.es\/es\/#website"},"primaryImageOfPage":{"@id":"https:\/\/www.copealcoy.es\/es\/el-preventorio-de-alcoy-volvio-a-celebrar-su-fiesta-anual\/#primaryimage"},"image":{"@id":"https:\/\/www.copealcoy.es\/es\/el-preventorio-de-alcoy-volvio-a-celebrar-su-fiesta-anual\/#primaryimage"},"thumbnailUrl":"https:\/\/www.copealcoy.es\/wp-content\/uploads\/2018\/08\/39242320_10210545948760057_2101006149032607744_n.jpg","datePublished":"2018-08-17T17:16:45+00:00","dateModified":"2018-08-17T17:21:00+00:00","author":{"@id":"https:\/\/www.copealcoy.es\/es\/#\/schema\/person\/e777c87fa024e57d40170af9df39882c"},"breadcrumb":{"@id":"https:\/\/www.copealcoy.es\/es\/el-preventorio-de-alcoy-volvio-a-celebrar-su-fiesta-anual\/#breadcrumb"},"inLanguage":"es","potentialAction":[{"@type":"ReadAction","target":["https:\/\/www.copealcoy.es\/es\/el-preventorio-de-alcoy-volvio-a-celebrar-su-fiesta-anual\/"]}]},{"@type":"ImageObject","inLanguage":"es","@id":"https:\/\/www.copealcoy.es\/es\/el-preventorio-de-alcoy-volvio-a-celebrar-su-fiesta-anual\/#primaryimage","url":"https:\/\/www.copealcoy.es\/wp-content\/uploads\/2018\/08\/39242320_10210545948760057_2101006149032607744_n.jpg","contentUrl":"https:\/\/www.copealcoy.es\/wp-content\/uploads\/2018\/08\/39242320_10210545948760057_2101006149032607744_n.jpg","width":957,"height":718},{"@type":"BreadcrumbList","@id":"https:\/\/www.copealcoy.es\/es\/el-preventorio-de-alcoy-volvio-a-celebrar-su-fiesta-anual\/#breadcrumb","itemListElement":[{"@type":"ListItem","position":1,"name":"Portada","item":"https:\/\/www.copealcoy.es\/es\/"},{"@type":"ListItem","position":2,"name":"El Preventorio de Alcoy volvi\u00f3 a celebrar su fiesta anual"}]},{"@type":"WebSite","@id":"https:\/\/www.copealcoy.es\/es\/#website","url":"https:\/\/www.copealcoy.es\/es\/","name":"COPE Alcoy","description":"Emisora COPE de radio local con emisi\u00f3n online. Pont de Sant Jordi 8-10 03803 Alcoy","potentialAction":[{"@type":"SearchAction","target":{"@type":"EntryPoint","urlTemplate":"https:\/\/www.copealcoy.es\/es\/?s={search_term_string}"},"query-input":{"@type":"PropertyValueSpecification","valueRequired":true,"valueName":"search_term_string"}}],"inLanguage":"es"},{"@type":"Person","@id":"https:\/\/www.copealcoy.es\/es\/#\/schema\/person\/e777c87fa024e57d40170af9df39882c","name":"Cope Alcoy","image":{"@type":"ImageObject","inLanguage":"es","@id":"https:\/\/secure.gravatar.com\/avatar\/bb65d0283347e303893ba14f0692005417c1e0e690a325a4c5d8bb2b3943ee14?s=96&d=mm&r=g","url":"https:\/\/secure.gravatar.com\/avatar\/bb65d0283347e303893ba14f0692005417c1e0e690a325a4c5d8bb2b3943ee14?s=96&d=mm&r=g","contentUrl":"https:\/\/secure.gravatar.com\/avatar\/bb65d0283347e303893ba14f0692005417c1e0e690a325a4c5d8bb2b3943ee14?s=96&d=mm&r=g","caption":"Cope Alcoy"}}]}},"_links":{"self":[{"href":"https:\/\/www.copealcoy.es\/es\/wp-json\/wp\/v2\/posts\/45091","targetHints":{"allow":["GET"]}}],"collection":[{"href":"https:\/\/www.copealcoy.es\/es\/wp-json\/wp\/v2\/posts"}],"about":[{"href":"https:\/\/www.copealcoy.es\/es\/wp-json\/wp\/v2\/types\/post"}],"author":[{"embeddable":true,"href":"https:\/\/www.copealcoy.es\/es\/wp-json\/wp\/v2\/users\/1"}],"replies":[{"embeddable":true,"href":"https:\/\/www.copealcoy.es\/es\/wp-json\/wp\/v2\/comments?post=45091"}],"version-history":[{"count":0,"href":"https:\/\/www.copealcoy.es\/es\/wp-json\/wp\/v2\/posts\/45091\/revisions"}],"wp:featuredmedia":[{"embeddable":true,"href":"https:\/\/www.copealcoy.es\/es\/wp-json\/wp\/v2\/media\/45092"}],"wp:attachment":[{"href":"https:\/\/www.copealcoy.es\/es\/wp-json\/wp\/v2\/media?parent=45091"}],"wp:term":[{"taxonomy":"category","embeddable":true,"href":"https:\/\/www.copealcoy.es\/es\/wp-json\/wp\/v2\/categories?post=45091"},{"taxonomy":"post_tag","embeddable":true,"href":"https:\/\/www.copealcoy.es\/es\/wp-json\/wp\/v2\/tags?post=45091"}],"curies":[{"name":"wp","href":"https:\/\/api.w.org\/{rel}","templated":true}]}}