{"id":44841,"date":"2018-08-09T13:15:27","date_gmt":"2018-08-09T13:15:27","guid":{"rendered":"http:\/\/copealcoi.es\/new\/?p=44841"},"modified":"2018-08-09T15:17:57","modified_gmt":"2018-08-09T15:17:57","slug":"rafael-agullo-insa-asume-el-cargo-de-abanderado-moro-por-la-fila-muladis","status":"publish","type":"post","link":"https:\/\/www.copealcoy.es\/es\/rafael-agullo-insa-asume-el-cargo-de-abanderado-moro-por-la-fila-muladis\/","title":{"rendered":"Rafael Agull\u00f3 Insa asume el cargo de Abanderado Moro por la Fil\u00e0 Mulad\u00eds"},"content":{"rendered":"<p style=\"text-align: justify;\">La <strong>Fil\u00e0 Mulad\u00eds<\/strong> es la que ostenta en 2018 <strong>el cargo de abanderado moro<\/strong> de la mano de <strong>Rafael Agull\u00f3 Insa<\/strong>, un festero que <strong>cumple cincuenta a\u00f1os<\/strong> participando activamente en la trilog\u00eda en honor a San Hip\u00f3lito M\u00e1rtir y que este jueves nos ha acompa\u00f1ado en COPE ALCOY.<\/p>\n<p style=\"text-align: justify;\">Rafael \u2018El Bajoquero\u2019, como es apodado en la Villa Condal, asegura que <strong>la Diana es uno de sus actos preferidos<\/strong> aunque reconoce que <strong>la Entrada ser\u00e1 el momento m\u00e1s esperado de estas fiestas<\/strong> \u201c<em>es el instante donde se plasma el trabajo de todo un a\u00f1o. Estoy seguro que desfilar por el Passeig del Comtat hasta llegar al Pla va a ser un momento irrepetible en mi vida<\/em>\u201d, afirma. El abanderado moro <strong>tendr\u00e1 el respaldo de sus hijas Marcela y Cristina Agull\u00f3 Soler\u00a0como favoritas<\/strong> al mismo tiempo que\u00a0<strong>sus nietos Mar, Elena, Roger y Quim ser\u00e1n los rodellas<\/strong> \u201c<em>toda la familia se ha implicado en hacer posible el cargo y aunque mi mujer no vaya a salir a la calle es el pilar fundamental de todo esto. La misma aventura no ser\u00eda posible sin su compresi\u00f3n, apoyo y dedicaci\u00f3n para que todo est\u00e9 en perfectas condiciones<\/em>\u201d, indica.<\/p>\n<p style=\"text-align: justify;\">Rafael Agull\u00f3 ha disfrutado de los d\u00edas previos a fiestas <strong>con ilusi\u00f3n<\/strong> y deja claro que <strong>los nervios van en aumento a medida que llega el momento de comenzar las fiestas<\/strong> \u201c<em>desde la Presentaci\u00f3n de cargos hasta ahora cada acto est\u00e1 siendo especial. La Fil\u00e0 Mulad\u00eds quiere sacar a la calle un boato compacto, basado en la tradici\u00f3n \u00e1rabe de Cocentaina y que creo que gustar\u00e1 al p\u00fablico. Que vengan y no se lo pierdan<\/em>\u201d, concluye. Finalmente indicar que <strong>en la Entrada del pr\u00f3ximo s\u00e1bado sonar\u00e1n<\/strong> las piezas <strong>\u2018Als Berebers\u2019<\/strong> de Jos\u00e9 P\u00e9rez Vilaplana, <strong>\u2018Xabat\u2019<\/strong> de Saul G\u00f3mez y <strong>\u2018Buscant un Bort\u2019<\/strong> de Gustavo Pascual Falc\u00f3 para acompa\u00f1ar al Abanderado Moro de 2018.<\/p>\n","protected":false},"excerpt":{"rendered":"<p>La Fil\u00e0 Mulad\u00eds es la que ostenta en 2018 el cargo de abanderado moro de la mano de Rafael Agull\u00f3&#8230;<\/p>\n","protected":false},"author":1,"featured_media":44842,"comment_status":"open","ping_status":"open","sticky":false,"template":"","format":"standard","meta":{"footnotes":""},"categories":[98,75],"tags":[2745,3857,6367,6368,6366],"class_list":["post-44841","post","type-post","status-publish","format-standard","has-post-thumbnail","hentry","category-comarcas","category-noticias","tag-abanderado-moro","tag-asume","tag-el-cargo","tag-fila-muladis","tag-rafael-agullo-insa"],"yoast_head":"<!-- This site is optimized with the Yoast SEO plugin v27.3 - https:\/\/yoast.com\/product\/yoast-seo-wordpress\/ -->\n<title>Rafael Agull\u00f3 Insa asume el cargo de Abanderado Moro por la Fil\u00e0 Mulad\u00eds - COPE Alcoy<\/title>\n<meta name=\"robots\" content=\"index, follow, max-snippet:-1, max-image-preview:large, max-video-preview:-1\" \/>\n<link rel=\"canonical\" href=\"https:\/\/www.copealcoy.es\/es\/rafael-agullo-insa-asume-el-cargo-de-abanderado-moro-por-la-fila-muladis\/\" \/>\n<meta property=\"og:locale\" content=\"es_ES\" \/>\n<meta property=\"og:type\" content=\"article\" \/>\n<meta property=\"og:title\" content=\"Rafael Agull\u00f3 Insa asume el cargo de Abanderado Moro por la Fil\u00e0 Mulad\u00eds - COPE Alcoy\" \/>\n<meta property=\"og:description\" content=\"La Fil\u00e0 Mulad\u00eds es la que ostenta en 2018 el cargo de abanderado moro de la mano de Rafael Agull\u00f3...\" \/>\n<meta property=\"og:url\" content=\"https:\/\/www.copealcoy.es\/es\/rafael-agullo-insa-asume-el-cargo-de-abanderado-moro-por-la-fila-muladis\/\" \/>\n<meta property=\"og:site_name\" content=\"COPE Alcoy\" \/>\n<meta property=\"article:published_time\" content=\"2018-08-09T13:15:27+00:00\" \/>\n<meta property=\"article:modified_time\" content=\"2018-08-09T15:17:57+00:00\" \/>\n<meta property=\"og:image\" content=\"https:\/\/www.copealcoy.es\/wp-content\/uploads\/2018\/08\/38825281_1429878837155597_8415623305637134336_n-e1533827593983.jpg\" \/>\n\t<meta property=\"og:image:width\" content=\"811\" \/>\n\t<meta property=\"og:image:height\" content=\"516\" \/>\n\t<meta property=\"og:image:type\" content=\"image\/jpeg\" \/>\n<meta name=\"author\" content=\"Cope Alcoy\" \/>\n<meta name=\"twitter:label1\" content=\"Escrito por\" \/>\n\t<meta name=\"twitter:data1\" content=\"Cope Alcoy\" \/>\n\t<meta name=\"twitter:label2\" content=\"Tiempo de lectura\" \/>\n\t<meta name=\"twitter:data2\" content=\"2 minutos\" \/>\n<script type=\"application\/ld+json\" class=\"yoast-schema-graph\">{\"@context\":\"https:\\\/\\\/schema.org\",\"@graph\":[{\"@type\":\"Article\",\"@id\":\"https:\\\/\\\/www.copealcoy.es\\\/es\\\/rafael-agullo-insa-asume-el-cargo-de-abanderado-moro-por-la-fila-muladis\\\/#article\",\"isPartOf\":{\"@id\":\"https:\\\/\\\/www.copealcoy.es\\\/es\\\/rafael-agullo-insa-asume-el-cargo-de-abanderado-moro-por-la-fila-muladis\\\/\"},\"author\":{\"name\":\"Cope Alcoy\",\"@id\":\"https:\\\/\\\/www.copealcoy.es\\\/es\\\/#\\\/schema\\\/person\\\/e777c87fa024e57d40170af9df39882c\"},\"headline\":\"Rafael Agull\u00f3 Insa asume el cargo de Abanderado Moro por la Fil\u00e0 Mulad\u00eds\",\"datePublished\":\"2018-08-09T13:15:27+00:00\",\"dateModified\":\"2018-08-09T15:17:57+00:00\",\"mainEntityOfPage\":{\"@id\":\"https:\\\/\\\/www.copealcoy.es\\\/es\\\/rafael-agullo-insa-asume-el-cargo-de-abanderado-moro-por-la-fila-muladis\\\/\"},\"wordCount\":344,\"commentCount\":0,\"image\":{\"@id\":\"https:\\\/\\\/www.copealcoy.es\\\/es\\\/rafael-agullo-insa-asume-el-cargo-de-abanderado-moro-por-la-fila-muladis\\\/#primaryimage\"},\"thumbnailUrl\":\"https:\\\/\\\/www.copealcoy.es\\\/wp-content\\\/uploads\\\/2018\\\/08\\\/38825281_1429878837155597_8415623305637134336_n-e1533827593983.jpg\",\"keywords\":[\"Abanderado Moro\",\"asume\",\"el cargo\",\"Fil\u00e0 Mulad\u00eds\",\"Rafael Agull\u00f3 Insa\"],\"articleSection\":[\"Comarcas\",\"Noticias\"],\"inLanguage\":\"es\"},{\"@type\":\"WebPage\",\"@id\":\"https:\\\/\\\/www.copealcoy.es\\\/es\\\/rafael-agullo-insa-asume-el-cargo-de-abanderado-moro-por-la-fila-muladis\\\/\",\"url\":\"https:\\\/\\\/www.copealcoy.es\\\/es\\\/rafael-agullo-insa-asume-el-cargo-de-abanderado-moro-por-la-fila-muladis\\\/\",\"name\":\"Rafael Agull\u00f3 Insa asume el cargo de Abanderado Moro por la Fil\u00e0 Mulad\u00eds - COPE Alcoy\",\"isPartOf\":{\"@id\":\"https:\\\/\\\/www.copealcoy.es\\\/es\\\/#website\"},\"primaryImageOfPage\":{\"@id\":\"https:\\\/\\\/www.copealcoy.es\\\/es\\\/rafael-agullo-insa-asume-el-cargo-de-abanderado-moro-por-la-fila-muladis\\\/#primaryimage\"},\"image\":{\"@id\":\"https:\\\/\\\/www.copealcoy.es\\\/es\\\/rafael-agullo-insa-asume-el-cargo-de-abanderado-moro-por-la-fila-muladis\\\/#primaryimage\"},\"thumbnailUrl\":\"https:\\\/\\\/www.copealcoy.es\\\/wp-content\\\/uploads\\\/2018\\\/08\\\/38825281_1429878837155597_8415623305637134336_n-e1533827593983.jpg\",\"datePublished\":\"2018-08-09T13:15:27+00:00\",\"dateModified\":\"2018-08-09T15:17:57+00:00\",\"author\":{\"@id\":\"https:\\\/\\\/www.copealcoy.es\\\/es\\\/#\\\/schema\\\/person\\\/e777c87fa024e57d40170af9df39882c\"},\"breadcrumb\":{\"@id\":\"https:\\\/\\\/www.copealcoy.es\\\/es\\\/rafael-agullo-insa-asume-el-cargo-de-abanderado-moro-por-la-fila-muladis\\\/#breadcrumb\"},\"inLanguage\":\"es\",\"potentialAction\":[{\"@type\":\"ReadAction\",\"target\":[\"https:\\\/\\\/www.copealcoy.es\\\/es\\\/rafael-agullo-insa-asume-el-cargo-de-abanderado-moro-por-la-fila-muladis\\\/\"]}]},{\"@type\":\"ImageObject\",\"inLanguage\":\"es\",\"@id\":\"https:\\\/\\\/www.copealcoy.es\\\/es\\\/rafael-agullo-insa-asume-el-cargo-de-abanderado-moro-por-la-fila-muladis\\\/#primaryimage\",\"url\":\"https:\\\/\\\/www.copealcoy.es\\\/wp-content\\\/uploads\\\/2018\\\/08\\\/38825281_1429878837155597_8415623305637134336_n-e1533827593983.jpg\",\"contentUrl\":\"https:\\\/\\\/www.copealcoy.es\\\/wp-content\\\/uploads\\\/2018\\\/08\\\/38825281_1429878837155597_8415623305637134336_n-e1533827593983.jpg\",\"width\":811,\"height\":516,\"caption\":\"Rafael Agull\u00f3 Insa en la entrevista en La Ma\u00f1ana de Cope Alcoy\"},{\"@type\":\"BreadcrumbList\",\"@id\":\"https:\\\/\\\/www.copealcoy.es\\\/es\\\/rafael-agullo-insa-asume-el-cargo-de-abanderado-moro-por-la-fila-muladis\\\/#breadcrumb\",\"itemListElement\":[{\"@type\":\"ListItem\",\"position\":1,\"name\":\"Portada\",\"item\":\"https:\\\/\\\/www.copealcoy.es\\\/es\\\/\"},{\"@type\":\"ListItem\",\"position\":2,\"name\":\"Rafael Agull\u00f3 Insa asume el cargo de Abanderado Moro por la Fil\u00e0 Mulad\u00eds\"}]},{\"@type\":\"WebSite\",\"@id\":\"https:\\\/\\\/www.copealcoy.es\\\/es\\\/#website\",\"url\":\"https:\\\/\\\/www.copealcoy.es\\\/es\\\/\",\"name\":\"COPE Alcoy\",\"description\":\"Emisora COPE de radio local con emisi\u00f3n online. Pont de Sant Jordi 8-10 03803 Alcoy\",\"potentialAction\":[{\"@type\":\"SearchAction\",\"target\":{\"@type\":\"EntryPoint\",\"urlTemplate\":\"https:\\\/\\\/www.copealcoy.es\\\/es\\\/?s={search_term_string}\"},\"query-input\":{\"@type\":\"PropertyValueSpecification\",\"valueRequired\":true,\"valueName\":\"search_term_string\"}}],\"inLanguage\":\"es\"},{\"@type\":\"Person\",\"@id\":\"https:\\\/\\\/www.copealcoy.es\\\/es\\\/#\\\/schema\\\/person\\\/e777c87fa024e57d40170af9df39882c\",\"name\":\"Cope Alcoy\",\"image\":{\"@type\":\"ImageObject\",\"inLanguage\":\"es\",\"@id\":\"https:\\\/\\\/secure.gravatar.com\\\/avatar\\\/bb65d0283347e303893ba14f0692005417c1e0e690a325a4c5d8bb2b3943ee14?s=96&d=mm&r=g\",\"url\":\"https:\\\/\\\/secure.gravatar.com\\\/avatar\\\/bb65d0283347e303893ba14f0692005417c1e0e690a325a4c5d8bb2b3943ee14?s=96&d=mm&r=g\",\"contentUrl\":\"https:\\\/\\\/secure.gravatar.com\\\/avatar\\\/bb65d0283347e303893ba14f0692005417c1e0e690a325a4c5d8bb2b3943ee14?s=96&d=mm&r=g\",\"caption\":\"Cope Alcoy\"}}]}<\/script>\n<!-- \/ Yoast SEO plugin. -->","yoast_head_json":{"title":"Rafael Agull\u00f3 Insa asume el cargo de Abanderado Moro por la Fil\u00e0 Mulad\u00eds - COPE Alcoy","robots":{"index":"index","follow":"follow","max-snippet":"max-snippet:-1","max-image-preview":"max-image-preview:large","max-video-preview":"max-video-preview:-1"},"canonical":"https:\/\/www.copealcoy.es\/es\/rafael-agullo-insa-asume-el-cargo-de-abanderado-moro-por-la-fila-muladis\/","og_locale":"es_ES","og_type":"article","og_title":"Rafael Agull\u00f3 Insa asume el cargo de Abanderado Moro por la Fil\u00e0 Mulad\u00eds - COPE Alcoy","og_description":"La Fil\u00e0 Mulad\u00eds es la que ostenta en 2018 el cargo de abanderado moro de la mano de Rafael Agull\u00f3...","og_url":"https:\/\/www.copealcoy.es\/es\/rafael-agullo-insa-asume-el-cargo-de-abanderado-moro-por-la-fila-muladis\/","og_site_name":"COPE Alcoy","article_published_time":"2018-08-09T13:15:27+00:00","article_modified_time":"2018-08-09T15:17:57+00:00","og_image":[{"width":811,"height":516,"url":"https:\/\/www.copealcoy.es\/wp-content\/uploads\/2018\/08\/38825281_1429878837155597_8415623305637134336_n-e1533827593983.jpg","type":"image\/jpeg"}],"author":"Cope Alcoy","twitter_misc":{"Escrito por":"Cope Alcoy","Tiempo de lectura":"2 minutos"},"schema":{"@context":"https:\/\/schema.org","@graph":[{"@type":"Article","@id":"https:\/\/www.copealcoy.es\/es\/rafael-agullo-insa-asume-el-cargo-de-abanderado-moro-por-la-fila-muladis\/#article","isPartOf":{"@id":"https:\/\/www.copealcoy.es\/es\/rafael-agullo-insa-asume-el-cargo-de-abanderado-moro-por-la-fila-muladis\/"},"author":{"name":"Cope Alcoy","@id":"https:\/\/www.copealcoy.es\/es\/#\/schema\/person\/e777c87fa024e57d40170af9df39882c"},"headline":"Rafael Agull\u00f3 Insa asume el cargo de Abanderado Moro por la Fil\u00e0 Mulad\u00eds","datePublished":"2018-08-09T13:15:27+00:00","dateModified":"2018-08-09T15:17:57+00:00","mainEntityOfPage":{"@id":"https:\/\/www.copealcoy.es\/es\/rafael-agullo-insa-asume-el-cargo-de-abanderado-moro-por-la-fila-muladis\/"},"wordCount":344,"commentCount":0,"image":{"@id":"https:\/\/www.copealcoy.es\/es\/rafael-agullo-insa-asume-el-cargo-de-abanderado-moro-por-la-fila-muladis\/#primaryimage"},"thumbnailUrl":"https:\/\/www.copealcoy.es\/wp-content\/uploads\/2018\/08\/38825281_1429878837155597_8415623305637134336_n-e1533827593983.jpg","keywords":["Abanderado Moro","asume","el cargo","Fil\u00e0 Mulad\u00eds","Rafael Agull\u00f3 Insa"],"articleSection":["Comarcas","Noticias"],"inLanguage":"es"},{"@type":"WebPage","@id":"https:\/\/www.copealcoy.es\/es\/rafael-agullo-insa-asume-el-cargo-de-abanderado-moro-por-la-fila-muladis\/","url":"https:\/\/www.copealcoy.es\/es\/rafael-agullo-insa-asume-el-cargo-de-abanderado-moro-por-la-fila-muladis\/","name":"Rafael Agull\u00f3 Insa asume el cargo de Abanderado Moro por la Fil\u00e0 Mulad\u00eds - COPE Alcoy","isPartOf":{"@id":"https:\/\/www.copealcoy.es\/es\/#website"},"primaryImageOfPage":{"@id":"https:\/\/www.copealcoy.es\/es\/rafael-agullo-insa-asume-el-cargo-de-abanderado-moro-por-la-fila-muladis\/#primaryimage"},"image":{"@id":"https:\/\/www.copealcoy.es\/es\/rafael-agullo-insa-asume-el-cargo-de-abanderado-moro-por-la-fila-muladis\/#primaryimage"},"thumbnailUrl":"https:\/\/www.copealcoy.es\/wp-content\/uploads\/2018\/08\/38825281_1429878837155597_8415623305637134336_n-e1533827593983.jpg","datePublished":"2018-08-09T13:15:27+00:00","dateModified":"2018-08-09T15:17:57+00:00","author":{"@id":"https:\/\/www.copealcoy.es\/es\/#\/schema\/person\/e777c87fa024e57d40170af9df39882c"},"breadcrumb":{"@id":"https:\/\/www.copealcoy.es\/es\/rafael-agullo-insa-asume-el-cargo-de-abanderado-moro-por-la-fila-muladis\/#breadcrumb"},"inLanguage":"es","potentialAction":[{"@type":"ReadAction","target":["https:\/\/www.copealcoy.es\/es\/rafael-agullo-insa-asume-el-cargo-de-abanderado-moro-por-la-fila-muladis\/"]}]},{"@type":"ImageObject","inLanguage":"es","@id":"https:\/\/www.copealcoy.es\/es\/rafael-agullo-insa-asume-el-cargo-de-abanderado-moro-por-la-fila-muladis\/#primaryimage","url":"https:\/\/www.copealcoy.es\/wp-content\/uploads\/2018\/08\/38825281_1429878837155597_8415623305637134336_n-e1533827593983.jpg","contentUrl":"https:\/\/www.copealcoy.es\/wp-content\/uploads\/2018\/08\/38825281_1429878837155597_8415623305637134336_n-e1533827593983.jpg","width":811,"height":516,"caption":"Rafael Agull\u00f3 Insa en la entrevista en La Ma\u00f1ana de Cope Alcoy"},{"@type":"BreadcrumbList","@id":"https:\/\/www.copealcoy.es\/es\/rafael-agullo-insa-asume-el-cargo-de-abanderado-moro-por-la-fila-muladis\/#breadcrumb","itemListElement":[{"@type":"ListItem","position":1,"name":"Portada","item":"https:\/\/www.copealcoy.es\/es\/"},{"@type":"ListItem","position":2,"name":"Rafael Agull\u00f3 Insa asume el cargo de Abanderado Moro por la Fil\u00e0 Mulad\u00eds"}]},{"@type":"WebSite","@id":"https:\/\/www.copealcoy.es\/es\/#website","url":"https:\/\/www.copealcoy.es\/es\/","name":"COPE Alcoy","description":"Emisora COPE de radio local con emisi\u00f3n online. Pont de Sant Jordi 8-10 03803 Alcoy","potentialAction":[{"@type":"SearchAction","target":{"@type":"EntryPoint","urlTemplate":"https:\/\/www.copealcoy.es\/es\/?s={search_term_string}"},"query-input":{"@type":"PropertyValueSpecification","valueRequired":true,"valueName":"search_term_string"}}],"inLanguage":"es"},{"@type":"Person","@id":"https:\/\/www.copealcoy.es\/es\/#\/schema\/person\/e777c87fa024e57d40170af9df39882c","name":"Cope Alcoy","image":{"@type":"ImageObject","inLanguage":"es","@id":"https:\/\/secure.gravatar.com\/avatar\/bb65d0283347e303893ba14f0692005417c1e0e690a325a4c5d8bb2b3943ee14?s=96&d=mm&r=g","url":"https:\/\/secure.gravatar.com\/avatar\/bb65d0283347e303893ba14f0692005417c1e0e690a325a4c5d8bb2b3943ee14?s=96&d=mm&r=g","contentUrl":"https:\/\/secure.gravatar.com\/avatar\/bb65d0283347e303893ba14f0692005417c1e0e690a325a4c5d8bb2b3943ee14?s=96&d=mm&r=g","caption":"Cope Alcoy"}}]}},"_links":{"self":[{"href":"https:\/\/www.copealcoy.es\/es\/wp-json\/wp\/v2\/posts\/44841","targetHints":{"allow":["GET"]}}],"collection":[{"href":"https:\/\/www.copealcoy.es\/es\/wp-json\/wp\/v2\/posts"}],"about":[{"href":"https:\/\/www.copealcoy.es\/es\/wp-json\/wp\/v2\/types\/post"}],"author":[{"embeddable":true,"href":"https:\/\/www.copealcoy.es\/es\/wp-json\/wp\/v2\/users\/1"}],"replies":[{"embeddable":true,"href":"https:\/\/www.copealcoy.es\/es\/wp-json\/wp\/v2\/comments?post=44841"}],"version-history":[{"count":0,"href":"https:\/\/www.copealcoy.es\/es\/wp-json\/wp\/v2\/posts\/44841\/revisions"}],"wp:featuredmedia":[{"embeddable":true,"href":"https:\/\/www.copealcoy.es\/es\/wp-json\/wp\/v2\/media\/44842"}],"wp:attachment":[{"href":"https:\/\/www.copealcoy.es\/es\/wp-json\/wp\/v2\/media?parent=44841"}],"wp:term":[{"taxonomy":"category","embeddable":true,"href":"https:\/\/www.copealcoy.es\/es\/wp-json\/wp\/v2\/categories?post=44841"},{"taxonomy":"post_tag","embeddable":true,"href":"https:\/\/www.copealcoy.es\/es\/wp-json\/wp\/v2\/tags?post=44841"}],"curies":[{"name":"wp","href":"https:\/\/api.w.org\/{rel}","templated":true}]}}