{"id":44814,"date":"2018-08-16T06:00:58","date_gmt":"2018-08-16T06:00:58","guid":{"rendered":"http:\/\/copealcoi.es\/new\/?p=44814"},"modified":"2018-08-08T23:28:49","modified_gmt":"2018-08-08T23:28:49","slug":"dia-de-san-joaquin-en-benilloba","status":"publish","type":"post","link":"https:\/\/www.copealcoy.es\/es\/dia-de-san-joaquin-en-benilloba\/","title":{"rendered":"D\u00eda de San Joaqu\u00edn en Benilloba"},"content":{"rendered":"<p>Benilloba celebra el d\u00eda de su patr\u00f3n, San Joaqu\u00edn con diferentes actos:<\/p>\n<ul>\n<li><strong>8:30h:<\/strong> Segona Diana<\/li>\n<li><strong>12:00h:<\/strong> Les filaes amb els seus Capitans i Ambaixadors es dirigiran cap a la casa del rector i amb les autoritats arreplegaran al rector per a celebrar la Missa.<\/li>\n<li><strong>12:30h:<\/strong> Missa Solemne en honor a Sant Joaquim<\/li>\n<li><strong>20:30h:<\/strong> Process\u00f3 General amb les imatges de Santa Anna Verge dels Dolors i Sant Joaquim<\/li>\n<li><strong>24:00h:<\/strong> Revetlla a la Pla\u00e7a de l\u2019Olmet amenitzada per l\u2019orquestra Mito<\/li>\n<\/ul>\n","protected":false},"excerpt":{"rendered":"<p>Benilloba celebra el d\u00eda de su patr\u00f3n, San Joaqu\u00edn con diferentes actos: 8:30h: Segona Diana 12:00h: Les filaes amb els&#8230;<\/p>\n","protected":false},"author":1,"featured_media":0,"comment_status":"open","ping_status":"open","sticky":false,"template":"","format":"standard","meta":{"footnotes":""},"categories":[99],"tags":[],"class_list":["post-44814","post","type-post","status-publish","format-standard","hentry","category-agenda"],"yoast_head":"<!-- This site is optimized with the Yoast SEO plugin v27.3 - https:\/\/yoast.com\/product\/yoast-seo-wordpress\/ -->\n<title>D\u00eda de San Joaqu\u00edn en Benilloba - COPE Alcoy<\/title>\n<meta name=\"robots\" content=\"index, follow, max-snippet:-1, max-image-preview:large, max-video-preview:-1\" \/>\n<link rel=\"canonical\" href=\"https:\/\/www.copealcoy.es\/es\/dia-de-san-joaquin-en-benilloba\/\" \/>\n<meta property=\"og:locale\" content=\"es_ES\" \/>\n<meta property=\"og:type\" content=\"article\" \/>\n<meta property=\"og:title\" content=\"D\u00eda de San Joaqu\u00edn en Benilloba - COPE Alcoy\" \/>\n<meta property=\"og:description\" content=\"Benilloba celebra el d\u00eda de su patr\u00f3n, San Joaqu\u00edn con diferentes actos: 8:30h: Segona Diana 12:00h: Les filaes amb els...\" \/>\n<meta property=\"og:url\" content=\"https:\/\/www.copealcoy.es\/es\/dia-de-san-joaquin-en-benilloba\/\" \/>\n<meta property=\"og:site_name\" content=\"COPE Alcoy\" \/>\n<meta property=\"article:published_time\" content=\"2018-08-16T06:00:58+00:00\" \/>\n<meta name=\"author\" content=\"Cope Alcoy\" \/>\n<meta name=\"twitter:label1\" content=\"Escrito por\" \/>\n\t<meta name=\"twitter:data1\" content=\"Cope Alcoy\" \/>\n<script type=\"application\/ld+json\" class=\"yoast-schema-graph\">{\"@context\":\"https:\\\/\\\/schema.org\",\"@graph\":[{\"@type\":\"Article\",\"@id\":\"https:\\\/\\\/www.copealcoy.es\\\/es\\\/dia-de-san-joaquin-en-benilloba\\\/#article\",\"isPartOf\":{\"@id\":\"https:\\\/\\\/www.copealcoy.es\\\/es\\\/dia-de-san-joaquin-en-benilloba\\\/\"},\"author\":{\"name\":\"Cope Alcoy\",\"@id\":\"https:\\\/\\\/www.copealcoy.es\\\/es\\\/#\\\/schema\\\/person\\\/e777c87fa024e57d40170af9df39882c\"},\"headline\":\"D\u00eda de San Joaqu\u00edn en Benilloba\",\"datePublished\":\"2018-08-16T06:00:58+00:00\",\"mainEntityOfPage\":{\"@id\":\"https:\\\/\\\/www.copealcoy.es\\\/es\\\/dia-de-san-joaquin-en-benilloba\\\/\"},\"wordCount\":92,\"commentCount\":0,\"articleSection\":[\"Agenda\"],\"inLanguage\":\"es\"},{\"@type\":\"WebPage\",\"@id\":\"https:\\\/\\\/www.copealcoy.es\\\/es\\\/dia-de-san-joaquin-en-benilloba\\\/\",\"url\":\"https:\\\/\\\/www.copealcoy.es\\\/es\\\/dia-de-san-joaquin-en-benilloba\\\/\",\"name\":\"D\u00eda de San Joaqu\u00edn en Benilloba - COPE Alcoy\",\"isPartOf\":{\"@id\":\"https:\\\/\\\/www.copealcoy.es\\\/es\\\/#website\"},\"datePublished\":\"2018-08-16T06:00:58+00:00\",\"author\":{\"@id\":\"https:\\\/\\\/www.copealcoy.es\\\/es\\\/#\\\/schema\\\/person\\\/e777c87fa024e57d40170af9df39882c\"},\"breadcrumb\":{\"@id\":\"https:\\\/\\\/www.copealcoy.es\\\/es\\\/dia-de-san-joaquin-en-benilloba\\\/#breadcrumb\"},\"inLanguage\":\"es\",\"potentialAction\":[{\"@type\":\"ReadAction\",\"target\":[\"https:\\\/\\\/www.copealcoy.es\\\/es\\\/dia-de-san-joaquin-en-benilloba\\\/\"]}]},{\"@type\":\"BreadcrumbList\",\"@id\":\"https:\\\/\\\/www.copealcoy.es\\\/es\\\/dia-de-san-joaquin-en-benilloba\\\/#breadcrumb\",\"itemListElement\":[{\"@type\":\"ListItem\",\"position\":1,\"name\":\"Portada\",\"item\":\"https:\\\/\\\/www.copealcoy.es\\\/es\\\/\"},{\"@type\":\"ListItem\",\"position\":2,\"name\":\"D\u00eda de San Joaqu\u00edn en Benilloba\"}]},{\"@type\":\"WebSite\",\"@id\":\"https:\\\/\\\/www.copealcoy.es\\\/es\\\/#website\",\"url\":\"https:\\\/\\\/www.copealcoy.es\\\/es\\\/\",\"name\":\"COPE Alcoy\",\"description\":\"Emisora COPE de radio local con emisi\u00f3n online. Pont de Sant Jordi 8-10 03803 Alcoy\",\"potentialAction\":[{\"@type\":\"SearchAction\",\"target\":{\"@type\":\"EntryPoint\",\"urlTemplate\":\"https:\\\/\\\/www.copealcoy.es\\\/es\\\/?s={search_term_string}\"},\"query-input\":{\"@type\":\"PropertyValueSpecification\",\"valueRequired\":true,\"valueName\":\"search_term_string\"}}],\"inLanguage\":\"es\"},{\"@type\":\"Person\",\"@id\":\"https:\\\/\\\/www.copealcoy.es\\\/es\\\/#\\\/schema\\\/person\\\/e777c87fa024e57d40170af9df39882c\",\"name\":\"Cope Alcoy\",\"image\":{\"@type\":\"ImageObject\",\"inLanguage\":\"es\",\"@id\":\"https:\\\/\\\/secure.gravatar.com\\\/avatar\\\/bb65d0283347e303893ba14f0692005417c1e0e690a325a4c5d8bb2b3943ee14?s=96&d=mm&r=g\",\"url\":\"https:\\\/\\\/secure.gravatar.com\\\/avatar\\\/bb65d0283347e303893ba14f0692005417c1e0e690a325a4c5d8bb2b3943ee14?s=96&d=mm&r=g\",\"contentUrl\":\"https:\\\/\\\/secure.gravatar.com\\\/avatar\\\/bb65d0283347e303893ba14f0692005417c1e0e690a325a4c5d8bb2b3943ee14?s=96&d=mm&r=g\",\"caption\":\"Cope Alcoy\"}}]}<\/script>\n<!-- \/ Yoast SEO plugin. -->","yoast_head_json":{"title":"D\u00eda de San Joaqu\u00edn en Benilloba - COPE Alcoy","robots":{"index":"index","follow":"follow","max-snippet":"max-snippet:-1","max-image-preview":"max-image-preview:large","max-video-preview":"max-video-preview:-1"},"canonical":"https:\/\/www.copealcoy.es\/es\/dia-de-san-joaquin-en-benilloba\/","og_locale":"es_ES","og_type":"article","og_title":"D\u00eda de San Joaqu\u00edn en Benilloba - COPE Alcoy","og_description":"Benilloba celebra el d\u00eda de su patr\u00f3n, San Joaqu\u00edn con diferentes actos: 8:30h: Segona Diana 12:00h: Les filaes amb els...","og_url":"https:\/\/www.copealcoy.es\/es\/dia-de-san-joaquin-en-benilloba\/","og_site_name":"COPE Alcoy","article_published_time":"2018-08-16T06:00:58+00:00","author":"Cope Alcoy","twitter_misc":{"Escrito por":"Cope Alcoy"},"schema":{"@context":"https:\/\/schema.org","@graph":[{"@type":"Article","@id":"https:\/\/www.copealcoy.es\/es\/dia-de-san-joaquin-en-benilloba\/#article","isPartOf":{"@id":"https:\/\/www.copealcoy.es\/es\/dia-de-san-joaquin-en-benilloba\/"},"author":{"name":"Cope Alcoy","@id":"https:\/\/www.copealcoy.es\/es\/#\/schema\/person\/e777c87fa024e57d40170af9df39882c"},"headline":"D\u00eda de San Joaqu\u00edn en Benilloba","datePublished":"2018-08-16T06:00:58+00:00","mainEntityOfPage":{"@id":"https:\/\/www.copealcoy.es\/es\/dia-de-san-joaquin-en-benilloba\/"},"wordCount":92,"commentCount":0,"articleSection":["Agenda"],"inLanguage":"es"},{"@type":"WebPage","@id":"https:\/\/www.copealcoy.es\/es\/dia-de-san-joaquin-en-benilloba\/","url":"https:\/\/www.copealcoy.es\/es\/dia-de-san-joaquin-en-benilloba\/","name":"D\u00eda de San Joaqu\u00edn en Benilloba - COPE Alcoy","isPartOf":{"@id":"https:\/\/www.copealcoy.es\/es\/#website"},"datePublished":"2018-08-16T06:00:58+00:00","author":{"@id":"https:\/\/www.copealcoy.es\/es\/#\/schema\/person\/e777c87fa024e57d40170af9df39882c"},"breadcrumb":{"@id":"https:\/\/www.copealcoy.es\/es\/dia-de-san-joaquin-en-benilloba\/#breadcrumb"},"inLanguage":"es","potentialAction":[{"@type":"ReadAction","target":["https:\/\/www.copealcoy.es\/es\/dia-de-san-joaquin-en-benilloba\/"]}]},{"@type":"BreadcrumbList","@id":"https:\/\/www.copealcoy.es\/es\/dia-de-san-joaquin-en-benilloba\/#breadcrumb","itemListElement":[{"@type":"ListItem","position":1,"name":"Portada","item":"https:\/\/www.copealcoy.es\/es\/"},{"@type":"ListItem","position":2,"name":"D\u00eda de San Joaqu\u00edn en Benilloba"}]},{"@type":"WebSite","@id":"https:\/\/www.copealcoy.es\/es\/#website","url":"https:\/\/www.copealcoy.es\/es\/","name":"COPE Alcoy","description":"Emisora COPE de radio local con emisi\u00f3n online. Pont de Sant Jordi 8-10 03803 Alcoy","potentialAction":[{"@type":"SearchAction","target":{"@type":"EntryPoint","urlTemplate":"https:\/\/www.copealcoy.es\/es\/?s={search_term_string}"},"query-input":{"@type":"PropertyValueSpecification","valueRequired":true,"valueName":"search_term_string"}}],"inLanguage":"es"},{"@type":"Person","@id":"https:\/\/www.copealcoy.es\/es\/#\/schema\/person\/e777c87fa024e57d40170af9df39882c","name":"Cope Alcoy","image":{"@type":"ImageObject","inLanguage":"es","@id":"https:\/\/secure.gravatar.com\/avatar\/bb65d0283347e303893ba14f0692005417c1e0e690a325a4c5d8bb2b3943ee14?s=96&d=mm&r=g","url":"https:\/\/secure.gravatar.com\/avatar\/bb65d0283347e303893ba14f0692005417c1e0e690a325a4c5d8bb2b3943ee14?s=96&d=mm&r=g","contentUrl":"https:\/\/secure.gravatar.com\/avatar\/bb65d0283347e303893ba14f0692005417c1e0e690a325a4c5d8bb2b3943ee14?s=96&d=mm&r=g","caption":"Cope Alcoy"}}]}},"_links":{"self":[{"href":"https:\/\/www.copealcoy.es\/es\/wp-json\/wp\/v2\/posts\/44814","targetHints":{"allow":["GET"]}}],"collection":[{"href":"https:\/\/www.copealcoy.es\/es\/wp-json\/wp\/v2\/posts"}],"about":[{"href":"https:\/\/www.copealcoy.es\/es\/wp-json\/wp\/v2\/types\/post"}],"author":[{"embeddable":true,"href":"https:\/\/www.copealcoy.es\/es\/wp-json\/wp\/v2\/users\/1"}],"replies":[{"embeddable":true,"href":"https:\/\/www.copealcoy.es\/es\/wp-json\/wp\/v2\/comments?post=44814"}],"version-history":[{"count":0,"href":"https:\/\/www.copealcoy.es\/es\/wp-json\/wp\/v2\/posts\/44814\/revisions"}],"wp:attachment":[{"href":"https:\/\/www.copealcoy.es\/es\/wp-json\/wp\/v2\/media?parent=44814"}],"wp:term":[{"taxonomy":"category","embeddable":true,"href":"https:\/\/www.copealcoy.es\/es\/wp-json\/wp\/v2\/categories?post=44814"},{"taxonomy":"post_tag","embeddable":true,"href":"https:\/\/www.copealcoy.es\/es\/wp-json\/wp\/v2\/tags?post=44814"}],"curies":[{"name":"wp","href":"https:\/\/api.w.org\/{rel}","templated":true}]}}