{"id":44772,"date":"2018-08-11T12:31:51","date_gmt":"2018-08-11T12:31:51","guid":{"rendered":"http:\/\/copealcoi.es\/new\/?p=44772"},"modified":"2018-08-16T18:33:09","modified_gmt":"2018-08-16T18:33:09","slug":"contrabandistas-y-maseros-se-enfrentan-en-lambaixada-del-contrabando","status":"publish","type":"post","link":"https:\/\/www.copealcoy.es\/es\/contrabandistas-y-maseros-se-enfrentan-en-lambaixada-del-contrabando\/","title":{"rendered":"Contrabandistas y Maseros se enfrentan en &#8216;L&#8217;Ambaixada del Contrabando&#8217;"},"content":{"rendered":"<p style=\"text-align: justify;\">Cocentaina <strong>sigue celebrando sus Fiestas de Moros y Cristianos<\/strong> en honor a su patr\u00f3n, San Hip\u00f3lito M\u00e1rtir, y en <strong>el d\u00eda de la Entrada<\/strong> ha tenido lugar <strong>uno de los actos m\u00e1s singulares<\/strong> de estos festejos. Se trata de <strong>&#8216;L&#8217;Ambaixada del Contrabando&#8217;<\/strong>, un enfrentamiento dial\u00e9ctico que <strong>han protagonizado las filaes Maseros y Contrabandistas<\/strong> durante el mediod\u00eda de este s\u00e1bado.<\/p>\n<p style=\"text-align: justify;\">La citada Embajada <strong>recuerda el momento<\/strong> en el que los feroces andaluces llegan hasta Cocentaina para <strong>hacer frente a las tropas moras<\/strong> que no tardar\u00e1n demasiado en hacer su entrada a la Villa Condal. Los Maseros, propietarios de las f\u00e9rtiles tierras contestanas, <strong>han mostrado cierto recelo al principio<\/strong> a recibir la ayuda de los Contrabandistas despu\u00e9s de que estos <strong>hayan explicado los motivos<\/strong> que les han llevado desde Sierra Morena a la Mariola &#8220;<em>LLoma Grossa, Escorrup\u00e8nia, Rac\u00f3 Llobet, Bassa dels Peixos, Font de l\u00b4Edra, Esquererola, Huit Piletes y altos cerros hemos recorrido en balde, pues los moros se escondieron \u00a1Con que, si de algo aprovecha, nuestro trabuco ofrecemos!&#8221;,\u00a0<\/em>dijo el Embajador. Finalmente, tras un intenso cruce dial\u00e9ctico en el que <strong>no han faltado referencias humor\u00edsticas a la actualidad<\/strong>, los Maseros <strong>han aceptado dar cobijo a los Contrabandistas<\/strong> para luchar contra los moros.<\/p>\n<p style=\"text-align: justify;\">La Embajada del Contrabando <strong>ha recorrido el casco antiguo de Cocentaina<\/strong> y ha hecho las habituales paradas en <strong>la plaza de la iglesia de Santa Mar\u00eda, la calle Conde de Cocentaina y la plaza del Pla<\/strong>. All\u00ed, con el castillo de fiestas y el Palau como testigos, <strong>se ha sellado el acuerdo<\/strong> y se ha puesto fin a este acto <strong>que han protagonizado<\/strong>\u00a0Jos\u00e9 Lu\u00eds Pascual y Enric Alberto por parte de los Maseros y Jos\u00e9 Vicente Sancho de los Contrabandistas.<\/p>\n","protected":false},"excerpt":{"rendered":"<p>Cocentaina sigue celebrando sus Fiestas de Moros y Cristianos en honor a su patr\u00f3n, San Hip\u00f3lito M\u00e1rtir, y en el&#8230;<\/p>\n","protected":false},"author":1,"featured_media":44904,"comment_status":"open","ping_status":"open","sticky":false,"template":"","format":"standard","meta":{"footnotes":""},"categories":[98,75],"tags":[6352,2263,2166,6351],"class_list":["post-44772","post","type-post","status-publish","format-standard","has-post-thumbnail","hentry","category-comarcas","category-noticias","tag-lambaixada-del-contrabando","tag-contrabandistas","tag-maseros","tag-se-enfrentan"],"yoast_head":"<!-- This site is optimized with the Yoast SEO plugin v27.3 - https:\/\/yoast.com\/product\/yoast-seo-wordpress\/ -->\n<title>Contrabandistas y Maseros se enfrentan en &#039;L&#039;Ambaixada del Contrabando&#039; - COPE Alcoy<\/title>\n<meta name=\"robots\" content=\"index, follow, max-snippet:-1, max-image-preview:large, max-video-preview:-1\" \/>\n<link rel=\"canonical\" href=\"https:\/\/www.copealcoy.es\/es\/contrabandistas-y-maseros-se-enfrentan-en-lambaixada-del-contrabando\/\" \/>\n<meta property=\"og:locale\" content=\"es_ES\" \/>\n<meta property=\"og:type\" content=\"article\" \/>\n<meta property=\"og:title\" content=\"Contrabandistas y Maseros se enfrentan en &#039;L&#039;Ambaixada del Contrabando&#039; - COPE Alcoy\" \/>\n<meta property=\"og:description\" content=\"Cocentaina sigue celebrando sus Fiestas de Moros y Cristianos en honor a su patr\u00f3n, San Hip\u00f3lito M\u00e1rtir, y en el...\" \/>\n<meta property=\"og:url\" content=\"https:\/\/www.copealcoy.es\/es\/contrabandistas-y-maseros-se-enfrentan-en-lambaixada-del-contrabando\/\" \/>\n<meta property=\"og:site_name\" content=\"COPE Alcoy\" \/>\n<meta property=\"article:published_time\" content=\"2018-08-11T12:31:51+00:00\" \/>\n<meta property=\"article:modified_time\" content=\"2018-08-16T18:33:09+00:00\" \/>\n<meta property=\"og:image\" content=\"https:\/\/www.copealcoy.es\/wp-content\/uploads\/2018\/08\/IMG_6536-e1533990655236.jpg\" \/>\n\t<meta property=\"og:image:width\" content=\"4032\" \/>\n\t<meta property=\"og:image:height\" content=\"2237\" \/>\n\t<meta property=\"og:image:type\" content=\"image\/jpeg\" \/>\n<meta name=\"author\" content=\"Cope Alcoy\" \/>\n<meta name=\"twitter:label1\" content=\"Escrito por\" \/>\n\t<meta name=\"twitter:data1\" content=\"Cope Alcoy\" \/>\n\t<meta name=\"twitter:label2\" content=\"Tiempo de lectura\" \/>\n\t<meta name=\"twitter:data2\" content=\"1 minuto\" \/>\n<script type=\"application\/ld+json\" class=\"yoast-schema-graph\">{\"@context\":\"https:\\\/\\\/schema.org\",\"@graph\":[{\"@type\":\"Article\",\"@id\":\"https:\\\/\\\/www.copealcoy.es\\\/es\\\/contrabandistas-y-maseros-se-enfrentan-en-lambaixada-del-contrabando\\\/#article\",\"isPartOf\":{\"@id\":\"https:\\\/\\\/www.copealcoy.es\\\/es\\\/contrabandistas-y-maseros-se-enfrentan-en-lambaixada-del-contrabando\\\/\"},\"author\":{\"name\":\"Cope Alcoy\",\"@id\":\"https:\\\/\\\/www.copealcoy.es\\\/es\\\/#\\\/schema\\\/person\\\/e777c87fa024e57d40170af9df39882c\"},\"headline\":\"Contrabandistas y Maseros se enfrentan en &#8216;L&#8217;Ambaixada del Contrabando&#8217;\",\"datePublished\":\"2018-08-11T12:31:51+00:00\",\"dateModified\":\"2018-08-16T18:33:09+00:00\",\"mainEntityOfPage\":{\"@id\":\"https:\\\/\\\/www.copealcoy.es\\\/es\\\/contrabandistas-y-maseros-se-enfrentan-en-lambaixada-del-contrabando\\\/\"},\"wordCount\":310,\"commentCount\":0,\"image\":{\"@id\":\"https:\\\/\\\/www.copealcoy.es\\\/es\\\/contrabandistas-y-maseros-se-enfrentan-en-lambaixada-del-contrabando\\\/#primaryimage\"},\"thumbnailUrl\":\"https:\\\/\\\/www.copealcoy.es\\\/wp-content\\\/uploads\\\/2018\\\/08\\\/IMG_6536-e1533990655236.jpg\",\"keywords\":[\"'L'Ambaixada del Contrabando'\",\"Contrabandistas\",\"Maseros\",\"se enfrentan\"],\"articleSection\":[\"Comarcas\",\"Noticias\"],\"inLanguage\":\"es\"},{\"@type\":\"WebPage\",\"@id\":\"https:\\\/\\\/www.copealcoy.es\\\/es\\\/contrabandistas-y-maseros-se-enfrentan-en-lambaixada-del-contrabando\\\/\",\"url\":\"https:\\\/\\\/www.copealcoy.es\\\/es\\\/contrabandistas-y-maseros-se-enfrentan-en-lambaixada-del-contrabando\\\/\",\"name\":\"Contrabandistas y Maseros se enfrentan en 'L'Ambaixada del Contrabando' - COPE Alcoy\",\"isPartOf\":{\"@id\":\"https:\\\/\\\/www.copealcoy.es\\\/es\\\/#website\"},\"primaryImageOfPage\":{\"@id\":\"https:\\\/\\\/www.copealcoy.es\\\/es\\\/contrabandistas-y-maseros-se-enfrentan-en-lambaixada-del-contrabando\\\/#primaryimage\"},\"image\":{\"@id\":\"https:\\\/\\\/www.copealcoy.es\\\/es\\\/contrabandistas-y-maseros-se-enfrentan-en-lambaixada-del-contrabando\\\/#primaryimage\"},\"thumbnailUrl\":\"https:\\\/\\\/www.copealcoy.es\\\/wp-content\\\/uploads\\\/2018\\\/08\\\/IMG_6536-e1533990655236.jpg\",\"datePublished\":\"2018-08-11T12:31:51+00:00\",\"dateModified\":\"2018-08-16T18:33:09+00:00\",\"author\":{\"@id\":\"https:\\\/\\\/www.copealcoy.es\\\/es\\\/#\\\/schema\\\/person\\\/e777c87fa024e57d40170af9df39882c\"},\"breadcrumb\":{\"@id\":\"https:\\\/\\\/www.copealcoy.es\\\/es\\\/contrabandistas-y-maseros-se-enfrentan-en-lambaixada-del-contrabando\\\/#breadcrumb\"},\"inLanguage\":\"es\",\"potentialAction\":[{\"@type\":\"ReadAction\",\"target\":[\"https:\\\/\\\/www.copealcoy.es\\\/es\\\/contrabandistas-y-maseros-se-enfrentan-en-lambaixada-del-contrabando\\\/\"]}]},{\"@type\":\"ImageObject\",\"inLanguage\":\"es\",\"@id\":\"https:\\\/\\\/www.copealcoy.es\\\/es\\\/contrabandistas-y-maseros-se-enfrentan-en-lambaixada-del-contrabando\\\/#primaryimage\",\"url\":\"https:\\\/\\\/www.copealcoy.es\\\/wp-content\\\/uploads\\\/2018\\\/08\\\/IMG_6536-e1533990655236.jpg\",\"contentUrl\":\"https:\\\/\\\/www.copealcoy.es\\\/wp-content\\\/uploads\\\/2018\\\/08\\\/IMG_6536-e1533990655236.jpg\",\"width\":4032,\"height\":2237,\"caption\":\"Jos\u00e9 Vicente Sancho ha sido el Embajador por parte de los Contrabandistas \\\/ Foto: G. Pascual\"},{\"@type\":\"BreadcrumbList\",\"@id\":\"https:\\\/\\\/www.copealcoy.es\\\/es\\\/contrabandistas-y-maseros-se-enfrentan-en-lambaixada-del-contrabando\\\/#breadcrumb\",\"itemListElement\":[{\"@type\":\"ListItem\",\"position\":1,\"name\":\"Portada\",\"item\":\"https:\\\/\\\/www.copealcoy.es\\\/es\\\/\"},{\"@type\":\"ListItem\",\"position\":2,\"name\":\"Contrabandistas y Maseros se enfrentan en &#8216;L&#8217;Ambaixada del Contrabando&#8217;\"}]},{\"@type\":\"WebSite\",\"@id\":\"https:\\\/\\\/www.copealcoy.es\\\/es\\\/#website\",\"url\":\"https:\\\/\\\/www.copealcoy.es\\\/es\\\/\",\"name\":\"COPE Alcoy\",\"description\":\"Emisora COPE de radio local con emisi\u00f3n online. Pont de Sant Jordi 8-10 03803 Alcoy\",\"potentialAction\":[{\"@type\":\"SearchAction\",\"target\":{\"@type\":\"EntryPoint\",\"urlTemplate\":\"https:\\\/\\\/www.copealcoy.es\\\/es\\\/?s={search_term_string}\"},\"query-input\":{\"@type\":\"PropertyValueSpecification\",\"valueRequired\":true,\"valueName\":\"search_term_string\"}}],\"inLanguage\":\"es\"},{\"@type\":\"Person\",\"@id\":\"https:\\\/\\\/www.copealcoy.es\\\/es\\\/#\\\/schema\\\/person\\\/e777c87fa024e57d40170af9df39882c\",\"name\":\"Cope Alcoy\",\"image\":{\"@type\":\"ImageObject\",\"inLanguage\":\"es\",\"@id\":\"https:\\\/\\\/secure.gravatar.com\\\/avatar\\\/bb65d0283347e303893ba14f0692005417c1e0e690a325a4c5d8bb2b3943ee14?s=96&d=mm&r=g\",\"url\":\"https:\\\/\\\/secure.gravatar.com\\\/avatar\\\/bb65d0283347e303893ba14f0692005417c1e0e690a325a4c5d8bb2b3943ee14?s=96&d=mm&r=g\",\"contentUrl\":\"https:\\\/\\\/secure.gravatar.com\\\/avatar\\\/bb65d0283347e303893ba14f0692005417c1e0e690a325a4c5d8bb2b3943ee14?s=96&d=mm&r=g\",\"caption\":\"Cope Alcoy\"}}]}<\/script>\n<!-- \/ Yoast SEO plugin. -->","yoast_head_json":{"title":"Contrabandistas y Maseros se enfrentan en 'L'Ambaixada del Contrabando' - COPE Alcoy","robots":{"index":"index","follow":"follow","max-snippet":"max-snippet:-1","max-image-preview":"max-image-preview:large","max-video-preview":"max-video-preview:-1"},"canonical":"https:\/\/www.copealcoy.es\/es\/contrabandistas-y-maseros-se-enfrentan-en-lambaixada-del-contrabando\/","og_locale":"es_ES","og_type":"article","og_title":"Contrabandistas y Maseros se enfrentan en 'L'Ambaixada del Contrabando' - COPE Alcoy","og_description":"Cocentaina sigue celebrando sus Fiestas de Moros y Cristianos en honor a su patr\u00f3n, San Hip\u00f3lito M\u00e1rtir, y en el...","og_url":"https:\/\/www.copealcoy.es\/es\/contrabandistas-y-maseros-se-enfrentan-en-lambaixada-del-contrabando\/","og_site_name":"COPE Alcoy","article_published_time":"2018-08-11T12:31:51+00:00","article_modified_time":"2018-08-16T18:33:09+00:00","og_image":[{"width":4032,"height":2237,"url":"https:\/\/www.copealcoy.es\/wp-content\/uploads\/2018\/08\/IMG_6536-e1533990655236.jpg","type":"image\/jpeg"}],"author":"Cope Alcoy","twitter_misc":{"Escrito por":"Cope Alcoy","Tiempo de lectura":"1 minuto"},"schema":{"@context":"https:\/\/schema.org","@graph":[{"@type":"Article","@id":"https:\/\/www.copealcoy.es\/es\/contrabandistas-y-maseros-se-enfrentan-en-lambaixada-del-contrabando\/#article","isPartOf":{"@id":"https:\/\/www.copealcoy.es\/es\/contrabandistas-y-maseros-se-enfrentan-en-lambaixada-del-contrabando\/"},"author":{"name":"Cope Alcoy","@id":"https:\/\/www.copealcoy.es\/es\/#\/schema\/person\/e777c87fa024e57d40170af9df39882c"},"headline":"Contrabandistas y Maseros se enfrentan en &#8216;L&#8217;Ambaixada del Contrabando&#8217;","datePublished":"2018-08-11T12:31:51+00:00","dateModified":"2018-08-16T18:33:09+00:00","mainEntityOfPage":{"@id":"https:\/\/www.copealcoy.es\/es\/contrabandistas-y-maseros-se-enfrentan-en-lambaixada-del-contrabando\/"},"wordCount":310,"commentCount":0,"image":{"@id":"https:\/\/www.copealcoy.es\/es\/contrabandistas-y-maseros-se-enfrentan-en-lambaixada-del-contrabando\/#primaryimage"},"thumbnailUrl":"https:\/\/www.copealcoy.es\/wp-content\/uploads\/2018\/08\/IMG_6536-e1533990655236.jpg","keywords":["'L'Ambaixada del Contrabando'","Contrabandistas","Maseros","se enfrentan"],"articleSection":["Comarcas","Noticias"],"inLanguage":"es"},{"@type":"WebPage","@id":"https:\/\/www.copealcoy.es\/es\/contrabandistas-y-maseros-se-enfrentan-en-lambaixada-del-contrabando\/","url":"https:\/\/www.copealcoy.es\/es\/contrabandistas-y-maseros-se-enfrentan-en-lambaixada-del-contrabando\/","name":"Contrabandistas y Maseros se enfrentan en 'L'Ambaixada del Contrabando' - COPE Alcoy","isPartOf":{"@id":"https:\/\/www.copealcoy.es\/es\/#website"},"primaryImageOfPage":{"@id":"https:\/\/www.copealcoy.es\/es\/contrabandistas-y-maseros-se-enfrentan-en-lambaixada-del-contrabando\/#primaryimage"},"image":{"@id":"https:\/\/www.copealcoy.es\/es\/contrabandistas-y-maseros-se-enfrentan-en-lambaixada-del-contrabando\/#primaryimage"},"thumbnailUrl":"https:\/\/www.copealcoy.es\/wp-content\/uploads\/2018\/08\/IMG_6536-e1533990655236.jpg","datePublished":"2018-08-11T12:31:51+00:00","dateModified":"2018-08-16T18:33:09+00:00","author":{"@id":"https:\/\/www.copealcoy.es\/es\/#\/schema\/person\/e777c87fa024e57d40170af9df39882c"},"breadcrumb":{"@id":"https:\/\/www.copealcoy.es\/es\/contrabandistas-y-maseros-se-enfrentan-en-lambaixada-del-contrabando\/#breadcrumb"},"inLanguage":"es","potentialAction":[{"@type":"ReadAction","target":["https:\/\/www.copealcoy.es\/es\/contrabandistas-y-maseros-se-enfrentan-en-lambaixada-del-contrabando\/"]}]},{"@type":"ImageObject","inLanguage":"es","@id":"https:\/\/www.copealcoy.es\/es\/contrabandistas-y-maseros-se-enfrentan-en-lambaixada-del-contrabando\/#primaryimage","url":"https:\/\/www.copealcoy.es\/wp-content\/uploads\/2018\/08\/IMG_6536-e1533990655236.jpg","contentUrl":"https:\/\/www.copealcoy.es\/wp-content\/uploads\/2018\/08\/IMG_6536-e1533990655236.jpg","width":4032,"height":2237,"caption":"Jos\u00e9 Vicente Sancho ha sido el Embajador por parte de los Contrabandistas \/ Foto: G. Pascual"},{"@type":"BreadcrumbList","@id":"https:\/\/www.copealcoy.es\/es\/contrabandistas-y-maseros-se-enfrentan-en-lambaixada-del-contrabando\/#breadcrumb","itemListElement":[{"@type":"ListItem","position":1,"name":"Portada","item":"https:\/\/www.copealcoy.es\/es\/"},{"@type":"ListItem","position":2,"name":"Contrabandistas y Maseros se enfrentan en &#8216;L&#8217;Ambaixada del Contrabando&#8217;"}]},{"@type":"WebSite","@id":"https:\/\/www.copealcoy.es\/es\/#website","url":"https:\/\/www.copealcoy.es\/es\/","name":"COPE Alcoy","description":"Emisora COPE de radio local con emisi\u00f3n online. Pont de Sant Jordi 8-10 03803 Alcoy","potentialAction":[{"@type":"SearchAction","target":{"@type":"EntryPoint","urlTemplate":"https:\/\/www.copealcoy.es\/es\/?s={search_term_string}"},"query-input":{"@type":"PropertyValueSpecification","valueRequired":true,"valueName":"search_term_string"}}],"inLanguage":"es"},{"@type":"Person","@id":"https:\/\/www.copealcoy.es\/es\/#\/schema\/person\/e777c87fa024e57d40170af9df39882c","name":"Cope Alcoy","image":{"@type":"ImageObject","inLanguage":"es","@id":"https:\/\/secure.gravatar.com\/avatar\/bb65d0283347e303893ba14f0692005417c1e0e690a325a4c5d8bb2b3943ee14?s=96&d=mm&r=g","url":"https:\/\/secure.gravatar.com\/avatar\/bb65d0283347e303893ba14f0692005417c1e0e690a325a4c5d8bb2b3943ee14?s=96&d=mm&r=g","contentUrl":"https:\/\/secure.gravatar.com\/avatar\/bb65d0283347e303893ba14f0692005417c1e0e690a325a4c5d8bb2b3943ee14?s=96&d=mm&r=g","caption":"Cope Alcoy"}}]}},"_links":{"self":[{"href":"https:\/\/www.copealcoy.es\/es\/wp-json\/wp\/v2\/posts\/44772","targetHints":{"allow":["GET"]}}],"collection":[{"href":"https:\/\/www.copealcoy.es\/es\/wp-json\/wp\/v2\/posts"}],"about":[{"href":"https:\/\/www.copealcoy.es\/es\/wp-json\/wp\/v2\/types\/post"}],"author":[{"embeddable":true,"href":"https:\/\/www.copealcoy.es\/es\/wp-json\/wp\/v2\/users\/1"}],"replies":[{"embeddable":true,"href":"https:\/\/www.copealcoy.es\/es\/wp-json\/wp\/v2\/comments?post=44772"}],"version-history":[{"count":0,"href":"https:\/\/www.copealcoy.es\/es\/wp-json\/wp\/v2\/posts\/44772\/revisions"}],"wp:featuredmedia":[{"embeddable":true,"href":"https:\/\/www.copealcoy.es\/es\/wp-json\/wp\/v2\/media\/44904"}],"wp:attachment":[{"href":"https:\/\/www.copealcoy.es\/es\/wp-json\/wp\/v2\/media?parent=44772"}],"wp:term":[{"taxonomy":"category","embeddable":true,"href":"https:\/\/www.copealcoy.es\/es\/wp-json\/wp\/v2\/categories?post=44772"},{"taxonomy":"post_tag","embeddable":true,"href":"https:\/\/www.copealcoy.es\/es\/wp-json\/wp\/v2\/tags?post=44772"}],"curies":[{"name":"wp","href":"https:\/\/api.w.org\/{rel}","templated":true}]}}