{"id":44756,"date":"2018-08-08T16:47:53","date_gmt":"2018-08-08T16:47:53","guid":{"rendered":"http:\/\/copealcoi.es\/new\/?p=44756"},"modified":"2018-08-08T16:50:04","modified_gmt":"2018-08-08T16:50:04","slug":"la-web-del-ayuntamiento-de-alcoy-ya-es-accesible-para-personas-con-diversidad-funcional","status":"publish","type":"post","link":"https:\/\/www.copealcoy.es\/es\/la-web-del-ayuntamiento-de-alcoy-ya-es-accesible-para-personas-con-diversidad-funcional\/","title":{"rendered":"La web del Ayuntamiento de Alcoy ya es accesible para personas con diversidad funcional"},"content":{"rendered":"<p class=\"Default\" style=\"text-align: justify;\">La <strong>web institucional del Ayuntamiento de Alcoy<\/strong>, <a href=\"http:\/\/www.alcoi.org\/\">www.alcoi.org\u00a0<\/a><strong>ya\u00a0es accesible<\/strong> para las personas con diversidad funcional. Para llegar hasta la web accesible <strong>hay que hacer clic en el icono azul<\/strong> que aparece a la izquierda de la pantalla, <strong>que dice \u2018Versi\u00f3n accesible\u2019<\/strong>, y una vez se accede se dan varias opciones. Entre ellas <strong>destaca<\/strong> navegar sin rat\u00f3n utilizando el teclado, dar \u00f3rdenes de voz, navegaci\u00f3n con sonidos, sencilla con botones, para visi\u00f3n reducida y con la opci\u00f3n de optimizar para colocar un lector de pantalla y finalmente tambi\u00e9n permite navegar sin ver la pantalla, ofreciendo la lectura del contenido y las opciones disponibles.<\/p>\n<p style=\"text-align: justify;\">El concejal de Modernizaci\u00f3n de la Administraci\u00f3n, <strong>Alberto Belda<\/strong>, recuerda que el <strong>proceso de mejora de la web municipal<\/strong> est\u00e1 <strong>casi concluido<\/strong> y hace referencia a esa mejora de la accesibilidad &#8220;<em>dentro de las diferentes acciones de accesibilidad que est\u00e1 realizando este Gobierno, la web no pod\u00eda ser una excepci\u00f3n<\/em>&#8220;, afirma.<\/p>\n<p class=\"Default\" style=\"text-align: justify;\">Recordar que en estos meses de verano <strong>culminar\u00e1 \u00a0la adaptaci\u00f3n de la web a un nuevo dise\u00f1o<\/strong> por parte de los t\u00e9cnicos municipales de manera progresiva para que <strong>los contenidos<\/strong> sean m\u00e1s sencillos y visuales.<b><\/b><\/p>\n","protected":false},"excerpt":{"rendered":"<p>La web institucional del Ayuntamiento de Alcoy, www.alcoi.org\u00a0ya\u00a0es accesible para las personas con diversidad funcional. Para llegar hasta la web&#8230;<\/p>\n","protected":false},"author":1,"featured_media":43799,"comment_status":"open","ping_status":"open","sticky":false,"template":"","format":"standard","meta":{"footnotes":""},"categories":[97,75],"tags":[6341,6339,6338,5718,6340],"class_list":["post-44756","post","type-post","status-publish","format-standard","has-post-thumbnail","hentry","category-alcoy","category-noticias","tag-con-diversidad-funcional","tag-del-ayuntamiento-de-alcoy","tag-la-web","tag-personas","tag-ya-es-accesible"],"yoast_head":"<!-- This site is optimized with the Yoast SEO plugin v27.3 - https:\/\/yoast.com\/product\/yoast-seo-wordpress\/ -->\n<title>La web del Ayuntamiento de Alcoy ya es accesible para personas con diversidad funcional - COPE Alcoy<\/title>\n<meta name=\"robots\" content=\"index, follow, max-snippet:-1, max-image-preview:large, max-video-preview:-1\" \/>\n<link rel=\"canonical\" href=\"https:\/\/www.copealcoy.es\/es\/la-web-del-ayuntamiento-de-alcoy-ya-es-accesible-para-personas-con-diversidad-funcional\/\" \/>\n<meta property=\"og:locale\" content=\"es_ES\" \/>\n<meta property=\"og:type\" content=\"article\" \/>\n<meta property=\"og:title\" content=\"La web del Ayuntamiento de Alcoy ya es accesible para personas con diversidad funcional - COPE Alcoy\" \/>\n<meta property=\"og:description\" content=\"La web institucional del Ayuntamiento de Alcoy, www.alcoi.org\u00a0ya\u00a0es accesible para las personas con diversidad funcional. Para llegar hasta la web...\" \/>\n<meta property=\"og:url\" content=\"https:\/\/www.copealcoy.es\/es\/la-web-del-ayuntamiento-de-alcoy-ya-es-accesible-para-personas-con-diversidad-funcional\/\" \/>\n<meta property=\"og:site_name\" content=\"COPE Alcoy\" \/>\n<meta property=\"article:published_time\" content=\"2018-08-08T16:47:53+00:00\" \/>\n<meta property=\"article:modified_time\" content=\"2018-08-08T16:50:04+00:00\" \/>\n<meta property=\"og:image\" content=\"https:\/\/www.copealcoy.es\/wp-content\/uploads\/2018\/07\/web-.jpg\" \/>\n\t<meta property=\"og:image:width\" content=\"660\" \/>\n\t<meta property=\"og:image:height\" content=\"330\" \/>\n\t<meta property=\"og:image:type\" content=\"image\/jpeg\" \/>\n<meta name=\"author\" content=\"Cope Alcoy\" \/>\n<meta name=\"twitter:label1\" content=\"Escrito por\" \/>\n\t<meta name=\"twitter:data1\" content=\"Cope Alcoy\" \/>\n\t<meta name=\"twitter:label2\" content=\"Tiempo de lectura\" \/>\n\t<meta name=\"twitter:data2\" content=\"1 minuto\" \/>\n<script type=\"application\/ld+json\" class=\"yoast-schema-graph\">{\"@context\":\"https:\\\/\\\/schema.org\",\"@graph\":[{\"@type\":\"Article\",\"@id\":\"https:\\\/\\\/www.copealcoy.es\\\/es\\\/la-web-del-ayuntamiento-de-alcoy-ya-es-accesible-para-personas-con-diversidad-funcional\\\/#article\",\"isPartOf\":{\"@id\":\"https:\\\/\\\/www.copealcoy.es\\\/es\\\/la-web-del-ayuntamiento-de-alcoy-ya-es-accesible-para-personas-con-diversidad-funcional\\\/\"},\"author\":{\"name\":\"Cope Alcoy\",\"@id\":\"https:\\\/\\\/www.copealcoy.es\\\/es\\\/#\\\/schema\\\/person\\\/e777c87fa024e57d40170af9df39882c\"},\"headline\":\"La web del Ayuntamiento de Alcoy ya es accesible para personas con diversidad funcional\",\"datePublished\":\"2018-08-08T16:47:53+00:00\",\"dateModified\":\"2018-08-08T16:50:04+00:00\",\"mainEntityOfPage\":{\"@id\":\"https:\\\/\\\/www.copealcoy.es\\\/es\\\/la-web-del-ayuntamiento-de-alcoy-ya-es-accesible-para-personas-con-diversidad-funcional\\\/\"},\"wordCount\":220,\"commentCount\":0,\"image\":{\"@id\":\"https:\\\/\\\/www.copealcoy.es\\\/es\\\/la-web-del-ayuntamiento-de-alcoy-ya-es-accesible-para-personas-con-diversidad-funcional\\\/#primaryimage\"},\"thumbnailUrl\":\"https:\\\/\\\/www.copealcoy.es\\\/wp-content\\\/uploads\\\/2018\\\/07\\\/web-.jpg\",\"keywords\":[\"con diversidad funcional\",\"del Ayuntamiento de Alcoy\",\"La web\",\"personas\",\"ya es accesible\"],\"articleSection\":[\"Alcoy\",\"Noticias\"],\"inLanguage\":\"es\"},{\"@type\":\"WebPage\",\"@id\":\"https:\\\/\\\/www.copealcoy.es\\\/es\\\/la-web-del-ayuntamiento-de-alcoy-ya-es-accesible-para-personas-con-diversidad-funcional\\\/\",\"url\":\"https:\\\/\\\/www.copealcoy.es\\\/es\\\/la-web-del-ayuntamiento-de-alcoy-ya-es-accesible-para-personas-con-diversidad-funcional\\\/\",\"name\":\"La web del Ayuntamiento de Alcoy ya es accesible para personas con diversidad funcional - COPE Alcoy\",\"isPartOf\":{\"@id\":\"https:\\\/\\\/www.copealcoy.es\\\/es\\\/#website\"},\"primaryImageOfPage\":{\"@id\":\"https:\\\/\\\/www.copealcoy.es\\\/es\\\/la-web-del-ayuntamiento-de-alcoy-ya-es-accesible-para-personas-con-diversidad-funcional\\\/#primaryimage\"},\"image\":{\"@id\":\"https:\\\/\\\/www.copealcoy.es\\\/es\\\/la-web-del-ayuntamiento-de-alcoy-ya-es-accesible-para-personas-con-diversidad-funcional\\\/#primaryimage\"},\"thumbnailUrl\":\"https:\\\/\\\/www.copealcoy.es\\\/wp-content\\\/uploads\\\/2018\\\/07\\\/web-.jpg\",\"datePublished\":\"2018-08-08T16:47:53+00:00\",\"dateModified\":\"2018-08-08T16:50:04+00:00\",\"author\":{\"@id\":\"https:\\\/\\\/www.copealcoy.es\\\/es\\\/#\\\/schema\\\/person\\\/e777c87fa024e57d40170af9df39882c\"},\"breadcrumb\":{\"@id\":\"https:\\\/\\\/www.copealcoy.es\\\/es\\\/la-web-del-ayuntamiento-de-alcoy-ya-es-accesible-para-personas-con-diversidad-funcional\\\/#breadcrumb\"},\"inLanguage\":\"es\",\"potentialAction\":[{\"@type\":\"ReadAction\",\"target\":[\"https:\\\/\\\/www.copealcoy.es\\\/es\\\/la-web-del-ayuntamiento-de-alcoy-ya-es-accesible-para-personas-con-diversidad-funcional\\\/\"]}]},{\"@type\":\"ImageObject\",\"inLanguage\":\"es\",\"@id\":\"https:\\\/\\\/www.copealcoy.es\\\/es\\\/la-web-del-ayuntamiento-de-alcoy-ya-es-accesible-para-personas-con-diversidad-funcional\\\/#primaryimage\",\"url\":\"https:\\\/\\\/www.copealcoy.es\\\/wp-content\\\/uploads\\\/2018\\\/07\\\/web-.jpg\",\"contentUrl\":\"https:\\\/\\\/www.copealcoy.es\\\/wp-content\\\/uploads\\\/2018\\\/07\\\/web-.jpg\",\"width\":660,\"height\":330},{\"@type\":\"BreadcrumbList\",\"@id\":\"https:\\\/\\\/www.copealcoy.es\\\/es\\\/la-web-del-ayuntamiento-de-alcoy-ya-es-accesible-para-personas-con-diversidad-funcional\\\/#breadcrumb\",\"itemListElement\":[{\"@type\":\"ListItem\",\"position\":1,\"name\":\"Portada\",\"item\":\"https:\\\/\\\/www.copealcoy.es\\\/es\\\/\"},{\"@type\":\"ListItem\",\"position\":2,\"name\":\"La web del Ayuntamiento de Alcoy ya es accesible para personas con diversidad funcional\"}]},{\"@type\":\"WebSite\",\"@id\":\"https:\\\/\\\/www.copealcoy.es\\\/es\\\/#website\",\"url\":\"https:\\\/\\\/www.copealcoy.es\\\/es\\\/\",\"name\":\"COPE Alcoy\",\"description\":\"Emisora COPE de radio local con emisi\u00f3n online. Pont de Sant Jordi 8-10 03803 Alcoy\",\"potentialAction\":[{\"@type\":\"SearchAction\",\"target\":{\"@type\":\"EntryPoint\",\"urlTemplate\":\"https:\\\/\\\/www.copealcoy.es\\\/es\\\/?s={search_term_string}\"},\"query-input\":{\"@type\":\"PropertyValueSpecification\",\"valueRequired\":true,\"valueName\":\"search_term_string\"}}],\"inLanguage\":\"es\"},{\"@type\":\"Person\",\"@id\":\"https:\\\/\\\/www.copealcoy.es\\\/es\\\/#\\\/schema\\\/person\\\/e777c87fa024e57d40170af9df39882c\",\"name\":\"Cope Alcoy\",\"image\":{\"@type\":\"ImageObject\",\"inLanguage\":\"es\",\"@id\":\"https:\\\/\\\/secure.gravatar.com\\\/avatar\\\/bb65d0283347e303893ba14f0692005417c1e0e690a325a4c5d8bb2b3943ee14?s=96&d=mm&r=g\",\"url\":\"https:\\\/\\\/secure.gravatar.com\\\/avatar\\\/bb65d0283347e303893ba14f0692005417c1e0e690a325a4c5d8bb2b3943ee14?s=96&d=mm&r=g\",\"contentUrl\":\"https:\\\/\\\/secure.gravatar.com\\\/avatar\\\/bb65d0283347e303893ba14f0692005417c1e0e690a325a4c5d8bb2b3943ee14?s=96&d=mm&r=g\",\"caption\":\"Cope Alcoy\"}}]}<\/script>\n<!-- \/ Yoast SEO plugin. -->","yoast_head_json":{"title":"La web del Ayuntamiento de Alcoy ya es accesible para personas con diversidad funcional - COPE Alcoy","robots":{"index":"index","follow":"follow","max-snippet":"max-snippet:-1","max-image-preview":"max-image-preview:large","max-video-preview":"max-video-preview:-1"},"canonical":"https:\/\/www.copealcoy.es\/es\/la-web-del-ayuntamiento-de-alcoy-ya-es-accesible-para-personas-con-diversidad-funcional\/","og_locale":"es_ES","og_type":"article","og_title":"La web del Ayuntamiento de Alcoy ya es accesible para personas con diversidad funcional - COPE Alcoy","og_description":"La web institucional del Ayuntamiento de Alcoy, www.alcoi.org\u00a0ya\u00a0es accesible para las personas con diversidad funcional. Para llegar hasta la web...","og_url":"https:\/\/www.copealcoy.es\/es\/la-web-del-ayuntamiento-de-alcoy-ya-es-accesible-para-personas-con-diversidad-funcional\/","og_site_name":"COPE Alcoy","article_published_time":"2018-08-08T16:47:53+00:00","article_modified_time":"2018-08-08T16:50:04+00:00","og_image":[{"width":660,"height":330,"url":"https:\/\/www.copealcoy.es\/wp-content\/uploads\/2018\/07\/web-.jpg","type":"image\/jpeg"}],"author":"Cope Alcoy","twitter_misc":{"Escrito por":"Cope Alcoy","Tiempo de lectura":"1 minuto"},"schema":{"@context":"https:\/\/schema.org","@graph":[{"@type":"Article","@id":"https:\/\/www.copealcoy.es\/es\/la-web-del-ayuntamiento-de-alcoy-ya-es-accesible-para-personas-con-diversidad-funcional\/#article","isPartOf":{"@id":"https:\/\/www.copealcoy.es\/es\/la-web-del-ayuntamiento-de-alcoy-ya-es-accesible-para-personas-con-diversidad-funcional\/"},"author":{"name":"Cope Alcoy","@id":"https:\/\/www.copealcoy.es\/es\/#\/schema\/person\/e777c87fa024e57d40170af9df39882c"},"headline":"La web del Ayuntamiento de Alcoy ya es accesible para personas con diversidad funcional","datePublished":"2018-08-08T16:47:53+00:00","dateModified":"2018-08-08T16:50:04+00:00","mainEntityOfPage":{"@id":"https:\/\/www.copealcoy.es\/es\/la-web-del-ayuntamiento-de-alcoy-ya-es-accesible-para-personas-con-diversidad-funcional\/"},"wordCount":220,"commentCount":0,"image":{"@id":"https:\/\/www.copealcoy.es\/es\/la-web-del-ayuntamiento-de-alcoy-ya-es-accesible-para-personas-con-diversidad-funcional\/#primaryimage"},"thumbnailUrl":"https:\/\/www.copealcoy.es\/wp-content\/uploads\/2018\/07\/web-.jpg","keywords":["con diversidad funcional","del Ayuntamiento de Alcoy","La web","personas","ya es accesible"],"articleSection":["Alcoy","Noticias"],"inLanguage":"es"},{"@type":"WebPage","@id":"https:\/\/www.copealcoy.es\/es\/la-web-del-ayuntamiento-de-alcoy-ya-es-accesible-para-personas-con-diversidad-funcional\/","url":"https:\/\/www.copealcoy.es\/es\/la-web-del-ayuntamiento-de-alcoy-ya-es-accesible-para-personas-con-diversidad-funcional\/","name":"La web del Ayuntamiento de Alcoy ya es accesible para personas con diversidad funcional - COPE Alcoy","isPartOf":{"@id":"https:\/\/www.copealcoy.es\/es\/#website"},"primaryImageOfPage":{"@id":"https:\/\/www.copealcoy.es\/es\/la-web-del-ayuntamiento-de-alcoy-ya-es-accesible-para-personas-con-diversidad-funcional\/#primaryimage"},"image":{"@id":"https:\/\/www.copealcoy.es\/es\/la-web-del-ayuntamiento-de-alcoy-ya-es-accesible-para-personas-con-diversidad-funcional\/#primaryimage"},"thumbnailUrl":"https:\/\/www.copealcoy.es\/wp-content\/uploads\/2018\/07\/web-.jpg","datePublished":"2018-08-08T16:47:53+00:00","dateModified":"2018-08-08T16:50:04+00:00","author":{"@id":"https:\/\/www.copealcoy.es\/es\/#\/schema\/person\/e777c87fa024e57d40170af9df39882c"},"breadcrumb":{"@id":"https:\/\/www.copealcoy.es\/es\/la-web-del-ayuntamiento-de-alcoy-ya-es-accesible-para-personas-con-diversidad-funcional\/#breadcrumb"},"inLanguage":"es","potentialAction":[{"@type":"ReadAction","target":["https:\/\/www.copealcoy.es\/es\/la-web-del-ayuntamiento-de-alcoy-ya-es-accesible-para-personas-con-diversidad-funcional\/"]}]},{"@type":"ImageObject","inLanguage":"es","@id":"https:\/\/www.copealcoy.es\/es\/la-web-del-ayuntamiento-de-alcoy-ya-es-accesible-para-personas-con-diversidad-funcional\/#primaryimage","url":"https:\/\/www.copealcoy.es\/wp-content\/uploads\/2018\/07\/web-.jpg","contentUrl":"https:\/\/www.copealcoy.es\/wp-content\/uploads\/2018\/07\/web-.jpg","width":660,"height":330},{"@type":"BreadcrumbList","@id":"https:\/\/www.copealcoy.es\/es\/la-web-del-ayuntamiento-de-alcoy-ya-es-accesible-para-personas-con-diversidad-funcional\/#breadcrumb","itemListElement":[{"@type":"ListItem","position":1,"name":"Portada","item":"https:\/\/www.copealcoy.es\/es\/"},{"@type":"ListItem","position":2,"name":"La web del Ayuntamiento de Alcoy ya es accesible para personas con diversidad funcional"}]},{"@type":"WebSite","@id":"https:\/\/www.copealcoy.es\/es\/#website","url":"https:\/\/www.copealcoy.es\/es\/","name":"COPE Alcoy","description":"Emisora COPE de radio local con emisi\u00f3n online. Pont de Sant Jordi 8-10 03803 Alcoy","potentialAction":[{"@type":"SearchAction","target":{"@type":"EntryPoint","urlTemplate":"https:\/\/www.copealcoy.es\/es\/?s={search_term_string}"},"query-input":{"@type":"PropertyValueSpecification","valueRequired":true,"valueName":"search_term_string"}}],"inLanguage":"es"},{"@type":"Person","@id":"https:\/\/www.copealcoy.es\/es\/#\/schema\/person\/e777c87fa024e57d40170af9df39882c","name":"Cope Alcoy","image":{"@type":"ImageObject","inLanguage":"es","@id":"https:\/\/secure.gravatar.com\/avatar\/bb65d0283347e303893ba14f0692005417c1e0e690a325a4c5d8bb2b3943ee14?s=96&d=mm&r=g","url":"https:\/\/secure.gravatar.com\/avatar\/bb65d0283347e303893ba14f0692005417c1e0e690a325a4c5d8bb2b3943ee14?s=96&d=mm&r=g","contentUrl":"https:\/\/secure.gravatar.com\/avatar\/bb65d0283347e303893ba14f0692005417c1e0e690a325a4c5d8bb2b3943ee14?s=96&d=mm&r=g","caption":"Cope Alcoy"}}]}},"_links":{"self":[{"href":"https:\/\/www.copealcoy.es\/es\/wp-json\/wp\/v2\/posts\/44756","targetHints":{"allow":["GET"]}}],"collection":[{"href":"https:\/\/www.copealcoy.es\/es\/wp-json\/wp\/v2\/posts"}],"about":[{"href":"https:\/\/www.copealcoy.es\/es\/wp-json\/wp\/v2\/types\/post"}],"author":[{"embeddable":true,"href":"https:\/\/www.copealcoy.es\/es\/wp-json\/wp\/v2\/users\/1"}],"replies":[{"embeddable":true,"href":"https:\/\/www.copealcoy.es\/es\/wp-json\/wp\/v2\/comments?post=44756"}],"version-history":[{"count":0,"href":"https:\/\/www.copealcoy.es\/es\/wp-json\/wp\/v2\/posts\/44756\/revisions"}],"wp:featuredmedia":[{"embeddable":true,"href":"https:\/\/www.copealcoy.es\/es\/wp-json\/wp\/v2\/media\/43799"}],"wp:attachment":[{"href":"https:\/\/www.copealcoy.es\/es\/wp-json\/wp\/v2\/media?parent=44756"}],"wp:term":[{"taxonomy":"category","embeddable":true,"href":"https:\/\/www.copealcoy.es\/es\/wp-json\/wp\/v2\/categories?post=44756"},{"taxonomy":"post_tag","embeddable":true,"href":"https:\/\/www.copealcoy.es\/es\/wp-json\/wp\/v2\/tags?post=44756"}],"curies":[{"name":"wp","href":"https:\/\/api.w.org\/{rel}","templated":true}]}}