{"id":44704,"date":"2018-08-07T16:06:51","date_gmt":"2018-08-07T16:06:51","guid":{"rendered":"http:\/\/copealcoi.es\/new\/?p=44704"},"modified":"2018-08-08T16:23:56","modified_gmt":"2018-08-08T16:23:56","slug":"francisco-barrachina-canto-representa-a-la-fila-maseros-como-abanderado-cristiano","status":"publish","type":"post","link":"https:\/\/www.copealcoy.es\/es\/francisco-barrachina-canto-representa-a-la-fila-maseros-como-abanderado-cristiano\/","title":{"rendered":"Francisco Barrachina Cant\u00f3 representa a la Fil\u00e0 Maseros como Abanderado Cristiano"},"content":{"rendered":"<p style=\"text-align: justify;\">El <strong>abanderado cristiano de 2018<\/strong> pertenece a <strong>la Fil\u00e0 Maseros<\/strong> desde el a\u00f1o 1995 y presume de tener en su colecci\u00f3n particular <strong>m\u00e1s de un centenar de CD\u00b4s<\/strong> de m\u00fasica festera. En este martes <strong>ha estado en COPE ALCOY<\/strong> para contarnos c\u00f3mo afronta la inminente trilog\u00eda festera en honor a San Hip\u00f3lito M\u00e1rtir.<\/p>\n<p style=\"text-align: justify;\">Francisco Nadal Barrachina Cant\u00f3, <strong>el entra\u00f1able Paquito como se le conoce cari\u00f1osamente en Cocentaina<\/strong>, vive con ilusi\u00f3n y nerviosismo <strong>la cuenta atr\u00e1s hacia los festejos en honor a San Hip\u00f3lito M\u00e1rtir<\/strong> que tendr\u00e1n lugar la pr\u00f3xima semana <em>\u201cmi familia bromea conmigo muchas veces diciendo que paso m\u00e1s tiempo en la fil\u00e0 que en casa pero es que los Maseros son un elemento muy importante en mi vida. Estamos todos juntos trabajando para hacer un gran cargo<\/em>\u201d, destaca.\u00a0 Francisco Nadal Barrachina <strong>no deja de lado su pasi\u00f3n por la m\u00fasica<\/strong>, como buen percusionista, y anuncia que <strong>en la Entrada va hacer un homenaje a dos compositores<\/strong> que son clave en su trayectoria dentro de esta disciplina \u201c<em>me acompa\u00f1ar\u00e1 la Uni\u00f3n Musical de l\u2019Orxa con \u2018Cagamistos Capit\u00e1\u2019 de Jos\u00e9 Francisco P\u00e9rez Vilaplana y \u2018Tabal i Sarag\u00fcells\u2019 de Mario Roig Vila.<\/em><em>Son dos piezas muy significativas y que me definen a m\u00ed como contestano, m\u00fasico y masero<\/em>\u201d, destaca.<\/p>\n<p style=\"text-align: justify;\">Paquito, que <strong>siempre est\u00e1 dispuesto a arrimar el hombro<\/strong> en todo lo que la fil\u00e0 necesita, <strong>cuenta con el respaldo incondicional de la familia y de los compa\u00f1eros de formaci\u00f3n<\/strong> a la hora de llevar adelante esta responsabilidad \u201c<em>est\u00e1n conmigo para ayudarme en todo lo que haga falta. Est\u00e1is todos invitados a venir el s\u00e1bado a la Entrada y ver la puesta en escena que los Maseros sacaremos a la calle<\/em>\u201d, matiza.<\/p>\n<p>Aqu\u00ed puedes escuchar la entrevista que hemos mantenido con el Abanderado Cristiano:<\/p>\n<p><iframe loading=\"lazy\" title=\"La Ma\u00f1ana En Alcoy Martes 7 De Agosto 2018\" width=\"100%\" height=\"120\" src=\"https:\/\/www.mixcloud.com\/widget\/iframe\/?feed=https%3A%2F%2Fwww.mixcloud.com%2FCOPEAlcoy%2Fla-ma%25C3%25B1ana-en-alcoy-martes-7-de-agosto-2018%2F&amp;hide_cover=1\" frameborder=\"0\"><\/iframe><\/p>\n","protected":false},"excerpt":{"rendered":"<p>El abanderado cristiano de 2018 pertenece a la Fil\u00e0 Maseros desde el a\u00f1o 1995 y presume de tener en su&#8230;<\/p>\n","protected":false},"author":1,"featured_media":44705,"comment_status":"open","ping_status":"open","sticky":false,"template":"","format":"standard","meta":{"footnotes":""},"categories":[98,75],"tags":[2747,3134,6310,6311],"class_list":["post-44704","post","type-post","status-publish","format-standard","has-post-thumbnail","hentry","category-comarcas","category-noticias","tag-abanderado-cristiano","tag-fila-maseros","tag-francisco-barrachina-canto","tag-representa"],"yoast_head":"<!-- This site is optimized with the Yoast SEO plugin v27.3 - https:\/\/yoast.com\/product\/yoast-seo-wordpress\/ -->\n<title>Francisco Barrachina Cant\u00f3 representa a la Fil\u00e0 Maseros como Abanderado Cristiano - COPE Alcoy<\/title>\n<meta name=\"robots\" content=\"index, follow, max-snippet:-1, max-image-preview:large, max-video-preview:-1\" \/>\n<link rel=\"canonical\" href=\"https:\/\/www.copealcoy.es\/es\/francisco-barrachina-canto-representa-a-la-fila-maseros-como-abanderado-cristiano\/\" \/>\n<meta property=\"og:locale\" content=\"es_ES\" \/>\n<meta property=\"og:type\" content=\"article\" \/>\n<meta property=\"og:title\" content=\"Francisco Barrachina Cant\u00f3 representa a la Fil\u00e0 Maseros como Abanderado Cristiano - COPE Alcoy\" \/>\n<meta property=\"og:description\" content=\"El abanderado cristiano de 2018 pertenece a la Fil\u00e0 Maseros desde el a\u00f1o 1995 y presume de tener en su...\" \/>\n<meta property=\"og:url\" content=\"https:\/\/www.copealcoy.es\/es\/francisco-barrachina-canto-representa-a-la-fila-maseros-como-abanderado-cristiano\/\" \/>\n<meta property=\"og:site_name\" content=\"COPE Alcoy\" \/>\n<meta property=\"article:published_time\" content=\"2018-08-07T16:06:51+00:00\" \/>\n<meta property=\"article:modified_time\" content=\"2018-08-08T16:23:56+00:00\" \/>\n<meta property=\"og:image\" content=\"https:\/\/www.copealcoy.es\/wp-content\/uploads\/2018\/08\/38703310_1427406810736133_1327835516615262208_n-e1533657968265.jpg\" \/>\n\t<meta property=\"og:image:width\" content=\"837\" \/>\n\t<meta property=\"og:image:height\" content=\"532\" \/>\n\t<meta property=\"og:image:type\" content=\"image\/jpeg\" \/>\n<meta name=\"author\" content=\"Cope Alcoy\" \/>\n<meta name=\"twitter:label1\" content=\"Escrito por\" \/>\n\t<meta name=\"twitter:data1\" content=\"Cope Alcoy\" \/>\n\t<meta name=\"twitter:label2\" content=\"Tiempo de lectura\" \/>\n\t<meta name=\"twitter:data2\" content=\"2 minutos\" \/>\n<script type=\"application\/ld+json\" class=\"yoast-schema-graph\">{\"@context\":\"https:\\\/\\\/schema.org\",\"@graph\":[{\"@type\":\"Article\",\"@id\":\"https:\\\/\\\/www.copealcoy.es\\\/es\\\/francisco-barrachina-canto-representa-a-la-fila-maseros-como-abanderado-cristiano\\\/#article\",\"isPartOf\":{\"@id\":\"https:\\\/\\\/www.copealcoy.es\\\/es\\\/francisco-barrachina-canto-representa-a-la-fila-maseros-como-abanderado-cristiano\\\/\"},\"author\":{\"name\":\"Cope Alcoy\",\"@id\":\"https:\\\/\\\/www.copealcoy.es\\\/es\\\/#\\\/schema\\\/person\\\/e777c87fa024e57d40170af9df39882c\"},\"headline\":\"Francisco Barrachina Cant\u00f3 representa a la Fil\u00e0 Maseros como Abanderado Cristiano\",\"datePublished\":\"2018-08-07T16:06:51+00:00\",\"dateModified\":\"2018-08-08T16:23:56+00:00\",\"mainEntityOfPage\":{\"@id\":\"https:\\\/\\\/www.copealcoy.es\\\/es\\\/francisco-barrachina-canto-representa-a-la-fila-maseros-como-abanderado-cristiano\\\/\"},\"wordCount\":340,\"commentCount\":0,\"image\":{\"@id\":\"https:\\\/\\\/www.copealcoy.es\\\/es\\\/francisco-barrachina-canto-representa-a-la-fila-maseros-como-abanderado-cristiano\\\/#primaryimage\"},\"thumbnailUrl\":\"https:\\\/\\\/www.copealcoy.es\\\/wp-content\\\/uploads\\\/2018\\\/08\\\/38703310_1427406810736133_1327835516615262208_n-e1533657968265.jpg\",\"keywords\":[\"Abanderado Cristiano\",\"Fil\u00e0 Maseros\",\"Francisco Barrachina Cant\u00f3\",\"representa\"],\"articleSection\":[\"Comarcas\",\"Noticias\"],\"inLanguage\":\"es\"},{\"@type\":\"WebPage\",\"@id\":\"https:\\\/\\\/www.copealcoy.es\\\/es\\\/francisco-barrachina-canto-representa-a-la-fila-maseros-como-abanderado-cristiano\\\/\",\"url\":\"https:\\\/\\\/www.copealcoy.es\\\/es\\\/francisco-barrachina-canto-representa-a-la-fila-maseros-como-abanderado-cristiano\\\/\",\"name\":\"Francisco Barrachina Cant\u00f3 representa a la Fil\u00e0 Maseros como Abanderado Cristiano - COPE Alcoy\",\"isPartOf\":{\"@id\":\"https:\\\/\\\/www.copealcoy.es\\\/es\\\/#website\"},\"primaryImageOfPage\":{\"@id\":\"https:\\\/\\\/www.copealcoy.es\\\/es\\\/francisco-barrachina-canto-representa-a-la-fila-maseros-como-abanderado-cristiano\\\/#primaryimage\"},\"image\":{\"@id\":\"https:\\\/\\\/www.copealcoy.es\\\/es\\\/francisco-barrachina-canto-representa-a-la-fila-maseros-como-abanderado-cristiano\\\/#primaryimage\"},\"thumbnailUrl\":\"https:\\\/\\\/www.copealcoy.es\\\/wp-content\\\/uploads\\\/2018\\\/08\\\/38703310_1427406810736133_1327835516615262208_n-e1533657968265.jpg\",\"datePublished\":\"2018-08-07T16:06:51+00:00\",\"dateModified\":\"2018-08-08T16:23:56+00:00\",\"author\":{\"@id\":\"https:\\\/\\\/www.copealcoy.es\\\/es\\\/#\\\/schema\\\/person\\\/e777c87fa024e57d40170af9df39882c\"},\"breadcrumb\":{\"@id\":\"https:\\\/\\\/www.copealcoy.es\\\/es\\\/francisco-barrachina-canto-representa-a-la-fila-maseros-como-abanderado-cristiano\\\/#breadcrumb\"},\"inLanguage\":\"es\",\"potentialAction\":[{\"@type\":\"ReadAction\",\"target\":[\"https:\\\/\\\/www.copealcoy.es\\\/es\\\/francisco-barrachina-canto-representa-a-la-fila-maseros-como-abanderado-cristiano\\\/\"]}]},{\"@type\":\"ImageObject\",\"inLanguage\":\"es\",\"@id\":\"https:\\\/\\\/www.copealcoy.es\\\/es\\\/francisco-barrachina-canto-representa-a-la-fila-maseros-como-abanderado-cristiano\\\/#primaryimage\",\"url\":\"https:\\\/\\\/www.copealcoy.es\\\/wp-content\\\/uploads\\\/2018\\\/08\\\/38703310_1427406810736133_1327835516615262208_n-e1533657968265.jpg\",\"contentUrl\":\"https:\\\/\\\/www.copealcoy.es\\\/wp-content\\\/uploads\\\/2018\\\/08\\\/38703310_1427406810736133_1327835516615262208_n-e1533657968265.jpg\",\"width\":837,\"height\":532,\"caption\":\"Francisco Nadal Barrachina Cant\u00f3 durante su entrevista en Cope Alcoy\"},{\"@type\":\"BreadcrumbList\",\"@id\":\"https:\\\/\\\/www.copealcoy.es\\\/es\\\/francisco-barrachina-canto-representa-a-la-fila-maseros-como-abanderado-cristiano\\\/#breadcrumb\",\"itemListElement\":[{\"@type\":\"ListItem\",\"position\":1,\"name\":\"Portada\",\"item\":\"https:\\\/\\\/www.copealcoy.es\\\/es\\\/\"},{\"@type\":\"ListItem\",\"position\":2,\"name\":\"Francisco Barrachina Cant\u00f3 representa a la Fil\u00e0 Maseros como Abanderado Cristiano\"}]},{\"@type\":\"WebSite\",\"@id\":\"https:\\\/\\\/www.copealcoy.es\\\/es\\\/#website\",\"url\":\"https:\\\/\\\/www.copealcoy.es\\\/es\\\/\",\"name\":\"COPE Alcoy\",\"description\":\"Emisora COPE de radio local con emisi\u00f3n online. Pont de Sant Jordi 8-10 03803 Alcoy\",\"potentialAction\":[{\"@type\":\"SearchAction\",\"target\":{\"@type\":\"EntryPoint\",\"urlTemplate\":\"https:\\\/\\\/www.copealcoy.es\\\/es\\\/?s={search_term_string}\"},\"query-input\":{\"@type\":\"PropertyValueSpecification\",\"valueRequired\":true,\"valueName\":\"search_term_string\"}}],\"inLanguage\":\"es\"},{\"@type\":\"Person\",\"@id\":\"https:\\\/\\\/www.copealcoy.es\\\/es\\\/#\\\/schema\\\/person\\\/e777c87fa024e57d40170af9df39882c\",\"name\":\"Cope Alcoy\",\"image\":{\"@type\":\"ImageObject\",\"inLanguage\":\"es\",\"@id\":\"https:\\\/\\\/secure.gravatar.com\\\/avatar\\\/bb65d0283347e303893ba14f0692005417c1e0e690a325a4c5d8bb2b3943ee14?s=96&d=mm&r=g\",\"url\":\"https:\\\/\\\/secure.gravatar.com\\\/avatar\\\/bb65d0283347e303893ba14f0692005417c1e0e690a325a4c5d8bb2b3943ee14?s=96&d=mm&r=g\",\"contentUrl\":\"https:\\\/\\\/secure.gravatar.com\\\/avatar\\\/bb65d0283347e303893ba14f0692005417c1e0e690a325a4c5d8bb2b3943ee14?s=96&d=mm&r=g\",\"caption\":\"Cope Alcoy\"}}]}<\/script>\n<!-- \/ Yoast SEO plugin. -->","yoast_head_json":{"title":"Francisco Barrachina Cant\u00f3 representa a la Fil\u00e0 Maseros como Abanderado Cristiano - COPE Alcoy","robots":{"index":"index","follow":"follow","max-snippet":"max-snippet:-1","max-image-preview":"max-image-preview:large","max-video-preview":"max-video-preview:-1"},"canonical":"https:\/\/www.copealcoy.es\/es\/francisco-barrachina-canto-representa-a-la-fila-maseros-como-abanderado-cristiano\/","og_locale":"es_ES","og_type":"article","og_title":"Francisco Barrachina Cant\u00f3 representa a la Fil\u00e0 Maseros como Abanderado Cristiano - COPE Alcoy","og_description":"El abanderado cristiano de 2018 pertenece a la Fil\u00e0 Maseros desde el a\u00f1o 1995 y presume de tener en su...","og_url":"https:\/\/www.copealcoy.es\/es\/francisco-barrachina-canto-representa-a-la-fila-maseros-como-abanderado-cristiano\/","og_site_name":"COPE Alcoy","article_published_time":"2018-08-07T16:06:51+00:00","article_modified_time":"2018-08-08T16:23:56+00:00","og_image":[{"width":837,"height":532,"url":"https:\/\/www.copealcoy.es\/wp-content\/uploads\/2018\/08\/38703310_1427406810736133_1327835516615262208_n-e1533657968265.jpg","type":"image\/jpeg"}],"author":"Cope Alcoy","twitter_misc":{"Escrito por":"Cope Alcoy","Tiempo de lectura":"2 minutos"},"schema":{"@context":"https:\/\/schema.org","@graph":[{"@type":"Article","@id":"https:\/\/www.copealcoy.es\/es\/francisco-barrachina-canto-representa-a-la-fila-maseros-como-abanderado-cristiano\/#article","isPartOf":{"@id":"https:\/\/www.copealcoy.es\/es\/francisco-barrachina-canto-representa-a-la-fila-maseros-como-abanderado-cristiano\/"},"author":{"name":"Cope Alcoy","@id":"https:\/\/www.copealcoy.es\/es\/#\/schema\/person\/e777c87fa024e57d40170af9df39882c"},"headline":"Francisco Barrachina Cant\u00f3 representa a la Fil\u00e0 Maseros como Abanderado Cristiano","datePublished":"2018-08-07T16:06:51+00:00","dateModified":"2018-08-08T16:23:56+00:00","mainEntityOfPage":{"@id":"https:\/\/www.copealcoy.es\/es\/francisco-barrachina-canto-representa-a-la-fila-maseros-como-abanderado-cristiano\/"},"wordCount":340,"commentCount":0,"image":{"@id":"https:\/\/www.copealcoy.es\/es\/francisco-barrachina-canto-representa-a-la-fila-maseros-como-abanderado-cristiano\/#primaryimage"},"thumbnailUrl":"https:\/\/www.copealcoy.es\/wp-content\/uploads\/2018\/08\/38703310_1427406810736133_1327835516615262208_n-e1533657968265.jpg","keywords":["Abanderado Cristiano","Fil\u00e0 Maseros","Francisco Barrachina Cant\u00f3","representa"],"articleSection":["Comarcas","Noticias"],"inLanguage":"es"},{"@type":"WebPage","@id":"https:\/\/www.copealcoy.es\/es\/francisco-barrachina-canto-representa-a-la-fila-maseros-como-abanderado-cristiano\/","url":"https:\/\/www.copealcoy.es\/es\/francisco-barrachina-canto-representa-a-la-fila-maseros-como-abanderado-cristiano\/","name":"Francisco Barrachina Cant\u00f3 representa a la Fil\u00e0 Maseros como Abanderado Cristiano - COPE Alcoy","isPartOf":{"@id":"https:\/\/www.copealcoy.es\/es\/#website"},"primaryImageOfPage":{"@id":"https:\/\/www.copealcoy.es\/es\/francisco-barrachina-canto-representa-a-la-fila-maseros-como-abanderado-cristiano\/#primaryimage"},"image":{"@id":"https:\/\/www.copealcoy.es\/es\/francisco-barrachina-canto-representa-a-la-fila-maseros-como-abanderado-cristiano\/#primaryimage"},"thumbnailUrl":"https:\/\/www.copealcoy.es\/wp-content\/uploads\/2018\/08\/38703310_1427406810736133_1327835516615262208_n-e1533657968265.jpg","datePublished":"2018-08-07T16:06:51+00:00","dateModified":"2018-08-08T16:23:56+00:00","author":{"@id":"https:\/\/www.copealcoy.es\/es\/#\/schema\/person\/e777c87fa024e57d40170af9df39882c"},"breadcrumb":{"@id":"https:\/\/www.copealcoy.es\/es\/francisco-barrachina-canto-representa-a-la-fila-maseros-como-abanderado-cristiano\/#breadcrumb"},"inLanguage":"es","potentialAction":[{"@type":"ReadAction","target":["https:\/\/www.copealcoy.es\/es\/francisco-barrachina-canto-representa-a-la-fila-maseros-como-abanderado-cristiano\/"]}]},{"@type":"ImageObject","inLanguage":"es","@id":"https:\/\/www.copealcoy.es\/es\/francisco-barrachina-canto-representa-a-la-fila-maseros-como-abanderado-cristiano\/#primaryimage","url":"https:\/\/www.copealcoy.es\/wp-content\/uploads\/2018\/08\/38703310_1427406810736133_1327835516615262208_n-e1533657968265.jpg","contentUrl":"https:\/\/www.copealcoy.es\/wp-content\/uploads\/2018\/08\/38703310_1427406810736133_1327835516615262208_n-e1533657968265.jpg","width":837,"height":532,"caption":"Francisco Nadal Barrachina Cant\u00f3 durante su entrevista en Cope Alcoy"},{"@type":"BreadcrumbList","@id":"https:\/\/www.copealcoy.es\/es\/francisco-barrachina-canto-representa-a-la-fila-maseros-como-abanderado-cristiano\/#breadcrumb","itemListElement":[{"@type":"ListItem","position":1,"name":"Portada","item":"https:\/\/www.copealcoy.es\/es\/"},{"@type":"ListItem","position":2,"name":"Francisco Barrachina Cant\u00f3 representa a la Fil\u00e0 Maseros como Abanderado Cristiano"}]},{"@type":"WebSite","@id":"https:\/\/www.copealcoy.es\/es\/#website","url":"https:\/\/www.copealcoy.es\/es\/","name":"COPE Alcoy","description":"Emisora COPE de radio local con emisi\u00f3n online. Pont de Sant Jordi 8-10 03803 Alcoy","potentialAction":[{"@type":"SearchAction","target":{"@type":"EntryPoint","urlTemplate":"https:\/\/www.copealcoy.es\/es\/?s={search_term_string}"},"query-input":{"@type":"PropertyValueSpecification","valueRequired":true,"valueName":"search_term_string"}}],"inLanguage":"es"},{"@type":"Person","@id":"https:\/\/www.copealcoy.es\/es\/#\/schema\/person\/e777c87fa024e57d40170af9df39882c","name":"Cope Alcoy","image":{"@type":"ImageObject","inLanguage":"es","@id":"https:\/\/secure.gravatar.com\/avatar\/bb65d0283347e303893ba14f0692005417c1e0e690a325a4c5d8bb2b3943ee14?s=96&d=mm&r=g","url":"https:\/\/secure.gravatar.com\/avatar\/bb65d0283347e303893ba14f0692005417c1e0e690a325a4c5d8bb2b3943ee14?s=96&d=mm&r=g","contentUrl":"https:\/\/secure.gravatar.com\/avatar\/bb65d0283347e303893ba14f0692005417c1e0e690a325a4c5d8bb2b3943ee14?s=96&d=mm&r=g","caption":"Cope Alcoy"}}]}},"_links":{"self":[{"href":"https:\/\/www.copealcoy.es\/es\/wp-json\/wp\/v2\/posts\/44704","targetHints":{"allow":["GET"]}}],"collection":[{"href":"https:\/\/www.copealcoy.es\/es\/wp-json\/wp\/v2\/posts"}],"about":[{"href":"https:\/\/www.copealcoy.es\/es\/wp-json\/wp\/v2\/types\/post"}],"author":[{"embeddable":true,"href":"https:\/\/www.copealcoy.es\/es\/wp-json\/wp\/v2\/users\/1"}],"replies":[{"embeddable":true,"href":"https:\/\/www.copealcoy.es\/es\/wp-json\/wp\/v2\/comments?post=44704"}],"version-history":[{"count":0,"href":"https:\/\/www.copealcoy.es\/es\/wp-json\/wp\/v2\/posts\/44704\/revisions"}],"wp:featuredmedia":[{"embeddable":true,"href":"https:\/\/www.copealcoy.es\/es\/wp-json\/wp\/v2\/media\/44705"}],"wp:attachment":[{"href":"https:\/\/www.copealcoy.es\/es\/wp-json\/wp\/v2\/media?parent=44704"}],"wp:term":[{"taxonomy":"category","embeddable":true,"href":"https:\/\/www.copealcoy.es\/es\/wp-json\/wp\/v2\/categories?post=44704"},{"taxonomy":"post_tag","embeddable":true,"href":"https:\/\/www.copealcoy.es\/es\/wp-json\/wp\/v2\/tags?post=44704"}],"curies":[{"name":"wp","href":"https:\/\/api.w.org\/{rel}","templated":true}]}}