{"id":44634,"date":"2018-08-05T22:26:51","date_gmt":"2018-08-05T22:26:51","guid":{"rendered":"http:\/\/copealcoi.es\/new\/?p=44634"},"modified":"2018-08-05T22:26:51","modified_gmt":"2018-08-05T22:26:51","slug":"el-mal-passet-llena-el-palau-con-su-xv-concierto-de-musica-festera","status":"publish","type":"post","link":"https:\/\/www.copealcoy.es\/es\/el-mal-passet-llena-el-palau-con-su-xv-concierto-de-musica-festera\/","title":{"rendered":"El Mal Passet llena el Palau con su XV concierto de m\u00fasica festera"},"content":{"rendered":"<p style=\"text-align: justify;\">La <strong>Colla de Dol\u00e7aines i Tabals Mal Passet<\/strong> de Cocentaina inici\u00f3 anoche<strong> la actividad cultural<\/strong> de la Semana Festera y lo hizo con <strong>la celebraci\u00f3n de su XV concierto<\/strong> dedicado a las Fiestas de Moros y Cristianos en honor a San Hip\u00f3lito M\u00e1rtir. El acto, conducido por la periodista contestana <strong>Mari Nieves Pascual,<\/strong> llen\u00f3 por completo el patio de armas del Palau Comtal y adem\u00e1s<strong> tuvo un fin solidario<\/strong> ya que la recaudaci\u00f3n <strong>conseguida con los dos euros del precio de la entrada<\/strong> ir\u00e1 destinada al \u2018Projecte Somriures\u2019. Se\u00f1alar que la Colla de la Villa Condal tambi\u00e9n cont\u00f3 con la colaboraci\u00f3n de <strong>un grupo de metales<\/strong> para la interpretaci\u00f3n de varias de las piezas mientras que se dio la bienvenida a <strong>Leo Maci\u00e0 S\u00e1nchez<\/strong> como nueva integrante de la agrupaci\u00f3n.<\/p>\n<p style=\"text-align: justify;\">El concierto <strong>estuvo dividido en dos partes<\/strong> y\u00a0 la direcci\u00f3n del mismo corri\u00f3 a cargo del compositor, y director del Mal Passet,<strong> Francisco Valor Llorens<\/strong>. En la <strong>primera parte<\/strong> se pudo escuchar la marcha cristiana de Ram\u00f3n Garc\u00eda i Soler titulada <em>La Lligassa,<\/em>la marcha mora de Marcos Verd\u00fa <em>Augur <\/em>(pieza que obtuvo el I Premio del Concurso de Composici\u00f3n Ciutat de X\u00e0tiva 2017), y el ballet <em>\u00c1frica <\/em>creado por el mismo autor. Asimismo sonaron la marcha cristiana <em>Volgudes\u00a0<\/em>de Francisco Valor (I Premio y Premio Especial del P\u00fablico en el 8\u00ba Concurso de M\u00fasica Festera Francisco Cerd\u00e0 de l\u2019Olleria 2012) y el ballet moro <em>Imlaq\u00a0<\/em>del compositor d\u2019 Ontinyent; Sa\u00fcl G\u00f3mez i Soler.<\/p>\n<p style=\"text-align: justify;\">Tras un breve receso, el concierto de m\u00fasica festera<strong> sigui\u00f3 con la interpretaci\u00f3n<\/strong> de <em>Tabals i Sarag\u00fcells <\/em>de Mario Roig Vila, la marcha mora <em>Al\u2019Amir <\/em>de Jos\u00e9 Rafael Pascual Vilaplana, el ballet cristiano <em>Din\u00e0mics <\/em>de Francisco Valor Llorens y la marcha cristiana <em>Als Xacals <\/em>de Jaume Blai Santonja Espin\u00f3s. Finalmente se pudo escuchar el ballet moro <em>Sakasik <\/em>de Sa\u00fcl G\u00f3mez i Soler. Se\u00f1alar que antes de comenzar el concierto <strong>se escucharon varias partes de las fanfarrias<\/strong> que el compositor <strong>Jos\u00e9 Francisco Molina P\u00e9rez<\/strong> ha creado para <strong>acompa\u00f1ar el momento de las Embajadas<\/strong> del d\u00eda del Alardo.<\/p>\n<p style=\"text-align: justify;\">Los minutos finales estuvieron reservados para las palabras de <strong>Alfonso S\u00e1nchez<\/strong>, Presidente de la Colla Mal Passet, as\u00ed como de la alcaldesa,<strong> Mireia Estepa<\/strong>, y del Presidente de la Junta de Fiestas; <strong>Hip\u00f2lit Borr\u00e0s<\/strong>. Por \u00faltimo <strong>son\u00f3 con fuerza el Himno de Fiestas<\/strong>, una pieza con letra del poeta Gerard Mur i P\u00e9rez y a la que el recordado compositor Jos\u00e9 Insa Mart\u00ednez le puso m\u00fasica. En esta ocasi\u00f3n se escuch\u00f3 en una adaptaci\u00f3n para dol\u00e7aina i tabal ideada por <strong>Hip\u00f2lit Agull\u00f3<\/strong>.<\/p>\n<p style=\"text-align: justify;\">Apuntar que la Semana Festera de Cocentaina sigue esta noche, a partir de las 22:30h, con <strong>el XXXIII Concierto de m\u00fasica para Fiestas de Moros y Cristianos<\/strong> que ofrecer\u00e1 la Societat Ateneu Musical.<\/p>\n","protected":false},"excerpt":{"rendered":"<p>La Colla de Dol\u00e7aines i Tabals Mal Passet de Cocentaina inici\u00f3 anoche la actividad cultural de la Semana Festera y&#8230;<\/p>\n","protected":false},"author":1,"featured_media":44636,"comment_status":"open","ping_status":"open","sticky":false,"template":"","format":"standard","meta":{"footnotes":""},"categories":[98,75],"tags":[6285,6286,700,6287],"class_list":["post-44634","post","type-post","status-publish","format-standard","has-post-thumbnail","hentry","category-comarcas","category-noticias","tag-el-mal-passet","tag-llena-el-palau","tag-musica-festera","tag-xv-concierto"],"yoast_head":"<!-- This site is optimized with the Yoast SEO plugin v27.3 - https:\/\/yoast.com\/product\/yoast-seo-wordpress\/ -->\n<title>El Mal Passet llena el Palau con su XV concierto de m\u00fasica festera - COPE Alcoy<\/title>\n<meta name=\"robots\" content=\"index, follow, max-snippet:-1, max-image-preview:large, max-video-preview:-1\" \/>\n<link rel=\"canonical\" href=\"https:\/\/www.copealcoy.es\/es\/el-mal-passet-llena-el-palau-con-su-xv-concierto-de-musica-festera\/\" \/>\n<meta property=\"og:locale\" content=\"es_ES\" \/>\n<meta property=\"og:type\" content=\"article\" \/>\n<meta property=\"og:title\" content=\"El Mal Passet llena el Palau con su XV concierto de m\u00fasica festera - COPE Alcoy\" \/>\n<meta property=\"og:description\" content=\"La Colla de Dol\u00e7aines i Tabals Mal Passet de Cocentaina inici\u00f3 anoche la actividad cultural de la Semana Festera y...\" \/>\n<meta property=\"og:url\" content=\"https:\/\/www.copealcoy.es\/es\/el-mal-passet-llena-el-palau-con-su-xv-concierto-de-musica-festera\/\" \/>\n<meta property=\"og:site_name\" content=\"COPE Alcoy\" \/>\n<meta property=\"article:published_time\" content=\"2018-08-05T22:26:51+00:00\" \/>\n<meta property=\"og:image\" content=\"https:\/\/www.copealcoy.es\/wp-content\/uploads\/2018\/08\/38509214_1668657909909393_4711638295476436992_n.jpg\" \/>\n\t<meta property=\"og:image:width\" content=\"960\" \/>\n\t<meta property=\"og:image:height\" content=\"675\" \/>\n\t<meta property=\"og:image:type\" content=\"image\/jpeg\" \/>\n<meta name=\"author\" content=\"Cope Alcoy\" \/>\n<meta name=\"twitter:label1\" content=\"Escrito por\" \/>\n\t<meta name=\"twitter:data1\" content=\"Cope Alcoy\" \/>\n\t<meta name=\"twitter:label2\" content=\"Tiempo de lectura\" \/>\n\t<meta name=\"twitter:data2\" content=\"2 minutos\" \/>\n<script type=\"application\/ld+json\" class=\"yoast-schema-graph\">{\"@context\":\"https:\\\/\\\/schema.org\",\"@graph\":[{\"@type\":\"Article\",\"@id\":\"https:\\\/\\\/www.copealcoy.es\\\/es\\\/el-mal-passet-llena-el-palau-con-su-xv-concierto-de-musica-festera\\\/#article\",\"isPartOf\":{\"@id\":\"https:\\\/\\\/www.copealcoy.es\\\/es\\\/el-mal-passet-llena-el-palau-con-su-xv-concierto-de-musica-festera\\\/\"},\"author\":{\"name\":\"Cope Alcoy\",\"@id\":\"https:\\\/\\\/www.copealcoy.es\\\/es\\\/#\\\/schema\\\/person\\\/e777c87fa024e57d40170af9df39882c\"},\"headline\":\"El Mal Passet llena el Palau con su XV concierto de m\u00fasica festera\",\"datePublished\":\"2018-08-05T22:26:51+00:00\",\"mainEntityOfPage\":{\"@id\":\"https:\\\/\\\/www.copealcoy.es\\\/es\\\/el-mal-passet-llena-el-palau-con-su-xv-concierto-de-musica-festera\\\/\"},\"wordCount\":511,\"commentCount\":0,\"image\":{\"@id\":\"https:\\\/\\\/www.copealcoy.es\\\/es\\\/el-mal-passet-llena-el-palau-con-su-xv-concierto-de-musica-festera\\\/#primaryimage\"},\"thumbnailUrl\":\"https:\\\/\\\/www.copealcoy.es\\\/wp-content\\\/uploads\\\/2018\\\/08\\\/38509214_1668657909909393_4711638295476436992_n.jpg\",\"keywords\":[\"El Mal Passet\",\"llena el Palau\",\"M\u00fasica Festera\",\"XV concierto\"],\"articleSection\":[\"Comarcas\",\"Noticias\"],\"inLanguage\":\"es\"},{\"@type\":\"WebPage\",\"@id\":\"https:\\\/\\\/www.copealcoy.es\\\/es\\\/el-mal-passet-llena-el-palau-con-su-xv-concierto-de-musica-festera\\\/\",\"url\":\"https:\\\/\\\/www.copealcoy.es\\\/es\\\/el-mal-passet-llena-el-palau-con-su-xv-concierto-de-musica-festera\\\/\",\"name\":\"El Mal Passet llena el Palau con su XV concierto de m\u00fasica festera - COPE Alcoy\",\"isPartOf\":{\"@id\":\"https:\\\/\\\/www.copealcoy.es\\\/es\\\/#website\"},\"primaryImageOfPage\":{\"@id\":\"https:\\\/\\\/www.copealcoy.es\\\/es\\\/el-mal-passet-llena-el-palau-con-su-xv-concierto-de-musica-festera\\\/#primaryimage\"},\"image\":{\"@id\":\"https:\\\/\\\/www.copealcoy.es\\\/es\\\/el-mal-passet-llena-el-palau-con-su-xv-concierto-de-musica-festera\\\/#primaryimage\"},\"thumbnailUrl\":\"https:\\\/\\\/www.copealcoy.es\\\/wp-content\\\/uploads\\\/2018\\\/08\\\/38509214_1668657909909393_4711638295476436992_n.jpg\",\"datePublished\":\"2018-08-05T22:26:51+00:00\",\"author\":{\"@id\":\"https:\\\/\\\/www.copealcoy.es\\\/es\\\/#\\\/schema\\\/person\\\/e777c87fa024e57d40170af9df39882c\"},\"breadcrumb\":{\"@id\":\"https:\\\/\\\/www.copealcoy.es\\\/es\\\/el-mal-passet-llena-el-palau-con-su-xv-concierto-de-musica-festera\\\/#breadcrumb\"},\"inLanguage\":\"es\",\"potentialAction\":[{\"@type\":\"ReadAction\",\"target\":[\"https:\\\/\\\/www.copealcoy.es\\\/es\\\/el-mal-passet-llena-el-palau-con-su-xv-concierto-de-musica-festera\\\/\"]}]},{\"@type\":\"ImageObject\",\"inLanguage\":\"es\",\"@id\":\"https:\\\/\\\/www.copealcoy.es\\\/es\\\/el-mal-passet-llena-el-palau-con-su-xv-concierto-de-musica-festera\\\/#primaryimage\",\"url\":\"https:\\\/\\\/www.copealcoy.es\\\/wp-content\\\/uploads\\\/2018\\\/08\\\/38509214_1668657909909393_4711638295476436992_n.jpg\",\"contentUrl\":\"https:\\\/\\\/www.copealcoy.es\\\/wp-content\\\/uploads\\\/2018\\\/08\\\/38509214_1668657909909393_4711638295476436992_n.jpg\",\"width\":960,\"height\":675,\"caption\":\"Un instante del concierto celebrado anoche en Cocentaina \\\/ Foto: G. Pascual\"},{\"@type\":\"BreadcrumbList\",\"@id\":\"https:\\\/\\\/www.copealcoy.es\\\/es\\\/el-mal-passet-llena-el-palau-con-su-xv-concierto-de-musica-festera\\\/#breadcrumb\",\"itemListElement\":[{\"@type\":\"ListItem\",\"position\":1,\"name\":\"Portada\",\"item\":\"https:\\\/\\\/www.copealcoy.es\\\/es\\\/\"},{\"@type\":\"ListItem\",\"position\":2,\"name\":\"El Mal Passet llena el Palau con su XV concierto de m\u00fasica festera\"}]},{\"@type\":\"WebSite\",\"@id\":\"https:\\\/\\\/www.copealcoy.es\\\/es\\\/#website\",\"url\":\"https:\\\/\\\/www.copealcoy.es\\\/es\\\/\",\"name\":\"COPE Alcoy\",\"description\":\"Emisora COPE de radio local con emisi\u00f3n online. Pont de Sant Jordi 8-10 03803 Alcoy\",\"potentialAction\":[{\"@type\":\"SearchAction\",\"target\":{\"@type\":\"EntryPoint\",\"urlTemplate\":\"https:\\\/\\\/www.copealcoy.es\\\/es\\\/?s={search_term_string}\"},\"query-input\":{\"@type\":\"PropertyValueSpecification\",\"valueRequired\":true,\"valueName\":\"search_term_string\"}}],\"inLanguage\":\"es\"},{\"@type\":\"Person\",\"@id\":\"https:\\\/\\\/www.copealcoy.es\\\/es\\\/#\\\/schema\\\/person\\\/e777c87fa024e57d40170af9df39882c\",\"name\":\"Cope Alcoy\",\"image\":{\"@type\":\"ImageObject\",\"inLanguage\":\"es\",\"@id\":\"https:\\\/\\\/secure.gravatar.com\\\/avatar\\\/bb65d0283347e303893ba14f0692005417c1e0e690a325a4c5d8bb2b3943ee14?s=96&d=mm&r=g\",\"url\":\"https:\\\/\\\/secure.gravatar.com\\\/avatar\\\/bb65d0283347e303893ba14f0692005417c1e0e690a325a4c5d8bb2b3943ee14?s=96&d=mm&r=g\",\"contentUrl\":\"https:\\\/\\\/secure.gravatar.com\\\/avatar\\\/bb65d0283347e303893ba14f0692005417c1e0e690a325a4c5d8bb2b3943ee14?s=96&d=mm&r=g\",\"caption\":\"Cope Alcoy\"}}]}<\/script>\n<!-- \/ Yoast SEO plugin. -->","yoast_head_json":{"title":"El Mal Passet llena el Palau con su XV concierto de m\u00fasica festera - COPE Alcoy","robots":{"index":"index","follow":"follow","max-snippet":"max-snippet:-1","max-image-preview":"max-image-preview:large","max-video-preview":"max-video-preview:-1"},"canonical":"https:\/\/www.copealcoy.es\/es\/el-mal-passet-llena-el-palau-con-su-xv-concierto-de-musica-festera\/","og_locale":"es_ES","og_type":"article","og_title":"El Mal Passet llena el Palau con su XV concierto de m\u00fasica festera - COPE Alcoy","og_description":"La Colla de Dol\u00e7aines i Tabals Mal Passet de Cocentaina inici\u00f3 anoche la actividad cultural de la Semana Festera y...","og_url":"https:\/\/www.copealcoy.es\/es\/el-mal-passet-llena-el-palau-con-su-xv-concierto-de-musica-festera\/","og_site_name":"COPE Alcoy","article_published_time":"2018-08-05T22:26:51+00:00","og_image":[{"width":960,"height":675,"url":"https:\/\/www.copealcoy.es\/wp-content\/uploads\/2018\/08\/38509214_1668657909909393_4711638295476436992_n.jpg","type":"image\/jpeg"}],"author":"Cope Alcoy","twitter_misc":{"Escrito por":"Cope Alcoy","Tiempo de lectura":"2 minutos"},"schema":{"@context":"https:\/\/schema.org","@graph":[{"@type":"Article","@id":"https:\/\/www.copealcoy.es\/es\/el-mal-passet-llena-el-palau-con-su-xv-concierto-de-musica-festera\/#article","isPartOf":{"@id":"https:\/\/www.copealcoy.es\/es\/el-mal-passet-llena-el-palau-con-su-xv-concierto-de-musica-festera\/"},"author":{"name":"Cope Alcoy","@id":"https:\/\/www.copealcoy.es\/es\/#\/schema\/person\/e777c87fa024e57d40170af9df39882c"},"headline":"El Mal Passet llena el Palau con su XV concierto de m\u00fasica festera","datePublished":"2018-08-05T22:26:51+00:00","mainEntityOfPage":{"@id":"https:\/\/www.copealcoy.es\/es\/el-mal-passet-llena-el-palau-con-su-xv-concierto-de-musica-festera\/"},"wordCount":511,"commentCount":0,"image":{"@id":"https:\/\/www.copealcoy.es\/es\/el-mal-passet-llena-el-palau-con-su-xv-concierto-de-musica-festera\/#primaryimage"},"thumbnailUrl":"https:\/\/www.copealcoy.es\/wp-content\/uploads\/2018\/08\/38509214_1668657909909393_4711638295476436992_n.jpg","keywords":["El Mal Passet","llena el Palau","M\u00fasica Festera","XV concierto"],"articleSection":["Comarcas","Noticias"],"inLanguage":"es"},{"@type":"WebPage","@id":"https:\/\/www.copealcoy.es\/es\/el-mal-passet-llena-el-palau-con-su-xv-concierto-de-musica-festera\/","url":"https:\/\/www.copealcoy.es\/es\/el-mal-passet-llena-el-palau-con-su-xv-concierto-de-musica-festera\/","name":"El Mal Passet llena el Palau con su XV concierto de m\u00fasica festera - COPE Alcoy","isPartOf":{"@id":"https:\/\/www.copealcoy.es\/es\/#website"},"primaryImageOfPage":{"@id":"https:\/\/www.copealcoy.es\/es\/el-mal-passet-llena-el-palau-con-su-xv-concierto-de-musica-festera\/#primaryimage"},"image":{"@id":"https:\/\/www.copealcoy.es\/es\/el-mal-passet-llena-el-palau-con-su-xv-concierto-de-musica-festera\/#primaryimage"},"thumbnailUrl":"https:\/\/www.copealcoy.es\/wp-content\/uploads\/2018\/08\/38509214_1668657909909393_4711638295476436992_n.jpg","datePublished":"2018-08-05T22:26:51+00:00","author":{"@id":"https:\/\/www.copealcoy.es\/es\/#\/schema\/person\/e777c87fa024e57d40170af9df39882c"},"breadcrumb":{"@id":"https:\/\/www.copealcoy.es\/es\/el-mal-passet-llena-el-palau-con-su-xv-concierto-de-musica-festera\/#breadcrumb"},"inLanguage":"es","potentialAction":[{"@type":"ReadAction","target":["https:\/\/www.copealcoy.es\/es\/el-mal-passet-llena-el-palau-con-su-xv-concierto-de-musica-festera\/"]}]},{"@type":"ImageObject","inLanguage":"es","@id":"https:\/\/www.copealcoy.es\/es\/el-mal-passet-llena-el-palau-con-su-xv-concierto-de-musica-festera\/#primaryimage","url":"https:\/\/www.copealcoy.es\/wp-content\/uploads\/2018\/08\/38509214_1668657909909393_4711638295476436992_n.jpg","contentUrl":"https:\/\/www.copealcoy.es\/wp-content\/uploads\/2018\/08\/38509214_1668657909909393_4711638295476436992_n.jpg","width":960,"height":675,"caption":"Un instante del concierto celebrado anoche en Cocentaina \/ Foto: G. Pascual"},{"@type":"BreadcrumbList","@id":"https:\/\/www.copealcoy.es\/es\/el-mal-passet-llena-el-palau-con-su-xv-concierto-de-musica-festera\/#breadcrumb","itemListElement":[{"@type":"ListItem","position":1,"name":"Portada","item":"https:\/\/www.copealcoy.es\/es\/"},{"@type":"ListItem","position":2,"name":"El Mal Passet llena el Palau con su XV concierto de m\u00fasica festera"}]},{"@type":"WebSite","@id":"https:\/\/www.copealcoy.es\/es\/#website","url":"https:\/\/www.copealcoy.es\/es\/","name":"COPE Alcoy","description":"Emisora COPE de radio local con emisi\u00f3n online. Pont de Sant Jordi 8-10 03803 Alcoy","potentialAction":[{"@type":"SearchAction","target":{"@type":"EntryPoint","urlTemplate":"https:\/\/www.copealcoy.es\/es\/?s={search_term_string}"},"query-input":{"@type":"PropertyValueSpecification","valueRequired":true,"valueName":"search_term_string"}}],"inLanguage":"es"},{"@type":"Person","@id":"https:\/\/www.copealcoy.es\/es\/#\/schema\/person\/e777c87fa024e57d40170af9df39882c","name":"Cope Alcoy","image":{"@type":"ImageObject","inLanguage":"es","@id":"https:\/\/secure.gravatar.com\/avatar\/bb65d0283347e303893ba14f0692005417c1e0e690a325a4c5d8bb2b3943ee14?s=96&d=mm&r=g","url":"https:\/\/secure.gravatar.com\/avatar\/bb65d0283347e303893ba14f0692005417c1e0e690a325a4c5d8bb2b3943ee14?s=96&d=mm&r=g","contentUrl":"https:\/\/secure.gravatar.com\/avatar\/bb65d0283347e303893ba14f0692005417c1e0e690a325a4c5d8bb2b3943ee14?s=96&d=mm&r=g","caption":"Cope Alcoy"}}]}},"_links":{"self":[{"href":"https:\/\/www.copealcoy.es\/es\/wp-json\/wp\/v2\/posts\/44634","targetHints":{"allow":["GET"]}}],"collection":[{"href":"https:\/\/www.copealcoy.es\/es\/wp-json\/wp\/v2\/posts"}],"about":[{"href":"https:\/\/www.copealcoy.es\/es\/wp-json\/wp\/v2\/types\/post"}],"author":[{"embeddable":true,"href":"https:\/\/www.copealcoy.es\/es\/wp-json\/wp\/v2\/users\/1"}],"replies":[{"embeddable":true,"href":"https:\/\/www.copealcoy.es\/es\/wp-json\/wp\/v2\/comments?post=44634"}],"version-history":[{"count":0,"href":"https:\/\/www.copealcoy.es\/es\/wp-json\/wp\/v2\/posts\/44634\/revisions"}],"wp:featuredmedia":[{"embeddable":true,"href":"https:\/\/www.copealcoy.es\/es\/wp-json\/wp\/v2\/media\/44636"}],"wp:attachment":[{"href":"https:\/\/www.copealcoy.es\/es\/wp-json\/wp\/v2\/media?parent=44634"}],"wp:term":[{"taxonomy":"category","embeddable":true,"href":"https:\/\/www.copealcoy.es\/es\/wp-json\/wp\/v2\/categories?post=44634"},{"taxonomy":"post_tag","embeddable":true,"href":"https:\/\/www.copealcoy.es\/es\/wp-json\/wp\/v2\/tags?post=44634"}],"curies":[{"name":"wp","href":"https:\/\/api.w.org\/{rel}","templated":true}]}}