{"id":44605,"date":"2018-08-03T21:25:07","date_gmt":"2018-08-03T21:25:07","guid":{"rendered":"http:\/\/copealcoi.es\/new\/?p=44605"},"modified":"2018-08-03T21:31:15","modified_gmt":"2018-08-03T21:31:15","slug":"alcoy-amplia-la-enramada-de-navidad-a-todo-el-trayecto-de-la-cabalgata","status":"publish","type":"post","link":"https:\/\/www.copealcoy.es\/es\/alcoy-amplia-la-enramada-de-navidad-a-todo-el-trayecto-de-la-cabalgata\/","title":{"rendered":"Alcoy ampl\u00eda la enramada de Navidad a todo el trayecto de la Cabalgata"},"content":{"rendered":"<p style=\"text-align: justify;\">El Ayuntamiento de Alcoy, a trav\u00e9s del \u00e1rea de Fiestas, llevar\u00e1 a cabo <strong>la ampliaci\u00f3n de la enramada de Navidad\u00a0<\/strong>al resto de<strong> las calles del trayecto del centro hist\u00f3rico<\/strong> por donde se desarrollan los principales actos de estas Fiestas: El Cam\u00ed, Sant Nicolau, la Pla\u00e7a d&#8217; Espanya, Sant Lloren\u00e7 y Pa\u00eds Valenci\u00e0. El <strong>coste de los nuevos motivos luminosos<\/strong>, que se colocar\u00e1n la pr\u00f3xima Navidad, <strong>ser\u00e1 de 100.000 euros<\/strong> y en total <strong>se instalar\u00e1n unos sesenta arcos<\/strong>.<\/p>\n<p style=\"text-align: justify;\">Desde el Consistorio indican que <strong>se colocar\u00e1n 13 motivos en Pa\u00eds Valenci\u00e0, 3 en Gon\u00e7al Barrachina, 22 motivos en la Pla\u00e7a d&#8217; Espanya y 22 motivos en El Cam\u00ed<\/strong>. Estos se unir\u00e1n a los\u00a0<strong>\u00a0los 29 tramos<\/strong> que ya se estrenaron en Sant Nicolau y Sant Lloren\u00e7 en el 2017, completando <strong>una decoraci\u00f3n propia de 89 guirnaldas<\/strong> en total.\u00a0La decoraci\u00f3n <strong>cambiar\u00e1 sustancialmente en la Plaza<\/strong>, donde los tramos horizontales pasan a motivos verticales para adaptarse a las farolas, mientras que los motivos verticales tambi\u00e9n se alargan, <strong>modificando levemente el dise\u00f1o<\/strong> para poder cubrir la anchura de la calle El Cam\u00ed y de la Avinguda del Pa\u00eds Valenci\u00e0.<\/p>\n<p style=\"text-align: justify;\">El concejal de Fiestas, <strong>Ra\u00fcl Llopis<\/strong>, destaca que la enramada <strong>imprime un nuevo sello propio a la Navidad de Alcoy<\/strong> &#8220;<em>el a\u00f1o pasado<\/em><span lang=\"ES\"><em>\u00a0tuvo una aceptaci\u00f3n muy grande por parte de las alcoyanas y los alcoyanos, as\u00ed que visto el buen resultado hemos apostado por ella de manera decidida, aunque suponga tambi\u00e9n un esfuerzo extra para colocarla y almacenarla<\/em>&#8220;, asegura.<\/span><\/p>\n<p style=\"text-align: justify;\">Recordar que el dise\u00f1o de la enramada de Navidad\u00a0<span lang=\"ES\"><strong>estaba basado en en el motivo modernista del balconada de la Casa del Pavo<\/strong>, con el sello \u00abAlcoi, Ciutat del Nadal\u00bb como principal foco de atenci\u00f3n, con <strong>tecnolog\u00eda led y estructura ligera<\/strong> para resistir bien la lluvia y el viento. <\/span><\/p>\n","protected":false},"excerpt":{"rendered":"<p>El Ayuntamiento de Alcoy, a trav\u00e9s del \u00e1rea de Fiestas, llevar\u00e1 a cabo la ampliaci\u00f3n de la enramada de Navidad\u00a0al&#8230;<\/p>\n","protected":false},"author":1,"featured_media":44606,"comment_status":"open","ping_status":"open","sticky":false,"template":"","format":"standard","meta":{"footnotes":""},"categories":[97,78,75],"tags":[1494,3877,368,6271,174,6272],"class_list":["post-44605","post","type-post","status-publish","format-standard","has-post-thumbnail","hentry","category-alcoy","category-fiestaycultura","category-noticias","tag-alcoy","tag-amplia","tag-cabalgata","tag-la-enramada","tag-navidad","tag-todo-el-trayecto"],"yoast_head":"<!-- This site is optimized with the Yoast SEO plugin v27.3 - https:\/\/yoast.com\/product\/yoast-seo-wordpress\/ -->\n<title>Alcoy ampl\u00eda la enramada de Navidad a todo el trayecto de la Cabalgata - COPE Alcoy<\/title>\n<meta name=\"robots\" content=\"index, follow, max-snippet:-1, max-image-preview:large, max-video-preview:-1\" \/>\n<link rel=\"canonical\" href=\"https:\/\/www.copealcoy.es\/es\/alcoy-amplia-la-enramada-de-navidad-a-todo-el-trayecto-de-la-cabalgata\/\" \/>\n<meta property=\"og:locale\" content=\"es_ES\" \/>\n<meta property=\"og:type\" content=\"article\" \/>\n<meta property=\"og:title\" content=\"Alcoy ampl\u00eda la enramada de Navidad a todo el trayecto de la Cabalgata - COPE Alcoy\" \/>\n<meta property=\"og:description\" content=\"El Ayuntamiento de Alcoy, a trav\u00e9s del \u00e1rea de Fiestas, llevar\u00e1 a cabo la ampliaci\u00f3n de la enramada de Navidad\u00a0al...\" \/>\n<meta property=\"og:url\" content=\"https:\/\/www.copealcoy.es\/es\/alcoy-amplia-la-enramada-de-navidad-a-todo-el-trayecto-de-la-cabalgata\/\" \/>\n<meta property=\"og:site_name\" content=\"COPE Alcoy\" \/>\n<meta property=\"article:published_time\" content=\"2018-08-03T21:25:07+00:00\" \/>\n<meta property=\"article:modified_time\" content=\"2018-08-03T21:31:15+00:00\" \/>\n<meta property=\"og:image\" content=\"https:\/\/www.copealcoy.es\/wp-content\/uploads\/2018\/08\/IMG_3385-e1637925046849.jpg\" \/>\n\t<meta property=\"og:image:width\" content=\"640\" \/>\n\t<meta property=\"og:image:height\" content=\"361\" \/>\n\t<meta property=\"og:image:type\" content=\"image\/jpeg\" \/>\n<meta name=\"author\" content=\"Cope Alcoy\" \/>\n<meta name=\"twitter:label1\" content=\"Escrito por\" \/>\n\t<meta name=\"twitter:data1\" content=\"Cope Alcoy\" \/>\n\t<meta name=\"twitter:label2\" content=\"Tiempo de lectura\" \/>\n\t<meta name=\"twitter:data2\" content=\"2 minutos\" \/>\n<script type=\"application\/ld+json\" class=\"yoast-schema-graph\">{\"@context\":\"https:\\\/\\\/schema.org\",\"@graph\":[{\"@type\":\"Article\",\"@id\":\"https:\\\/\\\/www.copealcoy.es\\\/es\\\/alcoy-amplia-la-enramada-de-navidad-a-todo-el-trayecto-de-la-cabalgata\\\/#article\",\"isPartOf\":{\"@id\":\"https:\\\/\\\/www.copealcoy.es\\\/es\\\/alcoy-amplia-la-enramada-de-navidad-a-todo-el-trayecto-de-la-cabalgata\\\/\"},\"author\":{\"name\":\"Cope Alcoy\",\"@id\":\"https:\\\/\\\/www.copealcoy.es\\\/es\\\/#\\\/schema\\\/person\\\/e777c87fa024e57d40170af9df39882c\"},\"headline\":\"Alcoy ampl\u00eda la enramada de Navidad a todo el trayecto de la Cabalgata\",\"datePublished\":\"2018-08-03T21:25:07+00:00\",\"dateModified\":\"2018-08-03T21:31:15+00:00\",\"mainEntityOfPage\":{\"@id\":\"https:\\\/\\\/www.copealcoy.es\\\/es\\\/alcoy-amplia-la-enramada-de-navidad-a-todo-el-trayecto-de-la-cabalgata\\\/\"},\"wordCount\":326,\"commentCount\":0,\"image\":{\"@id\":\"https:\\\/\\\/www.copealcoy.es\\\/es\\\/alcoy-amplia-la-enramada-de-navidad-a-todo-el-trayecto-de-la-cabalgata\\\/#primaryimage\"},\"thumbnailUrl\":\"https:\\\/\\\/www.copealcoy.es\\\/wp-content\\\/uploads\\\/2018\\\/08\\\/IMG_3385-e1666702562866.jpg\",\"keywords\":[\"Alcoy\",\"amplia\",\"Cabalgata\",\"la enramada\",\"Navidad\",\"todo el trayecto\"],\"articleSection\":[\"Alcoy\",\"Fiesta y Cultura\",\"Noticias\"],\"inLanguage\":\"es\"},{\"@type\":\"WebPage\",\"@id\":\"https:\\\/\\\/www.copealcoy.es\\\/es\\\/alcoy-amplia-la-enramada-de-navidad-a-todo-el-trayecto-de-la-cabalgata\\\/\",\"url\":\"https:\\\/\\\/www.copealcoy.es\\\/es\\\/alcoy-amplia-la-enramada-de-navidad-a-todo-el-trayecto-de-la-cabalgata\\\/\",\"name\":\"Alcoy ampl\u00eda la enramada de Navidad a todo el trayecto de la Cabalgata - COPE Alcoy\",\"isPartOf\":{\"@id\":\"https:\\\/\\\/www.copealcoy.es\\\/es\\\/#website\"},\"primaryImageOfPage\":{\"@id\":\"https:\\\/\\\/www.copealcoy.es\\\/es\\\/alcoy-amplia-la-enramada-de-navidad-a-todo-el-trayecto-de-la-cabalgata\\\/#primaryimage\"},\"image\":{\"@id\":\"https:\\\/\\\/www.copealcoy.es\\\/es\\\/alcoy-amplia-la-enramada-de-navidad-a-todo-el-trayecto-de-la-cabalgata\\\/#primaryimage\"},\"thumbnailUrl\":\"https:\\\/\\\/www.copealcoy.es\\\/wp-content\\\/uploads\\\/2018\\\/08\\\/IMG_3385-e1666702562866.jpg\",\"datePublished\":\"2018-08-03T21:25:07+00:00\",\"dateModified\":\"2018-08-03T21:31:15+00:00\",\"author\":{\"@id\":\"https:\\\/\\\/www.copealcoy.es\\\/es\\\/#\\\/schema\\\/person\\\/e777c87fa024e57d40170af9df39882c\"},\"breadcrumb\":{\"@id\":\"https:\\\/\\\/www.copealcoy.es\\\/es\\\/alcoy-amplia-la-enramada-de-navidad-a-todo-el-trayecto-de-la-cabalgata\\\/#breadcrumb\"},\"inLanguage\":\"es\",\"potentialAction\":[{\"@type\":\"ReadAction\",\"target\":[\"https:\\\/\\\/www.copealcoy.es\\\/es\\\/alcoy-amplia-la-enramada-de-navidad-a-todo-el-trayecto-de-la-cabalgata\\\/\"]}]},{\"@type\":\"ImageObject\",\"inLanguage\":\"es\",\"@id\":\"https:\\\/\\\/www.copealcoy.es\\\/es\\\/alcoy-amplia-la-enramada-de-navidad-a-todo-el-trayecto-de-la-cabalgata\\\/#primaryimage\",\"url\":\"https:\\\/\\\/www.copealcoy.es\\\/wp-content\\\/uploads\\\/2018\\\/08\\\/IMG_3385-e1666702562866.jpg\",\"contentUrl\":\"https:\\\/\\\/www.copealcoy.es\\\/wp-content\\\/uploads\\\/2018\\\/08\\\/IMG_3385-e1666702562866.jpg\",\"width\":600,\"height\":338},{\"@type\":\"BreadcrumbList\",\"@id\":\"https:\\\/\\\/www.copealcoy.es\\\/es\\\/alcoy-amplia-la-enramada-de-navidad-a-todo-el-trayecto-de-la-cabalgata\\\/#breadcrumb\",\"itemListElement\":[{\"@type\":\"ListItem\",\"position\":1,\"name\":\"Portada\",\"item\":\"https:\\\/\\\/www.copealcoy.es\\\/es\\\/\"},{\"@type\":\"ListItem\",\"position\":2,\"name\":\"Alcoy ampl\u00eda la enramada de Navidad a todo el trayecto de la Cabalgata\"}]},{\"@type\":\"WebSite\",\"@id\":\"https:\\\/\\\/www.copealcoy.es\\\/es\\\/#website\",\"url\":\"https:\\\/\\\/www.copealcoy.es\\\/es\\\/\",\"name\":\"COPE Alcoy\",\"description\":\"Emisora COPE de radio local con emisi\u00f3n online. Pont de Sant Jordi 8-10 03803 Alcoy\",\"potentialAction\":[{\"@type\":\"SearchAction\",\"target\":{\"@type\":\"EntryPoint\",\"urlTemplate\":\"https:\\\/\\\/www.copealcoy.es\\\/es\\\/?s={search_term_string}\"},\"query-input\":{\"@type\":\"PropertyValueSpecification\",\"valueRequired\":true,\"valueName\":\"search_term_string\"}}],\"inLanguage\":\"es\"},{\"@type\":\"Person\",\"@id\":\"https:\\\/\\\/www.copealcoy.es\\\/es\\\/#\\\/schema\\\/person\\\/e777c87fa024e57d40170af9df39882c\",\"name\":\"Cope Alcoy\",\"image\":{\"@type\":\"ImageObject\",\"inLanguage\":\"es\",\"@id\":\"https:\\\/\\\/secure.gravatar.com\\\/avatar\\\/bb65d0283347e303893ba14f0692005417c1e0e690a325a4c5d8bb2b3943ee14?s=96&d=mm&r=g\",\"url\":\"https:\\\/\\\/secure.gravatar.com\\\/avatar\\\/bb65d0283347e303893ba14f0692005417c1e0e690a325a4c5d8bb2b3943ee14?s=96&d=mm&r=g\",\"contentUrl\":\"https:\\\/\\\/secure.gravatar.com\\\/avatar\\\/bb65d0283347e303893ba14f0692005417c1e0e690a325a4c5d8bb2b3943ee14?s=96&d=mm&r=g\",\"caption\":\"Cope Alcoy\"}}]}<\/script>\n<!-- \/ Yoast SEO plugin. -->","yoast_head_json":{"title":"Alcoy ampl\u00eda la enramada de Navidad a todo el trayecto de la Cabalgata - COPE Alcoy","robots":{"index":"index","follow":"follow","max-snippet":"max-snippet:-1","max-image-preview":"max-image-preview:large","max-video-preview":"max-video-preview:-1"},"canonical":"https:\/\/www.copealcoy.es\/es\/alcoy-amplia-la-enramada-de-navidad-a-todo-el-trayecto-de-la-cabalgata\/","og_locale":"es_ES","og_type":"article","og_title":"Alcoy ampl\u00eda la enramada de Navidad a todo el trayecto de la Cabalgata - COPE Alcoy","og_description":"El Ayuntamiento de Alcoy, a trav\u00e9s del \u00e1rea de Fiestas, llevar\u00e1 a cabo la ampliaci\u00f3n de la enramada de Navidad\u00a0al...","og_url":"https:\/\/www.copealcoy.es\/es\/alcoy-amplia-la-enramada-de-navidad-a-todo-el-trayecto-de-la-cabalgata\/","og_site_name":"COPE Alcoy","article_published_time":"2018-08-03T21:25:07+00:00","article_modified_time":"2018-08-03T21:31:15+00:00","og_image":[{"width":640,"height":361,"url":"https:\/\/www.copealcoy.es\/wp-content\/uploads\/2018\/08\/IMG_3385-e1637925046849.jpg","type":"image\/jpeg"}],"author":"Cope Alcoy","twitter_misc":{"Escrito por":"Cope Alcoy","Tiempo de lectura":"2 minutos"},"schema":{"@context":"https:\/\/schema.org","@graph":[{"@type":"Article","@id":"https:\/\/www.copealcoy.es\/es\/alcoy-amplia-la-enramada-de-navidad-a-todo-el-trayecto-de-la-cabalgata\/#article","isPartOf":{"@id":"https:\/\/www.copealcoy.es\/es\/alcoy-amplia-la-enramada-de-navidad-a-todo-el-trayecto-de-la-cabalgata\/"},"author":{"name":"Cope Alcoy","@id":"https:\/\/www.copealcoy.es\/es\/#\/schema\/person\/e777c87fa024e57d40170af9df39882c"},"headline":"Alcoy ampl\u00eda la enramada de Navidad a todo el trayecto de la Cabalgata","datePublished":"2018-08-03T21:25:07+00:00","dateModified":"2018-08-03T21:31:15+00:00","mainEntityOfPage":{"@id":"https:\/\/www.copealcoy.es\/es\/alcoy-amplia-la-enramada-de-navidad-a-todo-el-trayecto-de-la-cabalgata\/"},"wordCount":326,"commentCount":0,"image":{"@id":"https:\/\/www.copealcoy.es\/es\/alcoy-amplia-la-enramada-de-navidad-a-todo-el-trayecto-de-la-cabalgata\/#primaryimage"},"thumbnailUrl":"https:\/\/www.copealcoy.es\/wp-content\/uploads\/2018\/08\/IMG_3385-e1666702562866.jpg","keywords":["Alcoy","amplia","Cabalgata","la enramada","Navidad","todo el trayecto"],"articleSection":["Alcoy","Fiesta y Cultura","Noticias"],"inLanguage":"es"},{"@type":"WebPage","@id":"https:\/\/www.copealcoy.es\/es\/alcoy-amplia-la-enramada-de-navidad-a-todo-el-trayecto-de-la-cabalgata\/","url":"https:\/\/www.copealcoy.es\/es\/alcoy-amplia-la-enramada-de-navidad-a-todo-el-trayecto-de-la-cabalgata\/","name":"Alcoy ampl\u00eda la enramada de Navidad a todo el trayecto de la Cabalgata - COPE Alcoy","isPartOf":{"@id":"https:\/\/www.copealcoy.es\/es\/#website"},"primaryImageOfPage":{"@id":"https:\/\/www.copealcoy.es\/es\/alcoy-amplia-la-enramada-de-navidad-a-todo-el-trayecto-de-la-cabalgata\/#primaryimage"},"image":{"@id":"https:\/\/www.copealcoy.es\/es\/alcoy-amplia-la-enramada-de-navidad-a-todo-el-trayecto-de-la-cabalgata\/#primaryimage"},"thumbnailUrl":"https:\/\/www.copealcoy.es\/wp-content\/uploads\/2018\/08\/IMG_3385-e1666702562866.jpg","datePublished":"2018-08-03T21:25:07+00:00","dateModified":"2018-08-03T21:31:15+00:00","author":{"@id":"https:\/\/www.copealcoy.es\/es\/#\/schema\/person\/e777c87fa024e57d40170af9df39882c"},"breadcrumb":{"@id":"https:\/\/www.copealcoy.es\/es\/alcoy-amplia-la-enramada-de-navidad-a-todo-el-trayecto-de-la-cabalgata\/#breadcrumb"},"inLanguage":"es","potentialAction":[{"@type":"ReadAction","target":["https:\/\/www.copealcoy.es\/es\/alcoy-amplia-la-enramada-de-navidad-a-todo-el-trayecto-de-la-cabalgata\/"]}]},{"@type":"ImageObject","inLanguage":"es","@id":"https:\/\/www.copealcoy.es\/es\/alcoy-amplia-la-enramada-de-navidad-a-todo-el-trayecto-de-la-cabalgata\/#primaryimage","url":"https:\/\/www.copealcoy.es\/wp-content\/uploads\/2018\/08\/IMG_3385-e1666702562866.jpg","contentUrl":"https:\/\/www.copealcoy.es\/wp-content\/uploads\/2018\/08\/IMG_3385-e1666702562866.jpg","width":600,"height":338},{"@type":"BreadcrumbList","@id":"https:\/\/www.copealcoy.es\/es\/alcoy-amplia-la-enramada-de-navidad-a-todo-el-trayecto-de-la-cabalgata\/#breadcrumb","itemListElement":[{"@type":"ListItem","position":1,"name":"Portada","item":"https:\/\/www.copealcoy.es\/es\/"},{"@type":"ListItem","position":2,"name":"Alcoy ampl\u00eda la enramada de Navidad a todo el trayecto de la Cabalgata"}]},{"@type":"WebSite","@id":"https:\/\/www.copealcoy.es\/es\/#website","url":"https:\/\/www.copealcoy.es\/es\/","name":"COPE Alcoy","description":"Emisora COPE de radio local con emisi\u00f3n online. Pont de Sant Jordi 8-10 03803 Alcoy","potentialAction":[{"@type":"SearchAction","target":{"@type":"EntryPoint","urlTemplate":"https:\/\/www.copealcoy.es\/es\/?s={search_term_string}"},"query-input":{"@type":"PropertyValueSpecification","valueRequired":true,"valueName":"search_term_string"}}],"inLanguage":"es"},{"@type":"Person","@id":"https:\/\/www.copealcoy.es\/es\/#\/schema\/person\/e777c87fa024e57d40170af9df39882c","name":"Cope Alcoy","image":{"@type":"ImageObject","inLanguage":"es","@id":"https:\/\/secure.gravatar.com\/avatar\/bb65d0283347e303893ba14f0692005417c1e0e690a325a4c5d8bb2b3943ee14?s=96&d=mm&r=g","url":"https:\/\/secure.gravatar.com\/avatar\/bb65d0283347e303893ba14f0692005417c1e0e690a325a4c5d8bb2b3943ee14?s=96&d=mm&r=g","contentUrl":"https:\/\/secure.gravatar.com\/avatar\/bb65d0283347e303893ba14f0692005417c1e0e690a325a4c5d8bb2b3943ee14?s=96&d=mm&r=g","caption":"Cope Alcoy"}}]}},"_links":{"self":[{"href":"https:\/\/www.copealcoy.es\/es\/wp-json\/wp\/v2\/posts\/44605","targetHints":{"allow":["GET"]}}],"collection":[{"href":"https:\/\/www.copealcoy.es\/es\/wp-json\/wp\/v2\/posts"}],"about":[{"href":"https:\/\/www.copealcoy.es\/es\/wp-json\/wp\/v2\/types\/post"}],"author":[{"embeddable":true,"href":"https:\/\/www.copealcoy.es\/es\/wp-json\/wp\/v2\/users\/1"}],"replies":[{"embeddable":true,"href":"https:\/\/www.copealcoy.es\/es\/wp-json\/wp\/v2\/comments?post=44605"}],"version-history":[{"count":0,"href":"https:\/\/www.copealcoy.es\/es\/wp-json\/wp\/v2\/posts\/44605\/revisions"}],"wp:featuredmedia":[{"embeddable":true,"href":"https:\/\/www.copealcoy.es\/es\/wp-json\/wp\/v2\/media\/44606"}],"wp:attachment":[{"href":"https:\/\/www.copealcoy.es\/es\/wp-json\/wp\/v2\/media?parent=44605"}],"wp:term":[{"taxonomy":"category","embeddable":true,"href":"https:\/\/www.copealcoy.es\/es\/wp-json\/wp\/v2\/categories?post=44605"},{"taxonomy":"post_tag","embeddable":true,"href":"https:\/\/www.copealcoy.es\/es\/wp-json\/wp\/v2\/tags?post=44605"}],"curies":[{"name":"wp","href":"https:\/\/api.w.org\/{rel}","templated":true}]}}