{"id":44516,"date":"2018-08-01T16:34:06","date_gmt":"2018-08-01T16:34:06","guid":{"rendered":"http:\/\/copealcoi.es\/new\/?p=44516"},"modified":"2018-08-01T16:36:45","modified_gmt":"2018-08-01T16:36:45","slug":"alcoy-saca-a-concurso-la-futura-gestion-del-quiosco-de-la-glorieta","status":"publish","type":"post","link":"https:\/\/www.copealcoy.es\/es\/alcoy-saca-a-concurso-la-futura-gestion-del-quiosco-de-la-glorieta\/","title":{"rendered":"Alcoy saca a concurso la futura gesti\u00f3n del quiosco de La Glorieta"},"content":{"rendered":"<p style=\"text-align: justify;\">El <strong>Ayuntamiento de Alcoy<\/strong> ha sacado el concurso para<strong> adjudicar la gesti\u00f3n del servicio del quiosco<\/strong> que se ubica en el parque de La Glorieta. El valor del contrato <strong>es de 9.000 euros<\/strong> y el mismo <strong>tendr\u00e1 una duraci\u00f3n m\u00ednima de dos a\u00f1os<\/strong> hasta un m\u00e1ximo de cuatro.\u00a0La concesi\u00f3n del quiosco <strong>incluye la superficie<\/strong> del mismo, de 21,07 metros cuadrados, <strong>as\u00ed como la terraza<\/strong>, de 28,93.<\/p>\n<p style=\"text-align: justify;\">Los interesados en presentar las ofertas <strong>tendr\u00e1n un plazo aproximado de unos quince d\u00edas<\/strong> y una fez finalizado este\u00a0el Consistorio alcoyano <strong>valorar\u00e1 las memorias y el canon ofrecido<\/strong>. La propuesta que presenten los que quieran optar a la gesti\u00f3n del servicio t<strong>endr\u00e1\u00a0que incluir<\/strong> el mobiliario y el equipamiento necesario para explotar el bar. Tambi\u00e9n <strong>tendr\u00e1n que estar definidas<\/strong> las\u00a0caracter\u00edsticas est\u00e9ticas y funcionales, los planes de seguros as\u00ed como los productos de venta y sus precios.<\/p>\n<p style=\"text-align: justify;\">La edil de contrataci\u00f3n en el Ayuntamiento de Alcoy, <strong>Lorena Zamorano<\/strong>, recuerda que en apenas cuatro semanas <strong>se resolver\u00e1 este concurso<\/strong> &#8220;<em>en un mes tendremos las ya personas que se han presentado y podremos avanzar para poder otorgar la explotaci\u00f3n de este quiosco que dar\u00e1 vida a este parque y ser\u00e1 un reclamo m\u00e1s en el centro de la ciudad, ubicado junto al parque del Tirisiti en un entorno inmejorable para que pueda disfrutar toda la famili<\/em>a&#8221;, concluye.<\/p>\n","protected":false},"excerpt":{"rendered":"<p>El Ayuntamiento de Alcoy ha sacado el concurso para adjudicar la gesti\u00f3n del servicio del quiosco que se ubica en&#8230;<\/p>\n","protected":false},"author":1,"featured_media":44517,"comment_status":"open","ping_status":"open","sticky":false,"template":"","format":"standard","meta":{"footnotes":""},"categories":[97,75],"tags":[1494,6239,3882,3251,6238],"class_list":["post-44516","post","type-post","status-publish","format-standard","has-post-thumbnail","hentry","category-alcoy","category-noticias","tag-alcoy","tag-la-futura-gestion","tag-la-glorieta","tag-quiosco","tag-saca-a-concurso"],"yoast_head":"<!-- This site is optimized with the Yoast SEO plugin v27.3 - https:\/\/yoast.com\/product\/yoast-seo-wordpress\/ -->\n<title>Alcoy saca a concurso la futura gesti\u00f3n del quiosco de La Glorieta - COPE Alcoy<\/title>\n<meta name=\"robots\" content=\"index, follow, max-snippet:-1, max-image-preview:large, max-video-preview:-1\" \/>\n<link rel=\"canonical\" href=\"https:\/\/www.copealcoy.es\/es\/alcoy-saca-a-concurso-la-futura-gestion-del-quiosco-de-la-glorieta\/\" \/>\n<meta property=\"og:locale\" content=\"es_ES\" \/>\n<meta property=\"og:type\" content=\"article\" \/>\n<meta property=\"og:title\" content=\"Alcoy saca a concurso la futura gesti\u00f3n del quiosco de La Glorieta - COPE Alcoy\" \/>\n<meta property=\"og:description\" content=\"El Ayuntamiento de Alcoy ha sacado el concurso para adjudicar la gesti\u00f3n del servicio del quiosco que se ubica en...\" \/>\n<meta property=\"og:url\" content=\"https:\/\/www.copealcoy.es\/es\/alcoy-saca-a-concurso-la-futura-gestion-del-quiosco-de-la-glorieta\/\" \/>\n<meta property=\"og:site_name\" content=\"COPE Alcoy\" \/>\n<meta property=\"article:published_time\" content=\"2018-08-01T16:34:06+00:00\" \/>\n<meta property=\"article:modified_time\" content=\"2018-08-01T16:36:45+00:00\" \/>\n<meta property=\"og:image\" content=\"https:\/\/www.copealcoy.es\/wp-content\/uploads\/2018\/08\/quiosco_glorieta_20180801110530.jpg\" \/>\n\t<meta property=\"og:image:width\" content=\"640\" \/>\n\t<meta property=\"og:image:height\" content=\"360\" \/>\n\t<meta property=\"og:image:type\" content=\"image\/jpeg\" \/>\n<meta name=\"author\" content=\"Cope Alcoy\" \/>\n<meta name=\"twitter:label1\" content=\"Escrito por\" \/>\n\t<meta name=\"twitter:data1\" content=\"Cope Alcoy\" \/>\n\t<meta name=\"twitter:label2\" content=\"Tiempo de lectura\" \/>\n\t<meta name=\"twitter:data2\" content=\"1 minuto\" \/>\n<script type=\"application\/ld+json\" class=\"yoast-schema-graph\">{\"@context\":\"https:\\\/\\\/schema.org\",\"@graph\":[{\"@type\":\"Article\",\"@id\":\"https:\\\/\\\/www.copealcoy.es\\\/es\\\/alcoy-saca-a-concurso-la-futura-gestion-del-quiosco-de-la-glorieta\\\/#article\",\"isPartOf\":{\"@id\":\"https:\\\/\\\/www.copealcoy.es\\\/es\\\/alcoy-saca-a-concurso-la-futura-gestion-del-quiosco-de-la-glorieta\\\/\"},\"author\":{\"name\":\"Cope Alcoy\",\"@id\":\"https:\\\/\\\/www.copealcoy.es\\\/es\\\/#\\\/schema\\\/person\\\/e777c87fa024e57d40170af9df39882c\"},\"headline\":\"Alcoy saca a concurso la futura gesti\u00f3n del quiosco de La Glorieta\",\"datePublished\":\"2018-08-01T16:34:06+00:00\",\"dateModified\":\"2018-08-01T16:36:45+00:00\",\"mainEntityOfPage\":{\"@id\":\"https:\\\/\\\/www.copealcoy.es\\\/es\\\/alcoy-saca-a-concurso-la-futura-gestion-del-quiosco-de-la-glorieta\\\/\"},\"wordCount\":249,\"commentCount\":0,\"image\":{\"@id\":\"https:\\\/\\\/www.copealcoy.es\\\/es\\\/alcoy-saca-a-concurso-la-futura-gestion-del-quiosco-de-la-glorieta\\\/#primaryimage\"},\"thumbnailUrl\":\"https:\\\/\\\/www.copealcoy.es\\\/wp-content\\\/uploads\\\/2018\\\/08\\\/quiosco_glorieta_20180801110530.jpg\",\"keywords\":[\"Alcoy\",\"la futura gesti\u00f3n\",\"La Glorieta\",\"Quiosco\",\"saca a concurso\"],\"articleSection\":[\"Alcoy\",\"Noticias\"],\"inLanguage\":\"es\"},{\"@type\":\"WebPage\",\"@id\":\"https:\\\/\\\/www.copealcoy.es\\\/es\\\/alcoy-saca-a-concurso-la-futura-gestion-del-quiosco-de-la-glorieta\\\/\",\"url\":\"https:\\\/\\\/www.copealcoy.es\\\/es\\\/alcoy-saca-a-concurso-la-futura-gestion-del-quiosco-de-la-glorieta\\\/\",\"name\":\"Alcoy saca a concurso la futura gesti\u00f3n del quiosco de La Glorieta - COPE Alcoy\",\"isPartOf\":{\"@id\":\"https:\\\/\\\/www.copealcoy.es\\\/es\\\/#website\"},\"primaryImageOfPage\":{\"@id\":\"https:\\\/\\\/www.copealcoy.es\\\/es\\\/alcoy-saca-a-concurso-la-futura-gestion-del-quiosco-de-la-glorieta\\\/#primaryimage\"},\"image\":{\"@id\":\"https:\\\/\\\/www.copealcoy.es\\\/es\\\/alcoy-saca-a-concurso-la-futura-gestion-del-quiosco-de-la-glorieta\\\/#primaryimage\"},\"thumbnailUrl\":\"https:\\\/\\\/www.copealcoy.es\\\/wp-content\\\/uploads\\\/2018\\\/08\\\/quiosco_glorieta_20180801110530.jpg\",\"datePublished\":\"2018-08-01T16:34:06+00:00\",\"dateModified\":\"2018-08-01T16:36:45+00:00\",\"author\":{\"@id\":\"https:\\\/\\\/www.copealcoy.es\\\/es\\\/#\\\/schema\\\/person\\\/e777c87fa024e57d40170af9df39882c\"},\"breadcrumb\":{\"@id\":\"https:\\\/\\\/www.copealcoy.es\\\/es\\\/alcoy-saca-a-concurso-la-futura-gestion-del-quiosco-de-la-glorieta\\\/#breadcrumb\"},\"inLanguage\":\"es\",\"potentialAction\":[{\"@type\":\"ReadAction\",\"target\":[\"https:\\\/\\\/www.copealcoy.es\\\/es\\\/alcoy-saca-a-concurso-la-futura-gestion-del-quiosco-de-la-glorieta\\\/\"]}]},{\"@type\":\"ImageObject\",\"inLanguage\":\"es\",\"@id\":\"https:\\\/\\\/www.copealcoy.es\\\/es\\\/alcoy-saca-a-concurso-la-futura-gestion-del-quiosco-de-la-glorieta\\\/#primaryimage\",\"url\":\"https:\\\/\\\/www.copealcoy.es\\\/wp-content\\\/uploads\\\/2018\\\/08\\\/quiosco_glorieta_20180801110530.jpg\",\"contentUrl\":\"https:\\\/\\\/www.copealcoy.es\\\/wp-content\\\/uploads\\\/2018\\\/08\\\/quiosco_glorieta_20180801110530.jpg\",\"width\":640,\"height\":360},{\"@type\":\"BreadcrumbList\",\"@id\":\"https:\\\/\\\/www.copealcoy.es\\\/es\\\/alcoy-saca-a-concurso-la-futura-gestion-del-quiosco-de-la-glorieta\\\/#breadcrumb\",\"itemListElement\":[{\"@type\":\"ListItem\",\"position\":1,\"name\":\"Portada\",\"item\":\"https:\\\/\\\/www.copealcoy.es\\\/es\\\/\"},{\"@type\":\"ListItem\",\"position\":2,\"name\":\"Alcoy saca a concurso la futura gesti\u00f3n del quiosco de La Glorieta\"}]},{\"@type\":\"WebSite\",\"@id\":\"https:\\\/\\\/www.copealcoy.es\\\/es\\\/#website\",\"url\":\"https:\\\/\\\/www.copealcoy.es\\\/es\\\/\",\"name\":\"COPE Alcoy\",\"description\":\"Emisora COPE de radio local con emisi\u00f3n online. Pont de Sant Jordi 8-10 03803 Alcoy\",\"potentialAction\":[{\"@type\":\"SearchAction\",\"target\":{\"@type\":\"EntryPoint\",\"urlTemplate\":\"https:\\\/\\\/www.copealcoy.es\\\/es\\\/?s={search_term_string}\"},\"query-input\":{\"@type\":\"PropertyValueSpecification\",\"valueRequired\":true,\"valueName\":\"search_term_string\"}}],\"inLanguage\":\"es\"},{\"@type\":\"Person\",\"@id\":\"https:\\\/\\\/www.copealcoy.es\\\/es\\\/#\\\/schema\\\/person\\\/e777c87fa024e57d40170af9df39882c\",\"name\":\"Cope Alcoy\",\"image\":{\"@type\":\"ImageObject\",\"inLanguage\":\"es\",\"@id\":\"https:\\\/\\\/secure.gravatar.com\\\/avatar\\\/bb65d0283347e303893ba14f0692005417c1e0e690a325a4c5d8bb2b3943ee14?s=96&d=mm&r=g\",\"url\":\"https:\\\/\\\/secure.gravatar.com\\\/avatar\\\/bb65d0283347e303893ba14f0692005417c1e0e690a325a4c5d8bb2b3943ee14?s=96&d=mm&r=g\",\"contentUrl\":\"https:\\\/\\\/secure.gravatar.com\\\/avatar\\\/bb65d0283347e303893ba14f0692005417c1e0e690a325a4c5d8bb2b3943ee14?s=96&d=mm&r=g\",\"caption\":\"Cope Alcoy\"}}]}<\/script>\n<!-- \/ Yoast SEO plugin. -->","yoast_head_json":{"title":"Alcoy saca a concurso la futura gesti\u00f3n del quiosco de La Glorieta - COPE Alcoy","robots":{"index":"index","follow":"follow","max-snippet":"max-snippet:-1","max-image-preview":"max-image-preview:large","max-video-preview":"max-video-preview:-1"},"canonical":"https:\/\/www.copealcoy.es\/es\/alcoy-saca-a-concurso-la-futura-gestion-del-quiosco-de-la-glorieta\/","og_locale":"es_ES","og_type":"article","og_title":"Alcoy saca a concurso la futura gesti\u00f3n del quiosco de La Glorieta - COPE Alcoy","og_description":"El Ayuntamiento de Alcoy ha sacado el concurso para adjudicar la gesti\u00f3n del servicio del quiosco que se ubica en...","og_url":"https:\/\/www.copealcoy.es\/es\/alcoy-saca-a-concurso-la-futura-gestion-del-quiosco-de-la-glorieta\/","og_site_name":"COPE Alcoy","article_published_time":"2018-08-01T16:34:06+00:00","article_modified_time":"2018-08-01T16:36:45+00:00","og_image":[{"width":640,"height":360,"url":"https:\/\/www.copealcoy.es\/wp-content\/uploads\/2018\/08\/quiosco_glorieta_20180801110530.jpg","type":"image\/jpeg"}],"author":"Cope Alcoy","twitter_misc":{"Escrito por":"Cope Alcoy","Tiempo de lectura":"1 minuto"},"schema":{"@context":"https:\/\/schema.org","@graph":[{"@type":"Article","@id":"https:\/\/www.copealcoy.es\/es\/alcoy-saca-a-concurso-la-futura-gestion-del-quiosco-de-la-glorieta\/#article","isPartOf":{"@id":"https:\/\/www.copealcoy.es\/es\/alcoy-saca-a-concurso-la-futura-gestion-del-quiosco-de-la-glorieta\/"},"author":{"name":"Cope Alcoy","@id":"https:\/\/www.copealcoy.es\/es\/#\/schema\/person\/e777c87fa024e57d40170af9df39882c"},"headline":"Alcoy saca a concurso la futura gesti\u00f3n del quiosco de La Glorieta","datePublished":"2018-08-01T16:34:06+00:00","dateModified":"2018-08-01T16:36:45+00:00","mainEntityOfPage":{"@id":"https:\/\/www.copealcoy.es\/es\/alcoy-saca-a-concurso-la-futura-gestion-del-quiosco-de-la-glorieta\/"},"wordCount":249,"commentCount":0,"image":{"@id":"https:\/\/www.copealcoy.es\/es\/alcoy-saca-a-concurso-la-futura-gestion-del-quiosco-de-la-glorieta\/#primaryimage"},"thumbnailUrl":"https:\/\/www.copealcoy.es\/wp-content\/uploads\/2018\/08\/quiosco_glorieta_20180801110530.jpg","keywords":["Alcoy","la futura gesti\u00f3n","La Glorieta","Quiosco","saca a concurso"],"articleSection":["Alcoy","Noticias"],"inLanguage":"es"},{"@type":"WebPage","@id":"https:\/\/www.copealcoy.es\/es\/alcoy-saca-a-concurso-la-futura-gestion-del-quiosco-de-la-glorieta\/","url":"https:\/\/www.copealcoy.es\/es\/alcoy-saca-a-concurso-la-futura-gestion-del-quiosco-de-la-glorieta\/","name":"Alcoy saca a concurso la futura gesti\u00f3n del quiosco de La Glorieta - COPE Alcoy","isPartOf":{"@id":"https:\/\/www.copealcoy.es\/es\/#website"},"primaryImageOfPage":{"@id":"https:\/\/www.copealcoy.es\/es\/alcoy-saca-a-concurso-la-futura-gestion-del-quiosco-de-la-glorieta\/#primaryimage"},"image":{"@id":"https:\/\/www.copealcoy.es\/es\/alcoy-saca-a-concurso-la-futura-gestion-del-quiosco-de-la-glorieta\/#primaryimage"},"thumbnailUrl":"https:\/\/www.copealcoy.es\/wp-content\/uploads\/2018\/08\/quiosco_glorieta_20180801110530.jpg","datePublished":"2018-08-01T16:34:06+00:00","dateModified":"2018-08-01T16:36:45+00:00","author":{"@id":"https:\/\/www.copealcoy.es\/es\/#\/schema\/person\/e777c87fa024e57d40170af9df39882c"},"breadcrumb":{"@id":"https:\/\/www.copealcoy.es\/es\/alcoy-saca-a-concurso-la-futura-gestion-del-quiosco-de-la-glorieta\/#breadcrumb"},"inLanguage":"es","potentialAction":[{"@type":"ReadAction","target":["https:\/\/www.copealcoy.es\/es\/alcoy-saca-a-concurso-la-futura-gestion-del-quiosco-de-la-glorieta\/"]}]},{"@type":"ImageObject","inLanguage":"es","@id":"https:\/\/www.copealcoy.es\/es\/alcoy-saca-a-concurso-la-futura-gestion-del-quiosco-de-la-glorieta\/#primaryimage","url":"https:\/\/www.copealcoy.es\/wp-content\/uploads\/2018\/08\/quiosco_glorieta_20180801110530.jpg","contentUrl":"https:\/\/www.copealcoy.es\/wp-content\/uploads\/2018\/08\/quiosco_glorieta_20180801110530.jpg","width":640,"height":360},{"@type":"BreadcrumbList","@id":"https:\/\/www.copealcoy.es\/es\/alcoy-saca-a-concurso-la-futura-gestion-del-quiosco-de-la-glorieta\/#breadcrumb","itemListElement":[{"@type":"ListItem","position":1,"name":"Portada","item":"https:\/\/www.copealcoy.es\/es\/"},{"@type":"ListItem","position":2,"name":"Alcoy saca a concurso la futura gesti\u00f3n del quiosco de La Glorieta"}]},{"@type":"WebSite","@id":"https:\/\/www.copealcoy.es\/es\/#website","url":"https:\/\/www.copealcoy.es\/es\/","name":"COPE Alcoy","description":"Emisora COPE de radio local con emisi\u00f3n online. Pont de Sant Jordi 8-10 03803 Alcoy","potentialAction":[{"@type":"SearchAction","target":{"@type":"EntryPoint","urlTemplate":"https:\/\/www.copealcoy.es\/es\/?s={search_term_string}"},"query-input":{"@type":"PropertyValueSpecification","valueRequired":true,"valueName":"search_term_string"}}],"inLanguage":"es"},{"@type":"Person","@id":"https:\/\/www.copealcoy.es\/es\/#\/schema\/person\/e777c87fa024e57d40170af9df39882c","name":"Cope Alcoy","image":{"@type":"ImageObject","inLanguage":"es","@id":"https:\/\/secure.gravatar.com\/avatar\/bb65d0283347e303893ba14f0692005417c1e0e690a325a4c5d8bb2b3943ee14?s=96&d=mm&r=g","url":"https:\/\/secure.gravatar.com\/avatar\/bb65d0283347e303893ba14f0692005417c1e0e690a325a4c5d8bb2b3943ee14?s=96&d=mm&r=g","contentUrl":"https:\/\/secure.gravatar.com\/avatar\/bb65d0283347e303893ba14f0692005417c1e0e690a325a4c5d8bb2b3943ee14?s=96&d=mm&r=g","caption":"Cope Alcoy"}}]}},"_links":{"self":[{"href":"https:\/\/www.copealcoy.es\/es\/wp-json\/wp\/v2\/posts\/44516","targetHints":{"allow":["GET"]}}],"collection":[{"href":"https:\/\/www.copealcoy.es\/es\/wp-json\/wp\/v2\/posts"}],"about":[{"href":"https:\/\/www.copealcoy.es\/es\/wp-json\/wp\/v2\/types\/post"}],"author":[{"embeddable":true,"href":"https:\/\/www.copealcoy.es\/es\/wp-json\/wp\/v2\/users\/1"}],"replies":[{"embeddable":true,"href":"https:\/\/www.copealcoy.es\/es\/wp-json\/wp\/v2\/comments?post=44516"}],"version-history":[{"count":0,"href":"https:\/\/www.copealcoy.es\/es\/wp-json\/wp\/v2\/posts\/44516\/revisions"}],"wp:featuredmedia":[{"embeddable":true,"href":"https:\/\/www.copealcoy.es\/es\/wp-json\/wp\/v2\/media\/44517"}],"wp:attachment":[{"href":"https:\/\/www.copealcoy.es\/es\/wp-json\/wp\/v2\/media?parent=44516"}],"wp:term":[{"taxonomy":"category","embeddable":true,"href":"https:\/\/www.copealcoy.es\/es\/wp-json\/wp\/v2\/categories?post=44516"},{"taxonomy":"post_tag","embeddable":true,"href":"https:\/\/www.copealcoy.es\/es\/wp-json\/wp\/v2\/tags?post=44516"}],"curies":[{"name":"wp","href":"https:\/\/api.w.org\/{rel}","templated":true}]}}