{"id":44483,"date":"2018-07-31T14:39:15","date_gmt":"2018-07-31T14:39:15","guid":{"rendered":"http:\/\/copealcoi.es\/new\/?p=44483"},"modified":"2018-07-31T14:42:04","modified_gmt":"2018-07-31T14:42:04","slug":"nngg-denuncia-la-subida-de-tasas-en-la-eoi-de-alcoy","status":"publish","type":"post","link":"https:\/\/www.copealcoy.es\/es\/nngg-denuncia-la-subida-de-tasas-en-la-eoi-de-alcoy\/","title":{"rendered":"NNGG denuncia la subida de tasas en la EOI de Alcoy"},"content":{"rendered":"<p style=\"text-align: justify;\">Nuevas Generaciones del Partido Popular de Alcoy <strong>han denunciado la subida de tasas en la Escuela Oficial de Idiomas<\/strong> y han calificado la misma de desproporcionada.<\/p>\n<p style=\"text-align: justify;\">Desde el colectivo indican que <strong>con el incremento del 33% en los niveles A1, A2, B1 y B2;<\/strong>\u00a0la matriculaci\u00f3n de los mismos <strong>ha pasado de los 67.28 euros<\/strong> del curso anterior a <strong>los 90 euros<\/strong> actualmente, subiendo tambi\u00e9n <strong>un 11.5% la tasa del nivel C2<\/strong>, pasando de los 94 euros a los 105 euros. En este sentido Nuevas Generaciones <strong>hace un llamamiento a los partidos pol\u00edticos<\/strong> presentes en la Corporaci\u00f3n Local de nuestra ciudad &#8220;<em>para actuar en contra de una medida que es gravosa y muy perjudicial.\u00a0Desde NNGG consideramos que el alcalde deber\u00eda exigir medidas que atenuaran este incremento tan desorbitado de las tasas, el cual, va a impedir que muchos j\u00f3venes alcoyanos puedan matricularse<\/em>&#8220;, afirma el V<span lang=\"ES\">icesecretario de Organizaci\u00f3n de NNGGCV, <strong>Borja Espert<\/strong>.\u00a0<\/span><\/p>\n<p style=\"text-align: justify;\">Finalmente Nuevas Generaciones <strong>reclaman al titular de Educaci\u00f3n en la Generalita<\/strong>t, Vicent Marz\u00e0, que<strong> recapacite sobre esta medida<\/strong> adoptada para el pr\u00f3ximo curso acad\u00e9mico y que <strong>rebaje de nuevo las tasas<\/strong>. De lo contrario, dicen, se pone en duda <strong>el futuro de la formaci\u00f3n de los j\u00f3venes<\/strong> &#8220;<em>l<\/em><span lang=\"ES\"><em>a falta de financiaci\u00f3n que alega Marz\u00e0 no puede ser la excusa para todo, ya que es un problema que los valencianos sufrimos desde hace a\u00f1os. Tambi\u00e9n la sufr\u00eda el anterior Consell, del PPCV, y nunca las tasas de matriculaci\u00f3n alcanzaron estos precios. Este Consell, que dec\u00eda que apostar\u00eda por los j\u00f3venes, tiene dinero para lo que quiere, como para irse de fin de semana a costa de los valencianos<\/em>&#8220;, concluye Espert.\u00a0<\/span><\/p>\n","protected":false},"excerpt":{"rendered":"<p>Nuevas Generaciones del Partido Popular de Alcoy han denunciado la subida de tasas en la Escuela Oficial de Idiomas y&#8230;<\/p>\n","protected":false},"author":1,"featured_media":15174,"comment_status":"open","ping_status":"open","sticky":false,"template":"","format":"standard","meta":{"footnotes":""},"categories":[97,75,79],"tags":[1494,6228,1461,5967,6227,6226],"class_list":["post-44483","post","type-post","status-publish","format-standard","has-post-thumbnail","hentry","category-alcoy","category-noticias","category-politicayeconomia","tag-alcoy","tag-de-tasas","tag-denuncia","tag-eoi","tag-la-subida","tag-nngg"],"yoast_head":"<!-- This site is optimized with the Yoast SEO plugin v27.3 - https:\/\/yoast.com\/product\/yoast-seo-wordpress\/ -->\n<title>NNGG denuncia la subida de tasas en la EOI de Alcoy - COPE Alcoy<\/title>\n<meta name=\"robots\" content=\"index, follow, max-snippet:-1, max-image-preview:large, max-video-preview:-1\" \/>\n<link rel=\"canonical\" href=\"https:\/\/www.copealcoy.es\/es\/nngg-denuncia-la-subida-de-tasas-en-la-eoi-de-alcoy\/\" \/>\n<meta property=\"og:locale\" content=\"es_ES\" \/>\n<meta property=\"og:type\" content=\"article\" \/>\n<meta property=\"og:title\" content=\"NNGG denuncia la subida de tasas en la EOI de Alcoy - COPE Alcoy\" \/>\n<meta property=\"og:description\" content=\"Nuevas Generaciones del Partido Popular de Alcoy han denunciado la subida de tasas en la Escuela Oficial de Idiomas y...\" \/>\n<meta property=\"og:url\" content=\"https:\/\/www.copealcoy.es\/es\/nngg-denuncia-la-subida-de-tasas-en-la-eoi-de-alcoy\/\" \/>\n<meta property=\"og:site_name\" content=\"COPE Alcoy\" \/>\n<meta property=\"article:published_time\" content=\"2018-07-31T14:39:15+00:00\" \/>\n<meta property=\"article:modified_time\" content=\"2018-07-31T14:42:04+00:00\" \/>\n<meta property=\"og:image\" content=\"https:\/\/www.copealcoy.es\/wp-content\/uploads\/2015\/08\/arton573.jpg\" \/>\n\t<meta property=\"og:image:width\" content=\"599\" \/>\n\t<meta property=\"og:image:height\" content=\"399\" \/>\n\t<meta property=\"og:image:type\" content=\"image\/jpeg\" \/>\n<meta name=\"author\" content=\"Cope Alcoy\" \/>\n<meta name=\"twitter:label1\" content=\"Escrito por\" \/>\n\t<meta name=\"twitter:data1\" content=\"Cope Alcoy\" \/>\n\t<meta name=\"twitter:label2\" content=\"Tiempo de lectura\" \/>\n\t<meta name=\"twitter:data2\" content=\"1 minuto\" \/>\n<script type=\"application\/ld+json\" class=\"yoast-schema-graph\">{\"@context\":\"https:\\\/\\\/schema.org\",\"@graph\":[{\"@type\":\"Article\",\"@id\":\"https:\\\/\\\/www.copealcoy.es\\\/es\\\/nngg-denuncia-la-subida-de-tasas-en-la-eoi-de-alcoy\\\/#article\",\"isPartOf\":{\"@id\":\"https:\\\/\\\/www.copealcoy.es\\\/es\\\/nngg-denuncia-la-subida-de-tasas-en-la-eoi-de-alcoy\\\/\"},\"author\":{\"name\":\"Cope Alcoy\",\"@id\":\"https:\\\/\\\/www.copealcoy.es\\\/es\\\/#\\\/schema\\\/person\\\/e777c87fa024e57d40170af9df39882c\"},\"headline\":\"NNGG denuncia la subida de tasas en la EOI de Alcoy\",\"datePublished\":\"2018-07-31T14:39:15+00:00\",\"dateModified\":\"2018-07-31T14:42:04+00:00\",\"mainEntityOfPage\":{\"@id\":\"https:\\\/\\\/www.copealcoy.es\\\/es\\\/nngg-denuncia-la-subida-de-tasas-en-la-eoi-de-alcoy\\\/\"},\"wordCount\":297,\"commentCount\":0,\"image\":{\"@id\":\"https:\\\/\\\/www.copealcoy.es\\\/es\\\/nngg-denuncia-la-subida-de-tasas-en-la-eoi-de-alcoy\\\/#primaryimage\"},\"thumbnailUrl\":\"https:\\\/\\\/www.copealcoy.es\\\/wp-content\\\/uploads\\\/2015\\\/08\\\/arton573.jpg\",\"keywords\":[\"Alcoy\",\"de tasas\",\"Denuncia\",\"EOI\",\"la subida\",\"NNGG\"],\"articleSection\":[\"Alcoy\",\"Noticias\",\"Pol\u00edtica y Econom\u00eda\"],\"inLanguage\":\"es\"},{\"@type\":\"WebPage\",\"@id\":\"https:\\\/\\\/www.copealcoy.es\\\/es\\\/nngg-denuncia-la-subida-de-tasas-en-la-eoi-de-alcoy\\\/\",\"url\":\"https:\\\/\\\/www.copealcoy.es\\\/es\\\/nngg-denuncia-la-subida-de-tasas-en-la-eoi-de-alcoy\\\/\",\"name\":\"NNGG denuncia la subida de tasas en la EOI de Alcoy - COPE Alcoy\",\"isPartOf\":{\"@id\":\"https:\\\/\\\/www.copealcoy.es\\\/es\\\/#website\"},\"primaryImageOfPage\":{\"@id\":\"https:\\\/\\\/www.copealcoy.es\\\/es\\\/nngg-denuncia-la-subida-de-tasas-en-la-eoi-de-alcoy\\\/#primaryimage\"},\"image\":{\"@id\":\"https:\\\/\\\/www.copealcoy.es\\\/es\\\/nngg-denuncia-la-subida-de-tasas-en-la-eoi-de-alcoy\\\/#primaryimage\"},\"thumbnailUrl\":\"https:\\\/\\\/www.copealcoy.es\\\/wp-content\\\/uploads\\\/2015\\\/08\\\/arton573.jpg\",\"datePublished\":\"2018-07-31T14:39:15+00:00\",\"dateModified\":\"2018-07-31T14:42:04+00:00\",\"author\":{\"@id\":\"https:\\\/\\\/www.copealcoy.es\\\/es\\\/#\\\/schema\\\/person\\\/e777c87fa024e57d40170af9df39882c\"},\"breadcrumb\":{\"@id\":\"https:\\\/\\\/www.copealcoy.es\\\/es\\\/nngg-denuncia-la-subida-de-tasas-en-la-eoi-de-alcoy\\\/#breadcrumb\"},\"inLanguage\":\"es\",\"potentialAction\":[{\"@type\":\"ReadAction\",\"target\":[\"https:\\\/\\\/www.copealcoy.es\\\/es\\\/nngg-denuncia-la-subida-de-tasas-en-la-eoi-de-alcoy\\\/\"]}]},{\"@type\":\"ImageObject\",\"inLanguage\":\"es\",\"@id\":\"https:\\\/\\\/www.copealcoy.es\\\/es\\\/nngg-denuncia-la-subida-de-tasas-en-la-eoi-de-alcoy\\\/#primaryimage\",\"url\":\"https:\\\/\\\/www.copealcoy.es\\\/wp-content\\\/uploads\\\/2015\\\/08\\\/arton573.jpg\",\"contentUrl\":\"https:\\\/\\\/www.copealcoy.es\\\/wp-content\\\/uploads\\\/2015\\\/08\\\/arton573.jpg\",\"width\":599,\"height\":399,\"caption\":\"Escuela Oficial de Idiomas de Alcoy\"},{\"@type\":\"BreadcrumbList\",\"@id\":\"https:\\\/\\\/www.copealcoy.es\\\/es\\\/nngg-denuncia-la-subida-de-tasas-en-la-eoi-de-alcoy\\\/#breadcrumb\",\"itemListElement\":[{\"@type\":\"ListItem\",\"position\":1,\"name\":\"Portada\",\"item\":\"https:\\\/\\\/www.copealcoy.es\\\/es\\\/\"},{\"@type\":\"ListItem\",\"position\":2,\"name\":\"NNGG denuncia la subida de tasas en la EOI de Alcoy\"}]},{\"@type\":\"WebSite\",\"@id\":\"https:\\\/\\\/www.copealcoy.es\\\/es\\\/#website\",\"url\":\"https:\\\/\\\/www.copealcoy.es\\\/es\\\/\",\"name\":\"COPE Alcoy\",\"description\":\"Emisora COPE de radio local con emisi\u00f3n online. Pont de Sant Jordi 8-10 03803 Alcoy\",\"potentialAction\":[{\"@type\":\"SearchAction\",\"target\":{\"@type\":\"EntryPoint\",\"urlTemplate\":\"https:\\\/\\\/www.copealcoy.es\\\/es\\\/?s={search_term_string}\"},\"query-input\":{\"@type\":\"PropertyValueSpecification\",\"valueRequired\":true,\"valueName\":\"search_term_string\"}}],\"inLanguage\":\"es\"},{\"@type\":\"Person\",\"@id\":\"https:\\\/\\\/www.copealcoy.es\\\/es\\\/#\\\/schema\\\/person\\\/e777c87fa024e57d40170af9df39882c\",\"name\":\"Cope Alcoy\",\"image\":{\"@type\":\"ImageObject\",\"inLanguage\":\"es\",\"@id\":\"https:\\\/\\\/secure.gravatar.com\\\/avatar\\\/bb65d0283347e303893ba14f0692005417c1e0e690a325a4c5d8bb2b3943ee14?s=96&d=mm&r=g\",\"url\":\"https:\\\/\\\/secure.gravatar.com\\\/avatar\\\/bb65d0283347e303893ba14f0692005417c1e0e690a325a4c5d8bb2b3943ee14?s=96&d=mm&r=g\",\"contentUrl\":\"https:\\\/\\\/secure.gravatar.com\\\/avatar\\\/bb65d0283347e303893ba14f0692005417c1e0e690a325a4c5d8bb2b3943ee14?s=96&d=mm&r=g\",\"caption\":\"Cope Alcoy\"}}]}<\/script>\n<!-- \/ Yoast SEO plugin. -->","yoast_head_json":{"title":"NNGG denuncia la subida de tasas en la EOI de Alcoy - COPE Alcoy","robots":{"index":"index","follow":"follow","max-snippet":"max-snippet:-1","max-image-preview":"max-image-preview:large","max-video-preview":"max-video-preview:-1"},"canonical":"https:\/\/www.copealcoy.es\/es\/nngg-denuncia-la-subida-de-tasas-en-la-eoi-de-alcoy\/","og_locale":"es_ES","og_type":"article","og_title":"NNGG denuncia la subida de tasas en la EOI de Alcoy - COPE Alcoy","og_description":"Nuevas Generaciones del Partido Popular de Alcoy han denunciado la subida de tasas en la Escuela Oficial de Idiomas y...","og_url":"https:\/\/www.copealcoy.es\/es\/nngg-denuncia-la-subida-de-tasas-en-la-eoi-de-alcoy\/","og_site_name":"COPE Alcoy","article_published_time":"2018-07-31T14:39:15+00:00","article_modified_time":"2018-07-31T14:42:04+00:00","og_image":[{"width":599,"height":399,"url":"https:\/\/www.copealcoy.es\/wp-content\/uploads\/2015\/08\/arton573.jpg","type":"image\/jpeg"}],"author":"Cope Alcoy","twitter_misc":{"Escrito por":"Cope Alcoy","Tiempo de lectura":"1 minuto"},"schema":{"@context":"https:\/\/schema.org","@graph":[{"@type":"Article","@id":"https:\/\/www.copealcoy.es\/es\/nngg-denuncia-la-subida-de-tasas-en-la-eoi-de-alcoy\/#article","isPartOf":{"@id":"https:\/\/www.copealcoy.es\/es\/nngg-denuncia-la-subida-de-tasas-en-la-eoi-de-alcoy\/"},"author":{"name":"Cope Alcoy","@id":"https:\/\/www.copealcoy.es\/es\/#\/schema\/person\/e777c87fa024e57d40170af9df39882c"},"headline":"NNGG denuncia la subida de tasas en la EOI de Alcoy","datePublished":"2018-07-31T14:39:15+00:00","dateModified":"2018-07-31T14:42:04+00:00","mainEntityOfPage":{"@id":"https:\/\/www.copealcoy.es\/es\/nngg-denuncia-la-subida-de-tasas-en-la-eoi-de-alcoy\/"},"wordCount":297,"commentCount":0,"image":{"@id":"https:\/\/www.copealcoy.es\/es\/nngg-denuncia-la-subida-de-tasas-en-la-eoi-de-alcoy\/#primaryimage"},"thumbnailUrl":"https:\/\/www.copealcoy.es\/wp-content\/uploads\/2015\/08\/arton573.jpg","keywords":["Alcoy","de tasas","Denuncia","EOI","la subida","NNGG"],"articleSection":["Alcoy","Noticias","Pol\u00edtica y Econom\u00eda"],"inLanguage":"es"},{"@type":"WebPage","@id":"https:\/\/www.copealcoy.es\/es\/nngg-denuncia-la-subida-de-tasas-en-la-eoi-de-alcoy\/","url":"https:\/\/www.copealcoy.es\/es\/nngg-denuncia-la-subida-de-tasas-en-la-eoi-de-alcoy\/","name":"NNGG denuncia la subida de tasas en la EOI de Alcoy - COPE Alcoy","isPartOf":{"@id":"https:\/\/www.copealcoy.es\/es\/#website"},"primaryImageOfPage":{"@id":"https:\/\/www.copealcoy.es\/es\/nngg-denuncia-la-subida-de-tasas-en-la-eoi-de-alcoy\/#primaryimage"},"image":{"@id":"https:\/\/www.copealcoy.es\/es\/nngg-denuncia-la-subida-de-tasas-en-la-eoi-de-alcoy\/#primaryimage"},"thumbnailUrl":"https:\/\/www.copealcoy.es\/wp-content\/uploads\/2015\/08\/arton573.jpg","datePublished":"2018-07-31T14:39:15+00:00","dateModified":"2018-07-31T14:42:04+00:00","author":{"@id":"https:\/\/www.copealcoy.es\/es\/#\/schema\/person\/e777c87fa024e57d40170af9df39882c"},"breadcrumb":{"@id":"https:\/\/www.copealcoy.es\/es\/nngg-denuncia-la-subida-de-tasas-en-la-eoi-de-alcoy\/#breadcrumb"},"inLanguage":"es","potentialAction":[{"@type":"ReadAction","target":["https:\/\/www.copealcoy.es\/es\/nngg-denuncia-la-subida-de-tasas-en-la-eoi-de-alcoy\/"]}]},{"@type":"ImageObject","inLanguage":"es","@id":"https:\/\/www.copealcoy.es\/es\/nngg-denuncia-la-subida-de-tasas-en-la-eoi-de-alcoy\/#primaryimage","url":"https:\/\/www.copealcoy.es\/wp-content\/uploads\/2015\/08\/arton573.jpg","contentUrl":"https:\/\/www.copealcoy.es\/wp-content\/uploads\/2015\/08\/arton573.jpg","width":599,"height":399,"caption":"Escuela Oficial de Idiomas de Alcoy"},{"@type":"BreadcrumbList","@id":"https:\/\/www.copealcoy.es\/es\/nngg-denuncia-la-subida-de-tasas-en-la-eoi-de-alcoy\/#breadcrumb","itemListElement":[{"@type":"ListItem","position":1,"name":"Portada","item":"https:\/\/www.copealcoy.es\/es\/"},{"@type":"ListItem","position":2,"name":"NNGG denuncia la subida de tasas en la EOI de Alcoy"}]},{"@type":"WebSite","@id":"https:\/\/www.copealcoy.es\/es\/#website","url":"https:\/\/www.copealcoy.es\/es\/","name":"COPE Alcoy","description":"Emisora COPE de radio local con emisi\u00f3n online. Pont de Sant Jordi 8-10 03803 Alcoy","potentialAction":[{"@type":"SearchAction","target":{"@type":"EntryPoint","urlTemplate":"https:\/\/www.copealcoy.es\/es\/?s={search_term_string}"},"query-input":{"@type":"PropertyValueSpecification","valueRequired":true,"valueName":"search_term_string"}}],"inLanguage":"es"},{"@type":"Person","@id":"https:\/\/www.copealcoy.es\/es\/#\/schema\/person\/e777c87fa024e57d40170af9df39882c","name":"Cope Alcoy","image":{"@type":"ImageObject","inLanguage":"es","@id":"https:\/\/secure.gravatar.com\/avatar\/bb65d0283347e303893ba14f0692005417c1e0e690a325a4c5d8bb2b3943ee14?s=96&d=mm&r=g","url":"https:\/\/secure.gravatar.com\/avatar\/bb65d0283347e303893ba14f0692005417c1e0e690a325a4c5d8bb2b3943ee14?s=96&d=mm&r=g","contentUrl":"https:\/\/secure.gravatar.com\/avatar\/bb65d0283347e303893ba14f0692005417c1e0e690a325a4c5d8bb2b3943ee14?s=96&d=mm&r=g","caption":"Cope Alcoy"}}]}},"_links":{"self":[{"href":"https:\/\/www.copealcoy.es\/es\/wp-json\/wp\/v2\/posts\/44483","targetHints":{"allow":["GET"]}}],"collection":[{"href":"https:\/\/www.copealcoy.es\/es\/wp-json\/wp\/v2\/posts"}],"about":[{"href":"https:\/\/www.copealcoy.es\/es\/wp-json\/wp\/v2\/types\/post"}],"author":[{"embeddable":true,"href":"https:\/\/www.copealcoy.es\/es\/wp-json\/wp\/v2\/users\/1"}],"replies":[{"embeddable":true,"href":"https:\/\/www.copealcoy.es\/es\/wp-json\/wp\/v2\/comments?post=44483"}],"version-history":[{"count":0,"href":"https:\/\/www.copealcoy.es\/es\/wp-json\/wp\/v2\/posts\/44483\/revisions"}],"wp:featuredmedia":[{"embeddable":true,"href":"https:\/\/www.copealcoy.es\/es\/wp-json\/wp\/v2\/media\/15174"}],"wp:attachment":[{"href":"https:\/\/www.copealcoy.es\/es\/wp-json\/wp\/v2\/media?parent=44483"}],"wp:term":[{"taxonomy":"category","embeddable":true,"href":"https:\/\/www.copealcoy.es\/es\/wp-json\/wp\/v2\/categories?post=44483"},{"taxonomy":"post_tag","embeddable":true,"href":"https:\/\/www.copealcoy.es\/es\/wp-json\/wp\/v2\/tags?post=44483"}],"curies":[{"name":"wp","href":"https:\/\/api.w.org\/{rel}","templated":true}]}}