{"id":44474,"date":"2018-07-31T14:16:48","date_gmt":"2018-07-31T14:16:48","guid":{"rendered":"http:\/\/copealcoi.es\/new\/?p=44474"},"modified":"2018-08-26T10:19:03","modified_gmt":"2018-08-26T10:19:03","slug":"eu-pide-la-adquisicion-de-una-nave-para-usos-municipales","status":"publish","type":"post","link":"https:\/\/www.copealcoy.es\/es\/eu-pide-la-adquisicion-de-una-nave-para-usos-municipales\/","title":{"rendered":"EU pide la adquisici\u00f3n de una nave para usos municipales"},"content":{"rendered":"<p style=\"text-align: justify;\">El <strong>grupo municipal de Esquerra Unida<\/strong> en el Ayuntamiento de Muro ha presentado <strong>una petici\u00f3n<\/strong> para que el Consistorio <strong>adquiera una nave industrial<\/strong> que permita trasladar all\u00ed los Servicios Municipales.<\/p>\n<p style=\"text-align: justify;\">El portavoz de la formaci\u00f3n pol\u00edtica, <strong>Francesc Valls<\/strong>, recuerda que desde 2015 est\u00e1 sobre la mesa <strong>la propuesta de conseguir esta infraestructura<\/strong> y asegura que <strong>la modificaci\u00f3n de la normativa<\/strong> relativa al gasto en las Inversiones Financieramente Sostenibles ha permitido <strong>la adquisici\u00f3n de inmuebles en el municipio<\/strong> para destinarlos, entre otras cosas, a acoger la brigada municipal. Valls resalta que esta situaci\u00f3n hace que <strong>ahora sea el momento id\u00f3neo<\/strong> para poder adquirir la nave que tanto necesita el pueblo &#8220;<em>la propuesta se descart\u00f3 en su momento porque la nave no pod\u00eda adquirirse como quer\u00edamos nosotros, sino que\u00a0es necesario realizar un concurso p\u00fablico, por lo que ahora proponemos al Gobierno Municipal que, a trav\u00e9s de ese concurso, pueda presentarse cualquier persona, y determinar una nave que tenga un tama\u00f1o medio, no hace falta que sea grande, y que est\u00e9 cerca de Muro pero sin provocar molestias a los vecinos<\/em>&#8220;, informa.<\/p>\n<p style=\"text-align: justify;\">Por \u00faltimo desde Esquerra Unida entienden que el Ayuntamiento <strong>tendr\u00eda que marcar las condiciones<\/strong> a seguir a la hora de que <strong>los propietarios<\/strong> de las naves presenten las diferentes ofertas.<\/p>\n","protected":false},"excerpt":{"rendered":"<p>El grupo municipal de Esquerra Unida en el Ayuntamiento de Muro ha presentado una petici\u00f3n para que el Consistorio adquiera&#8230;<\/p>\n","protected":false},"author":1,"featured_media":33570,"comment_status":"open","ping_status":"open","sticky":false,"template":"","format":"standard","meta":{"footnotes":""},"categories":[98,75],"tags":[421,6221,1087,6222,6223],"class_list":["post-44474","post","type-post","status-publish","format-standard","has-post-thumbnail","hentry","category-comarcas","category-noticias","tag-eu","tag-la-adquisicion","tag-pide","tag-una-nave","tag-usos-industriales"],"yoast_head":"<!-- This site is optimized with the Yoast SEO plugin v27.3 - https:\/\/yoast.com\/product\/yoast-seo-wordpress\/ -->\n<title>EU pide la adquisici\u00f3n de una nave para usos municipales - COPE Alcoy<\/title>\n<meta name=\"robots\" content=\"index, follow, max-snippet:-1, max-image-preview:large, max-video-preview:-1\" \/>\n<link rel=\"canonical\" href=\"https:\/\/www.copealcoy.es\/es\/eu-pide-la-adquisicion-de-una-nave-para-usos-municipales\/\" \/>\n<meta property=\"og:locale\" content=\"es_ES\" \/>\n<meta property=\"og:type\" content=\"article\" \/>\n<meta property=\"og:title\" content=\"EU pide la adquisici\u00f3n de una nave para usos municipales - COPE Alcoy\" \/>\n<meta property=\"og:description\" content=\"El grupo municipal de Esquerra Unida en el Ayuntamiento de Muro ha presentado una petici\u00f3n para que el Consistorio adquiera...\" \/>\n<meta property=\"og:url\" content=\"https:\/\/www.copealcoy.es\/es\/eu-pide-la-adquisicion-de-una-nave-para-usos-municipales\/\" \/>\n<meta property=\"og:site_name\" content=\"COPE Alcoy\" \/>\n<meta property=\"article:published_time\" content=\"2018-07-31T14:16:48+00:00\" \/>\n<meta property=\"article:modified_time\" content=\"2018-08-26T10:19:03+00:00\" \/>\n<meta property=\"og:image\" content=\"https:\/\/www.copealcoy.es\/wp-content\/uploads\/2017\/07\/IMG_9503-e1499985968245.jpg\" \/>\n\t<meta property=\"og:image:width\" content=\"4032\" \/>\n\t<meta property=\"og:image:height\" content=\"2247\" \/>\n\t<meta property=\"og:image:type\" content=\"image\/jpeg\" \/>\n<meta name=\"author\" content=\"Cope Alcoy\" \/>\n<meta name=\"twitter:label1\" content=\"Escrito por\" \/>\n\t<meta name=\"twitter:data1\" content=\"Cope Alcoy\" \/>\n\t<meta name=\"twitter:label2\" content=\"Tiempo de lectura\" \/>\n\t<meta name=\"twitter:data2\" content=\"1 minuto\" \/>\n<script type=\"application\/ld+json\" class=\"yoast-schema-graph\">{\"@context\":\"https:\\\/\\\/schema.org\",\"@graph\":[{\"@type\":\"Article\",\"@id\":\"https:\\\/\\\/www.copealcoy.es\\\/es\\\/eu-pide-la-adquisicion-de-una-nave-para-usos-municipales\\\/#article\",\"isPartOf\":{\"@id\":\"https:\\\/\\\/www.copealcoy.es\\\/es\\\/eu-pide-la-adquisicion-de-una-nave-para-usos-municipales\\\/\"},\"author\":{\"name\":\"Cope Alcoy\",\"@id\":\"https:\\\/\\\/www.copealcoy.es\\\/es\\\/#\\\/schema\\\/person\\\/e777c87fa024e57d40170af9df39882c\"},\"headline\":\"EU pide la adquisici\u00f3n de una nave para usos municipales\",\"datePublished\":\"2018-07-31T14:16:48+00:00\",\"dateModified\":\"2018-08-26T10:19:03+00:00\",\"mainEntityOfPage\":{\"@id\":\"https:\\\/\\\/www.copealcoy.es\\\/es\\\/eu-pide-la-adquisicion-de-una-nave-para-usos-municipales\\\/\"},\"wordCount\":233,\"commentCount\":0,\"image\":{\"@id\":\"https:\\\/\\\/www.copealcoy.es\\\/es\\\/eu-pide-la-adquisicion-de-una-nave-para-usos-municipales\\\/#primaryimage\"},\"thumbnailUrl\":\"https:\\\/\\\/www.copealcoy.es\\\/wp-content\\\/uploads\\\/2017\\\/07\\\/IMG_9503-e1499985968245.jpg\",\"keywords\":[\"EU\",\"la adquisici\u00f3n\",\"pide\",\"una nave\",\"usos industriales\"],\"articleSection\":[\"Comarcas\",\"Noticias\"],\"inLanguage\":\"es\"},{\"@type\":\"WebPage\",\"@id\":\"https:\\\/\\\/www.copealcoy.es\\\/es\\\/eu-pide-la-adquisicion-de-una-nave-para-usos-municipales\\\/\",\"url\":\"https:\\\/\\\/www.copealcoy.es\\\/es\\\/eu-pide-la-adquisicion-de-una-nave-para-usos-municipales\\\/\",\"name\":\"EU pide la adquisici\u00f3n de una nave para usos municipales - COPE Alcoy\",\"isPartOf\":{\"@id\":\"https:\\\/\\\/www.copealcoy.es\\\/es\\\/#website\"},\"primaryImageOfPage\":{\"@id\":\"https:\\\/\\\/www.copealcoy.es\\\/es\\\/eu-pide-la-adquisicion-de-una-nave-para-usos-municipales\\\/#primaryimage\"},\"image\":{\"@id\":\"https:\\\/\\\/www.copealcoy.es\\\/es\\\/eu-pide-la-adquisicion-de-una-nave-para-usos-municipales\\\/#primaryimage\"},\"thumbnailUrl\":\"https:\\\/\\\/www.copealcoy.es\\\/wp-content\\\/uploads\\\/2017\\\/07\\\/IMG_9503-e1499985968245.jpg\",\"datePublished\":\"2018-07-31T14:16:48+00:00\",\"dateModified\":\"2018-08-26T10:19:03+00:00\",\"author\":{\"@id\":\"https:\\\/\\\/www.copealcoy.es\\\/es\\\/#\\\/schema\\\/person\\\/e777c87fa024e57d40170af9df39882c\"},\"breadcrumb\":{\"@id\":\"https:\\\/\\\/www.copealcoy.es\\\/es\\\/eu-pide-la-adquisicion-de-una-nave-para-usos-municipales\\\/#breadcrumb\"},\"inLanguage\":\"es\",\"potentialAction\":[{\"@type\":\"ReadAction\",\"target\":[\"https:\\\/\\\/www.copealcoy.es\\\/es\\\/eu-pide-la-adquisicion-de-una-nave-para-usos-municipales\\\/\"]}]},{\"@type\":\"ImageObject\",\"inLanguage\":\"es\",\"@id\":\"https:\\\/\\\/www.copealcoy.es\\\/es\\\/eu-pide-la-adquisicion-de-una-nave-para-usos-municipales\\\/#primaryimage\",\"url\":\"https:\\\/\\\/www.copealcoy.es\\\/wp-content\\\/uploads\\\/2017\\\/07\\\/IMG_9503-e1499985968245.jpg\",\"contentUrl\":\"https:\\\/\\\/www.copealcoy.es\\\/wp-content\\\/uploads\\\/2017\\\/07\\\/IMG_9503-e1499985968245.jpg\",\"width\":4032,\"height\":2247},{\"@type\":\"BreadcrumbList\",\"@id\":\"https:\\\/\\\/www.copealcoy.es\\\/es\\\/eu-pide-la-adquisicion-de-una-nave-para-usos-municipales\\\/#breadcrumb\",\"itemListElement\":[{\"@type\":\"ListItem\",\"position\":1,\"name\":\"Portada\",\"item\":\"https:\\\/\\\/www.copealcoy.es\\\/es\\\/\"},{\"@type\":\"ListItem\",\"position\":2,\"name\":\"EU pide la adquisici\u00f3n de una nave para usos municipales\"}]},{\"@type\":\"WebSite\",\"@id\":\"https:\\\/\\\/www.copealcoy.es\\\/es\\\/#website\",\"url\":\"https:\\\/\\\/www.copealcoy.es\\\/es\\\/\",\"name\":\"COPE Alcoy\",\"description\":\"Emisora COPE de radio local con emisi\u00f3n online. Pont de Sant Jordi 8-10 03803 Alcoy\",\"potentialAction\":[{\"@type\":\"SearchAction\",\"target\":{\"@type\":\"EntryPoint\",\"urlTemplate\":\"https:\\\/\\\/www.copealcoy.es\\\/es\\\/?s={search_term_string}\"},\"query-input\":{\"@type\":\"PropertyValueSpecification\",\"valueRequired\":true,\"valueName\":\"search_term_string\"}}],\"inLanguage\":\"es\"},{\"@type\":\"Person\",\"@id\":\"https:\\\/\\\/www.copealcoy.es\\\/es\\\/#\\\/schema\\\/person\\\/e777c87fa024e57d40170af9df39882c\",\"name\":\"Cope Alcoy\",\"image\":{\"@type\":\"ImageObject\",\"inLanguage\":\"es\",\"@id\":\"https:\\\/\\\/secure.gravatar.com\\\/avatar\\\/bb65d0283347e303893ba14f0692005417c1e0e690a325a4c5d8bb2b3943ee14?s=96&d=mm&r=g\",\"url\":\"https:\\\/\\\/secure.gravatar.com\\\/avatar\\\/bb65d0283347e303893ba14f0692005417c1e0e690a325a4c5d8bb2b3943ee14?s=96&d=mm&r=g\",\"contentUrl\":\"https:\\\/\\\/secure.gravatar.com\\\/avatar\\\/bb65d0283347e303893ba14f0692005417c1e0e690a325a4c5d8bb2b3943ee14?s=96&d=mm&r=g\",\"caption\":\"Cope Alcoy\"}}]}<\/script>\n<!-- \/ Yoast SEO plugin. -->","yoast_head_json":{"title":"EU pide la adquisici\u00f3n de una nave para usos municipales - COPE Alcoy","robots":{"index":"index","follow":"follow","max-snippet":"max-snippet:-1","max-image-preview":"max-image-preview:large","max-video-preview":"max-video-preview:-1"},"canonical":"https:\/\/www.copealcoy.es\/es\/eu-pide-la-adquisicion-de-una-nave-para-usos-municipales\/","og_locale":"es_ES","og_type":"article","og_title":"EU pide la adquisici\u00f3n de una nave para usos municipales - COPE Alcoy","og_description":"El grupo municipal de Esquerra Unida en el Ayuntamiento de Muro ha presentado una petici\u00f3n para que el Consistorio adquiera...","og_url":"https:\/\/www.copealcoy.es\/es\/eu-pide-la-adquisicion-de-una-nave-para-usos-municipales\/","og_site_name":"COPE Alcoy","article_published_time":"2018-07-31T14:16:48+00:00","article_modified_time":"2018-08-26T10:19:03+00:00","og_image":[{"width":4032,"height":2247,"url":"https:\/\/www.copealcoy.es\/wp-content\/uploads\/2017\/07\/IMG_9503-e1499985968245.jpg","type":"image\/jpeg"}],"author":"Cope Alcoy","twitter_misc":{"Escrito por":"Cope Alcoy","Tiempo de lectura":"1 minuto"},"schema":{"@context":"https:\/\/schema.org","@graph":[{"@type":"Article","@id":"https:\/\/www.copealcoy.es\/es\/eu-pide-la-adquisicion-de-una-nave-para-usos-municipales\/#article","isPartOf":{"@id":"https:\/\/www.copealcoy.es\/es\/eu-pide-la-adquisicion-de-una-nave-para-usos-municipales\/"},"author":{"name":"Cope Alcoy","@id":"https:\/\/www.copealcoy.es\/es\/#\/schema\/person\/e777c87fa024e57d40170af9df39882c"},"headline":"EU pide la adquisici\u00f3n de una nave para usos municipales","datePublished":"2018-07-31T14:16:48+00:00","dateModified":"2018-08-26T10:19:03+00:00","mainEntityOfPage":{"@id":"https:\/\/www.copealcoy.es\/es\/eu-pide-la-adquisicion-de-una-nave-para-usos-municipales\/"},"wordCount":233,"commentCount":0,"image":{"@id":"https:\/\/www.copealcoy.es\/es\/eu-pide-la-adquisicion-de-una-nave-para-usos-municipales\/#primaryimage"},"thumbnailUrl":"https:\/\/www.copealcoy.es\/wp-content\/uploads\/2017\/07\/IMG_9503-e1499985968245.jpg","keywords":["EU","la adquisici\u00f3n","pide","una nave","usos industriales"],"articleSection":["Comarcas","Noticias"],"inLanguage":"es"},{"@type":"WebPage","@id":"https:\/\/www.copealcoy.es\/es\/eu-pide-la-adquisicion-de-una-nave-para-usos-municipales\/","url":"https:\/\/www.copealcoy.es\/es\/eu-pide-la-adquisicion-de-una-nave-para-usos-municipales\/","name":"EU pide la adquisici\u00f3n de una nave para usos municipales - COPE Alcoy","isPartOf":{"@id":"https:\/\/www.copealcoy.es\/es\/#website"},"primaryImageOfPage":{"@id":"https:\/\/www.copealcoy.es\/es\/eu-pide-la-adquisicion-de-una-nave-para-usos-municipales\/#primaryimage"},"image":{"@id":"https:\/\/www.copealcoy.es\/es\/eu-pide-la-adquisicion-de-una-nave-para-usos-municipales\/#primaryimage"},"thumbnailUrl":"https:\/\/www.copealcoy.es\/wp-content\/uploads\/2017\/07\/IMG_9503-e1499985968245.jpg","datePublished":"2018-07-31T14:16:48+00:00","dateModified":"2018-08-26T10:19:03+00:00","author":{"@id":"https:\/\/www.copealcoy.es\/es\/#\/schema\/person\/e777c87fa024e57d40170af9df39882c"},"breadcrumb":{"@id":"https:\/\/www.copealcoy.es\/es\/eu-pide-la-adquisicion-de-una-nave-para-usos-municipales\/#breadcrumb"},"inLanguage":"es","potentialAction":[{"@type":"ReadAction","target":["https:\/\/www.copealcoy.es\/es\/eu-pide-la-adquisicion-de-una-nave-para-usos-municipales\/"]}]},{"@type":"ImageObject","inLanguage":"es","@id":"https:\/\/www.copealcoy.es\/es\/eu-pide-la-adquisicion-de-una-nave-para-usos-municipales\/#primaryimage","url":"https:\/\/www.copealcoy.es\/wp-content\/uploads\/2017\/07\/IMG_9503-e1499985968245.jpg","contentUrl":"https:\/\/www.copealcoy.es\/wp-content\/uploads\/2017\/07\/IMG_9503-e1499985968245.jpg","width":4032,"height":2247},{"@type":"BreadcrumbList","@id":"https:\/\/www.copealcoy.es\/es\/eu-pide-la-adquisicion-de-una-nave-para-usos-municipales\/#breadcrumb","itemListElement":[{"@type":"ListItem","position":1,"name":"Portada","item":"https:\/\/www.copealcoy.es\/es\/"},{"@type":"ListItem","position":2,"name":"EU pide la adquisici\u00f3n de una nave para usos municipales"}]},{"@type":"WebSite","@id":"https:\/\/www.copealcoy.es\/es\/#website","url":"https:\/\/www.copealcoy.es\/es\/","name":"COPE Alcoy","description":"Emisora COPE de radio local con emisi\u00f3n online. Pont de Sant Jordi 8-10 03803 Alcoy","potentialAction":[{"@type":"SearchAction","target":{"@type":"EntryPoint","urlTemplate":"https:\/\/www.copealcoy.es\/es\/?s={search_term_string}"},"query-input":{"@type":"PropertyValueSpecification","valueRequired":true,"valueName":"search_term_string"}}],"inLanguage":"es"},{"@type":"Person","@id":"https:\/\/www.copealcoy.es\/es\/#\/schema\/person\/e777c87fa024e57d40170af9df39882c","name":"Cope Alcoy","image":{"@type":"ImageObject","inLanguage":"es","@id":"https:\/\/secure.gravatar.com\/avatar\/bb65d0283347e303893ba14f0692005417c1e0e690a325a4c5d8bb2b3943ee14?s=96&d=mm&r=g","url":"https:\/\/secure.gravatar.com\/avatar\/bb65d0283347e303893ba14f0692005417c1e0e690a325a4c5d8bb2b3943ee14?s=96&d=mm&r=g","contentUrl":"https:\/\/secure.gravatar.com\/avatar\/bb65d0283347e303893ba14f0692005417c1e0e690a325a4c5d8bb2b3943ee14?s=96&d=mm&r=g","caption":"Cope Alcoy"}}]}},"_links":{"self":[{"href":"https:\/\/www.copealcoy.es\/es\/wp-json\/wp\/v2\/posts\/44474","targetHints":{"allow":["GET"]}}],"collection":[{"href":"https:\/\/www.copealcoy.es\/es\/wp-json\/wp\/v2\/posts"}],"about":[{"href":"https:\/\/www.copealcoy.es\/es\/wp-json\/wp\/v2\/types\/post"}],"author":[{"embeddable":true,"href":"https:\/\/www.copealcoy.es\/es\/wp-json\/wp\/v2\/users\/1"}],"replies":[{"embeddable":true,"href":"https:\/\/www.copealcoy.es\/es\/wp-json\/wp\/v2\/comments?post=44474"}],"version-history":[{"count":0,"href":"https:\/\/www.copealcoy.es\/es\/wp-json\/wp\/v2\/posts\/44474\/revisions"}],"wp:featuredmedia":[{"embeddable":true,"href":"https:\/\/www.copealcoy.es\/es\/wp-json\/wp\/v2\/media\/33570"}],"wp:attachment":[{"href":"https:\/\/www.copealcoy.es\/es\/wp-json\/wp\/v2\/media?parent=44474"}],"wp:term":[{"taxonomy":"category","embeddable":true,"href":"https:\/\/www.copealcoy.es\/es\/wp-json\/wp\/v2\/categories?post=44474"},{"taxonomy":"post_tag","embeddable":true,"href":"https:\/\/www.copealcoy.es\/es\/wp-json\/wp\/v2\/tags?post=44474"}],"curies":[{"name":"wp","href":"https:\/\/api.w.org\/{rel}","templated":true}]}}