{"id":44397,"date":"2018-07-27T19:48:24","date_gmt":"2018-07-27T19:48:24","guid":{"rendered":"http:\/\/copealcoi.es\/new\/?p=44397"},"modified":"2018-07-27T19:54:58","modified_gmt":"2018-07-27T19:54:58","slug":"avanzar-denuncia-de-nuevo-la-falta-de-accesibilidad-en-el-edificio-del-viaducto","status":"publish","type":"post","link":"https:\/\/www.copealcoy.es\/es\/avanzar-denuncia-de-nuevo-la-falta-de-accesibilidad-en-el-edificio-del-viaducto\/","title":{"rendered":"Avanzar denuncia de nuevo la falta de accesibilidad en el edificio del Viaducto"},"content":{"rendered":"<p style=\"text-align: justify;\">La <strong>Asociaci\u00f3n de Personas con Diversidad Funcional de Alcoy<\/strong> (Avanzar) ha denunciado <strong>la falta de accesibilidad<\/strong> del edificio del Viaducto. Esta situaci\u00f3n, informan,\u00a0<strong>ha vuelto a dejar fuera<\/strong> de la escuela de adultos Orosia Silvestre y de la Escuela Municipal de Belles Arts a<strong> las personas con movilidad reducida<\/strong> o que utilizan silla de ruedas.<\/p>\n<p style=\"text-align: justify;\">Desde Avanzar explican que al intentar formalizar la matr\u00edcula <strong>se les ha comunicado que no pueden cursar estudios en estos centros<\/strong> porque el edificio no re\u00fane las condiciones m\u00ednimas de accesibilidad. Adem\u00e1s resaltan que <strong>para poder entrar<\/strong> hay que superar dos escalones de 20 cent\u00edmetros cada uno para poder llegar hasta la entrada y cinco m\u00e1s hasta alcanzar el ascensor.<\/p>\n<p style=\"text-align: justify;\">Por \u00faltimo el colectivo recuerda que <strong>ya han denunciado esta situaci\u00f3n en reiteradas ocasiones<\/strong>, incluso en una moci\u00f3n presentada en un pleno de 2016, que fue aprobada por <strong>unanimidad de todos los grupos pol\u00edticos<\/strong> de la Corporaci\u00f3n Local. Asimismo Avanzar deja claro \u00a0que <strong>el Gobierno Local del PSOE ha hecho caso omiso de sus peticiones<\/strong> y anuncia que <strong>no descarta emprender acciones legales y judiciales<\/strong> si no se atienden estas reivindicaciones.<\/p>\n","protected":false},"excerpt":{"rendered":"<p>La Asociaci\u00f3n de Personas con Diversidad Funcional de Alcoy (Avanzar) ha denunciado la falta de accesibilidad del edificio del Viaducto&#8230;.<\/p>\n","protected":false},"author":1,"featured_media":44398,"comment_status":"open","ping_status":"open","sticky":false,"template":"","format":"standard","meta":{"footnotes":""},"categories":[97,75],"tags":[709,2985,1461,6198,6197,2277],"class_list":["post-44397","post","type-post","status-publish","format-standard","has-post-thumbnail","hentry","category-alcoy","category-noticias","tag-avanzar","tag-de-nuevo","tag-denuncia","tag-edificio","tag-falta-de-accesibilidad","tag-viaducto"],"yoast_head":"<!-- This site is optimized with the Yoast SEO plugin v27.3 - https:\/\/yoast.com\/product\/yoast-seo-wordpress\/ -->\n<title>Avanzar denuncia de nuevo la falta de accesibilidad en el edificio del Viaducto - COPE Alcoy<\/title>\n<meta name=\"robots\" content=\"index, follow, max-snippet:-1, max-image-preview:large, max-video-preview:-1\" \/>\n<link rel=\"canonical\" href=\"https:\/\/www.copealcoy.es\/es\/avanzar-denuncia-de-nuevo-la-falta-de-accesibilidad-en-el-edificio-del-viaducto\/\" \/>\n<meta property=\"og:locale\" content=\"es_ES\" \/>\n<meta property=\"og:type\" content=\"article\" \/>\n<meta property=\"og:title\" content=\"Avanzar denuncia de nuevo la falta de accesibilidad en el edificio del Viaducto - COPE Alcoy\" \/>\n<meta property=\"og:description\" content=\"La Asociaci\u00f3n de Personas con Diversidad Funcional de Alcoy (Avanzar) ha denunciado la falta de accesibilidad del edificio del Viaducto....\" \/>\n<meta property=\"og:url\" content=\"https:\/\/www.copealcoy.es\/es\/avanzar-denuncia-de-nuevo-la-falta-de-accesibilidad-en-el-edificio-del-viaducto\/\" \/>\n<meta property=\"og:site_name\" content=\"COPE Alcoy\" \/>\n<meta property=\"article:published_time\" content=\"2018-07-27T19:48:24+00:00\" \/>\n<meta property=\"article:modified_time\" content=\"2018-07-27T19:54:58+00:00\" \/>\n<meta property=\"og:image\" content=\"https:\/\/www.copealcoy.es\/wp-content\/uploads\/2018\/07\/orosia1.jpg\" \/>\n\t<meta property=\"og:image:width\" content=\"646\" \/>\n\t<meta property=\"og:image:height\" content=\"391\" \/>\n\t<meta property=\"og:image:type\" content=\"image\/jpeg\" \/>\n<meta name=\"author\" content=\"Cope Alcoy\" \/>\n<meta name=\"twitter:label1\" content=\"Escrito por\" \/>\n\t<meta name=\"twitter:data1\" content=\"Cope Alcoy\" \/>\n\t<meta name=\"twitter:label2\" content=\"Tiempo de lectura\" \/>\n\t<meta name=\"twitter:data2\" content=\"1 minuto\" \/>\n<script type=\"application\/ld+json\" class=\"yoast-schema-graph\">{\"@context\":\"https:\\\/\\\/schema.org\",\"@graph\":[{\"@type\":\"Article\",\"@id\":\"https:\\\/\\\/www.copealcoy.es\\\/es\\\/avanzar-denuncia-de-nuevo-la-falta-de-accesibilidad-en-el-edificio-del-viaducto\\\/#article\",\"isPartOf\":{\"@id\":\"https:\\\/\\\/www.copealcoy.es\\\/es\\\/avanzar-denuncia-de-nuevo-la-falta-de-accesibilidad-en-el-edificio-del-viaducto\\\/\"},\"author\":{\"name\":\"Cope Alcoy\",\"@id\":\"https:\\\/\\\/www.copealcoy.es\\\/es\\\/#\\\/schema\\\/person\\\/e777c87fa024e57d40170af9df39882c\"},\"headline\":\"Avanzar denuncia de nuevo la falta de accesibilidad en el edificio del Viaducto\",\"datePublished\":\"2018-07-27T19:48:24+00:00\",\"dateModified\":\"2018-07-27T19:54:58+00:00\",\"mainEntityOfPage\":{\"@id\":\"https:\\\/\\\/www.copealcoy.es\\\/es\\\/avanzar-denuncia-de-nuevo-la-falta-de-accesibilidad-en-el-edificio-del-viaducto\\\/\"},\"wordCount\":209,\"commentCount\":0,\"image\":{\"@id\":\"https:\\\/\\\/www.copealcoy.es\\\/es\\\/avanzar-denuncia-de-nuevo-la-falta-de-accesibilidad-en-el-edificio-del-viaducto\\\/#primaryimage\"},\"thumbnailUrl\":\"https:\\\/\\\/www.copealcoy.es\\\/wp-content\\\/uploads\\\/2018\\\/07\\\/orosia1.jpg\",\"keywords\":[\"Avanzar\",\"de nuevo\",\"Denuncia\",\"edificio\",\"falta de accesibilidad\",\"viaducto\"],\"articleSection\":[\"Alcoy\",\"Noticias\"],\"inLanguage\":\"es\"},{\"@type\":\"WebPage\",\"@id\":\"https:\\\/\\\/www.copealcoy.es\\\/es\\\/avanzar-denuncia-de-nuevo-la-falta-de-accesibilidad-en-el-edificio-del-viaducto\\\/\",\"url\":\"https:\\\/\\\/www.copealcoy.es\\\/es\\\/avanzar-denuncia-de-nuevo-la-falta-de-accesibilidad-en-el-edificio-del-viaducto\\\/\",\"name\":\"Avanzar denuncia de nuevo la falta de accesibilidad en el edificio del Viaducto - COPE Alcoy\",\"isPartOf\":{\"@id\":\"https:\\\/\\\/www.copealcoy.es\\\/es\\\/#website\"},\"primaryImageOfPage\":{\"@id\":\"https:\\\/\\\/www.copealcoy.es\\\/es\\\/avanzar-denuncia-de-nuevo-la-falta-de-accesibilidad-en-el-edificio-del-viaducto\\\/#primaryimage\"},\"image\":{\"@id\":\"https:\\\/\\\/www.copealcoy.es\\\/es\\\/avanzar-denuncia-de-nuevo-la-falta-de-accesibilidad-en-el-edificio-del-viaducto\\\/#primaryimage\"},\"thumbnailUrl\":\"https:\\\/\\\/www.copealcoy.es\\\/wp-content\\\/uploads\\\/2018\\\/07\\\/orosia1.jpg\",\"datePublished\":\"2018-07-27T19:48:24+00:00\",\"dateModified\":\"2018-07-27T19:54:58+00:00\",\"author\":{\"@id\":\"https:\\\/\\\/www.copealcoy.es\\\/es\\\/#\\\/schema\\\/person\\\/e777c87fa024e57d40170af9df39882c\"},\"breadcrumb\":{\"@id\":\"https:\\\/\\\/www.copealcoy.es\\\/es\\\/avanzar-denuncia-de-nuevo-la-falta-de-accesibilidad-en-el-edificio-del-viaducto\\\/#breadcrumb\"},\"inLanguage\":\"es\",\"potentialAction\":[{\"@type\":\"ReadAction\",\"target\":[\"https:\\\/\\\/www.copealcoy.es\\\/es\\\/avanzar-denuncia-de-nuevo-la-falta-de-accesibilidad-en-el-edificio-del-viaducto\\\/\"]}]},{\"@type\":\"ImageObject\",\"inLanguage\":\"es\",\"@id\":\"https:\\\/\\\/www.copealcoy.es\\\/es\\\/avanzar-denuncia-de-nuevo-la-falta-de-accesibilidad-en-el-edificio-del-viaducto\\\/#primaryimage\",\"url\":\"https:\\\/\\\/www.copealcoy.es\\\/wp-content\\\/uploads\\\/2018\\\/07\\\/orosia1.jpg\",\"contentUrl\":\"https:\\\/\\\/www.copealcoy.es\\\/wp-content\\\/uploads\\\/2018\\\/07\\\/orosia1.jpg\",\"width\":646,\"height\":391},{\"@type\":\"BreadcrumbList\",\"@id\":\"https:\\\/\\\/www.copealcoy.es\\\/es\\\/avanzar-denuncia-de-nuevo-la-falta-de-accesibilidad-en-el-edificio-del-viaducto\\\/#breadcrumb\",\"itemListElement\":[{\"@type\":\"ListItem\",\"position\":1,\"name\":\"Portada\",\"item\":\"https:\\\/\\\/www.copealcoy.es\\\/es\\\/\"},{\"@type\":\"ListItem\",\"position\":2,\"name\":\"Avanzar denuncia de nuevo la falta de accesibilidad en el edificio del Viaducto\"}]},{\"@type\":\"WebSite\",\"@id\":\"https:\\\/\\\/www.copealcoy.es\\\/es\\\/#website\",\"url\":\"https:\\\/\\\/www.copealcoy.es\\\/es\\\/\",\"name\":\"COPE Alcoy\",\"description\":\"Emisora COPE de radio local con emisi\u00f3n online. Pont de Sant Jordi 8-10 03803 Alcoy\",\"potentialAction\":[{\"@type\":\"SearchAction\",\"target\":{\"@type\":\"EntryPoint\",\"urlTemplate\":\"https:\\\/\\\/www.copealcoy.es\\\/es\\\/?s={search_term_string}\"},\"query-input\":{\"@type\":\"PropertyValueSpecification\",\"valueRequired\":true,\"valueName\":\"search_term_string\"}}],\"inLanguage\":\"es\"},{\"@type\":\"Person\",\"@id\":\"https:\\\/\\\/www.copealcoy.es\\\/es\\\/#\\\/schema\\\/person\\\/e777c87fa024e57d40170af9df39882c\",\"name\":\"Cope Alcoy\",\"image\":{\"@type\":\"ImageObject\",\"inLanguage\":\"es\",\"@id\":\"https:\\\/\\\/secure.gravatar.com\\\/avatar\\\/bb65d0283347e303893ba14f0692005417c1e0e690a325a4c5d8bb2b3943ee14?s=96&d=mm&r=g\",\"url\":\"https:\\\/\\\/secure.gravatar.com\\\/avatar\\\/bb65d0283347e303893ba14f0692005417c1e0e690a325a4c5d8bb2b3943ee14?s=96&d=mm&r=g\",\"contentUrl\":\"https:\\\/\\\/secure.gravatar.com\\\/avatar\\\/bb65d0283347e303893ba14f0692005417c1e0e690a325a4c5d8bb2b3943ee14?s=96&d=mm&r=g\",\"caption\":\"Cope Alcoy\"}}]}<\/script>\n<!-- \/ Yoast SEO plugin. -->","yoast_head_json":{"title":"Avanzar denuncia de nuevo la falta de accesibilidad en el edificio del Viaducto - COPE Alcoy","robots":{"index":"index","follow":"follow","max-snippet":"max-snippet:-1","max-image-preview":"max-image-preview:large","max-video-preview":"max-video-preview:-1"},"canonical":"https:\/\/www.copealcoy.es\/es\/avanzar-denuncia-de-nuevo-la-falta-de-accesibilidad-en-el-edificio-del-viaducto\/","og_locale":"es_ES","og_type":"article","og_title":"Avanzar denuncia de nuevo la falta de accesibilidad en el edificio del Viaducto - COPE Alcoy","og_description":"La Asociaci\u00f3n de Personas con Diversidad Funcional de Alcoy (Avanzar) ha denunciado la falta de accesibilidad del edificio del Viaducto....","og_url":"https:\/\/www.copealcoy.es\/es\/avanzar-denuncia-de-nuevo-la-falta-de-accesibilidad-en-el-edificio-del-viaducto\/","og_site_name":"COPE Alcoy","article_published_time":"2018-07-27T19:48:24+00:00","article_modified_time":"2018-07-27T19:54:58+00:00","og_image":[{"width":646,"height":391,"url":"https:\/\/www.copealcoy.es\/wp-content\/uploads\/2018\/07\/orosia1.jpg","type":"image\/jpeg"}],"author":"Cope Alcoy","twitter_misc":{"Escrito por":"Cope Alcoy","Tiempo de lectura":"1 minuto"},"schema":{"@context":"https:\/\/schema.org","@graph":[{"@type":"Article","@id":"https:\/\/www.copealcoy.es\/es\/avanzar-denuncia-de-nuevo-la-falta-de-accesibilidad-en-el-edificio-del-viaducto\/#article","isPartOf":{"@id":"https:\/\/www.copealcoy.es\/es\/avanzar-denuncia-de-nuevo-la-falta-de-accesibilidad-en-el-edificio-del-viaducto\/"},"author":{"name":"Cope Alcoy","@id":"https:\/\/www.copealcoy.es\/es\/#\/schema\/person\/e777c87fa024e57d40170af9df39882c"},"headline":"Avanzar denuncia de nuevo la falta de accesibilidad en el edificio del Viaducto","datePublished":"2018-07-27T19:48:24+00:00","dateModified":"2018-07-27T19:54:58+00:00","mainEntityOfPage":{"@id":"https:\/\/www.copealcoy.es\/es\/avanzar-denuncia-de-nuevo-la-falta-de-accesibilidad-en-el-edificio-del-viaducto\/"},"wordCount":209,"commentCount":0,"image":{"@id":"https:\/\/www.copealcoy.es\/es\/avanzar-denuncia-de-nuevo-la-falta-de-accesibilidad-en-el-edificio-del-viaducto\/#primaryimage"},"thumbnailUrl":"https:\/\/www.copealcoy.es\/wp-content\/uploads\/2018\/07\/orosia1.jpg","keywords":["Avanzar","de nuevo","Denuncia","edificio","falta de accesibilidad","viaducto"],"articleSection":["Alcoy","Noticias"],"inLanguage":"es"},{"@type":"WebPage","@id":"https:\/\/www.copealcoy.es\/es\/avanzar-denuncia-de-nuevo-la-falta-de-accesibilidad-en-el-edificio-del-viaducto\/","url":"https:\/\/www.copealcoy.es\/es\/avanzar-denuncia-de-nuevo-la-falta-de-accesibilidad-en-el-edificio-del-viaducto\/","name":"Avanzar denuncia de nuevo la falta de accesibilidad en el edificio del Viaducto - COPE Alcoy","isPartOf":{"@id":"https:\/\/www.copealcoy.es\/es\/#website"},"primaryImageOfPage":{"@id":"https:\/\/www.copealcoy.es\/es\/avanzar-denuncia-de-nuevo-la-falta-de-accesibilidad-en-el-edificio-del-viaducto\/#primaryimage"},"image":{"@id":"https:\/\/www.copealcoy.es\/es\/avanzar-denuncia-de-nuevo-la-falta-de-accesibilidad-en-el-edificio-del-viaducto\/#primaryimage"},"thumbnailUrl":"https:\/\/www.copealcoy.es\/wp-content\/uploads\/2018\/07\/orosia1.jpg","datePublished":"2018-07-27T19:48:24+00:00","dateModified":"2018-07-27T19:54:58+00:00","author":{"@id":"https:\/\/www.copealcoy.es\/es\/#\/schema\/person\/e777c87fa024e57d40170af9df39882c"},"breadcrumb":{"@id":"https:\/\/www.copealcoy.es\/es\/avanzar-denuncia-de-nuevo-la-falta-de-accesibilidad-en-el-edificio-del-viaducto\/#breadcrumb"},"inLanguage":"es","potentialAction":[{"@type":"ReadAction","target":["https:\/\/www.copealcoy.es\/es\/avanzar-denuncia-de-nuevo-la-falta-de-accesibilidad-en-el-edificio-del-viaducto\/"]}]},{"@type":"ImageObject","inLanguage":"es","@id":"https:\/\/www.copealcoy.es\/es\/avanzar-denuncia-de-nuevo-la-falta-de-accesibilidad-en-el-edificio-del-viaducto\/#primaryimage","url":"https:\/\/www.copealcoy.es\/wp-content\/uploads\/2018\/07\/orosia1.jpg","contentUrl":"https:\/\/www.copealcoy.es\/wp-content\/uploads\/2018\/07\/orosia1.jpg","width":646,"height":391},{"@type":"BreadcrumbList","@id":"https:\/\/www.copealcoy.es\/es\/avanzar-denuncia-de-nuevo-la-falta-de-accesibilidad-en-el-edificio-del-viaducto\/#breadcrumb","itemListElement":[{"@type":"ListItem","position":1,"name":"Portada","item":"https:\/\/www.copealcoy.es\/es\/"},{"@type":"ListItem","position":2,"name":"Avanzar denuncia de nuevo la falta de accesibilidad en el edificio del Viaducto"}]},{"@type":"WebSite","@id":"https:\/\/www.copealcoy.es\/es\/#website","url":"https:\/\/www.copealcoy.es\/es\/","name":"COPE Alcoy","description":"Emisora COPE de radio local con emisi\u00f3n online. Pont de Sant Jordi 8-10 03803 Alcoy","potentialAction":[{"@type":"SearchAction","target":{"@type":"EntryPoint","urlTemplate":"https:\/\/www.copealcoy.es\/es\/?s={search_term_string}"},"query-input":{"@type":"PropertyValueSpecification","valueRequired":true,"valueName":"search_term_string"}}],"inLanguage":"es"},{"@type":"Person","@id":"https:\/\/www.copealcoy.es\/es\/#\/schema\/person\/e777c87fa024e57d40170af9df39882c","name":"Cope Alcoy","image":{"@type":"ImageObject","inLanguage":"es","@id":"https:\/\/secure.gravatar.com\/avatar\/bb65d0283347e303893ba14f0692005417c1e0e690a325a4c5d8bb2b3943ee14?s=96&d=mm&r=g","url":"https:\/\/secure.gravatar.com\/avatar\/bb65d0283347e303893ba14f0692005417c1e0e690a325a4c5d8bb2b3943ee14?s=96&d=mm&r=g","contentUrl":"https:\/\/secure.gravatar.com\/avatar\/bb65d0283347e303893ba14f0692005417c1e0e690a325a4c5d8bb2b3943ee14?s=96&d=mm&r=g","caption":"Cope Alcoy"}}]}},"_links":{"self":[{"href":"https:\/\/www.copealcoy.es\/es\/wp-json\/wp\/v2\/posts\/44397","targetHints":{"allow":["GET"]}}],"collection":[{"href":"https:\/\/www.copealcoy.es\/es\/wp-json\/wp\/v2\/posts"}],"about":[{"href":"https:\/\/www.copealcoy.es\/es\/wp-json\/wp\/v2\/types\/post"}],"author":[{"embeddable":true,"href":"https:\/\/www.copealcoy.es\/es\/wp-json\/wp\/v2\/users\/1"}],"replies":[{"embeddable":true,"href":"https:\/\/www.copealcoy.es\/es\/wp-json\/wp\/v2\/comments?post=44397"}],"version-history":[{"count":0,"href":"https:\/\/www.copealcoy.es\/es\/wp-json\/wp\/v2\/posts\/44397\/revisions"}],"wp:featuredmedia":[{"embeddable":true,"href":"https:\/\/www.copealcoy.es\/es\/wp-json\/wp\/v2\/media\/44398"}],"wp:attachment":[{"href":"https:\/\/www.copealcoy.es\/es\/wp-json\/wp\/v2\/media?parent=44397"}],"wp:term":[{"taxonomy":"category","embeddable":true,"href":"https:\/\/www.copealcoy.es\/es\/wp-json\/wp\/v2\/categories?post=44397"},{"taxonomy":"post_tag","embeddable":true,"href":"https:\/\/www.copealcoy.es\/es\/wp-json\/wp\/v2\/tags?post=44397"}],"curies":[{"name":"wp","href":"https:\/\/api.w.org\/{rel}","templated":true}]}}