{"id":44367,"date":"2018-07-27T15:39:28","date_gmt":"2018-07-27T15:39:28","guid":{"rendered":"http:\/\/copealcoi.es\/new\/?p=44367"},"modified":"2018-07-27T15:47:23","modified_gmt":"2018-07-27T15:47:23","slug":"alcoleja-espera-a-la-imagen-peregrina-de-la-virgen-de-los-desamparados","status":"publish","type":"post","link":"https:\/\/www.copealcoy.es\/es\/alcoleja-espera-a-la-imagen-peregrina-de-la-virgen-de-los-desamparados\/","title":{"rendered":"Alcoleja espera a la imagen peregrina de la Virgen de los Desamparados"},"content":{"rendered":"<p style=\"text-align: justify;\">Alcoleja ha preparado <strong>numerosas actividades<\/strong> para este fin de semana con la intenci\u00f3n de <strong>conmemorar el A\u00f1o Santo Vicentino<\/strong> que se celebra en 2018 en la Di\u00f3cesis de Valencia. Hay que destacar que todas estas iniciativas se desarrollan <strong>por ser San Vicente Ferrer el patr\u00f3n<\/strong> de esta localidad del Comtat.<\/p>\n<p style=\"text-align: justify;\">La imagen procesional de la Mare de D\u00e9u <strong>ser\u00e1 recibida el viernes 27 de julio<\/strong>, a las 19 horas en la plaza de la Iglesia y desde all\u00ed<strong> se trasladar\u00e1 en romer\u00eda<\/strong> hasta la ermita de Beniaf\u00e9, donde <strong>se celebrar\u00e1 una misa de campa\u00f1a<\/strong>. En la romer\u00eda la imagen ir\u00e1 acompa\u00f1ada por cientos de devotos y por la Societat Musical Cultural d&#8217; Alcoleja y el campanario m\u00f3vil de la Colla de Campaners d&#8217; Ontinyent. Asimismo, en la misa participar\u00e1 el coro parroquial de San Onofre de l&#8217;Alcudia de Crespins.\u00a0Tras una cena en la misma explanada la imagen de <strong>la Virgen se dirigir\u00e1 a la parroquia San Vicente Ferrer a partir de las 23 horas<\/strong> en una procesi\u00f3n con antorchas y velas.<\/p>\n<p style=\"text-align: justify;\">Ma\u00f1ana<strong> s\u00e1bado<\/strong> se realizar\u00e1<strong> una ofrenda floral<\/strong> a la Mare de D\u00e9u en el templo parroquial. Adem\u00e1s, a las 13 horas, tendr\u00e1 lugar <strong>la celebraci\u00f3n de una misa solemne<\/strong> en honor a San Vicente Ferrer que ser\u00e1 presidida por el obispo em\u00e9rito de M\u00e9rida-Badajoz, <strong>Monse\u00f1or Santiago Garc\u00eda Aracil<\/strong>.Durante la misa <strong>ser\u00e1 bendecido el nuevo retablo<\/strong> del altar mayor de la parroquia y la nueva sede presidencial. Tambi\u00e9n <strong>ser\u00e1 entronizada la &#8216;Virgen de Beniaf\u00e9&#8217; y el &#8216;Jesuset&#8217;<\/strong>. En la celebraci\u00f3n participar\u00e1 la coral polif\u00f3nica de El Patriarca, que tambi\u00e9n ofrecer\u00e1 <strong>la &#8216;Ronda a la Verge&#8217;<\/strong> junto a la sociedad musical de Alcoleja a las 19 horas. Tras la misa en la plaza de la Iglesia <strong>ser\u00e1 inaugurado el monumento conmemorativo de la visita de la imagen peregrina<\/strong> y que ha sido realizado por el escultor <strong>Fr\u00e9d\u00e9ric Berthelot<\/strong>. Finalmente, a partir de las 21h tendr\u00e1 lugar<strong> la procesi\u00f3n y\u00a0la veneraci\u00f3n de la reci\u00e9n restaurada reliquia<\/strong> de San Vicente Ferrer.<\/p>\n<p style=\"text-align: justify;\">Por \u00faltimo el domingo, el templo permanecer\u00e1 abierto desde las 10 horas <strong>para facilitar la oraci\u00f3n y la veneraci\u00f3n de la imagen peregrina<\/strong>. Adem\u00e1s, acoger\u00e1 la celebraci\u00f3n de <strong>una misa<\/strong> presidida por el vicario episcopal, <strong>Melchor Segu\u00ed<\/strong>, y a las 17 horas tras el <strong>rezo de v\u00edsperas<\/strong> se despedir\u00e1 a la imagen procesional.<\/p>\n","protected":false},"excerpt":{"rendered":"<p>Alcoleja ha preparado numerosas actividades para este fin de semana con la intenci\u00f3n de conmemorar el A\u00f1o Santo Vicentino que&#8230;<\/p>\n","protected":false},"author":1,"featured_media":44368,"comment_status":"open","ping_status":"open","sticky":false,"template":"","format":"standard","meta":{"footnotes":""},"categories":[98,75],"tags":[1332,6188,2560,2230],"class_list":["post-44367","post","type-post","status-publish","format-standard","has-post-thumbnail","hentry","category-comarcas","category-noticias","tag-alcoleja","tag-imagen-peregrina","tag-recibe","tag-virgen-de-los-desamparados"],"yoast_head":"<!-- This site is optimized with the Yoast SEO plugin v27.3 - https:\/\/yoast.com\/product\/yoast-seo-wordpress\/ -->\n<title>Alcoleja espera a la imagen peregrina de la Virgen de los Desamparados - COPE Alcoy<\/title>\n<meta name=\"robots\" content=\"index, follow, max-snippet:-1, max-image-preview:large, max-video-preview:-1\" \/>\n<link rel=\"canonical\" href=\"https:\/\/www.copealcoy.es\/es\/alcoleja-espera-a-la-imagen-peregrina-de-la-virgen-de-los-desamparados\/\" \/>\n<meta property=\"og:locale\" content=\"es_ES\" \/>\n<meta property=\"og:type\" content=\"article\" \/>\n<meta property=\"og:title\" content=\"Alcoleja espera a la imagen peregrina de la Virgen de los Desamparados - COPE Alcoy\" \/>\n<meta property=\"og:description\" content=\"Alcoleja ha preparado numerosas actividades para este fin de semana con la intenci\u00f3n de conmemorar el A\u00f1o Santo Vicentino que...\" \/>\n<meta property=\"og:url\" content=\"https:\/\/www.copealcoy.es\/es\/alcoleja-espera-a-la-imagen-peregrina-de-la-virgen-de-los-desamparados\/\" \/>\n<meta property=\"og:site_name\" content=\"COPE Alcoy\" \/>\n<meta property=\"article:published_time\" content=\"2018-07-27T15:39:28+00:00\" \/>\n<meta property=\"article:modified_time\" content=\"2018-07-27T15:47:23+00:00\" \/>\n<meta property=\"og:image\" content=\"https:\/\/www.copealcoy.es\/wp-content\/uploads\/2018\/07\/peregrina-burjassot-press1-e1532705957599.jpg\" \/>\n\t<meta property=\"og:image:width\" content=\"997\" \/>\n\t<meta property=\"og:image:height\" content=\"522\" \/>\n\t<meta property=\"og:image:type\" content=\"image\/jpeg\" \/>\n<meta name=\"author\" content=\"Cope Alcoy\" \/>\n<meta name=\"twitter:label1\" content=\"Escrito por\" \/>\n\t<meta name=\"twitter:data1\" content=\"Cope Alcoy\" \/>\n\t<meta name=\"twitter:label2\" content=\"Tiempo de lectura\" \/>\n\t<meta name=\"twitter:data2\" content=\"2 minutos\" \/>\n<script type=\"application\/ld+json\" class=\"yoast-schema-graph\">{\"@context\":\"https:\\\/\\\/schema.org\",\"@graph\":[{\"@type\":\"Article\",\"@id\":\"https:\\\/\\\/www.copealcoy.es\\\/es\\\/alcoleja-espera-a-la-imagen-peregrina-de-la-virgen-de-los-desamparados\\\/#article\",\"isPartOf\":{\"@id\":\"https:\\\/\\\/www.copealcoy.es\\\/es\\\/alcoleja-espera-a-la-imagen-peregrina-de-la-virgen-de-los-desamparados\\\/\"},\"author\":{\"name\":\"Cope Alcoy\",\"@id\":\"https:\\\/\\\/www.copealcoy.es\\\/es\\\/#\\\/schema\\\/person\\\/e777c87fa024e57d40170af9df39882c\"},\"headline\":\"Alcoleja espera a la imagen peregrina de la Virgen de los Desamparados\",\"datePublished\":\"2018-07-27T15:39:28+00:00\",\"dateModified\":\"2018-07-27T15:47:23+00:00\",\"mainEntityOfPage\":{\"@id\":\"https:\\\/\\\/www.copealcoy.es\\\/es\\\/alcoleja-espera-a-la-imagen-peregrina-de-la-virgen-de-los-desamparados\\\/\"},\"wordCount\":423,\"commentCount\":0,\"image\":{\"@id\":\"https:\\\/\\\/www.copealcoy.es\\\/es\\\/alcoleja-espera-a-la-imagen-peregrina-de-la-virgen-de-los-desamparados\\\/#primaryimage\"},\"thumbnailUrl\":\"https:\\\/\\\/www.copealcoy.es\\\/wp-content\\\/uploads\\\/2018\\\/07\\\/peregrina-burjassot-press1-e1532705957599.jpg\",\"keywords\":[\"Alcoleja\",\"imagen peregrina\",\"recibe\",\"Virgen de los Desamparados\"],\"articleSection\":[\"Comarcas\",\"Noticias\"],\"inLanguage\":\"es\"},{\"@type\":\"WebPage\",\"@id\":\"https:\\\/\\\/www.copealcoy.es\\\/es\\\/alcoleja-espera-a-la-imagen-peregrina-de-la-virgen-de-los-desamparados\\\/\",\"url\":\"https:\\\/\\\/www.copealcoy.es\\\/es\\\/alcoleja-espera-a-la-imagen-peregrina-de-la-virgen-de-los-desamparados\\\/\",\"name\":\"Alcoleja espera a la imagen peregrina de la Virgen de los Desamparados - COPE Alcoy\",\"isPartOf\":{\"@id\":\"https:\\\/\\\/www.copealcoy.es\\\/es\\\/#website\"},\"primaryImageOfPage\":{\"@id\":\"https:\\\/\\\/www.copealcoy.es\\\/es\\\/alcoleja-espera-a-la-imagen-peregrina-de-la-virgen-de-los-desamparados\\\/#primaryimage\"},\"image\":{\"@id\":\"https:\\\/\\\/www.copealcoy.es\\\/es\\\/alcoleja-espera-a-la-imagen-peregrina-de-la-virgen-de-los-desamparados\\\/#primaryimage\"},\"thumbnailUrl\":\"https:\\\/\\\/www.copealcoy.es\\\/wp-content\\\/uploads\\\/2018\\\/07\\\/peregrina-burjassot-press1-e1532705957599.jpg\",\"datePublished\":\"2018-07-27T15:39:28+00:00\",\"dateModified\":\"2018-07-27T15:47:23+00:00\",\"author\":{\"@id\":\"https:\\\/\\\/www.copealcoy.es\\\/es\\\/#\\\/schema\\\/person\\\/e777c87fa024e57d40170af9df39882c\"},\"breadcrumb\":{\"@id\":\"https:\\\/\\\/www.copealcoy.es\\\/es\\\/alcoleja-espera-a-la-imagen-peregrina-de-la-virgen-de-los-desamparados\\\/#breadcrumb\"},\"inLanguage\":\"es\",\"potentialAction\":[{\"@type\":\"ReadAction\",\"target\":[\"https:\\\/\\\/www.copealcoy.es\\\/es\\\/alcoleja-espera-a-la-imagen-peregrina-de-la-virgen-de-los-desamparados\\\/\"]}]},{\"@type\":\"ImageObject\",\"inLanguage\":\"es\",\"@id\":\"https:\\\/\\\/www.copealcoy.es\\\/es\\\/alcoleja-espera-a-la-imagen-peregrina-de-la-virgen-de-los-desamparados\\\/#primaryimage\",\"url\":\"https:\\\/\\\/www.copealcoy.es\\\/wp-content\\\/uploads\\\/2018\\\/07\\\/peregrina-burjassot-press1-e1532705957599.jpg\",\"contentUrl\":\"https:\\\/\\\/www.copealcoy.es\\\/wp-content\\\/uploads\\\/2018\\\/07\\\/peregrina-burjassot-press1-e1532705957599.jpg\",\"width\":997,\"height\":522},{\"@type\":\"BreadcrumbList\",\"@id\":\"https:\\\/\\\/www.copealcoy.es\\\/es\\\/alcoleja-espera-a-la-imagen-peregrina-de-la-virgen-de-los-desamparados\\\/#breadcrumb\",\"itemListElement\":[{\"@type\":\"ListItem\",\"position\":1,\"name\":\"Portada\",\"item\":\"https:\\\/\\\/www.copealcoy.es\\\/es\\\/\"},{\"@type\":\"ListItem\",\"position\":2,\"name\":\"Alcoleja espera a la imagen peregrina de la Virgen de los Desamparados\"}]},{\"@type\":\"WebSite\",\"@id\":\"https:\\\/\\\/www.copealcoy.es\\\/es\\\/#website\",\"url\":\"https:\\\/\\\/www.copealcoy.es\\\/es\\\/\",\"name\":\"COPE Alcoy\",\"description\":\"Emisora COPE de radio local con emisi\u00f3n online. Pont de Sant Jordi 8-10 03803 Alcoy\",\"potentialAction\":[{\"@type\":\"SearchAction\",\"target\":{\"@type\":\"EntryPoint\",\"urlTemplate\":\"https:\\\/\\\/www.copealcoy.es\\\/es\\\/?s={search_term_string}\"},\"query-input\":{\"@type\":\"PropertyValueSpecification\",\"valueRequired\":true,\"valueName\":\"search_term_string\"}}],\"inLanguage\":\"es\"},{\"@type\":\"Person\",\"@id\":\"https:\\\/\\\/www.copealcoy.es\\\/es\\\/#\\\/schema\\\/person\\\/e777c87fa024e57d40170af9df39882c\",\"name\":\"Cope Alcoy\",\"image\":{\"@type\":\"ImageObject\",\"inLanguage\":\"es\",\"@id\":\"https:\\\/\\\/secure.gravatar.com\\\/avatar\\\/bb65d0283347e303893ba14f0692005417c1e0e690a325a4c5d8bb2b3943ee14?s=96&d=mm&r=g\",\"url\":\"https:\\\/\\\/secure.gravatar.com\\\/avatar\\\/bb65d0283347e303893ba14f0692005417c1e0e690a325a4c5d8bb2b3943ee14?s=96&d=mm&r=g\",\"contentUrl\":\"https:\\\/\\\/secure.gravatar.com\\\/avatar\\\/bb65d0283347e303893ba14f0692005417c1e0e690a325a4c5d8bb2b3943ee14?s=96&d=mm&r=g\",\"caption\":\"Cope Alcoy\"}}]}<\/script>\n<!-- \/ Yoast SEO plugin. -->","yoast_head_json":{"title":"Alcoleja espera a la imagen peregrina de la Virgen de los Desamparados - COPE Alcoy","robots":{"index":"index","follow":"follow","max-snippet":"max-snippet:-1","max-image-preview":"max-image-preview:large","max-video-preview":"max-video-preview:-1"},"canonical":"https:\/\/www.copealcoy.es\/es\/alcoleja-espera-a-la-imagen-peregrina-de-la-virgen-de-los-desamparados\/","og_locale":"es_ES","og_type":"article","og_title":"Alcoleja espera a la imagen peregrina de la Virgen de los Desamparados - COPE Alcoy","og_description":"Alcoleja ha preparado numerosas actividades para este fin de semana con la intenci\u00f3n de conmemorar el A\u00f1o Santo Vicentino que...","og_url":"https:\/\/www.copealcoy.es\/es\/alcoleja-espera-a-la-imagen-peregrina-de-la-virgen-de-los-desamparados\/","og_site_name":"COPE Alcoy","article_published_time":"2018-07-27T15:39:28+00:00","article_modified_time":"2018-07-27T15:47:23+00:00","og_image":[{"width":997,"height":522,"url":"https:\/\/www.copealcoy.es\/wp-content\/uploads\/2018\/07\/peregrina-burjassot-press1-e1532705957599.jpg","type":"image\/jpeg"}],"author":"Cope Alcoy","twitter_misc":{"Escrito por":"Cope Alcoy","Tiempo de lectura":"2 minutos"},"schema":{"@context":"https:\/\/schema.org","@graph":[{"@type":"Article","@id":"https:\/\/www.copealcoy.es\/es\/alcoleja-espera-a-la-imagen-peregrina-de-la-virgen-de-los-desamparados\/#article","isPartOf":{"@id":"https:\/\/www.copealcoy.es\/es\/alcoleja-espera-a-la-imagen-peregrina-de-la-virgen-de-los-desamparados\/"},"author":{"name":"Cope Alcoy","@id":"https:\/\/www.copealcoy.es\/es\/#\/schema\/person\/e777c87fa024e57d40170af9df39882c"},"headline":"Alcoleja espera a la imagen peregrina de la Virgen de los Desamparados","datePublished":"2018-07-27T15:39:28+00:00","dateModified":"2018-07-27T15:47:23+00:00","mainEntityOfPage":{"@id":"https:\/\/www.copealcoy.es\/es\/alcoleja-espera-a-la-imagen-peregrina-de-la-virgen-de-los-desamparados\/"},"wordCount":423,"commentCount":0,"image":{"@id":"https:\/\/www.copealcoy.es\/es\/alcoleja-espera-a-la-imagen-peregrina-de-la-virgen-de-los-desamparados\/#primaryimage"},"thumbnailUrl":"https:\/\/www.copealcoy.es\/wp-content\/uploads\/2018\/07\/peregrina-burjassot-press1-e1532705957599.jpg","keywords":["Alcoleja","imagen peregrina","recibe","Virgen de los Desamparados"],"articleSection":["Comarcas","Noticias"],"inLanguage":"es"},{"@type":"WebPage","@id":"https:\/\/www.copealcoy.es\/es\/alcoleja-espera-a-la-imagen-peregrina-de-la-virgen-de-los-desamparados\/","url":"https:\/\/www.copealcoy.es\/es\/alcoleja-espera-a-la-imagen-peregrina-de-la-virgen-de-los-desamparados\/","name":"Alcoleja espera a la imagen peregrina de la Virgen de los Desamparados - COPE Alcoy","isPartOf":{"@id":"https:\/\/www.copealcoy.es\/es\/#website"},"primaryImageOfPage":{"@id":"https:\/\/www.copealcoy.es\/es\/alcoleja-espera-a-la-imagen-peregrina-de-la-virgen-de-los-desamparados\/#primaryimage"},"image":{"@id":"https:\/\/www.copealcoy.es\/es\/alcoleja-espera-a-la-imagen-peregrina-de-la-virgen-de-los-desamparados\/#primaryimage"},"thumbnailUrl":"https:\/\/www.copealcoy.es\/wp-content\/uploads\/2018\/07\/peregrina-burjassot-press1-e1532705957599.jpg","datePublished":"2018-07-27T15:39:28+00:00","dateModified":"2018-07-27T15:47:23+00:00","author":{"@id":"https:\/\/www.copealcoy.es\/es\/#\/schema\/person\/e777c87fa024e57d40170af9df39882c"},"breadcrumb":{"@id":"https:\/\/www.copealcoy.es\/es\/alcoleja-espera-a-la-imagen-peregrina-de-la-virgen-de-los-desamparados\/#breadcrumb"},"inLanguage":"es","potentialAction":[{"@type":"ReadAction","target":["https:\/\/www.copealcoy.es\/es\/alcoleja-espera-a-la-imagen-peregrina-de-la-virgen-de-los-desamparados\/"]}]},{"@type":"ImageObject","inLanguage":"es","@id":"https:\/\/www.copealcoy.es\/es\/alcoleja-espera-a-la-imagen-peregrina-de-la-virgen-de-los-desamparados\/#primaryimage","url":"https:\/\/www.copealcoy.es\/wp-content\/uploads\/2018\/07\/peregrina-burjassot-press1-e1532705957599.jpg","contentUrl":"https:\/\/www.copealcoy.es\/wp-content\/uploads\/2018\/07\/peregrina-burjassot-press1-e1532705957599.jpg","width":997,"height":522},{"@type":"BreadcrumbList","@id":"https:\/\/www.copealcoy.es\/es\/alcoleja-espera-a-la-imagen-peregrina-de-la-virgen-de-los-desamparados\/#breadcrumb","itemListElement":[{"@type":"ListItem","position":1,"name":"Portada","item":"https:\/\/www.copealcoy.es\/es\/"},{"@type":"ListItem","position":2,"name":"Alcoleja espera a la imagen peregrina de la Virgen de los Desamparados"}]},{"@type":"WebSite","@id":"https:\/\/www.copealcoy.es\/es\/#website","url":"https:\/\/www.copealcoy.es\/es\/","name":"COPE Alcoy","description":"Emisora COPE de radio local con emisi\u00f3n online. Pont de Sant Jordi 8-10 03803 Alcoy","potentialAction":[{"@type":"SearchAction","target":{"@type":"EntryPoint","urlTemplate":"https:\/\/www.copealcoy.es\/es\/?s={search_term_string}"},"query-input":{"@type":"PropertyValueSpecification","valueRequired":true,"valueName":"search_term_string"}}],"inLanguage":"es"},{"@type":"Person","@id":"https:\/\/www.copealcoy.es\/es\/#\/schema\/person\/e777c87fa024e57d40170af9df39882c","name":"Cope Alcoy","image":{"@type":"ImageObject","inLanguage":"es","@id":"https:\/\/secure.gravatar.com\/avatar\/bb65d0283347e303893ba14f0692005417c1e0e690a325a4c5d8bb2b3943ee14?s=96&d=mm&r=g","url":"https:\/\/secure.gravatar.com\/avatar\/bb65d0283347e303893ba14f0692005417c1e0e690a325a4c5d8bb2b3943ee14?s=96&d=mm&r=g","contentUrl":"https:\/\/secure.gravatar.com\/avatar\/bb65d0283347e303893ba14f0692005417c1e0e690a325a4c5d8bb2b3943ee14?s=96&d=mm&r=g","caption":"Cope Alcoy"}}]}},"_links":{"self":[{"href":"https:\/\/www.copealcoy.es\/es\/wp-json\/wp\/v2\/posts\/44367","targetHints":{"allow":["GET"]}}],"collection":[{"href":"https:\/\/www.copealcoy.es\/es\/wp-json\/wp\/v2\/posts"}],"about":[{"href":"https:\/\/www.copealcoy.es\/es\/wp-json\/wp\/v2\/types\/post"}],"author":[{"embeddable":true,"href":"https:\/\/www.copealcoy.es\/es\/wp-json\/wp\/v2\/users\/1"}],"replies":[{"embeddable":true,"href":"https:\/\/www.copealcoy.es\/es\/wp-json\/wp\/v2\/comments?post=44367"}],"version-history":[{"count":0,"href":"https:\/\/www.copealcoy.es\/es\/wp-json\/wp\/v2\/posts\/44367\/revisions"}],"wp:featuredmedia":[{"embeddable":true,"href":"https:\/\/www.copealcoy.es\/es\/wp-json\/wp\/v2\/media\/44368"}],"wp:attachment":[{"href":"https:\/\/www.copealcoy.es\/es\/wp-json\/wp\/v2\/media?parent=44367"}],"wp:term":[{"taxonomy":"category","embeddable":true,"href":"https:\/\/www.copealcoy.es\/es\/wp-json\/wp\/v2\/categories?post=44367"},{"taxonomy":"post_tag","embeddable":true,"href":"https:\/\/www.copealcoy.es\/es\/wp-json\/wp\/v2\/tags?post=44367"}],"curies":[{"name":"wp","href":"https:\/\/api.w.org\/{rel}","templated":true}]}}