{"id":44117,"date":"2018-07-18T17:48:45","date_gmt":"2018-07-18T17:48:45","guid":{"rendered":"http:\/\/copealcoi.es\/new\/?p=44117"},"modified":"2018-07-18T17:50:53","modified_gmt":"2018-07-18T17:50:53","slug":"arrancan-las-obras-para-la-reforma-del-ponton-de-san-jaime","status":"publish","type":"post","link":"https:\/\/www.copealcoy.es\/es\/arrancan-las-obras-para-la-reforma-del-ponton-de-san-jaime\/","title":{"rendered":"Arrancan las obras para la reforma del Pont\u00f3n de San Jaime"},"content":{"rendered":"<p style=\"text-align: justify;\">Las obras para <strong>la mejora del pont\u00f3n de San Jaime de Alcoy<\/strong> han comenzado esta misma semana. Los trabajos, seg\u00fan informa el Ayuntamiento, <strong>no implicar\u00e1n importantes restricciones en el tr\u00e1fico<\/strong> y tan solo <strong>se har\u00e1n cortes puntuales<\/strong> en el Barranco Na Lloba.<\/p>\n<p style=\"text-align: justify;\">La intervenci\u00f3n permitir\u00e1 solucionar <strong>los problemas del tablero<\/strong> de esta infraestructura, situada en la calle Sant Jaume, donde se encuentra <strong>una de las entradas a la EASD<\/strong> (Escuela de arte superior y dise\u00f1o de Alcoy). La misma<strong> es independiente a<\/strong> <strong>la adecuaci\u00f3n de la propia calle San Jaume<\/strong>, un proyecto aprobado dentro de los presupuestos participativos.<\/p>\n<p style=\"text-align: justify;\">Hay que indicar sobre esta \u00faltima cuesti\u00f3n, que la iniciativa <strong>se encuentra ahora mismo en proceso de adjudicaci\u00f3n<\/strong> y las empresas <strong>pueden presentar sus propuestas<\/strong> hasta el 19 de julio. Se espera poder adjudicar la obra<strong> durante los meses de verano<\/strong> para poder empezar a ejecutarse a lo largo del oto\u00f1o.<\/p>\n","protected":false},"excerpt":{"rendered":"<p>Las obras para la mejora del pont\u00f3n de San Jaime de Alcoy han comenzado esta misma semana. Los trabajos, seg\u00fan&#8230;<\/p>\n","protected":false},"author":1,"featured_media":44118,"comment_status":"open","ping_status":"open","sticky":false,"template":"","format":"standard","meta":{"footnotes":""},"categories":[97,75],"tags":[1494,1124,6111,5961,6112],"class_list":["post-44117","post","type-post","status-publish","format-standard","has-post-thumbnail","hentry","category-alcoy","category-noticias","tag-alcoy","tag-arrancan","tag-la-reforma","tag-las-obras","tag-ponton-de-san-jaime"],"yoast_head":"<!-- This site is optimized with the Yoast SEO plugin v27.3 - https:\/\/yoast.com\/product\/yoast-seo-wordpress\/ -->\n<title>Arrancan las obras para la reforma del Pont\u00f3n de San Jaime - COPE Alcoy<\/title>\n<meta name=\"robots\" content=\"index, follow, max-snippet:-1, max-image-preview:large, max-video-preview:-1\" \/>\n<link rel=\"canonical\" href=\"https:\/\/www.copealcoy.es\/es\/arrancan-las-obras-para-la-reforma-del-ponton-de-san-jaime\/\" \/>\n<meta property=\"og:locale\" content=\"es_ES\" \/>\n<meta property=\"og:type\" content=\"article\" \/>\n<meta property=\"og:title\" content=\"Arrancan las obras para la reforma del Pont\u00f3n de San Jaime - COPE Alcoy\" \/>\n<meta property=\"og:description\" content=\"Las obras para la mejora del pont\u00f3n de San Jaime de Alcoy han comenzado esta misma semana. Los trabajos, seg\u00fan...\" \/>\n<meta property=\"og:url\" content=\"https:\/\/www.copealcoy.es\/es\/arrancan-las-obras-para-la-reforma-del-ponton-de-san-jaime\/\" \/>\n<meta property=\"og:site_name\" content=\"COPE Alcoy\" \/>\n<meta property=\"article:published_time\" content=\"2018-07-18T17:48:45+00:00\" \/>\n<meta property=\"article:modified_time\" content=\"2018-07-18T17:50:53+00:00\" \/>\n<meta property=\"og:image\" content=\"https:\/\/www.copealcoy.es\/wp-content\/uploads\/2018\/07\/PONTO_STJAUME1.-1024x683.jpg\" \/>\n\t<meta property=\"og:image:width\" content=\"1024\" \/>\n\t<meta property=\"og:image:height\" content=\"683\" \/>\n\t<meta property=\"og:image:type\" content=\"image\/jpeg\" \/>\n<meta name=\"author\" content=\"Cope Alcoy\" \/>\n<meta name=\"twitter:label1\" content=\"Escrito por\" \/>\n\t<meta name=\"twitter:data1\" content=\"Cope Alcoy\" \/>\n\t<meta name=\"twitter:label2\" content=\"Tiempo de lectura\" \/>\n\t<meta name=\"twitter:data2\" content=\"1 minuto\" \/>\n<script type=\"application\/ld+json\" class=\"yoast-schema-graph\">{\"@context\":\"https:\\\/\\\/schema.org\",\"@graph\":[{\"@type\":\"Article\",\"@id\":\"https:\\\/\\\/www.copealcoy.es\\\/es\\\/arrancan-las-obras-para-la-reforma-del-ponton-de-san-jaime\\\/#article\",\"isPartOf\":{\"@id\":\"https:\\\/\\\/www.copealcoy.es\\\/es\\\/arrancan-las-obras-para-la-reforma-del-ponton-de-san-jaime\\\/\"},\"author\":{\"name\":\"Cope Alcoy\",\"@id\":\"https:\\\/\\\/www.copealcoy.es\\\/es\\\/#\\\/schema\\\/person\\\/e777c87fa024e57d40170af9df39882c\"},\"headline\":\"Arrancan las obras para la reforma del Pont\u00f3n de San Jaime\",\"datePublished\":\"2018-07-18T17:48:45+00:00\",\"dateModified\":\"2018-07-18T17:50:53+00:00\",\"mainEntityOfPage\":{\"@id\":\"https:\\\/\\\/www.copealcoy.es\\\/es\\\/arrancan-las-obras-para-la-reforma-del-ponton-de-san-jaime\\\/\"},\"wordCount\":171,\"commentCount\":0,\"image\":{\"@id\":\"https:\\\/\\\/www.copealcoy.es\\\/es\\\/arrancan-las-obras-para-la-reforma-del-ponton-de-san-jaime\\\/#primaryimage\"},\"thumbnailUrl\":\"https:\\\/\\\/www.copealcoy.es\\\/wp-content\\\/uploads\\\/2018\\\/07\\\/PONTO_STJAUME1..jpg\",\"keywords\":[\"Alcoy\",\"Arrancan\",\"la reforma\",\"las obras\",\"Pont\u00f3n de San Jaime\"],\"articleSection\":[\"Alcoy\",\"Noticias\"],\"inLanguage\":\"es\"},{\"@type\":\"WebPage\",\"@id\":\"https:\\\/\\\/www.copealcoy.es\\\/es\\\/arrancan-las-obras-para-la-reforma-del-ponton-de-san-jaime\\\/\",\"url\":\"https:\\\/\\\/www.copealcoy.es\\\/es\\\/arrancan-las-obras-para-la-reforma-del-ponton-de-san-jaime\\\/\",\"name\":\"Arrancan las obras para la reforma del Pont\u00f3n de San Jaime - COPE Alcoy\",\"isPartOf\":{\"@id\":\"https:\\\/\\\/www.copealcoy.es\\\/es\\\/#website\"},\"primaryImageOfPage\":{\"@id\":\"https:\\\/\\\/www.copealcoy.es\\\/es\\\/arrancan-las-obras-para-la-reforma-del-ponton-de-san-jaime\\\/#primaryimage\"},\"image\":{\"@id\":\"https:\\\/\\\/www.copealcoy.es\\\/es\\\/arrancan-las-obras-para-la-reforma-del-ponton-de-san-jaime\\\/#primaryimage\"},\"thumbnailUrl\":\"https:\\\/\\\/www.copealcoy.es\\\/wp-content\\\/uploads\\\/2018\\\/07\\\/PONTO_STJAUME1..jpg\",\"datePublished\":\"2018-07-18T17:48:45+00:00\",\"dateModified\":\"2018-07-18T17:50:53+00:00\",\"author\":{\"@id\":\"https:\\\/\\\/www.copealcoy.es\\\/es\\\/#\\\/schema\\\/person\\\/e777c87fa024e57d40170af9df39882c\"},\"breadcrumb\":{\"@id\":\"https:\\\/\\\/www.copealcoy.es\\\/es\\\/arrancan-las-obras-para-la-reforma-del-ponton-de-san-jaime\\\/#breadcrumb\"},\"inLanguage\":\"es\",\"potentialAction\":[{\"@type\":\"ReadAction\",\"target\":[\"https:\\\/\\\/www.copealcoy.es\\\/es\\\/arrancan-las-obras-para-la-reforma-del-ponton-de-san-jaime\\\/\"]}]},{\"@type\":\"ImageObject\",\"inLanguage\":\"es\",\"@id\":\"https:\\\/\\\/www.copealcoy.es\\\/es\\\/arrancan-las-obras-para-la-reforma-del-ponton-de-san-jaime\\\/#primaryimage\",\"url\":\"https:\\\/\\\/www.copealcoy.es\\\/wp-content\\\/uploads\\\/2018\\\/07\\\/PONTO_STJAUME1..jpg\",\"contentUrl\":\"https:\\\/\\\/www.copealcoy.es\\\/wp-content\\\/uploads\\\/2018\\\/07\\\/PONTO_STJAUME1..jpg\",\"width\":4272,\"height\":2848},{\"@type\":\"BreadcrumbList\",\"@id\":\"https:\\\/\\\/www.copealcoy.es\\\/es\\\/arrancan-las-obras-para-la-reforma-del-ponton-de-san-jaime\\\/#breadcrumb\",\"itemListElement\":[{\"@type\":\"ListItem\",\"position\":1,\"name\":\"Portada\",\"item\":\"https:\\\/\\\/www.copealcoy.es\\\/es\\\/\"},{\"@type\":\"ListItem\",\"position\":2,\"name\":\"Arrancan las obras para la reforma del Pont\u00f3n de San Jaime\"}]},{\"@type\":\"WebSite\",\"@id\":\"https:\\\/\\\/www.copealcoy.es\\\/es\\\/#website\",\"url\":\"https:\\\/\\\/www.copealcoy.es\\\/es\\\/\",\"name\":\"COPE Alcoy\",\"description\":\"Emisora COPE de radio local con emisi\u00f3n online. Pont de Sant Jordi 8-10 03803 Alcoy\",\"potentialAction\":[{\"@type\":\"SearchAction\",\"target\":{\"@type\":\"EntryPoint\",\"urlTemplate\":\"https:\\\/\\\/www.copealcoy.es\\\/es\\\/?s={search_term_string}\"},\"query-input\":{\"@type\":\"PropertyValueSpecification\",\"valueRequired\":true,\"valueName\":\"search_term_string\"}}],\"inLanguage\":\"es\"},{\"@type\":\"Person\",\"@id\":\"https:\\\/\\\/www.copealcoy.es\\\/es\\\/#\\\/schema\\\/person\\\/e777c87fa024e57d40170af9df39882c\",\"name\":\"Cope Alcoy\",\"image\":{\"@type\":\"ImageObject\",\"inLanguage\":\"es\",\"@id\":\"https:\\\/\\\/secure.gravatar.com\\\/avatar\\\/bb65d0283347e303893ba14f0692005417c1e0e690a325a4c5d8bb2b3943ee14?s=96&d=mm&r=g\",\"url\":\"https:\\\/\\\/secure.gravatar.com\\\/avatar\\\/bb65d0283347e303893ba14f0692005417c1e0e690a325a4c5d8bb2b3943ee14?s=96&d=mm&r=g\",\"contentUrl\":\"https:\\\/\\\/secure.gravatar.com\\\/avatar\\\/bb65d0283347e303893ba14f0692005417c1e0e690a325a4c5d8bb2b3943ee14?s=96&d=mm&r=g\",\"caption\":\"Cope Alcoy\"}}]}<\/script>\n<!-- \/ Yoast SEO plugin. -->","yoast_head_json":{"title":"Arrancan las obras para la reforma del Pont\u00f3n de San Jaime - COPE Alcoy","robots":{"index":"index","follow":"follow","max-snippet":"max-snippet:-1","max-image-preview":"max-image-preview:large","max-video-preview":"max-video-preview:-1"},"canonical":"https:\/\/www.copealcoy.es\/es\/arrancan-las-obras-para-la-reforma-del-ponton-de-san-jaime\/","og_locale":"es_ES","og_type":"article","og_title":"Arrancan las obras para la reforma del Pont\u00f3n de San Jaime - COPE Alcoy","og_description":"Las obras para la mejora del pont\u00f3n de San Jaime de Alcoy han comenzado esta misma semana. Los trabajos, seg\u00fan...","og_url":"https:\/\/www.copealcoy.es\/es\/arrancan-las-obras-para-la-reforma-del-ponton-de-san-jaime\/","og_site_name":"COPE Alcoy","article_published_time":"2018-07-18T17:48:45+00:00","article_modified_time":"2018-07-18T17:50:53+00:00","og_image":[{"width":1024,"height":683,"url":"https:\/\/www.copealcoy.es\/wp-content\/uploads\/2018\/07\/PONTO_STJAUME1.-1024x683.jpg","type":"image\/jpeg"}],"author":"Cope Alcoy","twitter_misc":{"Escrito por":"Cope Alcoy","Tiempo de lectura":"1 minuto"},"schema":{"@context":"https:\/\/schema.org","@graph":[{"@type":"Article","@id":"https:\/\/www.copealcoy.es\/es\/arrancan-las-obras-para-la-reforma-del-ponton-de-san-jaime\/#article","isPartOf":{"@id":"https:\/\/www.copealcoy.es\/es\/arrancan-las-obras-para-la-reforma-del-ponton-de-san-jaime\/"},"author":{"name":"Cope Alcoy","@id":"https:\/\/www.copealcoy.es\/es\/#\/schema\/person\/e777c87fa024e57d40170af9df39882c"},"headline":"Arrancan las obras para la reforma del Pont\u00f3n de San Jaime","datePublished":"2018-07-18T17:48:45+00:00","dateModified":"2018-07-18T17:50:53+00:00","mainEntityOfPage":{"@id":"https:\/\/www.copealcoy.es\/es\/arrancan-las-obras-para-la-reforma-del-ponton-de-san-jaime\/"},"wordCount":171,"commentCount":0,"image":{"@id":"https:\/\/www.copealcoy.es\/es\/arrancan-las-obras-para-la-reforma-del-ponton-de-san-jaime\/#primaryimage"},"thumbnailUrl":"https:\/\/www.copealcoy.es\/wp-content\/uploads\/2018\/07\/PONTO_STJAUME1..jpg","keywords":["Alcoy","Arrancan","la reforma","las obras","Pont\u00f3n de San Jaime"],"articleSection":["Alcoy","Noticias"],"inLanguage":"es"},{"@type":"WebPage","@id":"https:\/\/www.copealcoy.es\/es\/arrancan-las-obras-para-la-reforma-del-ponton-de-san-jaime\/","url":"https:\/\/www.copealcoy.es\/es\/arrancan-las-obras-para-la-reforma-del-ponton-de-san-jaime\/","name":"Arrancan las obras para la reforma del Pont\u00f3n de San Jaime - COPE Alcoy","isPartOf":{"@id":"https:\/\/www.copealcoy.es\/es\/#website"},"primaryImageOfPage":{"@id":"https:\/\/www.copealcoy.es\/es\/arrancan-las-obras-para-la-reforma-del-ponton-de-san-jaime\/#primaryimage"},"image":{"@id":"https:\/\/www.copealcoy.es\/es\/arrancan-las-obras-para-la-reforma-del-ponton-de-san-jaime\/#primaryimage"},"thumbnailUrl":"https:\/\/www.copealcoy.es\/wp-content\/uploads\/2018\/07\/PONTO_STJAUME1..jpg","datePublished":"2018-07-18T17:48:45+00:00","dateModified":"2018-07-18T17:50:53+00:00","author":{"@id":"https:\/\/www.copealcoy.es\/es\/#\/schema\/person\/e777c87fa024e57d40170af9df39882c"},"breadcrumb":{"@id":"https:\/\/www.copealcoy.es\/es\/arrancan-las-obras-para-la-reforma-del-ponton-de-san-jaime\/#breadcrumb"},"inLanguage":"es","potentialAction":[{"@type":"ReadAction","target":["https:\/\/www.copealcoy.es\/es\/arrancan-las-obras-para-la-reforma-del-ponton-de-san-jaime\/"]}]},{"@type":"ImageObject","inLanguage":"es","@id":"https:\/\/www.copealcoy.es\/es\/arrancan-las-obras-para-la-reforma-del-ponton-de-san-jaime\/#primaryimage","url":"https:\/\/www.copealcoy.es\/wp-content\/uploads\/2018\/07\/PONTO_STJAUME1..jpg","contentUrl":"https:\/\/www.copealcoy.es\/wp-content\/uploads\/2018\/07\/PONTO_STJAUME1..jpg","width":4272,"height":2848},{"@type":"BreadcrumbList","@id":"https:\/\/www.copealcoy.es\/es\/arrancan-las-obras-para-la-reforma-del-ponton-de-san-jaime\/#breadcrumb","itemListElement":[{"@type":"ListItem","position":1,"name":"Portada","item":"https:\/\/www.copealcoy.es\/es\/"},{"@type":"ListItem","position":2,"name":"Arrancan las obras para la reforma del Pont\u00f3n de San Jaime"}]},{"@type":"WebSite","@id":"https:\/\/www.copealcoy.es\/es\/#website","url":"https:\/\/www.copealcoy.es\/es\/","name":"COPE Alcoy","description":"Emisora COPE de radio local con emisi\u00f3n online. Pont de Sant Jordi 8-10 03803 Alcoy","potentialAction":[{"@type":"SearchAction","target":{"@type":"EntryPoint","urlTemplate":"https:\/\/www.copealcoy.es\/es\/?s={search_term_string}"},"query-input":{"@type":"PropertyValueSpecification","valueRequired":true,"valueName":"search_term_string"}}],"inLanguage":"es"},{"@type":"Person","@id":"https:\/\/www.copealcoy.es\/es\/#\/schema\/person\/e777c87fa024e57d40170af9df39882c","name":"Cope Alcoy","image":{"@type":"ImageObject","inLanguage":"es","@id":"https:\/\/secure.gravatar.com\/avatar\/bb65d0283347e303893ba14f0692005417c1e0e690a325a4c5d8bb2b3943ee14?s=96&d=mm&r=g","url":"https:\/\/secure.gravatar.com\/avatar\/bb65d0283347e303893ba14f0692005417c1e0e690a325a4c5d8bb2b3943ee14?s=96&d=mm&r=g","contentUrl":"https:\/\/secure.gravatar.com\/avatar\/bb65d0283347e303893ba14f0692005417c1e0e690a325a4c5d8bb2b3943ee14?s=96&d=mm&r=g","caption":"Cope Alcoy"}}]}},"_links":{"self":[{"href":"https:\/\/www.copealcoy.es\/es\/wp-json\/wp\/v2\/posts\/44117","targetHints":{"allow":["GET"]}}],"collection":[{"href":"https:\/\/www.copealcoy.es\/es\/wp-json\/wp\/v2\/posts"}],"about":[{"href":"https:\/\/www.copealcoy.es\/es\/wp-json\/wp\/v2\/types\/post"}],"author":[{"embeddable":true,"href":"https:\/\/www.copealcoy.es\/es\/wp-json\/wp\/v2\/users\/1"}],"replies":[{"embeddable":true,"href":"https:\/\/www.copealcoy.es\/es\/wp-json\/wp\/v2\/comments?post=44117"}],"version-history":[{"count":0,"href":"https:\/\/www.copealcoy.es\/es\/wp-json\/wp\/v2\/posts\/44117\/revisions"}],"wp:featuredmedia":[{"embeddable":true,"href":"https:\/\/www.copealcoy.es\/es\/wp-json\/wp\/v2\/media\/44118"}],"wp:attachment":[{"href":"https:\/\/www.copealcoy.es\/es\/wp-json\/wp\/v2\/media?parent=44117"}],"wp:term":[{"taxonomy":"category","embeddable":true,"href":"https:\/\/www.copealcoy.es\/es\/wp-json\/wp\/v2\/categories?post=44117"},{"taxonomy":"post_tag","embeddable":true,"href":"https:\/\/www.copealcoy.es\/es\/wp-json\/wp\/v2\/tags?post=44117"}],"curies":[{"name":"wp","href":"https:\/\/api.w.org\/{rel}","templated":true}]}}