{"id":44064,"date":"2018-07-17T14:45:31","date_gmt":"2018-07-17T14:45:31","guid":{"rendered":"http:\/\/copealcoi.es\/new\/?p=44064"},"modified":"2018-07-17T17:05:13","modified_gmt":"2018-07-17T17:05:13","slug":"eu-dice-que-climent-ha-mentido-sobre-la-ruptura-del-pacto-de-gobierno-en-muro","status":"publish","type":"post","link":"https:\/\/www.copealcoy.es\/es\/eu-dice-que-climent-ha-mentido-sobre-la-ruptura-del-pacto-de-gobierno-en-muro\/","title":{"rendered":"EU dice que Climent ha mentido sobre la ruptura del pacto de gobierno en Muro"},"content":{"rendered":"<p style=\"text-align: justify;\"><span lang=\"ES\">Esquerra Unida <strong>ha respondido al Conseller de Econom\u00eda Sostenible<\/strong>, Rafael Climent, despu\u00e9s de que este <strong><a href=\"https:\/\/www.copealcoy.es\/climent-no-es-compromis-quien-tiene-que-reflexionar-sobre-la-ruptura-del-pacto-en-muro\/\"><span style=\"color: #0000ff;\">afirmara<\/span><\/a><\/strong> la pasada semana en Alcoy que <strong>la formaci\u00f3n pol\u00edtica era la responsable<\/strong> de <strong>la ruptura del pacto de gobierno con Comprom\u00eds<\/strong> suscrito en Muro a principios de legislatura. <\/span><\/p>\n<p style=\"text-align: justify;\"><span lang=\"ES\">El responsable de las pol\u00edticas comarcales de EU, <strong>el alcoyano Sergi Rodr\u00edguez<\/strong>, ha acusado al ex alcalde de Muro de <strong>mentir a la ciudadan\u00eda<\/strong> y <strong>ha recordado que Esquerra Unida<\/strong> &#8220;<em>nunca ha \u00a0filtrado informaci\u00f3n al resto de partidos pol\u00edticos para tratar de perjudicar a la alcald\u00eda liderada por Comprom\u00eds<\/em>&#8220;, asegura. Adem\u00e1s<strong> explica<\/strong> que Esquerra Unida &#8220;<\/span><span lang=\"ES\"><em>solo ha dado informaci\u00f3n en Comisi\u00f3n Informativa en el Ayuntamiento de Muro sobre los temas que pregunta la oposici\u00f3n aprovechando el marco institucional en el que est\u00e1n todos los ciudadanos representados. El acuerdo de legislatura se ha roto porque Comprom\u00eds quiere gobernar en el Ayuntamiento de Muro en solitario, y punto<\/em>&#8220;, concluye.<\/span><\/p>\n<p><strong>Definido el nuevo reparto de concejal\u00edas\u00a0<\/strong><\/p>\n<p style=\"text-align: justify;\">Tras la ruptura del pacto de gobierno entre Esquerra Unida y Comprom\u00eds, <strong>ha quedado ya definido el nuevo Ejecutivo Municipal<\/strong> que queda en manos de esta \u00faltima formaci\u00f3n pol\u00edtica con tan solo <strong>cuatro concejales<\/strong>. El Bolet\u00edn Oficial de la Provincia (BOP) publicaba el pasado jueves 12 de julio que <strong>el reparto de \u00e1reas entre los ediles<\/strong> quedaba de la siguiente manera:<strong> Sergi Silvestre<\/strong>, que hab\u00eda renunciado a parte de las concejal\u00edas que ostentaba por motivos profesionales; pasar\u00e1 a asumir Cultura, Reyes, Pedan\u00edas y Educaci\u00f3n. Por su parte <strong>Carolina Iv\u00e1\u00f1ez<\/strong> llevar\u00e1 Turismo, Promoci\u00f3n Econ\u00f3mica, Seguridad, Comunicaci\u00f3n, Servicios, Personal y Hacienda mientras que <strong>Eli P\u00e9rez<\/strong> se har\u00e1 cargo de Medio Ambiente, Nuevas Tecnolog\u00edas, Fiestas, Participaci\u00f3n Ciudadana y Deportes. Por \u00faltimo la alcaldesa, <strong>Jacqueline Cerd\u00e0<\/strong>, se quedar\u00e1 con Bienestar Social, Igualdad, Juventud y Urbanismo.<\/p>\n","protected":false},"excerpt":{"rendered":"<p>Esquerra Unida ha respondido al Conseller de Econom\u00eda Sostenible, Rafael Climent, despu\u00e9s de que este afirmara la pasada semana en&#8230;<\/p>\n","protected":false},"author":1,"featured_media":20193,"comment_status":"open","ping_status":"open","sticky":false,"template":"","format":"standard","meta":{"footnotes":""},"categories":[98,75],"tags":[6090,421,6091,135,5899,6092],"class_list":["post-44064","post","type-post","status-publish","format-standard","has-post-thumbnail","hentry","category-comarcas","category-noticias","tag-conseller-climent","tag-eu","tag-mentir","tag-muro","tag-pacto-de-gobierno","tag-ruptura"],"yoast_head":"<!-- This site is optimized with the Yoast SEO plugin v27.3 - https:\/\/yoast.com\/product\/yoast-seo-wordpress\/ -->\n<title>EU dice que Climent ha mentido sobre la ruptura del pacto de gobierno en Muro - COPE Alcoy<\/title>\n<meta name=\"robots\" content=\"index, follow, max-snippet:-1, max-image-preview:large, max-video-preview:-1\" \/>\n<link rel=\"canonical\" href=\"https:\/\/www.copealcoy.es\/es\/eu-dice-que-climent-ha-mentido-sobre-la-ruptura-del-pacto-de-gobierno-en-muro\/\" \/>\n<meta property=\"og:locale\" content=\"es_ES\" \/>\n<meta property=\"og:type\" content=\"article\" \/>\n<meta property=\"og:title\" content=\"EU dice que Climent ha mentido sobre la ruptura del pacto de gobierno en Muro - COPE Alcoy\" \/>\n<meta property=\"og:description\" content=\"Esquerra Unida ha respondido al Conseller de Econom\u00eda Sostenible, Rafael Climent, despu\u00e9s de que este afirmara la pasada semana en...\" \/>\n<meta property=\"og:url\" content=\"https:\/\/www.copealcoy.es\/es\/eu-dice-que-climent-ha-mentido-sobre-la-ruptura-del-pacto-de-gobierno-en-muro\/\" \/>\n<meta property=\"og:site_name\" content=\"COPE Alcoy\" \/>\n<meta property=\"article:published_time\" content=\"2018-07-17T14:45:31+00:00\" \/>\n<meta property=\"article:modified_time\" content=\"2018-07-17T17:05:13+00:00\" \/>\n<meta property=\"og:image\" content=\"https:\/\/www.copealcoy.es\/wp-content\/uploads\/2016\/03\/Captura-de-pantalla-2016-01-10-a-las-12.25.43.png\" \/>\n\t<meta property=\"og:image:width\" content=\"641\" \/>\n\t<meta property=\"og:image:height\" content=\"359\" \/>\n\t<meta property=\"og:image:type\" content=\"image\/png\" \/>\n<meta name=\"author\" content=\"Cope Alcoy\" \/>\n<meta name=\"twitter:label1\" content=\"Escrito por\" \/>\n\t<meta name=\"twitter:data1\" content=\"Cope Alcoy\" \/>\n\t<meta name=\"twitter:label2\" content=\"Tiempo de lectura\" \/>\n\t<meta name=\"twitter:data2\" content=\"2 minutos\" \/>\n<script type=\"application\/ld+json\" class=\"yoast-schema-graph\">{\"@context\":\"https:\\\/\\\/schema.org\",\"@graph\":[{\"@type\":\"Article\",\"@id\":\"https:\\\/\\\/www.copealcoy.es\\\/es\\\/eu-dice-que-climent-ha-mentido-sobre-la-ruptura-del-pacto-de-gobierno-en-muro\\\/#article\",\"isPartOf\":{\"@id\":\"https:\\\/\\\/www.copealcoy.es\\\/es\\\/eu-dice-que-climent-ha-mentido-sobre-la-ruptura-del-pacto-de-gobierno-en-muro\\\/\"},\"author\":{\"name\":\"Cope Alcoy\",\"@id\":\"https:\\\/\\\/www.copealcoy.es\\\/es\\\/#\\\/schema\\\/person\\\/e777c87fa024e57d40170af9df39882c\"},\"headline\":\"EU dice que Climent ha mentido sobre la ruptura del pacto de gobierno en Muro\",\"datePublished\":\"2018-07-17T14:45:31+00:00\",\"dateModified\":\"2018-07-17T17:05:13+00:00\",\"mainEntityOfPage\":{\"@id\":\"https:\\\/\\\/www.copealcoy.es\\\/es\\\/eu-dice-que-climent-ha-mentido-sobre-la-ruptura-del-pacto-de-gobierno-en-muro\\\/\"},\"wordCount\":336,\"commentCount\":0,\"image\":{\"@id\":\"https:\\\/\\\/www.copealcoy.es\\\/es\\\/eu-dice-que-climent-ha-mentido-sobre-la-ruptura-del-pacto-de-gobierno-en-muro\\\/#primaryimage\"},\"thumbnailUrl\":\"https:\\\/\\\/www.copealcoy.es\\\/wp-content\\\/uploads\\\/2016\\\/03\\\/Captura-de-pantalla-2016-01-10-a-las-12.25.43.png\",\"keywords\":[\"Conseller Climent\",\"EU\",\"mentir\",\"Muro\",\"Pacto de Gobierno\",\"ruptura\"],\"articleSection\":[\"Comarcas\",\"Noticias\"],\"inLanguage\":\"es\"},{\"@type\":\"WebPage\",\"@id\":\"https:\\\/\\\/www.copealcoy.es\\\/es\\\/eu-dice-que-climent-ha-mentido-sobre-la-ruptura-del-pacto-de-gobierno-en-muro\\\/\",\"url\":\"https:\\\/\\\/www.copealcoy.es\\\/es\\\/eu-dice-que-climent-ha-mentido-sobre-la-ruptura-del-pacto-de-gobierno-en-muro\\\/\",\"name\":\"EU dice que Climent ha mentido sobre la ruptura del pacto de gobierno en Muro - COPE Alcoy\",\"isPartOf\":{\"@id\":\"https:\\\/\\\/www.copealcoy.es\\\/es\\\/#website\"},\"primaryImageOfPage\":{\"@id\":\"https:\\\/\\\/www.copealcoy.es\\\/es\\\/eu-dice-que-climent-ha-mentido-sobre-la-ruptura-del-pacto-de-gobierno-en-muro\\\/#primaryimage\"},\"image\":{\"@id\":\"https:\\\/\\\/www.copealcoy.es\\\/es\\\/eu-dice-que-climent-ha-mentido-sobre-la-ruptura-del-pacto-de-gobierno-en-muro\\\/#primaryimage\"},\"thumbnailUrl\":\"https:\\\/\\\/www.copealcoy.es\\\/wp-content\\\/uploads\\\/2016\\\/03\\\/Captura-de-pantalla-2016-01-10-a-las-12.25.43.png\",\"datePublished\":\"2018-07-17T14:45:31+00:00\",\"dateModified\":\"2018-07-17T17:05:13+00:00\",\"author\":{\"@id\":\"https:\\\/\\\/www.copealcoy.es\\\/es\\\/#\\\/schema\\\/person\\\/e777c87fa024e57d40170af9df39882c\"},\"breadcrumb\":{\"@id\":\"https:\\\/\\\/www.copealcoy.es\\\/es\\\/eu-dice-que-climent-ha-mentido-sobre-la-ruptura-del-pacto-de-gobierno-en-muro\\\/#breadcrumb\"},\"inLanguage\":\"es\",\"potentialAction\":[{\"@type\":\"ReadAction\",\"target\":[\"https:\\\/\\\/www.copealcoy.es\\\/es\\\/eu-dice-que-climent-ha-mentido-sobre-la-ruptura-del-pacto-de-gobierno-en-muro\\\/\"]}]},{\"@type\":\"ImageObject\",\"inLanguage\":\"es\",\"@id\":\"https:\\\/\\\/www.copealcoy.es\\\/es\\\/eu-dice-que-climent-ha-mentido-sobre-la-ruptura-del-pacto-de-gobierno-en-muro\\\/#primaryimage\",\"url\":\"https:\\\/\\\/www.copealcoy.es\\\/wp-content\\\/uploads\\\/2016\\\/03\\\/Captura-de-pantalla-2016-01-10-a-las-12.25.43.png\",\"contentUrl\":\"https:\\\/\\\/www.copealcoy.es\\\/wp-content\\\/uploads\\\/2016\\\/03\\\/Captura-de-pantalla-2016-01-10-a-las-12.25.43.png\",\"width\":641,\"height\":359},{\"@type\":\"BreadcrumbList\",\"@id\":\"https:\\\/\\\/www.copealcoy.es\\\/es\\\/eu-dice-que-climent-ha-mentido-sobre-la-ruptura-del-pacto-de-gobierno-en-muro\\\/#breadcrumb\",\"itemListElement\":[{\"@type\":\"ListItem\",\"position\":1,\"name\":\"Portada\",\"item\":\"https:\\\/\\\/www.copealcoy.es\\\/es\\\/\"},{\"@type\":\"ListItem\",\"position\":2,\"name\":\"EU dice que Climent ha mentido sobre la ruptura del pacto de gobierno en Muro\"}]},{\"@type\":\"WebSite\",\"@id\":\"https:\\\/\\\/www.copealcoy.es\\\/es\\\/#website\",\"url\":\"https:\\\/\\\/www.copealcoy.es\\\/es\\\/\",\"name\":\"COPE Alcoy\",\"description\":\"Emisora COPE de radio local con emisi\u00f3n online. Pont de Sant Jordi 8-10 03803 Alcoy\",\"potentialAction\":[{\"@type\":\"SearchAction\",\"target\":{\"@type\":\"EntryPoint\",\"urlTemplate\":\"https:\\\/\\\/www.copealcoy.es\\\/es\\\/?s={search_term_string}\"},\"query-input\":{\"@type\":\"PropertyValueSpecification\",\"valueRequired\":true,\"valueName\":\"search_term_string\"}}],\"inLanguage\":\"es\"},{\"@type\":\"Person\",\"@id\":\"https:\\\/\\\/www.copealcoy.es\\\/es\\\/#\\\/schema\\\/person\\\/e777c87fa024e57d40170af9df39882c\",\"name\":\"Cope Alcoy\",\"image\":{\"@type\":\"ImageObject\",\"inLanguage\":\"es\",\"@id\":\"https:\\\/\\\/secure.gravatar.com\\\/avatar\\\/bb65d0283347e303893ba14f0692005417c1e0e690a325a4c5d8bb2b3943ee14?s=96&d=mm&r=g\",\"url\":\"https:\\\/\\\/secure.gravatar.com\\\/avatar\\\/bb65d0283347e303893ba14f0692005417c1e0e690a325a4c5d8bb2b3943ee14?s=96&d=mm&r=g\",\"contentUrl\":\"https:\\\/\\\/secure.gravatar.com\\\/avatar\\\/bb65d0283347e303893ba14f0692005417c1e0e690a325a4c5d8bb2b3943ee14?s=96&d=mm&r=g\",\"caption\":\"Cope Alcoy\"}}]}<\/script>\n<!-- \/ Yoast SEO plugin. -->","yoast_head_json":{"title":"EU dice que Climent ha mentido sobre la ruptura del pacto de gobierno en Muro - COPE Alcoy","robots":{"index":"index","follow":"follow","max-snippet":"max-snippet:-1","max-image-preview":"max-image-preview:large","max-video-preview":"max-video-preview:-1"},"canonical":"https:\/\/www.copealcoy.es\/es\/eu-dice-que-climent-ha-mentido-sobre-la-ruptura-del-pacto-de-gobierno-en-muro\/","og_locale":"es_ES","og_type":"article","og_title":"EU dice que Climent ha mentido sobre la ruptura del pacto de gobierno en Muro - COPE Alcoy","og_description":"Esquerra Unida ha respondido al Conseller de Econom\u00eda Sostenible, Rafael Climent, despu\u00e9s de que este afirmara la pasada semana en...","og_url":"https:\/\/www.copealcoy.es\/es\/eu-dice-que-climent-ha-mentido-sobre-la-ruptura-del-pacto-de-gobierno-en-muro\/","og_site_name":"COPE Alcoy","article_published_time":"2018-07-17T14:45:31+00:00","article_modified_time":"2018-07-17T17:05:13+00:00","og_image":[{"width":641,"height":359,"url":"https:\/\/www.copealcoy.es\/wp-content\/uploads\/2016\/03\/Captura-de-pantalla-2016-01-10-a-las-12.25.43.png","type":"image\/png"}],"author":"Cope Alcoy","twitter_misc":{"Escrito por":"Cope Alcoy","Tiempo de lectura":"2 minutos"},"schema":{"@context":"https:\/\/schema.org","@graph":[{"@type":"Article","@id":"https:\/\/www.copealcoy.es\/es\/eu-dice-que-climent-ha-mentido-sobre-la-ruptura-del-pacto-de-gobierno-en-muro\/#article","isPartOf":{"@id":"https:\/\/www.copealcoy.es\/es\/eu-dice-que-climent-ha-mentido-sobre-la-ruptura-del-pacto-de-gobierno-en-muro\/"},"author":{"name":"Cope Alcoy","@id":"https:\/\/www.copealcoy.es\/es\/#\/schema\/person\/e777c87fa024e57d40170af9df39882c"},"headline":"EU dice que Climent ha mentido sobre la ruptura del pacto de gobierno en Muro","datePublished":"2018-07-17T14:45:31+00:00","dateModified":"2018-07-17T17:05:13+00:00","mainEntityOfPage":{"@id":"https:\/\/www.copealcoy.es\/es\/eu-dice-que-climent-ha-mentido-sobre-la-ruptura-del-pacto-de-gobierno-en-muro\/"},"wordCount":336,"commentCount":0,"image":{"@id":"https:\/\/www.copealcoy.es\/es\/eu-dice-que-climent-ha-mentido-sobre-la-ruptura-del-pacto-de-gobierno-en-muro\/#primaryimage"},"thumbnailUrl":"https:\/\/www.copealcoy.es\/wp-content\/uploads\/2016\/03\/Captura-de-pantalla-2016-01-10-a-las-12.25.43.png","keywords":["Conseller Climent","EU","mentir","Muro","Pacto de Gobierno","ruptura"],"articleSection":["Comarcas","Noticias"],"inLanguage":"es"},{"@type":"WebPage","@id":"https:\/\/www.copealcoy.es\/es\/eu-dice-que-climent-ha-mentido-sobre-la-ruptura-del-pacto-de-gobierno-en-muro\/","url":"https:\/\/www.copealcoy.es\/es\/eu-dice-que-climent-ha-mentido-sobre-la-ruptura-del-pacto-de-gobierno-en-muro\/","name":"EU dice que Climent ha mentido sobre la ruptura del pacto de gobierno en Muro - COPE Alcoy","isPartOf":{"@id":"https:\/\/www.copealcoy.es\/es\/#website"},"primaryImageOfPage":{"@id":"https:\/\/www.copealcoy.es\/es\/eu-dice-que-climent-ha-mentido-sobre-la-ruptura-del-pacto-de-gobierno-en-muro\/#primaryimage"},"image":{"@id":"https:\/\/www.copealcoy.es\/es\/eu-dice-que-climent-ha-mentido-sobre-la-ruptura-del-pacto-de-gobierno-en-muro\/#primaryimage"},"thumbnailUrl":"https:\/\/www.copealcoy.es\/wp-content\/uploads\/2016\/03\/Captura-de-pantalla-2016-01-10-a-las-12.25.43.png","datePublished":"2018-07-17T14:45:31+00:00","dateModified":"2018-07-17T17:05:13+00:00","author":{"@id":"https:\/\/www.copealcoy.es\/es\/#\/schema\/person\/e777c87fa024e57d40170af9df39882c"},"breadcrumb":{"@id":"https:\/\/www.copealcoy.es\/es\/eu-dice-que-climent-ha-mentido-sobre-la-ruptura-del-pacto-de-gobierno-en-muro\/#breadcrumb"},"inLanguage":"es","potentialAction":[{"@type":"ReadAction","target":["https:\/\/www.copealcoy.es\/es\/eu-dice-que-climent-ha-mentido-sobre-la-ruptura-del-pacto-de-gobierno-en-muro\/"]}]},{"@type":"ImageObject","inLanguage":"es","@id":"https:\/\/www.copealcoy.es\/es\/eu-dice-que-climent-ha-mentido-sobre-la-ruptura-del-pacto-de-gobierno-en-muro\/#primaryimage","url":"https:\/\/www.copealcoy.es\/wp-content\/uploads\/2016\/03\/Captura-de-pantalla-2016-01-10-a-las-12.25.43.png","contentUrl":"https:\/\/www.copealcoy.es\/wp-content\/uploads\/2016\/03\/Captura-de-pantalla-2016-01-10-a-las-12.25.43.png","width":641,"height":359},{"@type":"BreadcrumbList","@id":"https:\/\/www.copealcoy.es\/es\/eu-dice-que-climent-ha-mentido-sobre-la-ruptura-del-pacto-de-gobierno-en-muro\/#breadcrumb","itemListElement":[{"@type":"ListItem","position":1,"name":"Portada","item":"https:\/\/www.copealcoy.es\/es\/"},{"@type":"ListItem","position":2,"name":"EU dice que Climent ha mentido sobre la ruptura del pacto de gobierno en Muro"}]},{"@type":"WebSite","@id":"https:\/\/www.copealcoy.es\/es\/#website","url":"https:\/\/www.copealcoy.es\/es\/","name":"COPE Alcoy","description":"Emisora COPE de radio local con emisi\u00f3n online. Pont de Sant Jordi 8-10 03803 Alcoy","potentialAction":[{"@type":"SearchAction","target":{"@type":"EntryPoint","urlTemplate":"https:\/\/www.copealcoy.es\/es\/?s={search_term_string}"},"query-input":{"@type":"PropertyValueSpecification","valueRequired":true,"valueName":"search_term_string"}}],"inLanguage":"es"},{"@type":"Person","@id":"https:\/\/www.copealcoy.es\/es\/#\/schema\/person\/e777c87fa024e57d40170af9df39882c","name":"Cope Alcoy","image":{"@type":"ImageObject","inLanguage":"es","@id":"https:\/\/secure.gravatar.com\/avatar\/bb65d0283347e303893ba14f0692005417c1e0e690a325a4c5d8bb2b3943ee14?s=96&d=mm&r=g","url":"https:\/\/secure.gravatar.com\/avatar\/bb65d0283347e303893ba14f0692005417c1e0e690a325a4c5d8bb2b3943ee14?s=96&d=mm&r=g","contentUrl":"https:\/\/secure.gravatar.com\/avatar\/bb65d0283347e303893ba14f0692005417c1e0e690a325a4c5d8bb2b3943ee14?s=96&d=mm&r=g","caption":"Cope Alcoy"}}]}},"_links":{"self":[{"href":"https:\/\/www.copealcoy.es\/es\/wp-json\/wp\/v2\/posts\/44064","targetHints":{"allow":["GET"]}}],"collection":[{"href":"https:\/\/www.copealcoy.es\/es\/wp-json\/wp\/v2\/posts"}],"about":[{"href":"https:\/\/www.copealcoy.es\/es\/wp-json\/wp\/v2\/types\/post"}],"author":[{"embeddable":true,"href":"https:\/\/www.copealcoy.es\/es\/wp-json\/wp\/v2\/users\/1"}],"replies":[{"embeddable":true,"href":"https:\/\/www.copealcoy.es\/es\/wp-json\/wp\/v2\/comments?post=44064"}],"version-history":[{"count":0,"href":"https:\/\/www.copealcoy.es\/es\/wp-json\/wp\/v2\/posts\/44064\/revisions"}],"wp:featuredmedia":[{"embeddable":true,"href":"https:\/\/www.copealcoy.es\/es\/wp-json\/wp\/v2\/media\/20193"}],"wp:attachment":[{"href":"https:\/\/www.copealcoy.es\/es\/wp-json\/wp\/v2\/media?parent=44064"}],"wp:term":[{"taxonomy":"category","embeddable":true,"href":"https:\/\/www.copealcoy.es\/es\/wp-json\/wp\/v2\/categories?post=44064"},{"taxonomy":"post_tag","embeddable":true,"href":"https:\/\/www.copealcoy.es\/es\/wp-json\/wp\/v2\/tags?post=44064"}],"curies":[{"name":"wp","href":"https:\/\/api.w.org\/{rel}","templated":true}]}}