{"id":44051,"date":"2018-07-16T21:15:15","date_gmt":"2018-07-16T21:15:15","guid":{"rendered":"http:\/\/copealcoi.es\/new\/?p=44051"},"modified":"2018-07-16T21:15:15","modified_gmt":"2018-07-16T21:15:15","slug":"eu-presenta-el-informe-sobre-la-municipalizacion-del-agua-de-muro","status":"publish","type":"post","link":"https:\/\/www.copealcoy.es\/es\/eu-presenta-el-informe-sobre-la-municipalizacion-del-agua-de-muro\/","title":{"rendered":"EU presenta el informe sobre la municipalizaci\u00f3n del agua de Muro"},"content":{"rendered":"<div class=\"page\" title=\"Page 20\">\n<div class=\"layoutArea\">\n<div class=\"column\">\n<p style=\"text-align: justify;\">El <strong>grupo municipal de Esquerra Unida de Muro<\/strong> present\u00f3 hace unos d\u00edas en el Ayuntamiento de esta localidad del Comtat <strong>el informe econ\u00f3mico<\/strong> que encargaron meses atr\u00e1s para conocer <strong>la viabilidad<\/strong> sobre la municipalizaci\u00f3n del \u00a0servicio del agua potable. De esta forma persiguen que el resto de concejales de la Corporaci\u00f3n Local <strong>conozcan el documento<\/strong> al mismo tiempo que plantean\u00a0que <strong>se debata la cuesti\u00f3n<\/strong> en el pr\u00f3ximo Pleno. De igual forma instan a que <strong>comiencen cuanto antes los tr\u00e1mites<\/strong> con el fin de que\u00a0<strong>el servicio de\u00a0de agua de consumo humano y tambi\u00e9n de alcantarillado<\/strong> sea municipal &#8220;<em>para que\u00a0sea un hecho antes de acabar esta legislatura. No hay que olvidar que el anterior equipo de gobierno privatiz\u00f3 la gesti\u00f3n del servicio por el a\u00f1o 2013 y que en la actualidad hemos perdido un contencioso administrativo en favor de la empresa adjudicataria por menoscabo econ\u00f3mico al cual el Consistorio est\u00e1 en la actualidad condenado por un valor aproximado de 90.000 euros<\/em>&#8220;, asegura <strong>Francesc Valls<\/strong>, portavoz de EU en Muro.<\/p>\n<p style=\"text-align: justify;\">Por \u00faltimo desde esta formaci\u00f3n pol\u00edtica han dejado claro que el informe econ\u00f3mico que han elaborado <strong>no ha supuesto ning\u00fan gasto<\/strong> para las arcas locales del municipio.<\/p>\n<\/div>\n<\/div>\n<\/div>\n","protected":false},"excerpt":{"rendered":"<p>El grupo municipal de Esquerra Unida de Muro present\u00f3 hace unos d\u00edas en el Ayuntamiento de esta localidad del Comtat&#8230;<\/p>\n","protected":false},"author":1,"featured_media":33570,"comment_status":"open","ping_status":"open","sticky":false,"template":"","format":"standard","meta":{"footnotes":""},"categories":[98,75],"tags":[166,6087,421,6088,135,1071,3093],"class_list":["post-44051","post","type-post","status-publish","format-standard","has-post-thumbnail","hentry","category-comarcas","category-noticias","tag-agua","tag-el-informe","tag-eu","tag-la-municipalizacion","tag-muro","tag-presenta","tag-sobre"],"yoast_head":"<!-- This site is optimized with the Yoast SEO plugin v27.3 - https:\/\/yoast.com\/product\/yoast-seo-wordpress\/ -->\n<title>EU presenta el informe sobre la municipalizaci\u00f3n del agua de Muro - COPE Alcoy<\/title>\n<meta name=\"robots\" content=\"index, follow, max-snippet:-1, max-image-preview:large, max-video-preview:-1\" \/>\n<link rel=\"canonical\" href=\"https:\/\/www.copealcoy.es\/es\/eu-presenta-el-informe-sobre-la-municipalizacion-del-agua-de-muro\/\" \/>\n<meta property=\"og:locale\" content=\"es_ES\" \/>\n<meta property=\"og:type\" content=\"article\" \/>\n<meta property=\"og:title\" content=\"EU presenta el informe sobre la municipalizaci\u00f3n del agua de Muro - COPE Alcoy\" \/>\n<meta property=\"og:description\" content=\"El grupo municipal de Esquerra Unida de Muro present\u00f3 hace unos d\u00edas en el Ayuntamiento de esta localidad del Comtat...\" \/>\n<meta property=\"og:url\" content=\"https:\/\/www.copealcoy.es\/es\/eu-presenta-el-informe-sobre-la-municipalizacion-del-agua-de-muro\/\" \/>\n<meta property=\"og:site_name\" content=\"COPE Alcoy\" \/>\n<meta property=\"article:published_time\" content=\"2018-07-16T21:15:15+00:00\" \/>\n<meta property=\"og:image\" content=\"https:\/\/www.copealcoy.es\/wp-content\/uploads\/2017\/07\/IMG_9503-e1499985968245.jpg\" \/>\n\t<meta property=\"og:image:width\" content=\"4032\" \/>\n\t<meta property=\"og:image:height\" content=\"2247\" \/>\n\t<meta property=\"og:image:type\" content=\"image\/jpeg\" \/>\n<meta name=\"author\" content=\"Cope Alcoy\" \/>\n<meta name=\"twitter:label1\" content=\"Escrito por\" \/>\n\t<meta name=\"twitter:data1\" content=\"Cope Alcoy\" \/>\n\t<meta name=\"twitter:label2\" content=\"Tiempo de lectura\" \/>\n\t<meta name=\"twitter:data2\" content=\"1 minuto\" \/>\n<script type=\"application\/ld+json\" class=\"yoast-schema-graph\">{\"@context\":\"https:\\\/\\\/schema.org\",\"@graph\":[{\"@type\":\"Article\",\"@id\":\"https:\\\/\\\/www.copealcoy.es\\\/es\\\/eu-presenta-el-informe-sobre-la-municipalizacion-del-agua-de-muro\\\/#article\",\"isPartOf\":{\"@id\":\"https:\\\/\\\/www.copealcoy.es\\\/es\\\/eu-presenta-el-informe-sobre-la-municipalizacion-del-agua-de-muro\\\/\"},\"author\":{\"name\":\"Cope Alcoy\",\"@id\":\"https:\\\/\\\/www.copealcoy.es\\\/es\\\/#\\\/schema\\\/person\\\/e777c87fa024e57d40170af9df39882c\"},\"headline\":\"EU presenta el informe sobre la municipalizaci\u00f3n del agua de Muro\",\"datePublished\":\"2018-07-16T21:15:15+00:00\",\"mainEntityOfPage\":{\"@id\":\"https:\\\/\\\/www.copealcoy.es\\\/es\\\/eu-presenta-el-informe-sobre-la-municipalizacion-del-agua-de-muro\\\/\"},\"wordCount\":224,\"commentCount\":0,\"image\":{\"@id\":\"https:\\\/\\\/www.copealcoy.es\\\/es\\\/eu-presenta-el-informe-sobre-la-municipalizacion-del-agua-de-muro\\\/#primaryimage\"},\"thumbnailUrl\":\"https:\\\/\\\/www.copealcoy.es\\\/wp-content\\\/uploads\\\/2017\\\/07\\\/IMG_9503-e1499985968245.jpg\",\"keywords\":[\"Agua\",\"el informe\",\"EU\",\"la municipalizaci\u00f3n\",\"Muro\",\"Presenta\",\"sobre\"],\"articleSection\":[\"Comarcas\",\"Noticias\"],\"inLanguage\":\"es\"},{\"@type\":\"WebPage\",\"@id\":\"https:\\\/\\\/www.copealcoy.es\\\/es\\\/eu-presenta-el-informe-sobre-la-municipalizacion-del-agua-de-muro\\\/\",\"url\":\"https:\\\/\\\/www.copealcoy.es\\\/es\\\/eu-presenta-el-informe-sobre-la-municipalizacion-del-agua-de-muro\\\/\",\"name\":\"EU presenta el informe sobre la municipalizaci\u00f3n del agua de Muro - COPE Alcoy\",\"isPartOf\":{\"@id\":\"https:\\\/\\\/www.copealcoy.es\\\/es\\\/#website\"},\"primaryImageOfPage\":{\"@id\":\"https:\\\/\\\/www.copealcoy.es\\\/es\\\/eu-presenta-el-informe-sobre-la-municipalizacion-del-agua-de-muro\\\/#primaryimage\"},\"image\":{\"@id\":\"https:\\\/\\\/www.copealcoy.es\\\/es\\\/eu-presenta-el-informe-sobre-la-municipalizacion-del-agua-de-muro\\\/#primaryimage\"},\"thumbnailUrl\":\"https:\\\/\\\/www.copealcoy.es\\\/wp-content\\\/uploads\\\/2017\\\/07\\\/IMG_9503-e1499985968245.jpg\",\"datePublished\":\"2018-07-16T21:15:15+00:00\",\"author\":{\"@id\":\"https:\\\/\\\/www.copealcoy.es\\\/es\\\/#\\\/schema\\\/person\\\/e777c87fa024e57d40170af9df39882c\"},\"breadcrumb\":{\"@id\":\"https:\\\/\\\/www.copealcoy.es\\\/es\\\/eu-presenta-el-informe-sobre-la-municipalizacion-del-agua-de-muro\\\/#breadcrumb\"},\"inLanguage\":\"es\",\"potentialAction\":[{\"@type\":\"ReadAction\",\"target\":[\"https:\\\/\\\/www.copealcoy.es\\\/es\\\/eu-presenta-el-informe-sobre-la-municipalizacion-del-agua-de-muro\\\/\"]}]},{\"@type\":\"ImageObject\",\"inLanguage\":\"es\",\"@id\":\"https:\\\/\\\/www.copealcoy.es\\\/es\\\/eu-presenta-el-informe-sobre-la-municipalizacion-del-agua-de-muro\\\/#primaryimage\",\"url\":\"https:\\\/\\\/www.copealcoy.es\\\/wp-content\\\/uploads\\\/2017\\\/07\\\/IMG_9503-e1499985968245.jpg\",\"contentUrl\":\"https:\\\/\\\/www.copealcoy.es\\\/wp-content\\\/uploads\\\/2017\\\/07\\\/IMG_9503-e1499985968245.jpg\",\"width\":4032,\"height\":2247},{\"@type\":\"BreadcrumbList\",\"@id\":\"https:\\\/\\\/www.copealcoy.es\\\/es\\\/eu-presenta-el-informe-sobre-la-municipalizacion-del-agua-de-muro\\\/#breadcrumb\",\"itemListElement\":[{\"@type\":\"ListItem\",\"position\":1,\"name\":\"Portada\",\"item\":\"https:\\\/\\\/www.copealcoy.es\\\/es\\\/\"},{\"@type\":\"ListItem\",\"position\":2,\"name\":\"EU presenta el informe sobre la municipalizaci\u00f3n del agua de Muro\"}]},{\"@type\":\"WebSite\",\"@id\":\"https:\\\/\\\/www.copealcoy.es\\\/es\\\/#website\",\"url\":\"https:\\\/\\\/www.copealcoy.es\\\/es\\\/\",\"name\":\"COPE Alcoy\",\"description\":\"Emisora COPE de radio local con emisi\u00f3n online. Pont de Sant Jordi 8-10 03803 Alcoy\",\"potentialAction\":[{\"@type\":\"SearchAction\",\"target\":{\"@type\":\"EntryPoint\",\"urlTemplate\":\"https:\\\/\\\/www.copealcoy.es\\\/es\\\/?s={search_term_string}\"},\"query-input\":{\"@type\":\"PropertyValueSpecification\",\"valueRequired\":true,\"valueName\":\"search_term_string\"}}],\"inLanguage\":\"es\"},{\"@type\":\"Person\",\"@id\":\"https:\\\/\\\/www.copealcoy.es\\\/es\\\/#\\\/schema\\\/person\\\/e777c87fa024e57d40170af9df39882c\",\"name\":\"Cope Alcoy\",\"image\":{\"@type\":\"ImageObject\",\"inLanguage\":\"es\",\"@id\":\"https:\\\/\\\/secure.gravatar.com\\\/avatar\\\/bb65d0283347e303893ba14f0692005417c1e0e690a325a4c5d8bb2b3943ee14?s=96&d=mm&r=g\",\"url\":\"https:\\\/\\\/secure.gravatar.com\\\/avatar\\\/bb65d0283347e303893ba14f0692005417c1e0e690a325a4c5d8bb2b3943ee14?s=96&d=mm&r=g\",\"contentUrl\":\"https:\\\/\\\/secure.gravatar.com\\\/avatar\\\/bb65d0283347e303893ba14f0692005417c1e0e690a325a4c5d8bb2b3943ee14?s=96&d=mm&r=g\",\"caption\":\"Cope Alcoy\"}}]}<\/script>\n<!-- \/ Yoast SEO plugin. -->","yoast_head_json":{"title":"EU presenta el informe sobre la municipalizaci\u00f3n del agua de Muro - COPE Alcoy","robots":{"index":"index","follow":"follow","max-snippet":"max-snippet:-1","max-image-preview":"max-image-preview:large","max-video-preview":"max-video-preview:-1"},"canonical":"https:\/\/www.copealcoy.es\/es\/eu-presenta-el-informe-sobre-la-municipalizacion-del-agua-de-muro\/","og_locale":"es_ES","og_type":"article","og_title":"EU presenta el informe sobre la municipalizaci\u00f3n del agua de Muro - COPE Alcoy","og_description":"El grupo municipal de Esquerra Unida de Muro present\u00f3 hace unos d\u00edas en el Ayuntamiento de esta localidad del Comtat...","og_url":"https:\/\/www.copealcoy.es\/es\/eu-presenta-el-informe-sobre-la-municipalizacion-del-agua-de-muro\/","og_site_name":"COPE Alcoy","article_published_time":"2018-07-16T21:15:15+00:00","og_image":[{"width":4032,"height":2247,"url":"https:\/\/www.copealcoy.es\/wp-content\/uploads\/2017\/07\/IMG_9503-e1499985968245.jpg","type":"image\/jpeg"}],"author":"Cope Alcoy","twitter_misc":{"Escrito por":"Cope Alcoy","Tiempo de lectura":"1 minuto"},"schema":{"@context":"https:\/\/schema.org","@graph":[{"@type":"Article","@id":"https:\/\/www.copealcoy.es\/es\/eu-presenta-el-informe-sobre-la-municipalizacion-del-agua-de-muro\/#article","isPartOf":{"@id":"https:\/\/www.copealcoy.es\/es\/eu-presenta-el-informe-sobre-la-municipalizacion-del-agua-de-muro\/"},"author":{"name":"Cope Alcoy","@id":"https:\/\/www.copealcoy.es\/es\/#\/schema\/person\/e777c87fa024e57d40170af9df39882c"},"headline":"EU presenta el informe sobre la municipalizaci\u00f3n del agua de Muro","datePublished":"2018-07-16T21:15:15+00:00","mainEntityOfPage":{"@id":"https:\/\/www.copealcoy.es\/es\/eu-presenta-el-informe-sobre-la-municipalizacion-del-agua-de-muro\/"},"wordCount":224,"commentCount":0,"image":{"@id":"https:\/\/www.copealcoy.es\/es\/eu-presenta-el-informe-sobre-la-municipalizacion-del-agua-de-muro\/#primaryimage"},"thumbnailUrl":"https:\/\/www.copealcoy.es\/wp-content\/uploads\/2017\/07\/IMG_9503-e1499985968245.jpg","keywords":["Agua","el informe","EU","la municipalizaci\u00f3n","Muro","Presenta","sobre"],"articleSection":["Comarcas","Noticias"],"inLanguage":"es"},{"@type":"WebPage","@id":"https:\/\/www.copealcoy.es\/es\/eu-presenta-el-informe-sobre-la-municipalizacion-del-agua-de-muro\/","url":"https:\/\/www.copealcoy.es\/es\/eu-presenta-el-informe-sobre-la-municipalizacion-del-agua-de-muro\/","name":"EU presenta el informe sobre la municipalizaci\u00f3n del agua de Muro - COPE Alcoy","isPartOf":{"@id":"https:\/\/www.copealcoy.es\/es\/#website"},"primaryImageOfPage":{"@id":"https:\/\/www.copealcoy.es\/es\/eu-presenta-el-informe-sobre-la-municipalizacion-del-agua-de-muro\/#primaryimage"},"image":{"@id":"https:\/\/www.copealcoy.es\/es\/eu-presenta-el-informe-sobre-la-municipalizacion-del-agua-de-muro\/#primaryimage"},"thumbnailUrl":"https:\/\/www.copealcoy.es\/wp-content\/uploads\/2017\/07\/IMG_9503-e1499985968245.jpg","datePublished":"2018-07-16T21:15:15+00:00","author":{"@id":"https:\/\/www.copealcoy.es\/es\/#\/schema\/person\/e777c87fa024e57d40170af9df39882c"},"breadcrumb":{"@id":"https:\/\/www.copealcoy.es\/es\/eu-presenta-el-informe-sobre-la-municipalizacion-del-agua-de-muro\/#breadcrumb"},"inLanguage":"es","potentialAction":[{"@type":"ReadAction","target":["https:\/\/www.copealcoy.es\/es\/eu-presenta-el-informe-sobre-la-municipalizacion-del-agua-de-muro\/"]}]},{"@type":"ImageObject","inLanguage":"es","@id":"https:\/\/www.copealcoy.es\/es\/eu-presenta-el-informe-sobre-la-municipalizacion-del-agua-de-muro\/#primaryimage","url":"https:\/\/www.copealcoy.es\/wp-content\/uploads\/2017\/07\/IMG_9503-e1499985968245.jpg","contentUrl":"https:\/\/www.copealcoy.es\/wp-content\/uploads\/2017\/07\/IMG_9503-e1499985968245.jpg","width":4032,"height":2247},{"@type":"BreadcrumbList","@id":"https:\/\/www.copealcoy.es\/es\/eu-presenta-el-informe-sobre-la-municipalizacion-del-agua-de-muro\/#breadcrumb","itemListElement":[{"@type":"ListItem","position":1,"name":"Portada","item":"https:\/\/www.copealcoy.es\/es\/"},{"@type":"ListItem","position":2,"name":"EU presenta el informe sobre la municipalizaci\u00f3n del agua de Muro"}]},{"@type":"WebSite","@id":"https:\/\/www.copealcoy.es\/es\/#website","url":"https:\/\/www.copealcoy.es\/es\/","name":"COPE Alcoy","description":"Emisora COPE de radio local con emisi\u00f3n online. Pont de Sant Jordi 8-10 03803 Alcoy","potentialAction":[{"@type":"SearchAction","target":{"@type":"EntryPoint","urlTemplate":"https:\/\/www.copealcoy.es\/es\/?s={search_term_string}"},"query-input":{"@type":"PropertyValueSpecification","valueRequired":true,"valueName":"search_term_string"}}],"inLanguage":"es"},{"@type":"Person","@id":"https:\/\/www.copealcoy.es\/es\/#\/schema\/person\/e777c87fa024e57d40170af9df39882c","name":"Cope Alcoy","image":{"@type":"ImageObject","inLanguage":"es","@id":"https:\/\/secure.gravatar.com\/avatar\/bb65d0283347e303893ba14f0692005417c1e0e690a325a4c5d8bb2b3943ee14?s=96&d=mm&r=g","url":"https:\/\/secure.gravatar.com\/avatar\/bb65d0283347e303893ba14f0692005417c1e0e690a325a4c5d8bb2b3943ee14?s=96&d=mm&r=g","contentUrl":"https:\/\/secure.gravatar.com\/avatar\/bb65d0283347e303893ba14f0692005417c1e0e690a325a4c5d8bb2b3943ee14?s=96&d=mm&r=g","caption":"Cope Alcoy"}}]}},"_links":{"self":[{"href":"https:\/\/www.copealcoy.es\/es\/wp-json\/wp\/v2\/posts\/44051","targetHints":{"allow":["GET"]}}],"collection":[{"href":"https:\/\/www.copealcoy.es\/es\/wp-json\/wp\/v2\/posts"}],"about":[{"href":"https:\/\/www.copealcoy.es\/es\/wp-json\/wp\/v2\/types\/post"}],"author":[{"embeddable":true,"href":"https:\/\/www.copealcoy.es\/es\/wp-json\/wp\/v2\/users\/1"}],"replies":[{"embeddable":true,"href":"https:\/\/www.copealcoy.es\/es\/wp-json\/wp\/v2\/comments?post=44051"}],"version-history":[{"count":0,"href":"https:\/\/www.copealcoy.es\/es\/wp-json\/wp\/v2\/posts\/44051\/revisions"}],"wp:featuredmedia":[{"embeddable":true,"href":"https:\/\/www.copealcoy.es\/es\/wp-json\/wp\/v2\/media\/33570"}],"wp:attachment":[{"href":"https:\/\/www.copealcoy.es\/es\/wp-json\/wp\/v2\/media?parent=44051"}],"wp:term":[{"taxonomy":"category","embeddable":true,"href":"https:\/\/www.copealcoy.es\/es\/wp-json\/wp\/v2\/categories?post=44051"},{"taxonomy":"post_tag","embeddable":true,"href":"https:\/\/www.copealcoy.es\/es\/wp-json\/wp\/v2\/tags?post=44051"}],"curies":[{"name":"wp","href":"https:\/\/api.w.org\/{rel}","templated":true}]}}