{"id":43932,"date":"2018-07-12T16:44:56","date_gmt":"2018-07-12T16:44:56","guid":{"rendered":"http:\/\/copealcoi.es\/new\/?p=43932"},"modified":"2018-07-13T16:22:16","modified_gmt":"2018-07-13T16:22:16","slug":"economia-presenta-en-alcoy-el-distintivo-de-mercados-excelentes","status":"publish","type":"post","link":"https:\/\/www.copealcoy.es\/es\/economia-presenta-en-alcoy-el-distintivo-de-mercados-excelentes\/","title":{"rendered":"Econom\u00eda presenta en Alcoy el distintivo de &#8216;Mercados Excelentes&#8217;"},"content":{"rendered":"<p style=\"text-align: justify;\">La<strong> Conselleria de Econom\u00eda Sostenible y Sectores Productivos d<\/strong>e la Generalitat Valenciana ha lanzado <strong>un proyecto<\/strong> que permite <strong>recuperar la distinci\u00f3n de\u00a0\u00a0&#8216;Mercados Excelentes&#8217;<\/strong>, una iniciativa que <strong>busca poner en valor la excelencia<\/strong> de los mercados municipales de la Comunitat.<\/p>\n<p style=\"text-align: justify;\">El Conseller titular de este departamento, <strong>el murero Rafael Climent<\/strong>, ha presentado la propuesta este jueves en el <strong>Mercat de Sant Roc de Alcoy<\/strong> y ha recordado que gracias a la misma <strong>se van a relanzar los valores<\/strong> del peque\u00f1o comercio y de los productos de nuestra tierra. Adem\u00e1s Climent ha explicado que actualmente existen en la Comunidad Valenciana <strong>un total de 150 mercados municipales<\/strong> que suman a m\u00e1s de 3.600 comerciantes. En estos, ha dicho, se\u00a0crean puestos directos de empleo, se fomenta la econom\u00eda sostenible, se presta una atenci\u00f3n personalizada al cliente, se vertebra a los pueblos y las ciudades alrededor de un eje comercial y se da m\u00e1xima prioridad a los productos aut\u00f3ctonos; especialmente en la alimentaci\u00f3n. Rafael Climent, que ha estado acompa\u00f1ado por el director general de Comercio <strong>Nacho Costa<\/strong> y la edil de Comercio<strong> Vanessa Molt\u00f3<\/strong>, ha alabado tambi\u00e9n<strong> la actividad que desempe\u00f1a el Mercat de Sant Roc<\/strong> y se ha mostrado convenido en que <strong>ser\u00e1 uno de los primeros en recibir la citada distinci\u00f3n de &#8216;Mercado Excelente&#8217;<\/strong> &#8220;<em>estamos convencidos de que los mercados que opten por esta v\u00eda, la de convertirse en mercados excelentes y asumir y trabajar d\u00eda a d\u00eda con estas buenas pr\u00e1cticas, tendr\u00e1n m\u00e1s f\u00e1cil competir y m\u00e1s posibilidades de \u00e9xito futuro<\/em>&#8220;, asever\u00f3.<\/p>\n<p style=\"text-align: justify;\">Los mercados valencianos que quieran optar a este sello <strong>tendr\u00e1n que cumplir una serie de requisitos b\u00e1sicos<\/strong> basados en la calidad y la excelencia. Una vez obtenida la distinci\u00f3n, esta\u00a0<strong>tendr\u00e1 una vigencia de 4 a\u00f1os<\/strong> y tras ellos <strong>se deber\u00e1 iniciar de nuevo el procedimiento<\/strong> para que sea reconocido.<\/p>\n","protected":false},"excerpt":{"rendered":"<p>La Conselleria de Econom\u00eda Sostenible y Sectores Productivos de la Generalitat Valenciana ha lanzado un proyecto que permite recuperar la&#8230;<\/p>\n","protected":false},"author":1,"featured_media":43933,"comment_status":"open","ping_status":"open","sticky":false,"template":"","format":"standard","meta":{"footnotes":""},"categories":[97,75,79,125],"tags":[6044,1494,551,390,1071],"class_list":["post-43932","post","type-post","status-publish","format-standard","has-post-thumbnail","hentry","category-alcoy","category-noticias","category-politicayeconomia","category-portada","tag-mercados-excelentes","tag-alcoy","tag-distintivo","tag-economia","tag-presenta"],"yoast_head":"<!-- This site is optimized with the Yoast SEO plugin v27.3 - https:\/\/yoast.com\/product\/yoast-seo-wordpress\/ -->\n<title>Econom\u00eda presenta en Alcoy el distintivo de &#039;Mercados Excelentes&#039; - COPE Alcoy<\/title>\n<meta name=\"robots\" content=\"index, follow, max-snippet:-1, max-image-preview:large, max-video-preview:-1\" \/>\n<link rel=\"canonical\" href=\"https:\/\/www.copealcoy.es\/es\/economia-presenta-en-alcoy-el-distintivo-de-mercados-excelentes\/\" \/>\n<meta property=\"og:locale\" content=\"es_ES\" \/>\n<meta property=\"og:type\" content=\"article\" \/>\n<meta property=\"og:title\" content=\"Econom\u00eda presenta en Alcoy el distintivo de &#039;Mercados Excelentes&#039; - COPE Alcoy\" \/>\n<meta property=\"og:description\" content=\"La Conselleria de Econom\u00eda Sostenible y Sectores Productivos de la Generalitat Valenciana ha lanzado un proyecto que permite recuperar la...\" \/>\n<meta property=\"og:url\" content=\"https:\/\/www.copealcoy.es\/es\/economia-presenta-en-alcoy-el-distintivo-de-mercados-excelentes\/\" \/>\n<meta property=\"og:site_name\" content=\"COPE Alcoy\" \/>\n<meta property=\"article:published_time\" content=\"2018-07-12T16:44:56+00:00\" \/>\n<meta property=\"article:modified_time\" content=\"2018-07-13T16:22:16+00:00\" \/>\n<meta property=\"og:image\" content=\"https:\/\/www.copealcoy.es\/wp-content\/uploads\/2018\/07\/180712_Mercats_Excel.lents_.jpeg\" \/>\n\t<meta property=\"og:image:width\" content=\"1080\" \/>\n\t<meta property=\"og:image:height\" content=\"600\" \/>\n\t<meta property=\"og:image:type\" content=\"image\/jpeg\" \/>\n<meta name=\"author\" content=\"Cope Alcoy\" \/>\n<meta name=\"twitter:label1\" content=\"Escrito por\" \/>\n\t<meta name=\"twitter:data1\" content=\"Cope Alcoy\" \/>\n\t<meta name=\"twitter:label2\" content=\"Tiempo de lectura\" \/>\n\t<meta name=\"twitter:data2\" content=\"2 minutos\" \/>\n<script type=\"application\/ld+json\" class=\"yoast-schema-graph\">{\"@context\":\"https:\\\/\\\/schema.org\",\"@graph\":[{\"@type\":\"Article\",\"@id\":\"https:\\\/\\\/www.copealcoy.es\\\/es\\\/economia-presenta-en-alcoy-el-distintivo-de-mercados-excelentes\\\/#article\",\"isPartOf\":{\"@id\":\"https:\\\/\\\/www.copealcoy.es\\\/es\\\/economia-presenta-en-alcoy-el-distintivo-de-mercados-excelentes\\\/\"},\"author\":{\"name\":\"Cope Alcoy\",\"@id\":\"https:\\\/\\\/www.copealcoy.es\\\/es\\\/#\\\/schema\\\/person\\\/e777c87fa024e57d40170af9df39882c\"},\"headline\":\"Econom\u00eda presenta en Alcoy el distintivo de &#8216;Mercados Excelentes&#8217;\",\"datePublished\":\"2018-07-12T16:44:56+00:00\",\"dateModified\":\"2018-07-13T16:22:16+00:00\",\"mainEntityOfPage\":{\"@id\":\"https:\\\/\\\/www.copealcoy.es\\\/es\\\/economia-presenta-en-alcoy-el-distintivo-de-mercados-excelentes\\\/\"},\"wordCount\":335,\"commentCount\":0,\"image\":{\"@id\":\"https:\\\/\\\/www.copealcoy.es\\\/es\\\/economia-presenta-en-alcoy-el-distintivo-de-mercados-excelentes\\\/#primaryimage\"},\"thumbnailUrl\":\"https:\\\/\\\/www.copealcoy.es\\\/wp-content\\\/uploads\\\/2018\\\/07\\\/180712_Mercats_Excel.lents_.jpeg\",\"keywords\":[\"'Mercados Excelentes'\",\"Alcoy\",\"Distintivo\",\"Econom\u00eda\",\"Presenta\"],\"articleSection\":[\"Alcoy\",\"Noticias\",\"Pol\u00edtica y Econom\u00eda\",\"Portada\"],\"inLanguage\":\"es\"},{\"@type\":\"WebPage\",\"@id\":\"https:\\\/\\\/www.copealcoy.es\\\/es\\\/economia-presenta-en-alcoy-el-distintivo-de-mercados-excelentes\\\/\",\"url\":\"https:\\\/\\\/www.copealcoy.es\\\/es\\\/economia-presenta-en-alcoy-el-distintivo-de-mercados-excelentes\\\/\",\"name\":\"Econom\u00eda presenta en Alcoy el distintivo de 'Mercados Excelentes' - COPE Alcoy\",\"isPartOf\":{\"@id\":\"https:\\\/\\\/www.copealcoy.es\\\/es\\\/#website\"},\"primaryImageOfPage\":{\"@id\":\"https:\\\/\\\/www.copealcoy.es\\\/es\\\/economia-presenta-en-alcoy-el-distintivo-de-mercados-excelentes\\\/#primaryimage\"},\"image\":{\"@id\":\"https:\\\/\\\/www.copealcoy.es\\\/es\\\/economia-presenta-en-alcoy-el-distintivo-de-mercados-excelentes\\\/#primaryimage\"},\"thumbnailUrl\":\"https:\\\/\\\/www.copealcoy.es\\\/wp-content\\\/uploads\\\/2018\\\/07\\\/180712_Mercats_Excel.lents_.jpeg\",\"datePublished\":\"2018-07-12T16:44:56+00:00\",\"dateModified\":\"2018-07-13T16:22:16+00:00\",\"author\":{\"@id\":\"https:\\\/\\\/www.copealcoy.es\\\/es\\\/#\\\/schema\\\/person\\\/e777c87fa024e57d40170af9df39882c\"},\"breadcrumb\":{\"@id\":\"https:\\\/\\\/www.copealcoy.es\\\/es\\\/economia-presenta-en-alcoy-el-distintivo-de-mercados-excelentes\\\/#breadcrumb\"},\"inLanguage\":\"es\",\"potentialAction\":[{\"@type\":\"ReadAction\",\"target\":[\"https:\\\/\\\/www.copealcoy.es\\\/es\\\/economia-presenta-en-alcoy-el-distintivo-de-mercados-excelentes\\\/\"]}]},{\"@type\":\"ImageObject\",\"inLanguage\":\"es\",\"@id\":\"https:\\\/\\\/www.copealcoy.es\\\/es\\\/economia-presenta-en-alcoy-el-distintivo-de-mercados-excelentes\\\/#primaryimage\",\"url\":\"https:\\\/\\\/www.copealcoy.es\\\/wp-content\\\/uploads\\\/2018\\\/07\\\/180712_Mercats_Excel.lents_.jpeg\",\"contentUrl\":\"https:\\\/\\\/www.copealcoy.es\\\/wp-content\\\/uploads\\\/2018\\\/07\\\/180712_Mercats_Excel.lents_.jpeg\",\"width\":1080,\"height\":600},{\"@type\":\"BreadcrumbList\",\"@id\":\"https:\\\/\\\/www.copealcoy.es\\\/es\\\/economia-presenta-en-alcoy-el-distintivo-de-mercados-excelentes\\\/#breadcrumb\",\"itemListElement\":[{\"@type\":\"ListItem\",\"position\":1,\"name\":\"Portada\",\"item\":\"https:\\\/\\\/www.copealcoy.es\\\/es\\\/\"},{\"@type\":\"ListItem\",\"position\":2,\"name\":\"Econom\u00eda presenta en Alcoy el distintivo de &#8216;Mercados Excelentes&#8217;\"}]},{\"@type\":\"WebSite\",\"@id\":\"https:\\\/\\\/www.copealcoy.es\\\/es\\\/#website\",\"url\":\"https:\\\/\\\/www.copealcoy.es\\\/es\\\/\",\"name\":\"COPE Alcoy\",\"description\":\"Emisora COPE de radio local con emisi\u00f3n online. Pont de Sant Jordi 8-10 03803 Alcoy\",\"potentialAction\":[{\"@type\":\"SearchAction\",\"target\":{\"@type\":\"EntryPoint\",\"urlTemplate\":\"https:\\\/\\\/www.copealcoy.es\\\/es\\\/?s={search_term_string}\"},\"query-input\":{\"@type\":\"PropertyValueSpecification\",\"valueRequired\":true,\"valueName\":\"search_term_string\"}}],\"inLanguage\":\"es\"},{\"@type\":\"Person\",\"@id\":\"https:\\\/\\\/www.copealcoy.es\\\/es\\\/#\\\/schema\\\/person\\\/e777c87fa024e57d40170af9df39882c\",\"name\":\"Cope Alcoy\",\"image\":{\"@type\":\"ImageObject\",\"inLanguage\":\"es\",\"@id\":\"https:\\\/\\\/secure.gravatar.com\\\/avatar\\\/bb65d0283347e303893ba14f0692005417c1e0e690a325a4c5d8bb2b3943ee14?s=96&d=mm&r=g\",\"url\":\"https:\\\/\\\/secure.gravatar.com\\\/avatar\\\/bb65d0283347e303893ba14f0692005417c1e0e690a325a4c5d8bb2b3943ee14?s=96&d=mm&r=g\",\"contentUrl\":\"https:\\\/\\\/secure.gravatar.com\\\/avatar\\\/bb65d0283347e303893ba14f0692005417c1e0e690a325a4c5d8bb2b3943ee14?s=96&d=mm&r=g\",\"caption\":\"Cope Alcoy\"}}]}<\/script>\n<!-- \/ Yoast SEO plugin. -->","yoast_head_json":{"title":"Econom\u00eda presenta en Alcoy el distintivo de 'Mercados Excelentes' - COPE Alcoy","robots":{"index":"index","follow":"follow","max-snippet":"max-snippet:-1","max-image-preview":"max-image-preview:large","max-video-preview":"max-video-preview:-1"},"canonical":"https:\/\/www.copealcoy.es\/es\/economia-presenta-en-alcoy-el-distintivo-de-mercados-excelentes\/","og_locale":"es_ES","og_type":"article","og_title":"Econom\u00eda presenta en Alcoy el distintivo de 'Mercados Excelentes' - COPE Alcoy","og_description":"La Conselleria de Econom\u00eda Sostenible y Sectores Productivos de la Generalitat Valenciana ha lanzado un proyecto que permite recuperar la...","og_url":"https:\/\/www.copealcoy.es\/es\/economia-presenta-en-alcoy-el-distintivo-de-mercados-excelentes\/","og_site_name":"COPE Alcoy","article_published_time":"2018-07-12T16:44:56+00:00","article_modified_time":"2018-07-13T16:22:16+00:00","og_image":[{"width":1080,"height":600,"url":"https:\/\/www.copealcoy.es\/wp-content\/uploads\/2018\/07\/180712_Mercats_Excel.lents_.jpeg","type":"image\/jpeg"}],"author":"Cope Alcoy","twitter_misc":{"Escrito por":"Cope Alcoy","Tiempo de lectura":"2 minutos"},"schema":{"@context":"https:\/\/schema.org","@graph":[{"@type":"Article","@id":"https:\/\/www.copealcoy.es\/es\/economia-presenta-en-alcoy-el-distintivo-de-mercados-excelentes\/#article","isPartOf":{"@id":"https:\/\/www.copealcoy.es\/es\/economia-presenta-en-alcoy-el-distintivo-de-mercados-excelentes\/"},"author":{"name":"Cope Alcoy","@id":"https:\/\/www.copealcoy.es\/es\/#\/schema\/person\/e777c87fa024e57d40170af9df39882c"},"headline":"Econom\u00eda presenta en Alcoy el distintivo de &#8216;Mercados Excelentes&#8217;","datePublished":"2018-07-12T16:44:56+00:00","dateModified":"2018-07-13T16:22:16+00:00","mainEntityOfPage":{"@id":"https:\/\/www.copealcoy.es\/es\/economia-presenta-en-alcoy-el-distintivo-de-mercados-excelentes\/"},"wordCount":335,"commentCount":0,"image":{"@id":"https:\/\/www.copealcoy.es\/es\/economia-presenta-en-alcoy-el-distintivo-de-mercados-excelentes\/#primaryimage"},"thumbnailUrl":"https:\/\/www.copealcoy.es\/wp-content\/uploads\/2018\/07\/180712_Mercats_Excel.lents_.jpeg","keywords":["'Mercados Excelentes'","Alcoy","Distintivo","Econom\u00eda","Presenta"],"articleSection":["Alcoy","Noticias","Pol\u00edtica y Econom\u00eda","Portada"],"inLanguage":"es"},{"@type":"WebPage","@id":"https:\/\/www.copealcoy.es\/es\/economia-presenta-en-alcoy-el-distintivo-de-mercados-excelentes\/","url":"https:\/\/www.copealcoy.es\/es\/economia-presenta-en-alcoy-el-distintivo-de-mercados-excelentes\/","name":"Econom\u00eda presenta en Alcoy el distintivo de 'Mercados Excelentes' - COPE Alcoy","isPartOf":{"@id":"https:\/\/www.copealcoy.es\/es\/#website"},"primaryImageOfPage":{"@id":"https:\/\/www.copealcoy.es\/es\/economia-presenta-en-alcoy-el-distintivo-de-mercados-excelentes\/#primaryimage"},"image":{"@id":"https:\/\/www.copealcoy.es\/es\/economia-presenta-en-alcoy-el-distintivo-de-mercados-excelentes\/#primaryimage"},"thumbnailUrl":"https:\/\/www.copealcoy.es\/wp-content\/uploads\/2018\/07\/180712_Mercats_Excel.lents_.jpeg","datePublished":"2018-07-12T16:44:56+00:00","dateModified":"2018-07-13T16:22:16+00:00","author":{"@id":"https:\/\/www.copealcoy.es\/es\/#\/schema\/person\/e777c87fa024e57d40170af9df39882c"},"breadcrumb":{"@id":"https:\/\/www.copealcoy.es\/es\/economia-presenta-en-alcoy-el-distintivo-de-mercados-excelentes\/#breadcrumb"},"inLanguage":"es","potentialAction":[{"@type":"ReadAction","target":["https:\/\/www.copealcoy.es\/es\/economia-presenta-en-alcoy-el-distintivo-de-mercados-excelentes\/"]}]},{"@type":"ImageObject","inLanguage":"es","@id":"https:\/\/www.copealcoy.es\/es\/economia-presenta-en-alcoy-el-distintivo-de-mercados-excelentes\/#primaryimage","url":"https:\/\/www.copealcoy.es\/wp-content\/uploads\/2018\/07\/180712_Mercats_Excel.lents_.jpeg","contentUrl":"https:\/\/www.copealcoy.es\/wp-content\/uploads\/2018\/07\/180712_Mercats_Excel.lents_.jpeg","width":1080,"height":600},{"@type":"BreadcrumbList","@id":"https:\/\/www.copealcoy.es\/es\/economia-presenta-en-alcoy-el-distintivo-de-mercados-excelentes\/#breadcrumb","itemListElement":[{"@type":"ListItem","position":1,"name":"Portada","item":"https:\/\/www.copealcoy.es\/es\/"},{"@type":"ListItem","position":2,"name":"Econom\u00eda presenta en Alcoy el distintivo de &#8216;Mercados Excelentes&#8217;"}]},{"@type":"WebSite","@id":"https:\/\/www.copealcoy.es\/es\/#website","url":"https:\/\/www.copealcoy.es\/es\/","name":"COPE Alcoy","description":"Emisora COPE de radio local con emisi\u00f3n online. Pont de Sant Jordi 8-10 03803 Alcoy","potentialAction":[{"@type":"SearchAction","target":{"@type":"EntryPoint","urlTemplate":"https:\/\/www.copealcoy.es\/es\/?s={search_term_string}"},"query-input":{"@type":"PropertyValueSpecification","valueRequired":true,"valueName":"search_term_string"}}],"inLanguage":"es"},{"@type":"Person","@id":"https:\/\/www.copealcoy.es\/es\/#\/schema\/person\/e777c87fa024e57d40170af9df39882c","name":"Cope Alcoy","image":{"@type":"ImageObject","inLanguage":"es","@id":"https:\/\/secure.gravatar.com\/avatar\/bb65d0283347e303893ba14f0692005417c1e0e690a325a4c5d8bb2b3943ee14?s=96&d=mm&r=g","url":"https:\/\/secure.gravatar.com\/avatar\/bb65d0283347e303893ba14f0692005417c1e0e690a325a4c5d8bb2b3943ee14?s=96&d=mm&r=g","contentUrl":"https:\/\/secure.gravatar.com\/avatar\/bb65d0283347e303893ba14f0692005417c1e0e690a325a4c5d8bb2b3943ee14?s=96&d=mm&r=g","caption":"Cope Alcoy"}}]}},"_links":{"self":[{"href":"https:\/\/www.copealcoy.es\/es\/wp-json\/wp\/v2\/posts\/43932","targetHints":{"allow":["GET"]}}],"collection":[{"href":"https:\/\/www.copealcoy.es\/es\/wp-json\/wp\/v2\/posts"}],"about":[{"href":"https:\/\/www.copealcoy.es\/es\/wp-json\/wp\/v2\/types\/post"}],"author":[{"embeddable":true,"href":"https:\/\/www.copealcoy.es\/es\/wp-json\/wp\/v2\/users\/1"}],"replies":[{"embeddable":true,"href":"https:\/\/www.copealcoy.es\/es\/wp-json\/wp\/v2\/comments?post=43932"}],"version-history":[{"count":0,"href":"https:\/\/www.copealcoy.es\/es\/wp-json\/wp\/v2\/posts\/43932\/revisions"}],"wp:featuredmedia":[{"embeddable":true,"href":"https:\/\/www.copealcoy.es\/es\/wp-json\/wp\/v2\/media\/43933"}],"wp:attachment":[{"href":"https:\/\/www.copealcoy.es\/es\/wp-json\/wp\/v2\/media?parent=43932"}],"wp:term":[{"taxonomy":"category","embeddable":true,"href":"https:\/\/www.copealcoy.es\/es\/wp-json\/wp\/v2\/categories?post=43932"},{"taxonomy":"post_tag","embeddable":true,"href":"https:\/\/www.copealcoy.es\/es\/wp-json\/wp\/v2\/tags?post=43932"}],"curies":[{"name":"wp","href":"https:\/\/api.w.org\/{rel}","templated":true}]}}