{"id":43924,"date":"2018-07-12T16:26:26","date_gmt":"2018-07-12T16:26:26","guid":{"rendered":"http:\/\/copealcoi.es\/new\/?p=43924"},"modified":"2018-07-12T16:26:26","modified_gmt":"2018-07-12T16:26:26","slug":"climent-no-es-compromis-quien-tiene-que-reflexionar-sobre-la-ruptura-del-pacto-en-muro","status":"publish","type":"post","link":"https:\/\/www.copealcoy.es\/es\/climent-no-es-compromis-quien-tiene-que-reflexionar-sobre-la-ruptura-del-pacto-en-muro\/","title":{"rendered":"Climent: &#8220;no es Comprom\u00eds quien tiene que reflexionar sobre la ruptura del pacto en Muro&#8221;"},"content":{"rendered":"<p style=\"text-align: justify;\">El Conseller de Econom\u00eda Sostenible y Sectores Productivos, Rafael Climent, se ha referido a la situaci\u00f3n pol\u00edtica de Muro durante la visita que ha realizado este jueves al Mercat de Sant Roc de Alcoy para presentar la nueva ley auton\u00f3mica de &#8216;Mercados Excelentes&#8217;.<\/p>\n<p style=\"text-align: justify;\">El que fue alcalde de esta localidad del Comtat entre 1999 y 2015 ha valorado la ruptura del pacto de gobierno entre EU y Comprom\u00eds suscrito a principios de esta legislatura y ha asegurado que este hecho era ya inevitable &#8220;no se puede hacer oposici\u00f3n desde dentro de un Gobierno Municipal \u00a0del que formas parte, haciendo una pinza con el resto de grupos pol\u00edticos, con el \u00fanico prop\u00f3sito de perjudicar a la alcald\u00eda&#8221;, destac\u00f3. Adem\u00e1s ha defendido la actitud adoptada por Comprom\u00eds y ha dado su respaldo al Ejecutivo Local con tan solo cuatro concejales que ahora lidera Jacquel\u00edn Cerd\u00e0 como primer edil &#8220;es una decisi\u00f3n valiente que est\u00e1 a la altura del compromiso que el partido tiene con el pueblo. Son otros, y no Comprom\u00eds, los que deben de reflexionar sobre lo que ha ocurrido&#8221;, sentenci\u00f3.<\/p>\n<p style=\"text-align: justify;\">Por \u00faltimo el Conseller Climent ha defendido la gesti\u00f3n realizada por Comprom\u00eds en todo este a\u00f1o y ha dado aliento a sus compa\u00f1eros de Muro para afrontar un Gobierno en minor\u00eda en lo que resta de legislatura hasta las elecciones municipales de mayo de 2019.<\/p>\n","protected":false},"excerpt":{"rendered":"<p>El Conseller de Econom\u00eda Sostenible y Sectores Productivos, Rafael Climent, se ha referido a la situaci\u00f3n pol\u00edtica de Muro durante&#8230;<\/p>\n","protected":false},"author":1,"featured_media":13502,"comment_status":"open","ping_status":"open","sticky":false,"template":"","format":"standard","meta":{"footnotes":""},"categories":[98,75],"tags":[152,135,6042,1567,6040,6041],"class_list":["post-43924","post","type-post","status-publish","format-standard","has-post-thumbnail","hentry","category-comarcas","category-noticias","tag-compromis","tag-muro","tag-pacto","tag-rafael-climent","tag-reflexionar","tag-sobre-la-ruptura"],"yoast_head":"<!-- This site is optimized with the Yoast SEO plugin v27.3 - https:\/\/yoast.com\/product\/yoast-seo-wordpress\/ -->\n<title>Climent: &quot;no es Comprom\u00eds quien tiene que reflexionar sobre la ruptura del pacto en Muro&quot; - COPE Alcoy<\/title>\n<meta name=\"robots\" content=\"index, follow, max-snippet:-1, max-image-preview:large, max-video-preview:-1\" \/>\n<link rel=\"canonical\" href=\"https:\/\/www.copealcoy.es\/es\/climent-no-es-compromis-quien-tiene-que-reflexionar-sobre-la-ruptura-del-pacto-en-muro\/\" \/>\n<meta property=\"og:locale\" content=\"es_ES\" \/>\n<meta property=\"og:type\" content=\"article\" \/>\n<meta property=\"og:title\" content=\"Climent: &quot;no es Comprom\u00eds quien tiene que reflexionar sobre la ruptura del pacto en Muro&quot; - COPE Alcoy\" \/>\n<meta property=\"og:description\" content=\"El Conseller de Econom\u00eda Sostenible y Sectores Productivos, Rafael Climent, se ha referido a la situaci\u00f3n pol\u00edtica de Muro durante...\" \/>\n<meta property=\"og:url\" content=\"https:\/\/www.copealcoy.es\/es\/climent-no-es-compromis-quien-tiene-que-reflexionar-sobre-la-ruptura-del-pacto-en-muro\/\" \/>\n<meta property=\"og:site_name\" content=\"COPE Alcoy\" \/>\n<meta property=\"article:published_time\" content=\"2018-07-12T16:26:26+00:00\" \/>\n<meta property=\"og:image\" content=\"https:\/\/www.copealcoy.es\/wp-content\/uploads\/2015\/05\/10371482_553996781406419_6990570282635888887_n.jpg\" \/>\n\t<meta property=\"og:image:width\" content=\"695\" \/>\n\t<meta property=\"og:image:height\" content=\"433\" \/>\n\t<meta property=\"og:image:type\" content=\"image\/jpeg\" \/>\n<meta name=\"author\" content=\"Cope Alcoy\" \/>\n<meta name=\"twitter:label1\" content=\"Escrito por\" \/>\n\t<meta name=\"twitter:data1\" content=\"Cope Alcoy\" \/>\n\t<meta name=\"twitter:label2\" content=\"Tiempo de lectura\" \/>\n\t<meta name=\"twitter:data2\" content=\"1 minuto\" \/>\n<script type=\"application\/ld+json\" class=\"yoast-schema-graph\">{\"@context\":\"https:\\\/\\\/schema.org\",\"@graph\":[{\"@type\":\"Article\",\"@id\":\"https:\\\/\\\/www.copealcoy.es\\\/es\\\/climent-no-es-compromis-quien-tiene-que-reflexionar-sobre-la-ruptura-del-pacto-en-muro\\\/#article\",\"isPartOf\":{\"@id\":\"https:\\\/\\\/www.copealcoy.es\\\/es\\\/climent-no-es-compromis-quien-tiene-que-reflexionar-sobre-la-ruptura-del-pacto-en-muro\\\/\"},\"author\":{\"name\":\"Cope Alcoy\",\"@id\":\"https:\\\/\\\/www.copealcoy.es\\\/es\\\/#\\\/schema\\\/person\\\/e777c87fa024e57d40170af9df39882c\"},\"headline\":\"Climent: &#8220;no es Comprom\u00eds quien tiene que reflexionar sobre la ruptura del pacto en Muro&#8221;\",\"datePublished\":\"2018-07-12T16:26:26+00:00\",\"mainEntityOfPage\":{\"@id\":\"https:\\\/\\\/www.copealcoy.es\\\/es\\\/climent-no-es-compromis-quien-tiene-que-reflexionar-sobre-la-ruptura-del-pacto-en-muro\\\/\"},\"wordCount\":257,\"commentCount\":0,\"image\":{\"@id\":\"https:\\\/\\\/www.copealcoy.es\\\/es\\\/climent-no-es-compromis-quien-tiene-que-reflexionar-sobre-la-ruptura-del-pacto-en-muro\\\/#primaryimage\"},\"thumbnailUrl\":\"https:\\\/\\\/www.copealcoy.es\\\/wp-content\\\/uploads\\\/2015\\\/05\\\/10371482_553996781406419_6990570282635888887_n.jpg\",\"keywords\":[\"Comprom\u00eds\",\"Muro\",\"pacto\",\"Rafael Climent\",\"reflexionar\",\"sobre la ruptura\"],\"articleSection\":[\"Comarcas\",\"Noticias\"],\"inLanguage\":\"es\"},{\"@type\":\"WebPage\",\"@id\":\"https:\\\/\\\/www.copealcoy.es\\\/es\\\/climent-no-es-compromis-quien-tiene-que-reflexionar-sobre-la-ruptura-del-pacto-en-muro\\\/\",\"url\":\"https:\\\/\\\/www.copealcoy.es\\\/es\\\/climent-no-es-compromis-quien-tiene-que-reflexionar-sobre-la-ruptura-del-pacto-en-muro\\\/\",\"name\":\"Climent: \\\"no es Comprom\u00eds quien tiene que reflexionar sobre la ruptura del pacto en Muro\\\" - COPE Alcoy\",\"isPartOf\":{\"@id\":\"https:\\\/\\\/www.copealcoy.es\\\/es\\\/#website\"},\"primaryImageOfPage\":{\"@id\":\"https:\\\/\\\/www.copealcoy.es\\\/es\\\/climent-no-es-compromis-quien-tiene-que-reflexionar-sobre-la-ruptura-del-pacto-en-muro\\\/#primaryimage\"},\"image\":{\"@id\":\"https:\\\/\\\/www.copealcoy.es\\\/es\\\/climent-no-es-compromis-quien-tiene-que-reflexionar-sobre-la-ruptura-del-pacto-en-muro\\\/#primaryimage\"},\"thumbnailUrl\":\"https:\\\/\\\/www.copealcoy.es\\\/wp-content\\\/uploads\\\/2015\\\/05\\\/10371482_553996781406419_6990570282635888887_n.jpg\",\"datePublished\":\"2018-07-12T16:26:26+00:00\",\"author\":{\"@id\":\"https:\\\/\\\/www.copealcoy.es\\\/es\\\/#\\\/schema\\\/person\\\/e777c87fa024e57d40170af9df39882c\"},\"breadcrumb\":{\"@id\":\"https:\\\/\\\/www.copealcoy.es\\\/es\\\/climent-no-es-compromis-quien-tiene-que-reflexionar-sobre-la-ruptura-del-pacto-en-muro\\\/#breadcrumb\"},\"inLanguage\":\"es\",\"potentialAction\":[{\"@type\":\"ReadAction\",\"target\":[\"https:\\\/\\\/www.copealcoy.es\\\/es\\\/climent-no-es-compromis-quien-tiene-que-reflexionar-sobre-la-ruptura-del-pacto-en-muro\\\/\"]}]},{\"@type\":\"ImageObject\",\"inLanguage\":\"es\",\"@id\":\"https:\\\/\\\/www.copealcoy.es\\\/es\\\/climent-no-es-compromis-quien-tiene-que-reflexionar-sobre-la-ruptura-del-pacto-en-muro\\\/#primaryimage\",\"url\":\"https:\\\/\\\/www.copealcoy.es\\\/wp-content\\\/uploads\\\/2015\\\/05\\\/10371482_553996781406419_6990570282635888887_n.jpg\",\"contentUrl\":\"https:\\\/\\\/www.copealcoy.es\\\/wp-content\\\/uploads\\\/2015\\\/05\\\/10371482_553996781406419_6990570282635888887_n.jpg\",\"width\":695,\"height\":433,\"caption\":\"Rafa Climent y Jacqueline Cerd\u00e0 tras la jornada electoral\"},{\"@type\":\"BreadcrumbList\",\"@id\":\"https:\\\/\\\/www.copealcoy.es\\\/es\\\/climent-no-es-compromis-quien-tiene-que-reflexionar-sobre-la-ruptura-del-pacto-en-muro\\\/#breadcrumb\",\"itemListElement\":[{\"@type\":\"ListItem\",\"position\":1,\"name\":\"Portada\",\"item\":\"https:\\\/\\\/www.copealcoy.es\\\/es\\\/\"},{\"@type\":\"ListItem\",\"position\":2,\"name\":\"Climent: &#8220;no es Comprom\u00eds quien tiene que reflexionar sobre la ruptura del pacto en Muro&#8221;\"}]},{\"@type\":\"WebSite\",\"@id\":\"https:\\\/\\\/www.copealcoy.es\\\/es\\\/#website\",\"url\":\"https:\\\/\\\/www.copealcoy.es\\\/es\\\/\",\"name\":\"COPE Alcoy\",\"description\":\"Emisora COPE de radio local con emisi\u00f3n online. Pont de Sant Jordi 8-10 03803 Alcoy\",\"potentialAction\":[{\"@type\":\"SearchAction\",\"target\":{\"@type\":\"EntryPoint\",\"urlTemplate\":\"https:\\\/\\\/www.copealcoy.es\\\/es\\\/?s={search_term_string}\"},\"query-input\":{\"@type\":\"PropertyValueSpecification\",\"valueRequired\":true,\"valueName\":\"search_term_string\"}}],\"inLanguage\":\"es\"},{\"@type\":\"Person\",\"@id\":\"https:\\\/\\\/www.copealcoy.es\\\/es\\\/#\\\/schema\\\/person\\\/e777c87fa024e57d40170af9df39882c\",\"name\":\"Cope Alcoy\",\"image\":{\"@type\":\"ImageObject\",\"inLanguage\":\"es\",\"@id\":\"https:\\\/\\\/secure.gravatar.com\\\/avatar\\\/bb65d0283347e303893ba14f0692005417c1e0e690a325a4c5d8bb2b3943ee14?s=96&d=mm&r=g\",\"url\":\"https:\\\/\\\/secure.gravatar.com\\\/avatar\\\/bb65d0283347e303893ba14f0692005417c1e0e690a325a4c5d8bb2b3943ee14?s=96&d=mm&r=g\",\"contentUrl\":\"https:\\\/\\\/secure.gravatar.com\\\/avatar\\\/bb65d0283347e303893ba14f0692005417c1e0e690a325a4c5d8bb2b3943ee14?s=96&d=mm&r=g\",\"caption\":\"Cope Alcoy\"}}]}<\/script>\n<!-- \/ Yoast SEO plugin. -->","yoast_head_json":{"title":"Climent: \"no es Comprom\u00eds quien tiene que reflexionar sobre la ruptura del pacto en Muro\" - COPE Alcoy","robots":{"index":"index","follow":"follow","max-snippet":"max-snippet:-1","max-image-preview":"max-image-preview:large","max-video-preview":"max-video-preview:-1"},"canonical":"https:\/\/www.copealcoy.es\/es\/climent-no-es-compromis-quien-tiene-que-reflexionar-sobre-la-ruptura-del-pacto-en-muro\/","og_locale":"es_ES","og_type":"article","og_title":"Climent: \"no es Comprom\u00eds quien tiene que reflexionar sobre la ruptura del pacto en Muro\" - COPE Alcoy","og_description":"El Conseller de Econom\u00eda Sostenible y Sectores Productivos, Rafael Climent, se ha referido a la situaci\u00f3n pol\u00edtica de Muro durante...","og_url":"https:\/\/www.copealcoy.es\/es\/climent-no-es-compromis-quien-tiene-que-reflexionar-sobre-la-ruptura-del-pacto-en-muro\/","og_site_name":"COPE Alcoy","article_published_time":"2018-07-12T16:26:26+00:00","og_image":[{"width":695,"height":433,"url":"https:\/\/www.copealcoy.es\/wp-content\/uploads\/2015\/05\/10371482_553996781406419_6990570282635888887_n.jpg","type":"image\/jpeg"}],"author":"Cope Alcoy","twitter_misc":{"Escrito por":"Cope Alcoy","Tiempo de lectura":"1 minuto"},"schema":{"@context":"https:\/\/schema.org","@graph":[{"@type":"Article","@id":"https:\/\/www.copealcoy.es\/es\/climent-no-es-compromis-quien-tiene-que-reflexionar-sobre-la-ruptura-del-pacto-en-muro\/#article","isPartOf":{"@id":"https:\/\/www.copealcoy.es\/es\/climent-no-es-compromis-quien-tiene-que-reflexionar-sobre-la-ruptura-del-pacto-en-muro\/"},"author":{"name":"Cope Alcoy","@id":"https:\/\/www.copealcoy.es\/es\/#\/schema\/person\/e777c87fa024e57d40170af9df39882c"},"headline":"Climent: &#8220;no es Comprom\u00eds quien tiene que reflexionar sobre la ruptura del pacto en Muro&#8221;","datePublished":"2018-07-12T16:26:26+00:00","mainEntityOfPage":{"@id":"https:\/\/www.copealcoy.es\/es\/climent-no-es-compromis-quien-tiene-que-reflexionar-sobre-la-ruptura-del-pacto-en-muro\/"},"wordCount":257,"commentCount":0,"image":{"@id":"https:\/\/www.copealcoy.es\/es\/climent-no-es-compromis-quien-tiene-que-reflexionar-sobre-la-ruptura-del-pacto-en-muro\/#primaryimage"},"thumbnailUrl":"https:\/\/www.copealcoy.es\/wp-content\/uploads\/2015\/05\/10371482_553996781406419_6990570282635888887_n.jpg","keywords":["Comprom\u00eds","Muro","pacto","Rafael Climent","reflexionar","sobre la ruptura"],"articleSection":["Comarcas","Noticias"],"inLanguage":"es"},{"@type":"WebPage","@id":"https:\/\/www.copealcoy.es\/es\/climent-no-es-compromis-quien-tiene-que-reflexionar-sobre-la-ruptura-del-pacto-en-muro\/","url":"https:\/\/www.copealcoy.es\/es\/climent-no-es-compromis-quien-tiene-que-reflexionar-sobre-la-ruptura-del-pacto-en-muro\/","name":"Climent: \"no es Comprom\u00eds quien tiene que reflexionar sobre la ruptura del pacto en Muro\" - COPE Alcoy","isPartOf":{"@id":"https:\/\/www.copealcoy.es\/es\/#website"},"primaryImageOfPage":{"@id":"https:\/\/www.copealcoy.es\/es\/climent-no-es-compromis-quien-tiene-que-reflexionar-sobre-la-ruptura-del-pacto-en-muro\/#primaryimage"},"image":{"@id":"https:\/\/www.copealcoy.es\/es\/climent-no-es-compromis-quien-tiene-que-reflexionar-sobre-la-ruptura-del-pacto-en-muro\/#primaryimage"},"thumbnailUrl":"https:\/\/www.copealcoy.es\/wp-content\/uploads\/2015\/05\/10371482_553996781406419_6990570282635888887_n.jpg","datePublished":"2018-07-12T16:26:26+00:00","author":{"@id":"https:\/\/www.copealcoy.es\/es\/#\/schema\/person\/e777c87fa024e57d40170af9df39882c"},"breadcrumb":{"@id":"https:\/\/www.copealcoy.es\/es\/climent-no-es-compromis-quien-tiene-que-reflexionar-sobre-la-ruptura-del-pacto-en-muro\/#breadcrumb"},"inLanguage":"es","potentialAction":[{"@type":"ReadAction","target":["https:\/\/www.copealcoy.es\/es\/climent-no-es-compromis-quien-tiene-que-reflexionar-sobre-la-ruptura-del-pacto-en-muro\/"]}]},{"@type":"ImageObject","inLanguage":"es","@id":"https:\/\/www.copealcoy.es\/es\/climent-no-es-compromis-quien-tiene-que-reflexionar-sobre-la-ruptura-del-pacto-en-muro\/#primaryimage","url":"https:\/\/www.copealcoy.es\/wp-content\/uploads\/2015\/05\/10371482_553996781406419_6990570282635888887_n.jpg","contentUrl":"https:\/\/www.copealcoy.es\/wp-content\/uploads\/2015\/05\/10371482_553996781406419_6990570282635888887_n.jpg","width":695,"height":433,"caption":"Rafa Climent y Jacqueline Cerd\u00e0 tras la jornada electoral"},{"@type":"BreadcrumbList","@id":"https:\/\/www.copealcoy.es\/es\/climent-no-es-compromis-quien-tiene-que-reflexionar-sobre-la-ruptura-del-pacto-en-muro\/#breadcrumb","itemListElement":[{"@type":"ListItem","position":1,"name":"Portada","item":"https:\/\/www.copealcoy.es\/es\/"},{"@type":"ListItem","position":2,"name":"Climent: &#8220;no es Comprom\u00eds quien tiene que reflexionar sobre la ruptura del pacto en Muro&#8221;"}]},{"@type":"WebSite","@id":"https:\/\/www.copealcoy.es\/es\/#website","url":"https:\/\/www.copealcoy.es\/es\/","name":"COPE Alcoy","description":"Emisora COPE de radio local con emisi\u00f3n online. Pont de Sant Jordi 8-10 03803 Alcoy","potentialAction":[{"@type":"SearchAction","target":{"@type":"EntryPoint","urlTemplate":"https:\/\/www.copealcoy.es\/es\/?s={search_term_string}"},"query-input":{"@type":"PropertyValueSpecification","valueRequired":true,"valueName":"search_term_string"}}],"inLanguage":"es"},{"@type":"Person","@id":"https:\/\/www.copealcoy.es\/es\/#\/schema\/person\/e777c87fa024e57d40170af9df39882c","name":"Cope Alcoy","image":{"@type":"ImageObject","inLanguage":"es","@id":"https:\/\/secure.gravatar.com\/avatar\/bb65d0283347e303893ba14f0692005417c1e0e690a325a4c5d8bb2b3943ee14?s=96&d=mm&r=g","url":"https:\/\/secure.gravatar.com\/avatar\/bb65d0283347e303893ba14f0692005417c1e0e690a325a4c5d8bb2b3943ee14?s=96&d=mm&r=g","contentUrl":"https:\/\/secure.gravatar.com\/avatar\/bb65d0283347e303893ba14f0692005417c1e0e690a325a4c5d8bb2b3943ee14?s=96&d=mm&r=g","caption":"Cope Alcoy"}}]}},"_links":{"self":[{"href":"https:\/\/www.copealcoy.es\/es\/wp-json\/wp\/v2\/posts\/43924","targetHints":{"allow":["GET"]}}],"collection":[{"href":"https:\/\/www.copealcoy.es\/es\/wp-json\/wp\/v2\/posts"}],"about":[{"href":"https:\/\/www.copealcoy.es\/es\/wp-json\/wp\/v2\/types\/post"}],"author":[{"embeddable":true,"href":"https:\/\/www.copealcoy.es\/es\/wp-json\/wp\/v2\/users\/1"}],"replies":[{"embeddable":true,"href":"https:\/\/www.copealcoy.es\/es\/wp-json\/wp\/v2\/comments?post=43924"}],"version-history":[{"count":0,"href":"https:\/\/www.copealcoy.es\/es\/wp-json\/wp\/v2\/posts\/43924\/revisions"}],"wp:featuredmedia":[{"embeddable":true,"href":"https:\/\/www.copealcoy.es\/es\/wp-json\/wp\/v2\/media\/13502"}],"wp:attachment":[{"href":"https:\/\/www.copealcoy.es\/es\/wp-json\/wp\/v2\/media?parent=43924"}],"wp:term":[{"taxonomy":"category","embeddable":true,"href":"https:\/\/www.copealcoy.es\/es\/wp-json\/wp\/v2\/categories?post=43924"},{"taxonomy":"post_tag","embeddable":true,"href":"https:\/\/www.copealcoy.es\/es\/wp-json\/wp\/v2\/tags?post=43924"}],"curies":[{"name":"wp","href":"https:\/\/api.w.org\/{rel}","templated":true}]}}