{"id":43795,"date":"2018-07-06T08:49:47","date_gmt":"2018-07-06T08:49:47","guid":{"rendered":"http:\/\/copealcoi.es\/new\/?p=43795"},"modified":"2018-07-06T21:01:30","modified_gmt":"2018-07-06T21:01:30","slug":"el-ateneu-musical-traslado-a-cocentaina-hasta-mexico","status":"publish","type":"post","link":"https:\/\/www.copealcoy.es\/es\/el-ateneu-musical-traslado-a-cocentaina-hasta-mexico\/","title":{"rendered":"El Ateneu Musical traslad\u00f3 a Cocentaina hasta M\u00e9xico"},"content":{"rendered":"<p style=\"text-align: justify;\">El <strong>Ateneu Musical de Cocentaina<\/strong> celebr\u00f3 el pasado viernes d\u00eda 29 de junio, a las 22.30h en el Patio de Armas del Palau Comtal, <strong>el concierto &#8216;M\u00e9xico Lindo Sinf\u00f3nico&#8217;<\/strong>, un espect\u00e1culo que sirvi\u00f3 para dar la bienvenida al verano. En esta ocasi\u00f3n, el Ateneu <strong>cont\u00f3 con la voz y la m\u00fasica de Felipe Garpe y sus mariachis<\/strong> pero tambi\u00e9n de la conocida cantante de la primera edici\u00f3n de Operaci\u00f3n Triunfo <strong>Nuria Ferg\u00f3<\/strong>.<\/p>\n<p style=\"text-align: justify;\">En el citado concierto la m\u00fasica mexicana fue la protagonista con <strong>boleros, corridos y rancheras que fueron una delicia<\/strong> para todo el p\u00fablico. Encima del escenario los asistentes pudieron disfrutar de <strong>un elenco de lujo<\/strong> ya que el Ateneu estuvo acompa\u00f1ado por<strong> cuatro mariachis<\/strong> (con trompeta, viol\u00edn, guitarra y guitarr\u00f3n) y por <strong>las maravillosas voces de Nuria Ferg\u00f3 y Felipe Garpe<\/strong>.\u00a0En el programa se incluyeron <strong>grandes \u00e9xitos mexicanos<\/strong> con nombres tan conocidos como <em>Volver, volver<\/em>,<em> Ay Jalisco<\/em>, <em>Si nos dejan<\/em>, <em>La Bikina<\/em>, <em>La media vuelta<\/em>, <em>Se me olvid\u00f3 otra vez,\u00a0<\/em>\u00a0<em>Me gustas mucho<\/em>, <em>Juan Charrasqueado<\/em>, <em>All\u00e1 en el Rancho Grande<\/em> y <em>el Rey<\/em>; entre otros. El concierto termin\u00f3 con <strong>la pieza cantada a d\u00fao por ambos cantantes<\/strong> y que da nombre al espect\u00e1culo <em>M\u00e9xico Lindo<\/em> <em>y Querido<\/em> y como bis, <em>Cielito Lindo<\/em>.<\/p>\n<p style=\"text-align: justify;\">La <strong>presentaci\u00f3n<\/strong> del concierto corri\u00f3 <strong>a cargo de los propios cantantes<\/strong>, siempre contando con la complicidad entre ellos y tambi\u00e9n en el p\u00fablico. Adem\u00e1s este \u00faltimo <strong>puso ritmo a la cita musical<\/strong> con sus palmas,\u00a0cantando e incluso soltando alg\u00fan grito mexicano que otro para animar la fiesta. Se\u00f1alar que <strong>las entradas<\/strong> para asistir a esta audici\u00f3n<strong> se agotaron<\/strong> semanas antes del concierto.<\/p>\n","protected":false},"excerpt":{"rendered":"<p>El Ateneu Musical de Cocentaina celebr\u00f3 el pasado viernes d\u00eda 29 de junio, a las 22.30h en el Patio de&#8230;<\/p>\n","protected":false},"author":1,"featured_media":43796,"comment_status":"open","ping_status":"open","sticky":false,"template":"","format":"standard","meta":{"footnotes":""},"categories":[98,75],"tags":[1251,132,6001,185],"class_list":["post-43795","post","type-post","status-publish","format-standard","has-post-thumbnail","hentry","category-comarcas","category-noticias","tag-ateneu-musical","tag-cocentaina","tag-mexico","tag-traslado"],"yoast_head":"<!-- This site is optimized with the Yoast SEO plugin v27.3 - https:\/\/yoast.com\/product\/yoast-seo-wordpress\/ -->\n<title>El Ateneu Musical traslad\u00f3 a Cocentaina hasta M\u00e9xico - COPE Alcoy<\/title>\n<meta name=\"robots\" content=\"index, follow, max-snippet:-1, max-image-preview:large, max-video-preview:-1\" \/>\n<link rel=\"canonical\" href=\"https:\/\/www.copealcoy.es\/es\/el-ateneu-musical-traslado-a-cocentaina-hasta-mexico\/\" \/>\n<meta property=\"og:locale\" content=\"es_ES\" \/>\n<meta property=\"og:type\" content=\"article\" \/>\n<meta property=\"og:title\" content=\"El Ateneu Musical traslad\u00f3 a Cocentaina hasta M\u00e9xico - COPE Alcoy\" \/>\n<meta property=\"og:description\" content=\"El Ateneu Musical de Cocentaina celebr\u00f3 el pasado viernes d\u00eda 29 de junio, a las 22.30h en el Patio de...\" \/>\n<meta property=\"og:url\" content=\"https:\/\/www.copealcoy.es\/es\/el-ateneu-musical-traslado-a-cocentaina-hasta-mexico\/\" \/>\n<meta property=\"og:site_name\" content=\"COPE Alcoy\" \/>\n<meta property=\"article:published_time\" content=\"2018-07-06T08:49:47+00:00\" \/>\n<meta property=\"article:modified_time\" content=\"2018-07-06T21:01:30+00:00\" \/>\n<meta property=\"og:image\" content=\"https:\/\/www.copealcoy.es\/wp-content\/uploads\/2018\/07\/Ateneu-Fergo-5036.jpg\" \/>\n\t<meta property=\"og:image:width\" content=\"1772\" \/>\n\t<meta property=\"og:image:height\" content=\"1179\" \/>\n\t<meta property=\"og:image:type\" content=\"image\/jpeg\" \/>\n<meta name=\"author\" content=\"Cope Alcoy\" \/>\n<meta name=\"twitter:label1\" content=\"Escrito por\" \/>\n\t<meta name=\"twitter:data1\" content=\"Cope Alcoy\" \/>\n\t<meta name=\"twitter:label2\" content=\"Tiempo de lectura\" \/>\n\t<meta name=\"twitter:data2\" content=\"1 minuto\" \/>\n<script type=\"application\/ld+json\" class=\"yoast-schema-graph\">{\"@context\":\"https:\\\/\\\/schema.org\",\"@graph\":[{\"@type\":\"Article\",\"@id\":\"https:\\\/\\\/www.copealcoy.es\\\/es\\\/el-ateneu-musical-traslado-a-cocentaina-hasta-mexico\\\/#article\",\"isPartOf\":{\"@id\":\"https:\\\/\\\/www.copealcoy.es\\\/es\\\/el-ateneu-musical-traslado-a-cocentaina-hasta-mexico\\\/\"},\"author\":{\"name\":\"Cope Alcoy\",\"@id\":\"https:\\\/\\\/www.copealcoy.es\\\/es\\\/#\\\/schema\\\/person\\\/e777c87fa024e57d40170af9df39882c\"},\"headline\":\"El Ateneu Musical traslad\u00f3 a Cocentaina hasta M\u00e9xico\",\"datePublished\":\"2018-07-06T08:49:47+00:00\",\"dateModified\":\"2018-07-06T21:01:30+00:00\",\"mainEntityOfPage\":{\"@id\":\"https:\\\/\\\/www.copealcoy.es\\\/es\\\/el-ateneu-musical-traslado-a-cocentaina-hasta-mexico\\\/\"},\"wordCount\":300,\"commentCount\":0,\"image\":{\"@id\":\"https:\\\/\\\/www.copealcoy.es\\\/es\\\/el-ateneu-musical-traslado-a-cocentaina-hasta-mexico\\\/#primaryimage\"},\"thumbnailUrl\":\"https:\\\/\\\/www.copealcoy.es\\\/wp-content\\\/uploads\\\/2018\\\/07\\\/Ateneu-Fergo-5036.jpg\",\"keywords\":[\"Ateneu Musical\",\"Cocentaina\",\"M\u00e9xico\",\"Traslado\"],\"articleSection\":[\"Comarcas\",\"Noticias\"],\"inLanguage\":\"es\"},{\"@type\":\"WebPage\",\"@id\":\"https:\\\/\\\/www.copealcoy.es\\\/es\\\/el-ateneu-musical-traslado-a-cocentaina-hasta-mexico\\\/\",\"url\":\"https:\\\/\\\/www.copealcoy.es\\\/es\\\/el-ateneu-musical-traslado-a-cocentaina-hasta-mexico\\\/\",\"name\":\"El Ateneu Musical traslad\u00f3 a Cocentaina hasta M\u00e9xico - COPE Alcoy\",\"isPartOf\":{\"@id\":\"https:\\\/\\\/www.copealcoy.es\\\/es\\\/#website\"},\"primaryImageOfPage\":{\"@id\":\"https:\\\/\\\/www.copealcoy.es\\\/es\\\/el-ateneu-musical-traslado-a-cocentaina-hasta-mexico\\\/#primaryimage\"},\"image\":{\"@id\":\"https:\\\/\\\/www.copealcoy.es\\\/es\\\/el-ateneu-musical-traslado-a-cocentaina-hasta-mexico\\\/#primaryimage\"},\"thumbnailUrl\":\"https:\\\/\\\/www.copealcoy.es\\\/wp-content\\\/uploads\\\/2018\\\/07\\\/Ateneu-Fergo-5036.jpg\",\"datePublished\":\"2018-07-06T08:49:47+00:00\",\"dateModified\":\"2018-07-06T21:01:30+00:00\",\"author\":{\"@id\":\"https:\\\/\\\/www.copealcoy.es\\\/es\\\/#\\\/schema\\\/person\\\/e777c87fa024e57d40170af9df39882c\"},\"breadcrumb\":{\"@id\":\"https:\\\/\\\/www.copealcoy.es\\\/es\\\/el-ateneu-musical-traslado-a-cocentaina-hasta-mexico\\\/#breadcrumb\"},\"inLanguage\":\"es\",\"potentialAction\":[{\"@type\":\"ReadAction\",\"target\":[\"https:\\\/\\\/www.copealcoy.es\\\/es\\\/el-ateneu-musical-traslado-a-cocentaina-hasta-mexico\\\/\"]}]},{\"@type\":\"ImageObject\",\"inLanguage\":\"es\",\"@id\":\"https:\\\/\\\/www.copealcoy.es\\\/es\\\/el-ateneu-musical-traslado-a-cocentaina-hasta-mexico\\\/#primaryimage\",\"url\":\"https:\\\/\\\/www.copealcoy.es\\\/wp-content\\\/uploads\\\/2018\\\/07\\\/Ateneu-Fergo-5036.jpg\",\"contentUrl\":\"https:\\\/\\\/www.copealcoy.es\\\/wp-content\\\/uploads\\\/2018\\\/07\\\/Ateneu-Fergo-5036.jpg\",\"width\":1772,\"height\":1179},{\"@type\":\"BreadcrumbList\",\"@id\":\"https:\\\/\\\/www.copealcoy.es\\\/es\\\/el-ateneu-musical-traslado-a-cocentaina-hasta-mexico\\\/#breadcrumb\",\"itemListElement\":[{\"@type\":\"ListItem\",\"position\":1,\"name\":\"Portada\",\"item\":\"https:\\\/\\\/www.copealcoy.es\\\/es\\\/\"},{\"@type\":\"ListItem\",\"position\":2,\"name\":\"El Ateneu Musical traslad\u00f3 a Cocentaina hasta M\u00e9xico\"}]},{\"@type\":\"WebSite\",\"@id\":\"https:\\\/\\\/www.copealcoy.es\\\/es\\\/#website\",\"url\":\"https:\\\/\\\/www.copealcoy.es\\\/es\\\/\",\"name\":\"COPE Alcoy\",\"description\":\"Emisora COPE de radio local con emisi\u00f3n online. Pont de Sant Jordi 8-10 03803 Alcoy\",\"potentialAction\":[{\"@type\":\"SearchAction\",\"target\":{\"@type\":\"EntryPoint\",\"urlTemplate\":\"https:\\\/\\\/www.copealcoy.es\\\/es\\\/?s={search_term_string}\"},\"query-input\":{\"@type\":\"PropertyValueSpecification\",\"valueRequired\":true,\"valueName\":\"search_term_string\"}}],\"inLanguage\":\"es\"},{\"@type\":\"Person\",\"@id\":\"https:\\\/\\\/www.copealcoy.es\\\/es\\\/#\\\/schema\\\/person\\\/e777c87fa024e57d40170af9df39882c\",\"name\":\"Cope Alcoy\",\"image\":{\"@type\":\"ImageObject\",\"inLanguage\":\"es\",\"@id\":\"https:\\\/\\\/secure.gravatar.com\\\/avatar\\\/bb65d0283347e303893ba14f0692005417c1e0e690a325a4c5d8bb2b3943ee14?s=96&d=mm&r=g\",\"url\":\"https:\\\/\\\/secure.gravatar.com\\\/avatar\\\/bb65d0283347e303893ba14f0692005417c1e0e690a325a4c5d8bb2b3943ee14?s=96&d=mm&r=g\",\"contentUrl\":\"https:\\\/\\\/secure.gravatar.com\\\/avatar\\\/bb65d0283347e303893ba14f0692005417c1e0e690a325a4c5d8bb2b3943ee14?s=96&d=mm&r=g\",\"caption\":\"Cope Alcoy\"}}]}<\/script>\n<!-- \/ Yoast SEO plugin. -->","yoast_head_json":{"title":"El Ateneu Musical traslad\u00f3 a Cocentaina hasta M\u00e9xico - COPE Alcoy","robots":{"index":"index","follow":"follow","max-snippet":"max-snippet:-1","max-image-preview":"max-image-preview:large","max-video-preview":"max-video-preview:-1"},"canonical":"https:\/\/www.copealcoy.es\/es\/el-ateneu-musical-traslado-a-cocentaina-hasta-mexico\/","og_locale":"es_ES","og_type":"article","og_title":"El Ateneu Musical traslad\u00f3 a Cocentaina hasta M\u00e9xico - COPE Alcoy","og_description":"El Ateneu Musical de Cocentaina celebr\u00f3 el pasado viernes d\u00eda 29 de junio, a las 22.30h en el Patio de...","og_url":"https:\/\/www.copealcoy.es\/es\/el-ateneu-musical-traslado-a-cocentaina-hasta-mexico\/","og_site_name":"COPE Alcoy","article_published_time":"2018-07-06T08:49:47+00:00","article_modified_time":"2018-07-06T21:01:30+00:00","og_image":[{"width":1772,"height":1179,"url":"https:\/\/www.copealcoy.es\/wp-content\/uploads\/2018\/07\/Ateneu-Fergo-5036.jpg","type":"image\/jpeg"}],"author":"Cope Alcoy","twitter_misc":{"Escrito por":"Cope Alcoy","Tiempo de lectura":"1 minuto"},"schema":{"@context":"https:\/\/schema.org","@graph":[{"@type":"Article","@id":"https:\/\/www.copealcoy.es\/es\/el-ateneu-musical-traslado-a-cocentaina-hasta-mexico\/#article","isPartOf":{"@id":"https:\/\/www.copealcoy.es\/es\/el-ateneu-musical-traslado-a-cocentaina-hasta-mexico\/"},"author":{"name":"Cope Alcoy","@id":"https:\/\/www.copealcoy.es\/es\/#\/schema\/person\/e777c87fa024e57d40170af9df39882c"},"headline":"El Ateneu Musical traslad\u00f3 a Cocentaina hasta M\u00e9xico","datePublished":"2018-07-06T08:49:47+00:00","dateModified":"2018-07-06T21:01:30+00:00","mainEntityOfPage":{"@id":"https:\/\/www.copealcoy.es\/es\/el-ateneu-musical-traslado-a-cocentaina-hasta-mexico\/"},"wordCount":300,"commentCount":0,"image":{"@id":"https:\/\/www.copealcoy.es\/es\/el-ateneu-musical-traslado-a-cocentaina-hasta-mexico\/#primaryimage"},"thumbnailUrl":"https:\/\/www.copealcoy.es\/wp-content\/uploads\/2018\/07\/Ateneu-Fergo-5036.jpg","keywords":["Ateneu Musical","Cocentaina","M\u00e9xico","Traslado"],"articleSection":["Comarcas","Noticias"],"inLanguage":"es"},{"@type":"WebPage","@id":"https:\/\/www.copealcoy.es\/es\/el-ateneu-musical-traslado-a-cocentaina-hasta-mexico\/","url":"https:\/\/www.copealcoy.es\/es\/el-ateneu-musical-traslado-a-cocentaina-hasta-mexico\/","name":"El Ateneu Musical traslad\u00f3 a Cocentaina hasta M\u00e9xico - COPE Alcoy","isPartOf":{"@id":"https:\/\/www.copealcoy.es\/es\/#website"},"primaryImageOfPage":{"@id":"https:\/\/www.copealcoy.es\/es\/el-ateneu-musical-traslado-a-cocentaina-hasta-mexico\/#primaryimage"},"image":{"@id":"https:\/\/www.copealcoy.es\/es\/el-ateneu-musical-traslado-a-cocentaina-hasta-mexico\/#primaryimage"},"thumbnailUrl":"https:\/\/www.copealcoy.es\/wp-content\/uploads\/2018\/07\/Ateneu-Fergo-5036.jpg","datePublished":"2018-07-06T08:49:47+00:00","dateModified":"2018-07-06T21:01:30+00:00","author":{"@id":"https:\/\/www.copealcoy.es\/es\/#\/schema\/person\/e777c87fa024e57d40170af9df39882c"},"breadcrumb":{"@id":"https:\/\/www.copealcoy.es\/es\/el-ateneu-musical-traslado-a-cocentaina-hasta-mexico\/#breadcrumb"},"inLanguage":"es","potentialAction":[{"@type":"ReadAction","target":["https:\/\/www.copealcoy.es\/es\/el-ateneu-musical-traslado-a-cocentaina-hasta-mexico\/"]}]},{"@type":"ImageObject","inLanguage":"es","@id":"https:\/\/www.copealcoy.es\/es\/el-ateneu-musical-traslado-a-cocentaina-hasta-mexico\/#primaryimage","url":"https:\/\/www.copealcoy.es\/wp-content\/uploads\/2018\/07\/Ateneu-Fergo-5036.jpg","contentUrl":"https:\/\/www.copealcoy.es\/wp-content\/uploads\/2018\/07\/Ateneu-Fergo-5036.jpg","width":1772,"height":1179},{"@type":"BreadcrumbList","@id":"https:\/\/www.copealcoy.es\/es\/el-ateneu-musical-traslado-a-cocentaina-hasta-mexico\/#breadcrumb","itemListElement":[{"@type":"ListItem","position":1,"name":"Portada","item":"https:\/\/www.copealcoy.es\/es\/"},{"@type":"ListItem","position":2,"name":"El Ateneu Musical traslad\u00f3 a Cocentaina hasta M\u00e9xico"}]},{"@type":"WebSite","@id":"https:\/\/www.copealcoy.es\/es\/#website","url":"https:\/\/www.copealcoy.es\/es\/","name":"COPE Alcoy","description":"Emisora COPE de radio local con emisi\u00f3n online. Pont de Sant Jordi 8-10 03803 Alcoy","potentialAction":[{"@type":"SearchAction","target":{"@type":"EntryPoint","urlTemplate":"https:\/\/www.copealcoy.es\/es\/?s={search_term_string}"},"query-input":{"@type":"PropertyValueSpecification","valueRequired":true,"valueName":"search_term_string"}}],"inLanguage":"es"},{"@type":"Person","@id":"https:\/\/www.copealcoy.es\/es\/#\/schema\/person\/e777c87fa024e57d40170af9df39882c","name":"Cope Alcoy","image":{"@type":"ImageObject","inLanguage":"es","@id":"https:\/\/secure.gravatar.com\/avatar\/bb65d0283347e303893ba14f0692005417c1e0e690a325a4c5d8bb2b3943ee14?s=96&d=mm&r=g","url":"https:\/\/secure.gravatar.com\/avatar\/bb65d0283347e303893ba14f0692005417c1e0e690a325a4c5d8bb2b3943ee14?s=96&d=mm&r=g","contentUrl":"https:\/\/secure.gravatar.com\/avatar\/bb65d0283347e303893ba14f0692005417c1e0e690a325a4c5d8bb2b3943ee14?s=96&d=mm&r=g","caption":"Cope Alcoy"}}]}},"_links":{"self":[{"href":"https:\/\/www.copealcoy.es\/es\/wp-json\/wp\/v2\/posts\/43795","targetHints":{"allow":["GET"]}}],"collection":[{"href":"https:\/\/www.copealcoy.es\/es\/wp-json\/wp\/v2\/posts"}],"about":[{"href":"https:\/\/www.copealcoy.es\/es\/wp-json\/wp\/v2\/types\/post"}],"author":[{"embeddable":true,"href":"https:\/\/www.copealcoy.es\/es\/wp-json\/wp\/v2\/users\/1"}],"replies":[{"embeddable":true,"href":"https:\/\/www.copealcoy.es\/es\/wp-json\/wp\/v2\/comments?post=43795"}],"version-history":[{"count":0,"href":"https:\/\/www.copealcoy.es\/es\/wp-json\/wp\/v2\/posts\/43795\/revisions"}],"wp:featuredmedia":[{"embeddable":true,"href":"https:\/\/www.copealcoy.es\/es\/wp-json\/wp\/v2\/media\/43796"}],"wp:attachment":[{"href":"https:\/\/www.copealcoy.es\/es\/wp-json\/wp\/v2\/media?parent=43795"}],"wp:term":[{"taxonomy":"category","embeddable":true,"href":"https:\/\/www.copealcoy.es\/es\/wp-json\/wp\/v2\/categories?post=43795"},{"taxonomy":"post_tag","embeddable":true,"href":"https:\/\/www.copealcoy.es\/es\/wp-json\/wp\/v2\/tags?post=43795"}],"curies":[{"name":"wp","href":"https:\/\/api.w.org\/{rel}","templated":true}]}}