{"id":43640,"date":"2018-07-03T16:11:28","date_gmt":"2018-07-03T16:11:28","guid":{"rendered":"http:\/\/copealcoi.es\/new\/?p=43640"},"modified":"2018-07-03T16:15:24","modified_gmt":"2018-07-03T16:15:24","slug":"musica-y-cine-dan-forma-a-la-programacion-cultural-del-verano-en-alcoy","status":"publish","type":"post","link":"https:\/\/www.copealcoy.es\/es\/musica-y-cine-dan-forma-a-la-programacion-cultural-del-verano-en-alcoy\/","title":{"rendered":"M\u00fasica y cine dan forma a la programaci\u00f3n cultural del verano en Alcoy"},"content":{"rendered":"<p style=\"text-align: justify;\">El <strong>Ayuntamiento de Alcoy<\/strong> ha programado <strong>diferentes actividades culturales<\/strong> para los meses de verano, unas propuestas que este a\u00f1o<strong> apuestan por el cine y los conciertos<\/strong> de m\u00fasica al aire libre.<\/p>\n<p style=\"text-align: justify;\">Durante las pr\u00f3ximas semanas la ciudad acoger\u00e1 <strong>conciertos de las bandas de Alcoy y de los grupos de m\u00fasica tradicional<\/strong> \u00a0as\u00ed como de <strong>la Orquestra Simf\u00f2nica d\u2019Alcoi<\/strong> a trav\u00e9s de Sinfonatura. Estos se llevar\u00e1n a cabo en la plaza Ferrandiz y Carbonell, el Cementerio, la Pla\u00e7a de Dins, el auditorio Amando Blanquer, la Glorieta y la Font Roja. En cuanto al cine destacan <strong>las proyecciones de varias pel\u00edculas actuales<\/strong> en la plaza de La Uixola, la calle Teodoro Llorente, plaza Centenario, el parque de Cantagallet y la plaza Ferr\u00e1ndiz y Carbonell &#8220;<em>este a\u00f1o hemos querido separar la programaci\u00f3n cultural del resto, pienso que tenemos una gran oferta de conciertos en nuestra ciudad y el p\u00fablico podr\u00e1 disfrutar de la m\u00fasica en la calle. Adem\u00e1s, cada barrio tendr\u00e1 la proyecci\u00f3n de una pel\u00edcula<\/em>&#8220;, asegura el concejal de Cultura, <strong>Ra\u00fcl Llopis<\/strong>.<\/p>\n<p style=\"text-align: justify;\">La programaci\u00f3n veraniega se completa con <strong>actividades para los m\u00e1s peque\u00f1os en la Piscina Municipal &#8216;Jos\u00e9 Trenzano Alos&#8217;<\/strong>, con entrada gratuita para los menores de 16 a\u00f1os, y que se desarrollar\u00e1n <strong>los jueves\u00a0\u00a05, 12, 26 y 9 de agosto<\/strong> de 10 a 13 horas.\u00a0Adem\u00e1s <strong>los mayores de 65 a\u00f1os<\/strong> tendr\u00e1n tambi\u00e9n la entrada gratuita a todas las piscinas municipales los lunes de julio y agosto. Por su parte siguen <strong>las rutas para descubrir Alcoy<\/strong> a trav\u00e9s de la Ruta del Modernismo, <strong>las visitas\u00a0guiadas a la Sarga<\/strong> los domingos 1 y 15 de julio y 5 y 19 de agosto. Tambi\u00e9n se ha previsto\u00a0<strong>la visita las excavaciones arqueol\u00f3gicas de El Salt<\/strong> y el domingo 26 de agosto la actividad <strong>Escenarios de la Cr\u00f3nica Negra de Alcoy<\/strong> (1900 \u2013 1936).<\/p>\n<p style=\"text-align: justify;\">Todas estas iniciativas <strong>cuentan con la colaboraci\u00f3n\u00a0de la Generalitat Valenciana<\/strong>, a trav\u00e9s de la XV Campanya de Concerts d\u2019Intercanvis Musicals de la Generalitat Valenciana y Institut Valenci\u00e0 de Cultura, y la XXIII Campanya de M\u00fasica als pobles de la <strong>Diputaci\u00f3n de Alicante<\/strong>.<\/p>\n","protected":false},"excerpt":{"rendered":"<p>El Ayuntamiento de Alcoy ha programado diferentes actividades culturales para los meses de verano, unas propuestas que este a\u00f1o apuestan&#8230;<\/p>\n","protected":false},"author":1,"featured_media":43641,"comment_status":"open","ping_status":"open","sticky":false,"template":"","format":"standard","meta":{"footnotes":""},"categories":[97,78,75],"tags":[5956,377,5957,5958],"class_list":["post-43640","post","type-post","status-publish","format-standard","has-post-thumbnail","hentry","category-alcoy","category-fiestaycultura","category-noticias","tag-cine","tag-musica","tag-programacion-cultural","tag-verano-alcoyano"],"yoast_head":"<!-- This site is optimized with the Yoast SEO plugin v27.3 - https:\/\/yoast.com\/product\/yoast-seo-wordpress\/ -->\n<title>M\u00fasica y cine dan forma a la programaci\u00f3n cultural del verano en Alcoy - COPE Alcoy<\/title>\n<meta name=\"robots\" content=\"index, follow, max-snippet:-1, max-image-preview:large, max-video-preview:-1\" \/>\n<link rel=\"canonical\" href=\"https:\/\/www.copealcoy.es\/es\/musica-y-cine-dan-forma-a-la-programacion-cultural-del-verano-en-alcoy\/\" \/>\n<meta property=\"og:locale\" content=\"es_ES\" \/>\n<meta property=\"og:type\" content=\"article\" \/>\n<meta property=\"og:title\" content=\"M\u00fasica y cine dan forma a la programaci\u00f3n cultural del verano en Alcoy - COPE Alcoy\" \/>\n<meta property=\"og:description\" content=\"El Ayuntamiento de Alcoy ha programado diferentes actividades culturales para los meses de verano, unas propuestas que este a\u00f1o apuestan...\" \/>\n<meta property=\"og:url\" content=\"https:\/\/www.copealcoy.es\/es\/musica-y-cine-dan-forma-a-la-programacion-cultural-del-verano-en-alcoy\/\" \/>\n<meta property=\"og:site_name\" content=\"COPE Alcoy\" \/>\n<meta property=\"article:published_time\" content=\"2018-07-03T16:11:28+00:00\" \/>\n<meta property=\"article:modified_time\" content=\"2018-07-03T16:15:24+00:00\" \/>\n<meta property=\"og:image\" content=\"https:\/\/www.copealcoy.es\/wp-content\/uploads\/2018\/07\/primitiva-alcoi-pobles-carrer.jpg\" \/>\n\t<meta property=\"og:image:width\" content=\"750\" \/>\n\t<meta property=\"og:image:height\" content=\"450\" \/>\n\t<meta property=\"og:image:type\" content=\"image\/jpeg\" \/>\n<meta name=\"author\" content=\"Cope Alcoy\" \/>\n<meta name=\"twitter:label1\" content=\"Escrito por\" \/>\n\t<meta name=\"twitter:data1\" content=\"Cope Alcoy\" \/>\n\t<meta name=\"twitter:label2\" content=\"Tiempo de lectura\" \/>\n\t<meta name=\"twitter:data2\" content=\"2 minutos\" \/>\n<script type=\"application\/ld+json\" class=\"yoast-schema-graph\">{\"@context\":\"https:\\\/\\\/schema.org\",\"@graph\":[{\"@type\":\"Article\",\"@id\":\"https:\\\/\\\/www.copealcoy.es\\\/es\\\/musica-y-cine-dan-forma-a-la-programacion-cultural-del-verano-en-alcoy\\\/#article\",\"isPartOf\":{\"@id\":\"https:\\\/\\\/www.copealcoy.es\\\/es\\\/musica-y-cine-dan-forma-a-la-programacion-cultural-del-verano-en-alcoy\\\/\"},\"author\":{\"name\":\"Cope Alcoy\",\"@id\":\"https:\\\/\\\/www.copealcoy.es\\\/es\\\/#\\\/schema\\\/person\\\/e777c87fa024e57d40170af9df39882c\"},\"headline\":\"M\u00fasica y cine dan forma a la programaci\u00f3n cultural del verano en Alcoy\",\"datePublished\":\"2018-07-03T16:11:28+00:00\",\"dateModified\":\"2018-07-03T16:15:24+00:00\",\"mainEntityOfPage\":{\"@id\":\"https:\\\/\\\/www.copealcoy.es\\\/es\\\/musica-y-cine-dan-forma-a-la-programacion-cultural-del-verano-en-alcoy\\\/\"},\"wordCount\":381,\"commentCount\":0,\"image\":{\"@id\":\"https:\\\/\\\/www.copealcoy.es\\\/es\\\/musica-y-cine-dan-forma-a-la-programacion-cultural-del-verano-en-alcoy\\\/#primaryimage\"},\"thumbnailUrl\":\"https:\\\/\\\/www.copealcoy.es\\\/wp-content\\\/uploads\\\/2018\\\/07\\\/primitiva-alcoi-pobles-carrer.jpg\",\"keywords\":[\"cine\",\"M\u00fasica\",\"programaci\u00f3n cultural\",\"verano alcoyano\"],\"articleSection\":[\"Alcoy\",\"Fiesta y Cultura\",\"Noticias\"],\"inLanguage\":\"es\"},{\"@type\":\"WebPage\",\"@id\":\"https:\\\/\\\/www.copealcoy.es\\\/es\\\/musica-y-cine-dan-forma-a-la-programacion-cultural-del-verano-en-alcoy\\\/\",\"url\":\"https:\\\/\\\/www.copealcoy.es\\\/es\\\/musica-y-cine-dan-forma-a-la-programacion-cultural-del-verano-en-alcoy\\\/\",\"name\":\"M\u00fasica y cine dan forma a la programaci\u00f3n cultural del verano en Alcoy - COPE Alcoy\",\"isPartOf\":{\"@id\":\"https:\\\/\\\/www.copealcoy.es\\\/es\\\/#website\"},\"primaryImageOfPage\":{\"@id\":\"https:\\\/\\\/www.copealcoy.es\\\/es\\\/musica-y-cine-dan-forma-a-la-programacion-cultural-del-verano-en-alcoy\\\/#primaryimage\"},\"image\":{\"@id\":\"https:\\\/\\\/www.copealcoy.es\\\/es\\\/musica-y-cine-dan-forma-a-la-programacion-cultural-del-verano-en-alcoy\\\/#primaryimage\"},\"thumbnailUrl\":\"https:\\\/\\\/www.copealcoy.es\\\/wp-content\\\/uploads\\\/2018\\\/07\\\/primitiva-alcoi-pobles-carrer.jpg\",\"datePublished\":\"2018-07-03T16:11:28+00:00\",\"dateModified\":\"2018-07-03T16:15:24+00:00\",\"author\":{\"@id\":\"https:\\\/\\\/www.copealcoy.es\\\/es\\\/#\\\/schema\\\/person\\\/e777c87fa024e57d40170af9df39882c\"},\"breadcrumb\":{\"@id\":\"https:\\\/\\\/www.copealcoy.es\\\/es\\\/musica-y-cine-dan-forma-a-la-programacion-cultural-del-verano-en-alcoy\\\/#breadcrumb\"},\"inLanguage\":\"es\",\"potentialAction\":[{\"@type\":\"ReadAction\",\"target\":[\"https:\\\/\\\/www.copealcoy.es\\\/es\\\/musica-y-cine-dan-forma-a-la-programacion-cultural-del-verano-en-alcoy\\\/\"]}]},{\"@type\":\"ImageObject\",\"inLanguage\":\"es\",\"@id\":\"https:\\\/\\\/www.copealcoy.es\\\/es\\\/musica-y-cine-dan-forma-a-la-programacion-cultural-del-verano-en-alcoy\\\/#primaryimage\",\"url\":\"https:\\\/\\\/www.copealcoy.es\\\/wp-content\\\/uploads\\\/2018\\\/07\\\/primitiva-alcoi-pobles-carrer.jpg\",\"contentUrl\":\"https:\\\/\\\/www.copealcoy.es\\\/wp-content\\\/uploads\\\/2018\\\/07\\\/primitiva-alcoi-pobles-carrer.jpg\",\"width\":750,\"height\":450,\"caption\":\"Imagen de un concierto celebrado en la Plaza Ferr\u00e1ndiz y Carbonell de Alcoy\"},{\"@type\":\"BreadcrumbList\",\"@id\":\"https:\\\/\\\/www.copealcoy.es\\\/es\\\/musica-y-cine-dan-forma-a-la-programacion-cultural-del-verano-en-alcoy\\\/#breadcrumb\",\"itemListElement\":[{\"@type\":\"ListItem\",\"position\":1,\"name\":\"Portada\",\"item\":\"https:\\\/\\\/www.copealcoy.es\\\/es\\\/\"},{\"@type\":\"ListItem\",\"position\":2,\"name\":\"M\u00fasica y cine dan forma a la programaci\u00f3n cultural del verano en Alcoy\"}]},{\"@type\":\"WebSite\",\"@id\":\"https:\\\/\\\/www.copealcoy.es\\\/es\\\/#website\",\"url\":\"https:\\\/\\\/www.copealcoy.es\\\/es\\\/\",\"name\":\"COPE Alcoy\",\"description\":\"Emisora COPE de radio local con emisi\u00f3n online. Pont de Sant Jordi 8-10 03803 Alcoy\",\"potentialAction\":[{\"@type\":\"SearchAction\",\"target\":{\"@type\":\"EntryPoint\",\"urlTemplate\":\"https:\\\/\\\/www.copealcoy.es\\\/es\\\/?s={search_term_string}\"},\"query-input\":{\"@type\":\"PropertyValueSpecification\",\"valueRequired\":true,\"valueName\":\"search_term_string\"}}],\"inLanguage\":\"es\"},{\"@type\":\"Person\",\"@id\":\"https:\\\/\\\/www.copealcoy.es\\\/es\\\/#\\\/schema\\\/person\\\/e777c87fa024e57d40170af9df39882c\",\"name\":\"Cope Alcoy\",\"image\":{\"@type\":\"ImageObject\",\"inLanguage\":\"es\",\"@id\":\"https:\\\/\\\/secure.gravatar.com\\\/avatar\\\/bb65d0283347e303893ba14f0692005417c1e0e690a325a4c5d8bb2b3943ee14?s=96&d=mm&r=g\",\"url\":\"https:\\\/\\\/secure.gravatar.com\\\/avatar\\\/bb65d0283347e303893ba14f0692005417c1e0e690a325a4c5d8bb2b3943ee14?s=96&d=mm&r=g\",\"contentUrl\":\"https:\\\/\\\/secure.gravatar.com\\\/avatar\\\/bb65d0283347e303893ba14f0692005417c1e0e690a325a4c5d8bb2b3943ee14?s=96&d=mm&r=g\",\"caption\":\"Cope Alcoy\"}}]}<\/script>\n<!-- \/ Yoast SEO plugin. -->","yoast_head_json":{"title":"M\u00fasica y cine dan forma a la programaci\u00f3n cultural del verano en Alcoy - COPE Alcoy","robots":{"index":"index","follow":"follow","max-snippet":"max-snippet:-1","max-image-preview":"max-image-preview:large","max-video-preview":"max-video-preview:-1"},"canonical":"https:\/\/www.copealcoy.es\/es\/musica-y-cine-dan-forma-a-la-programacion-cultural-del-verano-en-alcoy\/","og_locale":"es_ES","og_type":"article","og_title":"M\u00fasica y cine dan forma a la programaci\u00f3n cultural del verano en Alcoy - COPE Alcoy","og_description":"El Ayuntamiento de Alcoy ha programado diferentes actividades culturales para los meses de verano, unas propuestas que este a\u00f1o apuestan...","og_url":"https:\/\/www.copealcoy.es\/es\/musica-y-cine-dan-forma-a-la-programacion-cultural-del-verano-en-alcoy\/","og_site_name":"COPE Alcoy","article_published_time":"2018-07-03T16:11:28+00:00","article_modified_time":"2018-07-03T16:15:24+00:00","og_image":[{"width":750,"height":450,"url":"https:\/\/www.copealcoy.es\/wp-content\/uploads\/2018\/07\/primitiva-alcoi-pobles-carrer.jpg","type":"image\/jpeg"}],"author":"Cope Alcoy","twitter_misc":{"Escrito por":"Cope Alcoy","Tiempo de lectura":"2 minutos"},"schema":{"@context":"https:\/\/schema.org","@graph":[{"@type":"Article","@id":"https:\/\/www.copealcoy.es\/es\/musica-y-cine-dan-forma-a-la-programacion-cultural-del-verano-en-alcoy\/#article","isPartOf":{"@id":"https:\/\/www.copealcoy.es\/es\/musica-y-cine-dan-forma-a-la-programacion-cultural-del-verano-en-alcoy\/"},"author":{"name":"Cope Alcoy","@id":"https:\/\/www.copealcoy.es\/es\/#\/schema\/person\/e777c87fa024e57d40170af9df39882c"},"headline":"M\u00fasica y cine dan forma a la programaci\u00f3n cultural del verano en Alcoy","datePublished":"2018-07-03T16:11:28+00:00","dateModified":"2018-07-03T16:15:24+00:00","mainEntityOfPage":{"@id":"https:\/\/www.copealcoy.es\/es\/musica-y-cine-dan-forma-a-la-programacion-cultural-del-verano-en-alcoy\/"},"wordCount":381,"commentCount":0,"image":{"@id":"https:\/\/www.copealcoy.es\/es\/musica-y-cine-dan-forma-a-la-programacion-cultural-del-verano-en-alcoy\/#primaryimage"},"thumbnailUrl":"https:\/\/www.copealcoy.es\/wp-content\/uploads\/2018\/07\/primitiva-alcoi-pobles-carrer.jpg","keywords":["cine","M\u00fasica","programaci\u00f3n cultural","verano alcoyano"],"articleSection":["Alcoy","Fiesta y Cultura","Noticias"],"inLanguage":"es"},{"@type":"WebPage","@id":"https:\/\/www.copealcoy.es\/es\/musica-y-cine-dan-forma-a-la-programacion-cultural-del-verano-en-alcoy\/","url":"https:\/\/www.copealcoy.es\/es\/musica-y-cine-dan-forma-a-la-programacion-cultural-del-verano-en-alcoy\/","name":"M\u00fasica y cine dan forma a la programaci\u00f3n cultural del verano en Alcoy - COPE Alcoy","isPartOf":{"@id":"https:\/\/www.copealcoy.es\/es\/#website"},"primaryImageOfPage":{"@id":"https:\/\/www.copealcoy.es\/es\/musica-y-cine-dan-forma-a-la-programacion-cultural-del-verano-en-alcoy\/#primaryimage"},"image":{"@id":"https:\/\/www.copealcoy.es\/es\/musica-y-cine-dan-forma-a-la-programacion-cultural-del-verano-en-alcoy\/#primaryimage"},"thumbnailUrl":"https:\/\/www.copealcoy.es\/wp-content\/uploads\/2018\/07\/primitiva-alcoi-pobles-carrer.jpg","datePublished":"2018-07-03T16:11:28+00:00","dateModified":"2018-07-03T16:15:24+00:00","author":{"@id":"https:\/\/www.copealcoy.es\/es\/#\/schema\/person\/e777c87fa024e57d40170af9df39882c"},"breadcrumb":{"@id":"https:\/\/www.copealcoy.es\/es\/musica-y-cine-dan-forma-a-la-programacion-cultural-del-verano-en-alcoy\/#breadcrumb"},"inLanguage":"es","potentialAction":[{"@type":"ReadAction","target":["https:\/\/www.copealcoy.es\/es\/musica-y-cine-dan-forma-a-la-programacion-cultural-del-verano-en-alcoy\/"]}]},{"@type":"ImageObject","inLanguage":"es","@id":"https:\/\/www.copealcoy.es\/es\/musica-y-cine-dan-forma-a-la-programacion-cultural-del-verano-en-alcoy\/#primaryimage","url":"https:\/\/www.copealcoy.es\/wp-content\/uploads\/2018\/07\/primitiva-alcoi-pobles-carrer.jpg","contentUrl":"https:\/\/www.copealcoy.es\/wp-content\/uploads\/2018\/07\/primitiva-alcoi-pobles-carrer.jpg","width":750,"height":450,"caption":"Imagen de un concierto celebrado en la Plaza Ferr\u00e1ndiz y Carbonell de Alcoy"},{"@type":"BreadcrumbList","@id":"https:\/\/www.copealcoy.es\/es\/musica-y-cine-dan-forma-a-la-programacion-cultural-del-verano-en-alcoy\/#breadcrumb","itemListElement":[{"@type":"ListItem","position":1,"name":"Portada","item":"https:\/\/www.copealcoy.es\/es\/"},{"@type":"ListItem","position":2,"name":"M\u00fasica y cine dan forma a la programaci\u00f3n cultural del verano en Alcoy"}]},{"@type":"WebSite","@id":"https:\/\/www.copealcoy.es\/es\/#website","url":"https:\/\/www.copealcoy.es\/es\/","name":"COPE Alcoy","description":"Emisora COPE de radio local con emisi\u00f3n online. Pont de Sant Jordi 8-10 03803 Alcoy","potentialAction":[{"@type":"SearchAction","target":{"@type":"EntryPoint","urlTemplate":"https:\/\/www.copealcoy.es\/es\/?s={search_term_string}"},"query-input":{"@type":"PropertyValueSpecification","valueRequired":true,"valueName":"search_term_string"}}],"inLanguage":"es"},{"@type":"Person","@id":"https:\/\/www.copealcoy.es\/es\/#\/schema\/person\/e777c87fa024e57d40170af9df39882c","name":"Cope Alcoy","image":{"@type":"ImageObject","inLanguage":"es","@id":"https:\/\/secure.gravatar.com\/avatar\/bb65d0283347e303893ba14f0692005417c1e0e690a325a4c5d8bb2b3943ee14?s=96&d=mm&r=g","url":"https:\/\/secure.gravatar.com\/avatar\/bb65d0283347e303893ba14f0692005417c1e0e690a325a4c5d8bb2b3943ee14?s=96&d=mm&r=g","contentUrl":"https:\/\/secure.gravatar.com\/avatar\/bb65d0283347e303893ba14f0692005417c1e0e690a325a4c5d8bb2b3943ee14?s=96&d=mm&r=g","caption":"Cope Alcoy"}}]}},"_links":{"self":[{"href":"https:\/\/www.copealcoy.es\/es\/wp-json\/wp\/v2\/posts\/43640","targetHints":{"allow":["GET"]}}],"collection":[{"href":"https:\/\/www.copealcoy.es\/es\/wp-json\/wp\/v2\/posts"}],"about":[{"href":"https:\/\/www.copealcoy.es\/es\/wp-json\/wp\/v2\/types\/post"}],"author":[{"embeddable":true,"href":"https:\/\/www.copealcoy.es\/es\/wp-json\/wp\/v2\/users\/1"}],"replies":[{"embeddable":true,"href":"https:\/\/www.copealcoy.es\/es\/wp-json\/wp\/v2\/comments?post=43640"}],"version-history":[{"count":0,"href":"https:\/\/www.copealcoy.es\/es\/wp-json\/wp\/v2\/posts\/43640\/revisions"}],"wp:featuredmedia":[{"embeddable":true,"href":"https:\/\/www.copealcoy.es\/es\/wp-json\/wp\/v2\/media\/43641"}],"wp:attachment":[{"href":"https:\/\/www.copealcoy.es\/es\/wp-json\/wp\/v2\/media?parent=43640"}],"wp:term":[{"taxonomy":"category","embeddable":true,"href":"https:\/\/www.copealcoy.es\/es\/wp-json\/wp\/v2\/categories?post=43640"},{"taxonomy":"post_tag","embeddable":true,"href":"https:\/\/www.copealcoy.es\/es\/wp-json\/wp\/v2\/tags?post=43640"}],"curies":[{"name":"wp","href":"https:\/\/api.w.org\/{rel}","templated":true}]}}